{"id":5627,"date":"2021-03-23T09:26:11","date_gmt":"2021-03-23T08:26:11","guid":{"rendered":"http:\/\/www.italiaeconomiaonline.it\/web\/?p=5627"},"modified":"2021-03-23T09:26:11","modified_gmt":"2021-03-23T08:26:11","slug":"mercato-del-lavoro-congelato-occupati-e-disoccupati-in-calo-in-lombardia","status":"publish","type":"post","link":"https:\/\/www.italiaeconomiaonline.it\/web\/mercato-del-lavoro-congelato-occupati-e-disoccupati-in-calo-in-lombardia\/","title":{"rendered":"Mercato del lavoro \u201ccongelato\u201d:  occupati e disoccupati in calo in Lombardia"},"content":{"rendered":"<p><span class=\"dropcap dropcap3\">I<\/span>n Lombardia nel IV trimestre 2020 diminuisce &#8211; pi\u00f9 della media nazionale &#8211; il tasso di occupazione (66,9) che perde 1,6 punti nell\u2019ultimo anno; diminuisce anche il tasso di disoccupazione che si attesta a 5,3 (nel 2019 era 6%).<\/p>\n<p>Nel 2020 si registrano 100 mila cessazioni di contratti a tempo indeterminato in meno rispetto all\u2019anno precedente. Questi dati devono essere letti alla luce delle politiche messe in campo dal governo per la tenuta sociale del Paese e per contrastare la pandemia, e ci restituiscono un\u2019istantanea di un mercato del lavoro \u201ccongelato\u201d dove la CIG ha raggiunto la cifra record di 1,1 miliardi di ore annue. Una situazione artificiosamente cristallizzata cui fa da contraltare la preoccupante crescita dei NEET, che rappresentano il 17,4% dei giovani tra i 15 e i 29 anni, con una penalizzazione dei lavoratori con titoli di studio meno elevati e diminuzione dei contratti a tempo determinato e a tempo parziale.<\/p>\n<p><strong>Occupazione<\/strong> Gli ultimi mesi del 2020 confermano il calo della base di riferimento per l\u2019occupazione lombarda gi\u00e0 evidenziato nel secondo e terzo trimestre: il numero di occupati \u00e8 inferiore del -2% rispetto allo stesso periodo dell\u2019anno precedente (pari a quasi 90 mila occupati in meno), con una variazione media per il 2020 del -1,7%. La diminuzione del tasso di occupazione, sceso al 66,9%, \u00e8 pi\u00f9 marcata rispetto alla media nazionale a dimostrazione dei maggiori effetti negativi che la pandemia ha avuto sul mercato del lavoro lombardo.<\/p>\n<p><strong>Disoccupazione <\/strong>La disoccupazione in Lombardia (tasso pari a 5,3) ha mostrato un significativo calo rispetto ai livelli del 2019 e al trimestre precedente (il valore era in entrambi i casi del 6%). Tuttavia, l\u2019andamento anomalo rappresenta una probabile spia della difficolt\u00e0 di cercare un\u2019occupazione \u2013 soprattutto nei periodi di restrizioni alla mobilit\u00e0 e a molte attivit\u00e0 economiche &#8211; piuttosto che un indicatore di buona salute del mercato del lavoro. Il calo del tasso di attivit\u00e0 (70,7) conferma infatti l\u2019allontanamento dal mercato del lavoro di una consistente quota della popolazione lombarda, quasi 130.000 unit\u00e0 in meno rispetto allo stesso trimestre 2019.<\/p>\n<p><em>\u201cIl tasso di occupazione in Lombardia \u00e8 calato di pi\u00f9 rispetto alla media italiana e l\u2019apparente minore disoccupazione nasconde purtroppo una crescente difficolt\u00e0 nella ricerca di lavoro, con uno scoraggiamento nelle fasce pi\u00f9 deboli. <\/em>\u2013 commenta\u00a0<strong>Gian Domenico Auricchio<\/strong>, <strong>Presidente di Unioncamere Lombardia<\/strong> \u2013<em> Le conseguenze della pandemia sono state particolarmente pesanti per giovani, lavoratori poco qualificati e contratti a termine\/part-time; \u00e8 diminuita inoltre la partecipazione femminile\u201d.<\/em><\/p>\n<p><em>\u00a0<\/em><\/p>\n","protected":false},"excerpt":{"rendered":"<p>In Lombardia nel IV trimestre 2020 diminuisce &#8211; pi\u00f9 della media nazionale &#8211; il tasso di occupazione (66,9) che perde 1,6 punti nell\u2019ultimo anno; diminuisce anche il tasso di disoccupazione che si attesta a 5,3 (nel 2019 era 6%). Nel 2020 si registrano 100 mila cessazioni di contratti a tempo indeterminato in meno rispetto all\u2019anno [&hellip;]<\/p>\n","protected":false},"author":1,"featured_media":1600,"comment_status":"closed","ping_status":"open","sticky":false,"template":"","format":"standard","meta":{"footnotes":""},"categories":[56],"tags":[],"yoast_head":"<!-- This site is optimized with the Yoast SEO plugin v22.2 - https:\/\/yoast.com\/wordpress\/plugins\/seo\/ -->\n<title>Mercato del lavoro \u201ccongelato\u201d: occupati e disoccupati in calo in Lombardia -<\/title>\n<meta name=\"robots\" content=\"index, follow, max-snippet:-1, max-image-preview:large, max-video-preview:-1\" \/>\n<link rel=\"canonical\" href=\"https:\/\/www.italiaeconomiaonline.it\/web\/mercato-del-lavoro-congelato-occupati-e-disoccupati-in-calo-in-lombardia\/\" \/>\n<meta property=\"og:locale\" content=\"it_IT\" \/>\n<meta property=\"og:type\" content=\"article\" \/>\n<meta property=\"og:title\" content=\"Mercato del lavoro \u201ccongelato\u201d: occupati e disoccupati in calo in Lombardia -\" \/>\n<meta property=\"og:description\" content=\"In Lombardia nel IV trimestre 2020 diminuisce &#8211; pi\u00f9 della media nazionale &#8211; il tasso di occupazione (66,9) che perde 1,6 punti nell\u2019ultimo anno; diminuisce anche il tasso di disoccupazione che si attesta a 5,3 (nel 2019 era 6%). Nel 2020 si registrano 100 mila cessazioni di contratti a tempo indeterminato in meno rispetto all\u2019anno [&hellip;]\" \/>\n<meta property=\"og:url\" content=\"https:\/\/www.italiaeconomiaonline.it\/web\/mercato-del-lavoro-congelato-occupati-e-disoccupati-in-calo-in-lombardia\/\" \/>\n<meta property=\"og:site_name\" content=\"ItaliaEconomiaOnline\" \/>\n<meta property=\"article:published_time\" content=\"2021-03-23T08:26:11+00:00\" \/>\n<meta property=\"og:image\" content=\"https:\/\/www.italiaeconomiaonline.it\/web\/wp-content\/uploads\/2019\/08\/Lavoro5.jpg\" \/>\n\t<meta property=\"og:image:width\" content=\"510\" \/>\n\t<meta property=\"og:image:height\" content=\"340\" \/>\n\t<meta property=\"og:image:type\" content=\"image\/jpeg\" \/>\n<meta name=\"author\" content=\"ladyitaliaeconomia\" \/>\n<meta name=\"twitter:card\" content=\"summary_large_image\" \/>\n<meta name=\"twitter:label1\" content=\"Scritto da\" \/>\n\t<meta name=\"twitter:data1\" content=\"ladyitaliaeconomia\" \/>\n\t<meta name=\"twitter:label2\" content=\"Tempo di lettura stimato\" \/>\n\t<meta name=\"twitter:data2\" content=\"2 minuti\" \/>\n<script type=\"application\/ld+json\" class=\"yoast-schema-graph\">{\"@context\":\"https:\/\/schema.org\",\"@graph\":[{\"@type\":\"WebPage\",\"@id\":\"https:\/\/www.italiaeconomiaonline.it\/web\/mercato-del-lavoro-congelato-occupati-e-disoccupati-in-calo-in-lombardia\/\",\"url\":\"https:\/\/www.italiaeconomiaonline.it\/web\/mercato-del-lavoro-congelato-occupati-e-disoccupati-in-calo-in-lombardia\/\",\"name\":\"Mercato del lavoro \u201ccongelato\u201d: occupati e disoccupati in calo in Lombardia -\",\"isPartOf\":{\"@id\":\"https:\/\/www.italiaeconomiaonline.it\/web\/#website\"},\"primaryImageOfPage\":{\"@id\":\"https:\/\/www.italiaeconomiaonline.it\/web\/mercato-del-lavoro-congelato-occupati-e-disoccupati-in-calo-in-lombardia\/#primaryimage\"},\"image\":{\"@id\":\"https:\/\/www.italiaeconomiaonline.it\/web\/mercato-del-lavoro-congelato-occupati-e-disoccupati-in-calo-in-lombardia\/#primaryimage\"},\"thumbnailUrl\":\"https:\/\/www.italiaeconomiaonline.it\/web\/wp-content\/uploads\/2019\/08\/Lavoro5.jpg\",\"datePublished\":\"2021-03-23T08:26:11+00:00\",\"dateModified\":\"2021-03-23T08:26:11+00:00\",\"author\":{\"@id\":\"https:\/\/www.italiaeconomiaonline.it\/web\/#\/schema\/person\/909a49cce752523b020fbc37d5ab1c31\"},\"breadcrumb\":{\"@id\":\"https:\/\/www.italiaeconomiaonline.it\/web\/mercato-del-lavoro-congelato-occupati-e-disoccupati-in-calo-in-lombardia\/#breadcrumb\"},\"inLanguage\":\"it-IT\",\"potentialAction\":[{\"@type\":\"ReadAction\",\"target\":[\"https:\/\/www.italiaeconomiaonline.it\/web\/mercato-del-lavoro-congelato-occupati-e-disoccupati-in-calo-in-lombardia\/\"]}]},{\"@type\":\"ImageObject\",\"inLanguage\":\"it-IT\",\"@id\":\"https:\/\/www.italiaeconomiaonline.it\/web\/mercato-del-lavoro-congelato-occupati-e-disoccupati-in-calo-in-lombardia\/#primaryimage\",\"url\":\"https:\/\/www.italiaeconomiaonline.it\/web\/wp-content\/uploads\/2019\/08\/Lavoro5.jpg\",\"contentUrl\":\"https:\/\/www.italiaeconomiaonline.it\/web\/wp-content\/uploads\/2019\/08\/Lavoro5.jpg\",\"width\":510,\"height\":340},{\"@type\":\"BreadcrumbList\",\"@id\":\"https:\/\/www.italiaeconomiaonline.it\/web\/mercato-del-lavoro-congelato-occupati-e-disoccupati-in-calo-in-lombardia\/#breadcrumb\",\"itemListElement\":[{\"@type\":\"ListItem\",\"position\":1,\"name\":\"Home\",\"item\":\"https:\/\/www.italiaeconomiaonline.it\/web\/\"},{\"@type\":\"ListItem\",\"position\":2,\"name\":\"Mercato del lavoro \u201ccongelato\u201d: occupati e disoccupati in calo in Lombardia\"}]},{\"@type\":\"WebSite\",\"@id\":\"https:\/\/www.italiaeconomiaonline.it\/web\/#website\",\"url\":\"https:\/\/www.italiaeconomiaonline.it\/web\/\",\"name\":\"ItaliaEconomiaOnline\",\"description\":\"Quotidiano Economico Online\",\"potentialAction\":[{\"@type\":\"SearchAction\",\"target\":{\"@type\":\"EntryPoint\",\"urlTemplate\":\"https:\/\/www.italiaeconomiaonline.it\/web\/?s={search_term_string}\"},\"query-input\":\"required name=search_term_string\"}],\"inLanguage\":\"it-IT\"},{\"@type\":\"Person\",\"@id\":\"https:\/\/www.italiaeconomiaonline.it\/web\/#\/schema\/person\/909a49cce752523b020fbc37d5ab1c31\",\"name\":\"ladyitaliaeconomia\",\"image\":{\"@type\":\"ImageObject\",\"inLanguage\":\"it-IT\",\"@id\":\"https:\/\/www.italiaeconomiaonline.it\/web\/#\/schema\/person\/image\/\",\"url\":\"https:\/\/secure.gravatar.com\/avatar\/cedca10ce7416a579b9fa6bce9c0a8f2?s=96&d=mm&r=g\",\"contentUrl\":\"https:\/\/secure.gravatar.com\/avatar\/cedca10ce7416a579b9fa6bce9c0a8f2?s=96&d=mm&r=g\",\"caption\":\"ladyitaliaeconomia\"},\"url\":\"https:\/\/www.italiaeconomiaonline.it\/web\/author\/ladyitaliaeconomia\/\"}]}<\/script>\n<!-- \/ Yoast SEO plugin. -->","yoast_head_json":{"title":"Mercato del lavoro \u201ccongelato\u201d: occupati e disoccupati in calo in Lombardia -","robots":{"index":"index","follow":"follow","max-snippet":"max-snippet:-1","max-image-preview":"max-image-preview:large","max-video-preview":"max-video-preview:-1"},"canonical":"https:\/\/www.italiaeconomiaonline.it\/web\/mercato-del-lavoro-congelato-occupati-e-disoccupati-in-calo-in-lombardia\/","og_locale":"it_IT","og_type":"article","og_title":"Mercato del lavoro \u201ccongelato\u201d: occupati e disoccupati in calo in Lombardia -","og_description":"In Lombardia nel IV trimestre 2020 diminuisce &#8211; pi\u00f9 della media nazionale &#8211; il tasso di occupazione (66,9) che perde 1,6 punti nell\u2019ultimo anno; diminuisce anche il tasso di disoccupazione che si attesta a 5,3 (nel 2019 era 6%). Nel 2020 si registrano 100 mila cessazioni di contratti a tempo indeterminato in meno rispetto all\u2019anno [&hellip;]","og_url":"https:\/\/www.italiaeconomiaonline.it\/web\/mercato-del-lavoro-congelato-occupati-e-disoccupati-in-calo-in-lombardia\/","og_site_name":"ItaliaEconomiaOnline","article_published_time":"2021-03-23T08:26:11+00:00","og_image":[{"width":510,"height":340,"url":"https:\/\/www.italiaeconomiaonline.it\/web\/wp-content\/uploads\/2019\/08\/Lavoro5.jpg","type":"image\/jpeg"}],"author":"ladyitaliaeconomia","twitter_card":"summary_large_image","twitter_misc":{"Scritto da":"ladyitaliaeconomia","Tempo di lettura stimato":"2 minuti"},"schema":{"@context":"https:\/\/schema.org","@graph":[{"@type":"WebPage","@id":"https:\/\/www.italiaeconomiaonline.it\/web\/mercato-del-lavoro-congelato-occupati-e-disoccupati-in-calo-in-lombardia\/","url":"https:\/\/www.italiaeconomiaonline.it\/web\/mercato-del-lavoro-congelato-occupati-e-disoccupati-in-calo-in-lombardia\/","name":"Mercato del lavoro \u201ccongelato\u201d: occupati e disoccupati in calo in Lombardia -","isPartOf":{"@id":"https:\/\/www.italiaeconomiaonline.it\/web\/#website"},"primaryImageOfPage":{"@id":"https:\/\/www.italiaeconomiaonline.it\/web\/mercato-del-lavoro-congelato-occupati-e-disoccupati-in-calo-in-lombardia\/#primaryimage"},"image":{"@id":"https:\/\/www.italiaeconomiaonline.it\/web\/mercato-del-lavoro-congelato-occupati-e-disoccupati-in-calo-in-lombardia\/#primaryimage"},"thumbnailUrl":"https:\/\/www.italiaeconomiaonline.it\/web\/wp-content\/uploads\/2019\/08\/Lavoro5.jpg","datePublished":"2021-03-23T08:26:11+00:00","dateModified":"2021-03-23T08:26:11+00:00","author":{"@id":"https:\/\/www.italiaeconomiaonline.it\/web\/#\/schema\/person\/909a49cce752523b020fbc37d5ab1c31"},"breadcrumb":{"@id":"https:\/\/www.italiaeconomiaonline.it\/web\/mercato-del-lavoro-congelato-occupati-e-disoccupati-in-calo-in-lombardia\/#breadcrumb"},"inLanguage":"it-IT","potentialAction":[{"@type":"ReadAction","target":["https:\/\/www.italiaeconomiaonline.it\/web\/mercato-del-lavoro-congelato-occupati-e-disoccupati-in-calo-in-lombardia\/"]}]},{"@type":"ImageObject","inLanguage":"it-IT","@id":"https:\/\/www.italiaeconomiaonline.it\/web\/mercato-del-lavoro-congelato-occupati-e-disoccupati-in-calo-in-lombardia\/#primaryimage","url":"https:\/\/www.italiaeconomiaonline.it\/web\/wp-content\/uploads\/2019\/08\/Lavoro5.jpg","contentUrl":"https:\/\/www.italiaeconomiaonline.it\/web\/wp-content\/uploads\/2019\/08\/Lavoro5.jpg","width":510,"height":340},{"@type":"BreadcrumbList","@id":"https:\/\/www.italiaeconomiaonline.it\/web\/mercato-del-lavoro-congelato-occupati-e-disoccupati-in-calo-in-lombardia\/#breadcrumb","itemListElement":[{"@type":"ListItem","position":1,"name":"Home","item":"https:\/\/www.italiaeconomiaonline.it\/web\/"},{"@type":"ListItem","position":2,"name":"Mercato del lavoro \u201ccongelato\u201d: occupati e disoccupati in calo in Lombardia"}]},{"@type":"WebSite","@id":"https:\/\/www.italiaeconomiaonline.it\/web\/#website","url":"https:\/\/www.italiaeconomiaonline.it\/web\/","name":"ItaliaEconomiaOnline","description":"Quotidiano Economico Online","potentialAction":[{"@type":"SearchAction","target":{"@type":"EntryPoint","urlTemplate":"https:\/\/www.italiaeconomiaonline.it\/web\/?s={search_term_string}"},"query-input":"required name=search_term_string"}],"inLanguage":"it-IT"},{"@type":"Person","@id":"https:\/\/www.italiaeconomiaonline.it\/web\/#\/schema\/person\/909a49cce752523b020fbc37d5ab1c31","name":"ladyitaliaeconomia","image":{"@type":"ImageObject","inLanguage":"it-IT","@id":"https:\/\/www.italiaeconomiaonline.it\/web\/#\/schema\/person\/image\/","url":"https:\/\/secure.gravatar.com\/avatar\/cedca10ce7416a579b9fa6bce9c0a8f2?s=96&d=mm&r=g","contentUrl":"https:\/\/secure.gravatar.com\/avatar\/cedca10ce7416a579b9fa6bce9c0a8f2?s=96&d=mm&r=g","caption":"ladyitaliaeconomia"},"url":"https:\/\/www.italiaeconomiaonline.it\/web\/author\/ladyitaliaeconomia\/"}]}},"_links":{"self":[{"href":"https:\/\/www.italiaeconomiaonline.it\/web\/wp-json\/wp\/v2\/posts\/5627"}],"collection":[{"href":"https:\/\/www.italiaeconomiaonline.it\/web\/wp-json\/wp\/v2\/posts"}],"about":[{"href":"https:\/\/www.italiaeconomiaonline.it\/web\/wp-json\/wp\/v2\/types\/post"}],"author":[{"embeddable":true,"href":"https:\/\/www.italiaeconomiaonline.it\/web\/wp-json\/wp\/v2\/users\/1"}],"replies":[{"embeddable":true,"href":"https:\/\/www.italiaeconomiaonline.it\/web\/wp-json\/wp\/v2\/comments?post=5627"}],"version-history":[{"count":1,"href":"https:\/\/www.italiaeconomiaonline.it\/web\/wp-json\/wp\/v2\/posts\/5627\/revisions"}],"predecessor-version":[{"id":5628,"href":"https:\/\/www.italiaeconomiaonline.it\/web\/wp-json\/wp\/v2\/posts\/5627\/revisions\/5628"}],"wp:featuredmedia":[{"embeddable":true,"href":"https:\/\/www.italiaeconomiaonline.it\/web\/wp-json\/wp\/v2\/media\/1600"}],"wp:attachment":[{"href":"https:\/\/www.italiaeconomiaonline.it\/web\/wp-json\/wp\/v2\/media?parent=5627"}],"wp:term":[{"taxonomy":"category","embeddable":true,"href":"https:\/\/www.italiaeconomiaonline.it\/web\/wp-json\/wp\/v2\/categories?post=5627"},{"taxonomy":"post_tag","embeddable":true,"href":"https:\/\/www.italiaeconomiaonline.it\/web\/wp-json\/wp\/v2\/tags?post=5627"}],"curies":[{"name":"wp","href":"https:\/\/api.w.org\/{rel}","templated":true}]}}