{"id":563,"date":"2019-04-26T20:41:08","date_gmt":"2019-04-26T18:41:08","guid":{"rendered":"http:\/\/www.italiaeconomiaonline.it\/web\/?p=563"},"modified":"2019-04-26T20:53:37","modified_gmt":"2019-04-26T18:53:37","slug":"563-2","status":"publish","type":"post","link":"https:\/\/www.italiaeconomiaonline.it\/web\/563-2\/","title":{"rendered":"Gruppo Ebano punta su sostenibilit\u00e0 e impatto sociale"},"content":{"rendered":"<p><span style=\"font-family: garamond, serif; font-size: large;\"><span class=\"dropcap dropcap3\"> 8<\/span> societ\u00e0 controllate, 15 partnership produttive, pi\u00f9 di 250 dipendenti e collaboratori, oltre 18 milioni di fatturato aggregato, una clientela media annuale che ormai supera le seimila unit\u00e0 per il solo business della Formazione a distanza: sono alcuni dei numeri del Gruppo Ebano, la holding fondata dall\u2019imprenditore di prima generazione <strong>Carlo Robiglio<\/strong>, che emergono dall\u2019Annual Report presentato oggi agli investitori istituzionali e agli stakeholder.<\/span><\/p>\n<p><span style=\"font-family: garamond, serif; font-size: large;\"><br \/>\nLa holding, che ha visto crescere in sei anni i ricavi complessivi del 250%, ha supportato un piano di crescita per linee interne ed esterne con investimenti nel solo 2018 di oltre 500 mila euro, importo confermato anche nel piano 2019.<\/span><\/p>\n<p><span style=\"font-family: garamond, serif; font-size: large;\"><br \/>\n<span class=\"td_btn td_btn_md td_default_btn\">I tre principali filoni di attivit\u00e0 del gruppo sono \u201ceditoria e formazione\u201d, \u201ccomunicazione e marketing\u201d e \u201cinnovazione\u201d<\/span>.<\/span><\/p>\n<p><span style=\"font-family: garamond, serif; font-size: large;\"><br \/>\nTra i punti di forza c\u2019\u00e8 la controllata Cef Publishing, leader di mercato in Italia nella progettazione, realizzazione ed erogazione di corsi professionali attraverso modalit\u00e0 Fad (formazione a distanza) ed e-learning in ambiti come il socio assistenziale, l\u2019animal care, il food, l\u2019estetica e il benessere. \u00a0Docenti dei suoi corsi sono tra gli altri lo Chef stellato Antonino Cannavacciuolo per il corso \u201cCuoco professionista CHEFuoriclasse\u201d e il truccatore e imprenditore nel mondo della cosmetica Diego Dalla Palma per il corso &#8220;Professionista della Bellezza e del Benessere. Percorso Immagine&#8221;.<\/span><\/p>\n<p><span style=\"font-family: garamond, serif; font-size: large;\"><br \/>\nLa politica aziendale del Gruppo Ebano, volta a perseguire alti standard in termini\u2028di sostenibilit\u00e0 e impatto sociale, ha adottato il modello organizzativo L.231 per se e la controllata Cef. E Cef dal 2018 anche B Corp\u00ae, certificazione rilasciata dalla <a href=\"http:\/\/r.media.theghostteam.com\/mk\/cl\/f\/xkZrqNKEO42KOqanNcvAl6zehzUk_e1HSnusu8UtEa3zFHhlSEu3GRjRWmORw4TdAkOHiYtGnqLSbE0aJXKJ8fNhFripGZnxPWR_EJ_qfxnv1ymOuaAaABplc_t-EnRec1LD7krck8v-K3E4hiW9ZuJlMR8clKsKiqNIN-P2msPifJK1hj_4sy9wUs4fTPuAkd2cU-t34NC2gj4Tvrbbz1TbbhssLYmZusIrRn6Xx7GUSJnCajllyf9gWLZOcr6NMLQWhpw_N7FqkzkOhQNP1TszfnYa7IaIE6y3E7JLiMboTpqhUeUY9TtySwMZVizwBvEf5SKhDKBYUnUTlzLzhDwMgDSVDA3Ztzu759dmnFqK\" target=\"_blank\" rel=\"nofollow noopener noreferrer\">B Corporation<\/a>, l\u2019ente non-profit americano.<\/span><\/p>\n<p><span style=\"font-family: garamond, serif; font-size: large;\"><br \/>\nEbano, sempre tramite Cef Publishing, fa parte di Elite, il programma internazionale di Borsa italiana, nato nel 2012 in collaborazione con Confindustria, dedicato alle aziende ad alto potenziale di crescita, con un modello di business solido ed una chiara strategia di sviluppo.<\/span><\/p>\n<p>\u201cLa storia di Ebano &#8211; spiega Carlo Robiglio &#8211; ha radici profonde e ha inizio, intorno ai primi anni novanta, con l\u2019idea di dar vita a una iniziativa imprenditoriale nel mondo dell\u2019editoria e della cultura che potesse, in primo luogo, valorizzare la storia, le tradizioni e i valori di un territorio.<\/p>\n<blockquote class=\"td_pull_quote td_pull_center\"><p><span style=\"font-family: garamond, serif; font-size: large;\">La formazione continua, insieme agli investimenti in ricerca e innovazione, rappresentano i pilastri strategici per la nostra crescita<\/span><\/p><\/blockquote>\n<p><span style=\"font-family: garamond, serif; font-size: large;\"><br \/>\n\u201cEspandiamo il nostro raggio d\u2019azione secondo un modello verticale, sviluppando le competenze acquisite\u201d, continua Robiglio. <\/span><\/p>\n<p><span style=\"font-family: garamond, serif; font-size: large;\">\u201cCos\u00ec, dopo la realizzazione di corsi di cucina, siamo passati al social eating, dalla formazione per addestratori di cani abbiamo ampliato l\u2019attivit\u00e0 alla vendita e-commerce di prodotti pet e alla gestione di un\u2019apposita piattaforma per promuovere modelli di sharing economy per i possessori di animali da compagnia\u201d.<\/span><\/p>\n<p>\u201cEbano &#8211; spiega il direttore generale <strong>Silvano Mottura<\/strong> &#8211; si offre come interlocutore dell\u2019azienda partner per progettare e gestire a 360 gradi servizi in outsourcing, portando efficienza e profitto all\u2019insieme di attivit\u00e0 che, nella catena del valore di un\u2019impresa, coinvolgono il rapporto con i propri stakeholders.\u201d<\/p>\n","protected":false},"excerpt":{"rendered":"<p>8 societ\u00e0 controllate, 15 partnership produttive, pi\u00f9 di 250 dipendenti e collaboratori, oltre 18 milioni di fatturato aggregato, una clientela media annuale che ormai supera le seimila unit\u00e0 per il solo business della Formazione a distanza: sono alcuni dei numeri del Gruppo Ebano, la holding fondata dall\u2019imprenditore di prima generazione Carlo Robiglio, che emergono dall\u2019Annual [&hellip;]<\/p>\n","protected":false},"author":1,"featured_media":564,"comment_status":"closed","ping_status":"open","sticky":false,"template":"","format":"standard","meta":{"footnotes":""},"categories":[224,1],"tags":[251,250,252],"yoast_head":"<!-- This site is optimized with the Yoast SEO plugin v22.2 - https:\/\/yoast.com\/wordpress\/plugins\/seo\/ -->\n<title>Gruppo Ebano punta su sostenibilit\u00e0 e impatto sociale -<\/title>\n<meta name=\"robots\" content=\"index, follow, max-snippet:-1, max-image-preview:large, max-video-preview:-1\" \/>\n<link rel=\"canonical\" href=\"https:\/\/www.italiaeconomiaonline.it\/web\/563-2\/\" \/>\n<meta property=\"og:locale\" content=\"it_IT\" \/>\n<meta property=\"og:type\" content=\"article\" \/>\n<meta property=\"og:title\" content=\"Gruppo Ebano punta su sostenibilit\u00e0 e impatto sociale -\" \/>\n<meta property=\"og:description\" content=\"8 societ\u00e0 controllate, 15 partnership produttive, pi\u00f9 di 250 dipendenti e collaboratori, oltre 18 milioni di fatturato aggregato, una clientela media annuale che ormai supera le seimila unit\u00e0 per il solo business della Formazione a distanza: sono alcuni dei numeri del Gruppo Ebano, la holding fondata dall\u2019imprenditore di prima generazione Carlo Robiglio, che emergono dall\u2019Annual [&hellip;]\" \/>\n<meta property=\"og:url\" content=\"https:\/\/www.italiaeconomiaonline.it\/web\/563-2\/\" \/>\n<meta property=\"og:site_name\" content=\"ItaliaEconomiaOnline\" \/>\n<meta property=\"article:published_time\" content=\"2019-04-26T18:41:08+00:00\" \/>\n<meta property=\"article:modified_time\" content=\"2019-04-26T18:53:37+00:00\" \/>\n<meta property=\"og:image\" content=\"https:\/\/www.italiaeconomiaonline.it\/web\/wp-content\/uploads\/2019\/04\/Robiglio1-1024x683.jpg\" \/>\n\t<meta property=\"og:image:width\" content=\"1024\" \/>\n\t<meta property=\"og:image:height\" content=\"683\" \/>\n\t<meta property=\"og:image:type\" content=\"image\/jpeg\" \/>\n<meta name=\"author\" content=\"ladyitaliaeconomia\" \/>\n<meta name=\"twitter:card\" content=\"summary_large_image\" \/>\n<meta name=\"twitter:label1\" content=\"Scritto da\" \/>\n\t<meta name=\"twitter:data1\" content=\"ladyitaliaeconomia\" \/>\n\t<meta name=\"twitter:label2\" content=\"Tempo di lettura stimato\" \/>\n\t<meta name=\"twitter:data2\" content=\"2 minuti\" \/>\n<script type=\"application\/ld+json\" class=\"yoast-schema-graph\">{\"@context\":\"https:\/\/schema.org\",\"@graph\":[{\"@type\":\"WebPage\",\"@id\":\"https:\/\/www.italiaeconomiaonline.it\/web\/563-2\/\",\"url\":\"https:\/\/www.italiaeconomiaonline.it\/web\/563-2\/\",\"name\":\"Gruppo Ebano punta su sostenibilit\u00e0 e impatto sociale -\",\"isPartOf\":{\"@id\":\"https:\/\/www.italiaeconomiaonline.it\/web\/#website\"},\"primaryImageOfPage\":{\"@id\":\"https:\/\/www.italiaeconomiaonline.it\/web\/563-2\/#primaryimage\"},\"image\":{\"@id\":\"https:\/\/www.italiaeconomiaonline.it\/web\/563-2\/#primaryimage\"},\"thumbnailUrl\":\"https:\/\/www.italiaeconomiaonline.it\/web\/wp-content\/uploads\/2019\/04\/Robiglio1.jpg\",\"datePublished\":\"2019-04-26T18:41:08+00:00\",\"dateModified\":\"2019-04-26T18:53:37+00:00\",\"author\":{\"@id\":\"https:\/\/www.italiaeconomiaonline.it\/web\/#\/schema\/person\/909a49cce752523b020fbc37d5ab1c31\"},\"breadcrumb\":{\"@id\":\"https:\/\/www.italiaeconomiaonline.it\/web\/563-2\/#breadcrumb\"},\"inLanguage\":\"it-IT\",\"potentialAction\":[{\"@type\":\"ReadAction\",\"target\":[\"https:\/\/www.italiaeconomiaonline.it\/web\/563-2\/\"]}]},{\"@type\":\"ImageObject\",\"inLanguage\":\"it-IT\",\"@id\":\"https:\/\/www.italiaeconomiaonline.it\/web\/563-2\/#primaryimage\",\"url\":\"https:\/\/www.italiaeconomiaonline.it\/web\/wp-content\/uploads\/2019\/04\/Robiglio1.jpg\",\"contentUrl\":\"https:\/\/www.italiaeconomiaonline.it\/web\/wp-content\/uploads\/2019\/04\/Robiglio1.jpg\",\"width\":2449,\"height\":1633,\"caption\":\"Carlo Robiglio\"},{\"@type\":\"BreadcrumbList\",\"@id\":\"https:\/\/www.italiaeconomiaonline.it\/web\/563-2\/#breadcrumb\",\"itemListElement\":[{\"@type\":\"ListItem\",\"position\":1,\"name\":\"Home\",\"item\":\"https:\/\/www.italiaeconomiaonline.it\/web\/\"},{\"@type\":\"ListItem\",\"position\":2,\"name\":\"Gruppo Ebano punta su sostenibilit\u00e0 e impatto sociale\"}]},{\"@type\":\"WebSite\",\"@id\":\"https:\/\/www.italiaeconomiaonline.it\/web\/#website\",\"url\":\"https:\/\/www.italiaeconomiaonline.it\/web\/\",\"name\":\"ItaliaEconomiaOnline\",\"description\":\"Quotidiano Economico Online\",\"potentialAction\":[{\"@type\":\"SearchAction\",\"target\":{\"@type\":\"EntryPoint\",\"urlTemplate\":\"https:\/\/www.italiaeconomiaonline.it\/web\/?s={search_term_string}\"},\"query-input\":\"required name=search_term_string\"}],\"inLanguage\":\"it-IT\"},{\"@type\":\"Person\",\"@id\":\"https:\/\/www.italiaeconomiaonline.it\/web\/#\/schema\/person\/909a49cce752523b020fbc37d5ab1c31\",\"name\":\"ladyitaliaeconomia\",\"image\":{\"@type\":\"ImageObject\",\"inLanguage\":\"it-IT\",\"@id\":\"https:\/\/www.italiaeconomiaonline.it\/web\/#\/schema\/person\/image\/\",\"url\":\"https:\/\/secure.gravatar.com\/avatar\/cedca10ce7416a579b9fa6bce9c0a8f2?s=96&d=mm&r=g\",\"contentUrl\":\"https:\/\/secure.gravatar.com\/avatar\/cedca10ce7416a579b9fa6bce9c0a8f2?s=96&d=mm&r=g\",\"caption\":\"ladyitaliaeconomia\"},\"url\":\"https:\/\/www.italiaeconomiaonline.it\/web\/author\/ladyitaliaeconomia\/\"}]}<\/script>\n<!-- \/ Yoast SEO plugin. -->","yoast_head_json":{"title":"Gruppo Ebano punta su sostenibilit\u00e0 e impatto sociale -","robots":{"index":"index","follow":"follow","max-snippet":"max-snippet:-1","max-image-preview":"max-image-preview:large","max-video-preview":"max-video-preview:-1"},"canonical":"https:\/\/www.italiaeconomiaonline.it\/web\/563-2\/","og_locale":"it_IT","og_type":"article","og_title":"Gruppo Ebano punta su sostenibilit\u00e0 e impatto sociale -","og_description":"8 societ\u00e0 controllate, 15 partnership produttive, pi\u00f9 di 250 dipendenti e collaboratori, oltre 18 milioni di fatturato aggregato, una clientela media annuale che ormai supera le seimila unit\u00e0 per il solo business della Formazione a distanza: sono alcuni dei numeri del Gruppo Ebano, la holding fondata dall\u2019imprenditore di prima generazione Carlo Robiglio, che emergono dall\u2019Annual [&hellip;]","og_url":"https:\/\/www.italiaeconomiaonline.it\/web\/563-2\/","og_site_name":"ItaliaEconomiaOnline","article_published_time":"2019-04-26T18:41:08+00:00","article_modified_time":"2019-04-26T18:53:37+00:00","og_image":[{"width":1024,"height":683,"url":"https:\/\/www.italiaeconomiaonline.it\/web\/wp-content\/uploads\/2019\/04\/Robiglio1-1024x683.jpg","type":"image\/jpeg"}],"author":"ladyitaliaeconomia","twitter_card":"summary_large_image","twitter_misc":{"Scritto da":"ladyitaliaeconomia","Tempo di lettura stimato":"2 minuti"},"schema":{"@context":"https:\/\/schema.org","@graph":[{"@type":"WebPage","@id":"https:\/\/www.italiaeconomiaonline.it\/web\/563-2\/","url":"https:\/\/www.italiaeconomiaonline.it\/web\/563-2\/","name":"Gruppo Ebano punta su sostenibilit\u00e0 e impatto sociale -","isPartOf":{"@id":"https:\/\/www.italiaeconomiaonline.it\/web\/#website"},"primaryImageOfPage":{"@id":"https:\/\/www.italiaeconomiaonline.it\/web\/563-2\/#primaryimage"},"image":{"@id":"https:\/\/www.italiaeconomiaonline.it\/web\/563-2\/#primaryimage"},"thumbnailUrl":"https:\/\/www.italiaeconomiaonline.it\/web\/wp-content\/uploads\/2019\/04\/Robiglio1.jpg","datePublished":"2019-04-26T18:41:08+00:00","dateModified":"2019-04-26T18:53:37+00:00","author":{"@id":"https:\/\/www.italiaeconomiaonline.it\/web\/#\/schema\/person\/909a49cce752523b020fbc37d5ab1c31"},"breadcrumb":{"@id":"https:\/\/www.italiaeconomiaonline.it\/web\/563-2\/#breadcrumb"},"inLanguage":"it-IT","potentialAction":[{"@type":"ReadAction","target":["https:\/\/www.italiaeconomiaonline.it\/web\/563-2\/"]}]},{"@type":"ImageObject","inLanguage":"it-IT","@id":"https:\/\/www.italiaeconomiaonline.it\/web\/563-2\/#primaryimage","url":"https:\/\/www.italiaeconomiaonline.it\/web\/wp-content\/uploads\/2019\/04\/Robiglio1.jpg","contentUrl":"https:\/\/www.italiaeconomiaonline.it\/web\/wp-content\/uploads\/2019\/04\/Robiglio1.jpg","width":2449,"height":1633,"caption":"Carlo Robiglio"},{"@type":"BreadcrumbList","@id":"https:\/\/www.italiaeconomiaonline.it\/web\/563-2\/#breadcrumb","itemListElement":[{"@type":"ListItem","position":1,"name":"Home","item":"https:\/\/www.italiaeconomiaonline.it\/web\/"},{"@type":"ListItem","position":2,"name":"Gruppo Ebano punta su sostenibilit\u00e0 e impatto sociale"}]},{"@type":"WebSite","@id":"https:\/\/www.italiaeconomiaonline.it\/web\/#website","url":"https:\/\/www.italiaeconomiaonline.it\/web\/","name":"ItaliaEconomiaOnline","description":"Quotidiano Economico Online","potentialAction":[{"@type":"SearchAction","target":{"@type":"EntryPoint","urlTemplate":"https:\/\/www.italiaeconomiaonline.it\/web\/?s={search_term_string}"},"query-input":"required name=search_term_string"}],"inLanguage":"it-IT"},{"@type":"Person","@id":"https:\/\/www.italiaeconomiaonline.it\/web\/#\/schema\/person\/909a49cce752523b020fbc37d5ab1c31","name":"ladyitaliaeconomia","image":{"@type":"ImageObject","inLanguage":"it-IT","@id":"https:\/\/www.italiaeconomiaonline.it\/web\/#\/schema\/person\/image\/","url":"https:\/\/secure.gravatar.com\/avatar\/cedca10ce7416a579b9fa6bce9c0a8f2?s=96&d=mm&r=g","contentUrl":"https:\/\/secure.gravatar.com\/avatar\/cedca10ce7416a579b9fa6bce9c0a8f2?s=96&d=mm&r=g","caption":"ladyitaliaeconomia"},"url":"https:\/\/www.italiaeconomiaonline.it\/web\/author\/ladyitaliaeconomia\/"}]}},"_links":{"self":[{"href":"https:\/\/www.italiaeconomiaonline.it\/web\/wp-json\/wp\/v2\/posts\/563"}],"collection":[{"href":"https:\/\/www.italiaeconomiaonline.it\/web\/wp-json\/wp\/v2\/posts"}],"about":[{"href":"https:\/\/www.italiaeconomiaonline.it\/web\/wp-json\/wp\/v2\/types\/post"}],"author":[{"embeddable":true,"href":"https:\/\/www.italiaeconomiaonline.it\/web\/wp-json\/wp\/v2\/users\/1"}],"replies":[{"embeddable":true,"href":"https:\/\/www.italiaeconomiaonline.it\/web\/wp-json\/wp\/v2\/comments?post=563"}],"version-history":[{"count":3,"href":"https:\/\/www.italiaeconomiaonline.it\/web\/wp-json\/wp\/v2\/posts\/563\/revisions"}],"predecessor-version":[{"id":567,"href":"https:\/\/www.italiaeconomiaonline.it\/web\/wp-json\/wp\/v2\/posts\/563\/revisions\/567"}],"wp:featuredmedia":[{"embeddable":true,"href":"https:\/\/www.italiaeconomiaonline.it\/web\/wp-json\/wp\/v2\/media\/564"}],"wp:attachment":[{"href":"https:\/\/www.italiaeconomiaonline.it\/web\/wp-json\/wp\/v2\/media?parent=563"}],"wp:term":[{"taxonomy":"category","embeddable":true,"href":"https:\/\/www.italiaeconomiaonline.it\/web\/wp-json\/wp\/v2\/categories?post=563"},{"taxonomy":"post_tag","embeddable":true,"href":"https:\/\/www.italiaeconomiaonline.it\/web\/wp-json\/wp\/v2\/tags?post=563"}],"curies":[{"name":"wp","href":"https:\/\/api.w.org\/{rel}","templated":true}]}}