{"id":5631,"date":"2021-03-25T17:35:02","date_gmt":"2021-03-25T16:35:02","guid":{"rendered":"http:\/\/www.italiaeconomiaonline.it\/web\/?p=5631"},"modified":"2021-03-25T17:41:57","modified_gmt":"2021-03-25T16:41:57","slug":"coronavirus-fondazione-gimbe-grazie-alle-restrizioni-iniziano-a-scendere-i-nuovi-casi","status":"publish","type":"post","link":"https:\/\/www.italiaeconomiaonline.it\/web\/coronavirus-fondazione-gimbe-grazie-alle-restrizioni-iniziano-a-scendere-i-nuovi-casi\/","title":{"rendered":"Coronavirus, Fondazione Gimbe: Grazie alle restrizioni iniziano a scendere i nuovi casi"},"content":{"rendered":"<p><span class=\"dropcap dropcap3\">I<\/span>l monitoraggio indipendente della Fondazione GIMBE rileva nella settimana 17-23 marzo 2021, rispetto alla precedente, una lieve riduzione dei nuovi casi (150.033 vs 157.677)\u00a0 e dei decessi (2.327 vs 2.522) . Continuano invece ad aumentare i casi attualmente positivi (560.654 vs 536.115), le persone in isolamento domiciliare (528.680 vs 506.761), i ricoveri con sintomi (28.428 vs 26.098) e le terapie intensive (3.546 vs 3.256) . In dettaglio, rispetto alla settimana precedente, si registrano le seguenti variazioni:<\/p>\n<ul>\n<li>Decessi: 2.327 (-7,7%)<\/li>\n<li>Terapia intensiva: +290 (+8,9%)<\/li>\n<li>Ricoverati con sintomi: +2.330 (+8,9%)<\/li>\n<li>Isolamento domiciliare: +21.919 (+4,3%)<\/li>\n<li>Nuovi casi: 150.033 (-4,8%)<\/li>\n<li>Casi attualmente positivi: +24.539 (+4,6%)<\/li>\n<\/ul>\n<p>\u00abNel pieno della terza ondata \u2013 dichiara Nino Cartabellotta, Presidente della Fondazione GIMBE \u2013 si intravedono i primi segnali di miglioramento: dopo quattro settimane consecutive si inverte il trend dei nuovi casi settimanali e si riduce l\u2019incremento percentuale dei nuovi casi\u00bb. Tuttavia, il dato nazionale risente di situazioni regionali molto eterogenee: infatti, in 10 Regioni l\u2019incremento percentuale dei nuovi casi \u00e8 ancora in crescita e in 14 Regioni si amplia il bacino dei casi attualmente positivi .<\/p>\n<p>\u00abPer la maggior parte delle Regioni \u2013 spiega il Presidente \u2013 \u00e8 evidente la netta correlazione tra variazione percentuale dei nuovi casi e il \u201ccolore\u201d delle Regioni di 3 settimane fa\u00bb. Infatti, nella maggior parte delle Regioni che erano in zona rossa o arancione o avevano comunque attuato rigorose restrizioni mirate, la variazione percentuale dei nuovi casi \u00e8 in riduzione: Abruzzo, Basilicata, Campania, Emilia-Romagna, Lombardia, Marche, Molise, P.A. Bolzano, P.A. Trento, Umbria.<\/p>\n<p>Viceversa, lo stesso dato \u00e8 in aumento in Calabria, Lazio, Liguria, Puglia, Sardegna, Sicilia, Valle d\u2019Aosta e Veneto, che 3 settimane fa erano in area gialla o bianca. La situazione di Friuli Venezia Giulia, Piemonte e Toscana \u00e8 di pi\u00f9 difficile interpretazione, dimostrando che altri fattori (es. intensit\u00e0 dell\u2019attivit\u00e0 di testing, rispetto delle misure individuali) influenzano la curva dei contagi<\/p>\n<p>\u00abNonostante la lieve flessione della curva dei contagi \u2013 commenta Renata Gili, Responsabile Ricerca sui Servizi Sanitari della Fondazione GIMBE \u2013 peggiora la situazione sul versante ospedaliero, anche perch\u00e9 la terza ondata \u00e8 partita da un \u201caltopiano\u201d molto elevato di posti letto occupati\u00bb. Infatti, a livello nazionale entrambe le soglie di allerta di occupazione di posti letto da parte di pazienti COVID in area medica (&gt;40%) e in terapia intensiva (&gt;30%) sono superate: rispettivamente 43% e 39%.<\/p>\n<p>Superata la soglia d\u2019allarme in 10 e 12 Regioni rispettivamente per l\u2019area medica e per le terapie intensive, che in 5 Regioni hanno una saturazione \u226540% (Umbria, Friuli-Venezia Giulia, Molise, Abruzzo, Toscana) e in 5 \u226550% (Marche, Lombardia, P.A. Trento, Piemonte, Emilia-Romagna). \u00abSu questo fronte \u2013 spiega Marco Mosti, Direttore Operativo della Fondazione GIMBE \u2013 \u00e8 incoraggiante la frenata dei nuovi ingressi giornalieri in terapia intensiva: la curva della media mobile a 7 giorni dopo 4 settimane di incremento si \u00e8 appiattita\u00bb .<\/p>\n<p><b>Vaccini: forniture<\/b>. Delle dosi previste per il primo trimestre 2021, al 24 marzo (aggiornamento ore 6.01) risultano consegnate alle Regioni 9.911.100 dosi (63,1%), al netto di ritardi di notifica.<\/p>\n","protected":false},"excerpt":{"rendered":"<p>Il monitoraggio indipendente della Fondazione GIMBE rileva nella settimana 17-23 marzo 2021, rispetto alla precedente, una lieve riduzione dei nuovi casi (150.033 vs 157.677)\u00a0 e dei decessi (2.327 vs 2.522) . Continuano invece ad aumentare i casi attualmente positivi (560.654 vs 536.115), le persone in isolamento domiciliare (528.680 vs 506.761), i ricoveri con sintomi (28.428 [&hellip;]<\/p>\n","protected":false},"author":1,"featured_media":4309,"comment_status":"closed","ping_status":"open","sticky":false,"template":"","format":"standard","meta":{"footnotes":""},"categories":[35],"tags":[880],"yoast_head":"<!-- This site is optimized with the Yoast SEO plugin v22.2 - https:\/\/yoast.com\/wordpress\/plugins\/seo\/ -->\n<title>Coronavirus, Fondazione Gimbe: Grazie alle restrizioni iniziano a scendere i nuovi casi -<\/title>\n<meta name=\"robots\" content=\"index, follow, max-snippet:-1, max-image-preview:large, max-video-preview:-1\" \/>\n<link rel=\"canonical\" href=\"https:\/\/www.italiaeconomiaonline.it\/web\/coronavirus-fondazione-gimbe-grazie-alle-restrizioni-iniziano-a-scendere-i-nuovi-casi\/\" \/>\n<meta property=\"og:locale\" content=\"it_IT\" \/>\n<meta property=\"og:type\" content=\"article\" \/>\n<meta property=\"og:title\" content=\"Coronavirus, Fondazione Gimbe: Grazie alle restrizioni iniziano a scendere i nuovi casi -\" \/>\n<meta property=\"og:description\" content=\"Il monitoraggio indipendente della Fondazione GIMBE rileva nella settimana 17-23 marzo 2021, rispetto alla precedente, una lieve riduzione dei nuovi casi (150.033 vs 157.677)\u00a0 e dei decessi (2.327 vs 2.522) . Continuano invece ad aumentare i casi attualmente positivi (560.654 vs 536.115), le persone in isolamento domiciliare (528.680 vs 506.761), i ricoveri con sintomi (28.428 [&hellip;]\" \/>\n<meta property=\"og:url\" content=\"https:\/\/www.italiaeconomiaonline.it\/web\/coronavirus-fondazione-gimbe-grazie-alle-restrizioni-iniziano-a-scendere-i-nuovi-casi\/\" \/>\n<meta property=\"og:site_name\" content=\"ItaliaEconomiaOnline\" \/>\n<meta property=\"article:published_time\" content=\"2021-03-25T16:35:02+00:00\" \/>\n<meta property=\"article:modified_time\" content=\"2021-03-25T16:41:57+00:00\" \/>\n<meta property=\"og:image\" content=\"https:\/\/www.italiaeconomiaonline.it\/web\/wp-content\/uploads\/2020\/10\/Schermata-2020-10-05-alle-10.54.32.png\" \/>\n\t<meta property=\"og:image:width\" content=\"1612\" \/>\n\t<meta property=\"og:image:height\" content=\"1008\" \/>\n\t<meta property=\"og:image:type\" content=\"image\/png\" \/>\n<meta name=\"author\" content=\"ladyitaliaeconomia\" \/>\n<meta name=\"twitter:card\" content=\"summary_large_image\" \/>\n<meta name=\"twitter:label1\" content=\"Scritto da\" \/>\n\t<meta name=\"twitter:data1\" content=\"ladyitaliaeconomia\" \/>\n\t<meta name=\"twitter:label2\" content=\"Tempo di lettura stimato\" \/>\n\t<meta name=\"twitter:data2\" content=\"3 minuti\" \/>\n<script type=\"application\/ld+json\" class=\"yoast-schema-graph\">{\"@context\":\"https:\/\/schema.org\",\"@graph\":[{\"@type\":\"WebPage\",\"@id\":\"https:\/\/www.italiaeconomiaonline.it\/web\/coronavirus-fondazione-gimbe-grazie-alle-restrizioni-iniziano-a-scendere-i-nuovi-casi\/\",\"url\":\"https:\/\/www.italiaeconomiaonline.it\/web\/coronavirus-fondazione-gimbe-grazie-alle-restrizioni-iniziano-a-scendere-i-nuovi-casi\/\",\"name\":\"Coronavirus, Fondazione Gimbe: Grazie alle restrizioni iniziano a scendere i nuovi casi -\",\"isPartOf\":{\"@id\":\"https:\/\/www.italiaeconomiaonline.it\/web\/#website\"},\"primaryImageOfPage\":{\"@id\":\"https:\/\/www.italiaeconomiaonline.it\/web\/coronavirus-fondazione-gimbe-grazie-alle-restrizioni-iniziano-a-scendere-i-nuovi-casi\/#primaryimage\"},\"image\":{\"@id\":\"https:\/\/www.italiaeconomiaonline.it\/web\/coronavirus-fondazione-gimbe-grazie-alle-restrizioni-iniziano-a-scendere-i-nuovi-casi\/#primaryimage\"},\"thumbnailUrl\":\"https:\/\/www.italiaeconomiaonline.it\/web\/wp-content\/uploads\/2020\/10\/Schermata-2020-10-05-alle-10.54.32.png\",\"datePublished\":\"2021-03-25T16:35:02+00:00\",\"dateModified\":\"2021-03-25T16:41:57+00:00\",\"author\":{\"@id\":\"https:\/\/www.italiaeconomiaonline.it\/web\/#\/schema\/person\/909a49cce752523b020fbc37d5ab1c31\"},\"breadcrumb\":{\"@id\":\"https:\/\/www.italiaeconomiaonline.it\/web\/coronavirus-fondazione-gimbe-grazie-alle-restrizioni-iniziano-a-scendere-i-nuovi-casi\/#breadcrumb\"},\"inLanguage\":\"it-IT\",\"potentialAction\":[{\"@type\":\"ReadAction\",\"target\":[\"https:\/\/www.italiaeconomiaonline.it\/web\/coronavirus-fondazione-gimbe-grazie-alle-restrizioni-iniziano-a-scendere-i-nuovi-casi\/\"]}]},{\"@type\":\"ImageObject\",\"inLanguage\":\"it-IT\",\"@id\":\"https:\/\/www.italiaeconomiaonline.it\/web\/coronavirus-fondazione-gimbe-grazie-alle-restrizioni-iniziano-a-scendere-i-nuovi-casi\/#primaryimage\",\"url\":\"https:\/\/www.italiaeconomiaonline.it\/web\/wp-content\/uploads\/2020\/10\/Schermata-2020-10-05-alle-10.54.32.png\",\"contentUrl\":\"https:\/\/www.italiaeconomiaonline.it\/web\/wp-content\/uploads\/2020\/10\/Schermata-2020-10-05-alle-10.54.32.png\",\"width\":1612,\"height\":1008},{\"@type\":\"BreadcrumbList\",\"@id\":\"https:\/\/www.italiaeconomiaonline.it\/web\/coronavirus-fondazione-gimbe-grazie-alle-restrizioni-iniziano-a-scendere-i-nuovi-casi\/#breadcrumb\",\"itemListElement\":[{\"@type\":\"ListItem\",\"position\":1,\"name\":\"Home\",\"item\":\"https:\/\/www.italiaeconomiaonline.it\/web\/\"},{\"@type\":\"ListItem\",\"position\":2,\"name\":\"Coronavirus, Fondazione Gimbe: Grazie alle restrizioni iniziano a scendere i nuovi casi\"}]},{\"@type\":\"WebSite\",\"@id\":\"https:\/\/www.italiaeconomiaonline.it\/web\/#website\",\"url\":\"https:\/\/www.italiaeconomiaonline.it\/web\/\",\"name\":\"ItaliaEconomiaOnline\",\"description\":\"Quotidiano Economico Online\",\"potentialAction\":[{\"@type\":\"SearchAction\",\"target\":{\"@type\":\"EntryPoint\",\"urlTemplate\":\"https:\/\/www.italiaeconomiaonline.it\/web\/?s={search_term_string}\"},\"query-input\":\"required name=search_term_string\"}],\"inLanguage\":\"it-IT\"},{\"@type\":\"Person\",\"@id\":\"https:\/\/www.italiaeconomiaonline.it\/web\/#\/schema\/person\/909a49cce752523b020fbc37d5ab1c31\",\"name\":\"ladyitaliaeconomia\",\"image\":{\"@type\":\"ImageObject\",\"inLanguage\":\"it-IT\",\"@id\":\"https:\/\/www.italiaeconomiaonline.it\/web\/#\/schema\/person\/image\/\",\"url\":\"https:\/\/secure.gravatar.com\/avatar\/cedca10ce7416a579b9fa6bce9c0a8f2?s=96&d=mm&r=g\",\"contentUrl\":\"https:\/\/secure.gravatar.com\/avatar\/cedca10ce7416a579b9fa6bce9c0a8f2?s=96&d=mm&r=g\",\"caption\":\"ladyitaliaeconomia\"},\"url\":\"https:\/\/www.italiaeconomiaonline.it\/web\/author\/ladyitaliaeconomia\/\"}]}<\/script>\n<!-- \/ Yoast SEO plugin. -->","yoast_head_json":{"title":"Coronavirus, Fondazione Gimbe: Grazie alle restrizioni iniziano a scendere i nuovi casi -","robots":{"index":"index","follow":"follow","max-snippet":"max-snippet:-1","max-image-preview":"max-image-preview:large","max-video-preview":"max-video-preview:-1"},"canonical":"https:\/\/www.italiaeconomiaonline.it\/web\/coronavirus-fondazione-gimbe-grazie-alle-restrizioni-iniziano-a-scendere-i-nuovi-casi\/","og_locale":"it_IT","og_type":"article","og_title":"Coronavirus, Fondazione Gimbe: Grazie alle restrizioni iniziano a scendere i nuovi casi -","og_description":"Il monitoraggio indipendente della Fondazione GIMBE rileva nella settimana 17-23 marzo 2021, rispetto alla precedente, una lieve riduzione dei nuovi casi (150.033 vs 157.677)\u00a0 e dei decessi (2.327 vs 2.522) . Continuano invece ad aumentare i casi attualmente positivi (560.654 vs 536.115), le persone in isolamento domiciliare (528.680 vs 506.761), i ricoveri con sintomi (28.428 [&hellip;]","og_url":"https:\/\/www.italiaeconomiaonline.it\/web\/coronavirus-fondazione-gimbe-grazie-alle-restrizioni-iniziano-a-scendere-i-nuovi-casi\/","og_site_name":"ItaliaEconomiaOnline","article_published_time":"2021-03-25T16:35:02+00:00","article_modified_time":"2021-03-25T16:41:57+00:00","og_image":[{"width":1612,"height":1008,"url":"https:\/\/www.italiaeconomiaonline.it\/web\/wp-content\/uploads\/2020\/10\/Schermata-2020-10-05-alle-10.54.32.png","type":"image\/png"}],"author":"ladyitaliaeconomia","twitter_card":"summary_large_image","twitter_misc":{"Scritto da":"ladyitaliaeconomia","Tempo di lettura stimato":"3 minuti"},"schema":{"@context":"https:\/\/schema.org","@graph":[{"@type":"WebPage","@id":"https:\/\/www.italiaeconomiaonline.it\/web\/coronavirus-fondazione-gimbe-grazie-alle-restrizioni-iniziano-a-scendere-i-nuovi-casi\/","url":"https:\/\/www.italiaeconomiaonline.it\/web\/coronavirus-fondazione-gimbe-grazie-alle-restrizioni-iniziano-a-scendere-i-nuovi-casi\/","name":"Coronavirus, Fondazione Gimbe: Grazie alle restrizioni iniziano a scendere i nuovi casi -","isPartOf":{"@id":"https:\/\/www.italiaeconomiaonline.it\/web\/#website"},"primaryImageOfPage":{"@id":"https:\/\/www.italiaeconomiaonline.it\/web\/coronavirus-fondazione-gimbe-grazie-alle-restrizioni-iniziano-a-scendere-i-nuovi-casi\/#primaryimage"},"image":{"@id":"https:\/\/www.italiaeconomiaonline.it\/web\/coronavirus-fondazione-gimbe-grazie-alle-restrizioni-iniziano-a-scendere-i-nuovi-casi\/#primaryimage"},"thumbnailUrl":"https:\/\/www.italiaeconomiaonline.it\/web\/wp-content\/uploads\/2020\/10\/Schermata-2020-10-05-alle-10.54.32.png","datePublished":"2021-03-25T16:35:02+00:00","dateModified":"2021-03-25T16:41:57+00:00","author":{"@id":"https:\/\/www.italiaeconomiaonline.it\/web\/#\/schema\/person\/909a49cce752523b020fbc37d5ab1c31"},"breadcrumb":{"@id":"https:\/\/www.italiaeconomiaonline.it\/web\/coronavirus-fondazione-gimbe-grazie-alle-restrizioni-iniziano-a-scendere-i-nuovi-casi\/#breadcrumb"},"inLanguage":"it-IT","potentialAction":[{"@type":"ReadAction","target":["https:\/\/www.italiaeconomiaonline.it\/web\/coronavirus-fondazione-gimbe-grazie-alle-restrizioni-iniziano-a-scendere-i-nuovi-casi\/"]}]},{"@type":"ImageObject","inLanguage":"it-IT","@id":"https:\/\/www.italiaeconomiaonline.it\/web\/coronavirus-fondazione-gimbe-grazie-alle-restrizioni-iniziano-a-scendere-i-nuovi-casi\/#primaryimage","url":"https:\/\/www.italiaeconomiaonline.it\/web\/wp-content\/uploads\/2020\/10\/Schermata-2020-10-05-alle-10.54.32.png","contentUrl":"https:\/\/www.italiaeconomiaonline.it\/web\/wp-content\/uploads\/2020\/10\/Schermata-2020-10-05-alle-10.54.32.png","width":1612,"height":1008},{"@type":"BreadcrumbList","@id":"https:\/\/www.italiaeconomiaonline.it\/web\/coronavirus-fondazione-gimbe-grazie-alle-restrizioni-iniziano-a-scendere-i-nuovi-casi\/#breadcrumb","itemListElement":[{"@type":"ListItem","position":1,"name":"Home","item":"https:\/\/www.italiaeconomiaonline.it\/web\/"},{"@type":"ListItem","position":2,"name":"Coronavirus, Fondazione Gimbe: Grazie alle restrizioni iniziano a scendere i nuovi casi"}]},{"@type":"WebSite","@id":"https:\/\/www.italiaeconomiaonline.it\/web\/#website","url":"https:\/\/www.italiaeconomiaonline.it\/web\/","name":"ItaliaEconomiaOnline","description":"Quotidiano Economico Online","potentialAction":[{"@type":"SearchAction","target":{"@type":"EntryPoint","urlTemplate":"https:\/\/www.italiaeconomiaonline.it\/web\/?s={search_term_string}"},"query-input":"required name=search_term_string"}],"inLanguage":"it-IT"},{"@type":"Person","@id":"https:\/\/www.italiaeconomiaonline.it\/web\/#\/schema\/person\/909a49cce752523b020fbc37d5ab1c31","name":"ladyitaliaeconomia","image":{"@type":"ImageObject","inLanguage":"it-IT","@id":"https:\/\/www.italiaeconomiaonline.it\/web\/#\/schema\/person\/image\/","url":"https:\/\/secure.gravatar.com\/avatar\/cedca10ce7416a579b9fa6bce9c0a8f2?s=96&d=mm&r=g","contentUrl":"https:\/\/secure.gravatar.com\/avatar\/cedca10ce7416a579b9fa6bce9c0a8f2?s=96&d=mm&r=g","caption":"ladyitaliaeconomia"},"url":"https:\/\/www.italiaeconomiaonline.it\/web\/author\/ladyitaliaeconomia\/"}]}},"_links":{"self":[{"href":"https:\/\/www.italiaeconomiaonline.it\/web\/wp-json\/wp\/v2\/posts\/5631"}],"collection":[{"href":"https:\/\/www.italiaeconomiaonline.it\/web\/wp-json\/wp\/v2\/posts"}],"about":[{"href":"https:\/\/www.italiaeconomiaonline.it\/web\/wp-json\/wp\/v2\/types\/post"}],"author":[{"embeddable":true,"href":"https:\/\/www.italiaeconomiaonline.it\/web\/wp-json\/wp\/v2\/users\/1"}],"replies":[{"embeddable":true,"href":"https:\/\/www.italiaeconomiaonline.it\/web\/wp-json\/wp\/v2\/comments?post=5631"}],"version-history":[{"count":4,"href":"https:\/\/www.italiaeconomiaonline.it\/web\/wp-json\/wp\/v2\/posts\/5631\/revisions"}],"predecessor-version":[{"id":5637,"href":"https:\/\/www.italiaeconomiaonline.it\/web\/wp-json\/wp\/v2\/posts\/5631\/revisions\/5637"}],"wp:featuredmedia":[{"embeddable":true,"href":"https:\/\/www.italiaeconomiaonline.it\/web\/wp-json\/wp\/v2\/media\/4309"}],"wp:attachment":[{"href":"https:\/\/www.italiaeconomiaonline.it\/web\/wp-json\/wp\/v2\/media?parent=5631"}],"wp:term":[{"taxonomy":"category","embeddable":true,"href":"https:\/\/www.italiaeconomiaonline.it\/web\/wp-json\/wp\/v2\/categories?post=5631"},{"taxonomy":"post_tag","embeddable":true,"href":"https:\/\/www.italiaeconomiaonline.it\/web\/wp-json\/wp\/v2\/tags?post=5631"}],"curies":[{"name":"wp","href":"https:\/\/api.w.org\/{rel}","templated":true}]}}