{"id":5711,"date":"2021-04-07T19:17:55","date_gmt":"2021-04-07T17:17:55","guid":{"rendered":"http:\/\/www.italiaeconomiaonline.it\/web\/?p=5711"},"modified":"2021-04-07T19:17:55","modified_gmt":"2021-04-07T17:17:55","slug":"cia-in-emilia-romagna-e-veneto-le-gelate-danneggiano-vigneti-e-alberi-da-frutto","status":"publish","type":"post","link":"https:\/\/www.italiaeconomiaonline.it\/web\/cia-in-emilia-romagna-e-veneto-le-gelate-danneggiano-vigneti-e-alberi-da-frutto\/","title":{"rendered":"Cia, in Emilia-Romagna e Veneto le gelate danneggiano vigneti e alberi da frutto"},"content":{"rendered":"<p><span class=\"dropcap dropcap3\">L<\/span>e gelate primaverili di queste notti mettono a rischio vigne, melonaie e alberi da frutto in piena fioritura\u201d. Parole di Antenore Cervi, presidente Cia Reggio, che denuncia la difficile situazione che sta vivendo l\u2019agricoltura del nostro territorio a causa del colpo di coda dell\u2019inverno che ha riportato le temperature sotto lo zero dalla Bassa all\u2019Appennino.<\/p>\n<p>\u201cI nostri tecnici hanno ricevuto tantissime segnalazioni fin dalle prime ore del mattino e stanno facendo diversi sopralluoghi per una prima ricognizione dei danni \u2013 rivela Cervi -. Gli imprenditori agricoli sono molto preoccupati. Purtroppo le previsioni meteo indicano temperature molto rigide anche nella prossima notte: potrebbe essere il colpo di grazia per la produzione di tanti vigneti, frutteti, melonaie e campi di ortaggi\u201d. La forte escursione termica tra il giorno e la notte \u201c\u00e8 micidiale per germogli e fiori, specialmente dopo diverse settimane in cui le temperature diurne elevate hanno portato all\u2019anticipo della gemmazione\u201d.<\/p>\n<p>Il forte timore \u00e8 che siamo dinnanzi \u201ca una replica dell\u2019anno scorso, con le gelate tardive che hanno colpito numerose imprese. Ma deve essere ben chiaro a tutti che non si tratta di una semplice caratteristica del clima: siamo dinnanzi a un evento climatico straordinario che va a colpire pesantemente la nostra agricoltura. Rischiano di essere compromessi grandi parti dei raccolti dei prossimi mesi\u201d. Ma non solo. Cervi spiega che i danni immediati li subiscono \u201cle tante aziende che fanno vendita diretta di ortaggi e che vedono drasticamente ridotti i prodotti da mettere a disposizione dei clienti\u201d.<\/p>\n<p>Il presidente Cia Reggio sottolinea che gli interventi strutturali contro il gelo (come reti o ventole) sono solo \u201cparzialmente efficaci. Per questo chiediamo di rivedere gli strumenti assicurativi alla luce dei cambiamenti climatici che penalizzano fortemente non solo l\u2019agricoltura reggiana ma dell\u2019intera Emilia Romagna: chiediamo soluzioni urgenti e concrete per gli agricoltori\u201d. Sollecita inoltre un vero e proprio\u00a0\u2018Patto per l\u2019agricoltura\u2019\u00a0a livello regionale, con una serie \u201cdi agevolazioni immediate per chi ha subito danni come una moratoria dei mutui o finanziamenti a fondo perduto\u201d.<\/p>\n<p>Cervi conclude rimarcando che \u201cl\u2019agricoltura\u00a0\u00e8 il settore che risente e risentir\u00e0 maggiormente del meteo impazzito. Gli agricoltori dovranno sempre pi\u00f9 investire importanti somme economiche per proteggere le colture dagli eventi estremi. Ma non solo. I cambiamenti climatici stanno anche portando parassiti, patogeni e insetti \u2018alieni\u2019 che trovano sul nostro territorio un ambiente idoneo per proliferare. Ma la loro presenza \u00e8 spesso sinonimo di danni ingenti per le colture\u201d.<\/p>\n","protected":false},"excerpt":{"rendered":"<p>Le gelate primaverili di queste notti mettono a rischio vigne, melonaie e alberi da frutto in piena fioritura\u201d. Parole di Antenore Cervi, presidente Cia Reggio, che denuncia la difficile situazione che sta vivendo l\u2019agricoltura del nostro territorio a causa del colpo di coda dell\u2019inverno che ha riportato le temperature sotto lo zero dalla Bassa all\u2019Appennino. [&hellip;]<\/p>\n","protected":false},"author":1,"featured_media":5712,"comment_status":"closed","ping_status":"open","sticky":false,"template":"","format":"standard","meta":{"footnotes":""},"categories":[795],"tags":[],"yoast_head":"<!-- This site is optimized with the Yoast SEO plugin v22.2 - https:\/\/yoast.com\/wordpress\/plugins\/seo\/ -->\n<title>Cia, in Emilia-Romagna e Veneto le gelate danneggiano vigneti e alberi da frutto -<\/title>\n<meta name=\"robots\" content=\"index, follow, max-snippet:-1, max-image-preview:large, max-video-preview:-1\" \/>\n<link rel=\"canonical\" href=\"https:\/\/www.italiaeconomiaonline.it\/web\/cia-in-emilia-romagna-e-veneto-le-gelate-danneggiano-vigneti-e-alberi-da-frutto\/\" \/>\n<meta property=\"og:locale\" content=\"it_IT\" \/>\n<meta property=\"og:type\" content=\"article\" \/>\n<meta property=\"og:title\" content=\"Cia, in Emilia-Romagna e Veneto le gelate danneggiano vigneti e alberi da frutto -\" \/>\n<meta property=\"og:description\" content=\"Le gelate primaverili di queste notti mettono a rischio vigne, melonaie e alberi da frutto in piena fioritura\u201d. Parole di Antenore Cervi, presidente Cia Reggio, che denuncia la difficile situazione che sta vivendo l\u2019agricoltura del nostro territorio a causa del colpo di coda dell\u2019inverno che ha riportato le temperature sotto lo zero dalla Bassa all\u2019Appennino. [&hellip;]\" \/>\n<meta property=\"og:url\" content=\"https:\/\/www.italiaeconomiaonline.it\/web\/cia-in-emilia-romagna-e-veneto-le-gelate-danneggiano-vigneti-e-alberi-da-frutto\/\" \/>\n<meta property=\"og:site_name\" content=\"ItaliaEconomiaOnline\" \/>\n<meta property=\"article:published_time\" content=\"2021-04-07T17:17:55+00:00\" \/>\n<meta property=\"og:image\" content=\"https:\/\/www.italiaeconomiaonline.it\/web\/wp-content\/uploads\/2021\/04\/7.jpg\" \/>\n\t<meta property=\"og:image:width\" content=\"1600\" \/>\n\t<meta property=\"og:image:height\" content=\"720\" \/>\n\t<meta property=\"og:image:type\" content=\"image\/jpeg\" \/>\n<meta name=\"author\" content=\"ladyitaliaeconomia\" \/>\n<meta name=\"twitter:card\" content=\"summary_large_image\" \/>\n<meta name=\"twitter:label1\" content=\"Scritto da\" \/>\n\t<meta name=\"twitter:data1\" content=\"ladyitaliaeconomia\" \/>\n\t<meta name=\"twitter:label2\" content=\"Tempo di lettura stimato\" \/>\n\t<meta name=\"twitter:data2\" content=\"2 minuti\" \/>\n<script type=\"application\/ld+json\" class=\"yoast-schema-graph\">{\"@context\":\"https:\/\/schema.org\",\"@graph\":[{\"@type\":\"WebPage\",\"@id\":\"https:\/\/www.italiaeconomiaonline.it\/web\/cia-in-emilia-romagna-e-veneto-le-gelate-danneggiano-vigneti-e-alberi-da-frutto\/\",\"url\":\"https:\/\/www.italiaeconomiaonline.it\/web\/cia-in-emilia-romagna-e-veneto-le-gelate-danneggiano-vigneti-e-alberi-da-frutto\/\",\"name\":\"Cia, in Emilia-Romagna e Veneto le gelate danneggiano vigneti e alberi da frutto -\",\"isPartOf\":{\"@id\":\"https:\/\/www.italiaeconomiaonline.it\/web\/#website\"},\"primaryImageOfPage\":{\"@id\":\"https:\/\/www.italiaeconomiaonline.it\/web\/cia-in-emilia-romagna-e-veneto-le-gelate-danneggiano-vigneti-e-alberi-da-frutto\/#primaryimage\"},\"image\":{\"@id\":\"https:\/\/www.italiaeconomiaonline.it\/web\/cia-in-emilia-romagna-e-veneto-le-gelate-danneggiano-vigneti-e-alberi-da-frutto\/#primaryimage\"},\"thumbnailUrl\":\"https:\/\/www.italiaeconomiaonline.it\/web\/wp-content\/uploads\/2021\/04\/7.jpg\",\"datePublished\":\"2021-04-07T17:17:55+00:00\",\"dateModified\":\"2021-04-07T17:17:55+00:00\",\"author\":{\"@id\":\"https:\/\/www.italiaeconomiaonline.it\/web\/#\/schema\/person\/909a49cce752523b020fbc37d5ab1c31\"},\"breadcrumb\":{\"@id\":\"https:\/\/www.italiaeconomiaonline.it\/web\/cia-in-emilia-romagna-e-veneto-le-gelate-danneggiano-vigneti-e-alberi-da-frutto\/#breadcrumb\"},\"inLanguage\":\"it-IT\",\"potentialAction\":[{\"@type\":\"ReadAction\",\"target\":[\"https:\/\/www.italiaeconomiaonline.it\/web\/cia-in-emilia-romagna-e-veneto-le-gelate-danneggiano-vigneti-e-alberi-da-frutto\/\"]}]},{\"@type\":\"ImageObject\",\"inLanguage\":\"it-IT\",\"@id\":\"https:\/\/www.italiaeconomiaonline.it\/web\/cia-in-emilia-romagna-e-veneto-le-gelate-danneggiano-vigneti-e-alberi-da-frutto\/#primaryimage\",\"url\":\"https:\/\/www.italiaeconomiaonline.it\/web\/wp-content\/uploads\/2021\/04\/7.jpg\",\"contentUrl\":\"https:\/\/www.italiaeconomiaonline.it\/web\/wp-content\/uploads\/2021\/04\/7.jpg\",\"width\":1600,\"height\":720},{\"@type\":\"BreadcrumbList\",\"@id\":\"https:\/\/www.italiaeconomiaonline.it\/web\/cia-in-emilia-romagna-e-veneto-le-gelate-danneggiano-vigneti-e-alberi-da-frutto\/#breadcrumb\",\"itemListElement\":[{\"@type\":\"ListItem\",\"position\":1,\"name\":\"Home\",\"item\":\"https:\/\/www.italiaeconomiaonline.it\/web\/\"},{\"@type\":\"ListItem\",\"position\":2,\"name\":\"Cia, in Emilia-Romagna e Veneto le gelate danneggiano vigneti e alberi da frutto\"}]},{\"@type\":\"WebSite\",\"@id\":\"https:\/\/www.italiaeconomiaonline.it\/web\/#website\",\"url\":\"https:\/\/www.italiaeconomiaonline.it\/web\/\",\"name\":\"ItaliaEconomiaOnline\",\"description\":\"Quotidiano Economico Online\",\"potentialAction\":[{\"@type\":\"SearchAction\",\"target\":{\"@type\":\"EntryPoint\",\"urlTemplate\":\"https:\/\/www.italiaeconomiaonline.it\/web\/?s={search_term_string}\"},\"query-input\":\"required name=search_term_string\"}],\"inLanguage\":\"it-IT\"},{\"@type\":\"Person\",\"@id\":\"https:\/\/www.italiaeconomiaonline.it\/web\/#\/schema\/person\/909a49cce752523b020fbc37d5ab1c31\",\"name\":\"ladyitaliaeconomia\",\"image\":{\"@type\":\"ImageObject\",\"inLanguage\":\"it-IT\",\"@id\":\"https:\/\/www.italiaeconomiaonline.it\/web\/#\/schema\/person\/image\/\",\"url\":\"https:\/\/secure.gravatar.com\/avatar\/cedca10ce7416a579b9fa6bce9c0a8f2?s=96&d=mm&r=g\",\"contentUrl\":\"https:\/\/secure.gravatar.com\/avatar\/cedca10ce7416a579b9fa6bce9c0a8f2?s=96&d=mm&r=g\",\"caption\":\"ladyitaliaeconomia\"},\"url\":\"https:\/\/www.italiaeconomiaonline.it\/web\/author\/ladyitaliaeconomia\/\"}]}<\/script>\n<!-- \/ Yoast SEO plugin. -->","yoast_head_json":{"title":"Cia, in Emilia-Romagna e Veneto le gelate danneggiano vigneti e alberi da frutto -","robots":{"index":"index","follow":"follow","max-snippet":"max-snippet:-1","max-image-preview":"max-image-preview:large","max-video-preview":"max-video-preview:-1"},"canonical":"https:\/\/www.italiaeconomiaonline.it\/web\/cia-in-emilia-romagna-e-veneto-le-gelate-danneggiano-vigneti-e-alberi-da-frutto\/","og_locale":"it_IT","og_type":"article","og_title":"Cia, in Emilia-Romagna e Veneto le gelate danneggiano vigneti e alberi da frutto -","og_description":"Le gelate primaverili di queste notti mettono a rischio vigne, melonaie e alberi da frutto in piena fioritura\u201d. Parole di Antenore Cervi, presidente Cia Reggio, che denuncia la difficile situazione che sta vivendo l\u2019agricoltura del nostro territorio a causa del colpo di coda dell\u2019inverno che ha riportato le temperature sotto lo zero dalla Bassa all\u2019Appennino. [&hellip;]","og_url":"https:\/\/www.italiaeconomiaonline.it\/web\/cia-in-emilia-romagna-e-veneto-le-gelate-danneggiano-vigneti-e-alberi-da-frutto\/","og_site_name":"ItaliaEconomiaOnline","article_published_time":"2021-04-07T17:17:55+00:00","og_image":[{"width":1600,"height":720,"url":"https:\/\/www.italiaeconomiaonline.it\/web\/wp-content\/uploads\/2021\/04\/7.jpg","type":"image\/jpeg"}],"author":"ladyitaliaeconomia","twitter_card":"summary_large_image","twitter_misc":{"Scritto da":"ladyitaliaeconomia","Tempo di lettura stimato":"2 minuti"},"schema":{"@context":"https:\/\/schema.org","@graph":[{"@type":"WebPage","@id":"https:\/\/www.italiaeconomiaonline.it\/web\/cia-in-emilia-romagna-e-veneto-le-gelate-danneggiano-vigneti-e-alberi-da-frutto\/","url":"https:\/\/www.italiaeconomiaonline.it\/web\/cia-in-emilia-romagna-e-veneto-le-gelate-danneggiano-vigneti-e-alberi-da-frutto\/","name":"Cia, in Emilia-Romagna e Veneto le gelate danneggiano vigneti e alberi da frutto -","isPartOf":{"@id":"https:\/\/www.italiaeconomiaonline.it\/web\/#website"},"primaryImageOfPage":{"@id":"https:\/\/www.italiaeconomiaonline.it\/web\/cia-in-emilia-romagna-e-veneto-le-gelate-danneggiano-vigneti-e-alberi-da-frutto\/#primaryimage"},"image":{"@id":"https:\/\/www.italiaeconomiaonline.it\/web\/cia-in-emilia-romagna-e-veneto-le-gelate-danneggiano-vigneti-e-alberi-da-frutto\/#primaryimage"},"thumbnailUrl":"https:\/\/www.italiaeconomiaonline.it\/web\/wp-content\/uploads\/2021\/04\/7.jpg","datePublished":"2021-04-07T17:17:55+00:00","dateModified":"2021-04-07T17:17:55+00:00","author":{"@id":"https:\/\/www.italiaeconomiaonline.it\/web\/#\/schema\/person\/909a49cce752523b020fbc37d5ab1c31"},"breadcrumb":{"@id":"https:\/\/www.italiaeconomiaonline.it\/web\/cia-in-emilia-romagna-e-veneto-le-gelate-danneggiano-vigneti-e-alberi-da-frutto\/#breadcrumb"},"inLanguage":"it-IT","potentialAction":[{"@type":"ReadAction","target":["https:\/\/www.italiaeconomiaonline.it\/web\/cia-in-emilia-romagna-e-veneto-le-gelate-danneggiano-vigneti-e-alberi-da-frutto\/"]}]},{"@type":"ImageObject","inLanguage":"it-IT","@id":"https:\/\/www.italiaeconomiaonline.it\/web\/cia-in-emilia-romagna-e-veneto-le-gelate-danneggiano-vigneti-e-alberi-da-frutto\/#primaryimage","url":"https:\/\/www.italiaeconomiaonline.it\/web\/wp-content\/uploads\/2021\/04\/7.jpg","contentUrl":"https:\/\/www.italiaeconomiaonline.it\/web\/wp-content\/uploads\/2021\/04\/7.jpg","width":1600,"height":720},{"@type":"BreadcrumbList","@id":"https:\/\/www.italiaeconomiaonline.it\/web\/cia-in-emilia-romagna-e-veneto-le-gelate-danneggiano-vigneti-e-alberi-da-frutto\/#breadcrumb","itemListElement":[{"@type":"ListItem","position":1,"name":"Home","item":"https:\/\/www.italiaeconomiaonline.it\/web\/"},{"@type":"ListItem","position":2,"name":"Cia, in Emilia-Romagna e Veneto le gelate danneggiano vigneti e alberi da frutto"}]},{"@type":"WebSite","@id":"https:\/\/www.italiaeconomiaonline.it\/web\/#website","url":"https:\/\/www.italiaeconomiaonline.it\/web\/","name":"ItaliaEconomiaOnline","description":"Quotidiano Economico Online","potentialAction":[{"@type":"SearchAction","target":{"@type":"EntryPoint","urlTemplate":"https:\/\/www.italiaeconomiaonline.it\/web\/?s={search_term_string}"},"query-input":"required name=search_term_string"}],"inLanguage":"it-IT"},{"@type":"Person","@id":"https:\/\/www.italiaeconomiaonline.it\/web\/#\/schema\/person\/909a49cce752523b020fbc37d5ab1c31","name":"ladyitaliaeconomia","image":{"@type":"ImageObject","inLanguage":"it-IT","@id":"https:\/\/www.italiaeconomiaonline.it\/web\/#\/schema\/person\/image\/","url":"https:\/\/secure.gravatar.com\/avatar\/cedca10ce7416a579b9fa6bce9c0a8f2?s=96&d=mm&r=g","contentUrl":"https:\/\/secure.gravatar.com\/avatar\/cedca10ce7416a579b9fa6bce9c0a8f2?s=96&d=mm&r=g","caption":"ladyitaliaeconomia"},"url":"https:\/\/www.italiaeconomiaonline.it\/web\/author\/ladyitaliaeconomia\/"}]}},"_links":{"self":[{"href":"https:\/\/www.italiaeconomiaonline.it\/web\/wp-json\/wp\/v2\/posts\/5711"}],"collection":[{"href":"https:\/\/www.italiaeconomiaonline.it\/web\/wp-json\/wp\/v2\/posts"}],"about":[{"href":"https:\/\/www.italiaeconomiaonline.it\/web\/wp-json\/wp\/v2\/types\/post"}],"author":[{"embeddable":true,"href":"https:\/\/www.italiaeconomiaonline.it\/web\/wp-json\/wp\/v2\/users\/1"}],"replies":[{"embeddable":true,"href":"https:\/\/www.italiaeconomiaonline.it\/web\/wp-json\/wp\/v2\/comments?post=5711"}],"version-history":[{"count":1,"href":"https:\/\/www.italiaeconomiaonline.it\/web\/wp-json\/wp\/v2\/posts\/5711\/revisions"}],"predecessor-version":[{"id":5713,"href":"https:\/\/www.italiaeconomiaonline.it\/web\/wp-json\/wp\/v2\/posts\/5711\/revisions\/5713"}],"wp:featuredmedia":[{"embeddable":true,"href":"https:\/\/www.italiaeconomiaonline.it\/web\/wp-json\/wp\/v2\/media\/5712"}],"wp:attachment":[{"href":"https:\/\/www.italiaeconomiaonline.it\/web\/wp-json\/wp\/v2\/media?parent=5711"}],"wp:term":[{"taxonomy":"category","embeddable":true,"href":"https:\/\/www.italiaeconomiaonline.it\/web\/wp-json\/wp\/v2\/categories?post=5711"},{"taxonomy":"post_tag","embeddable":true,"href":"https:\/\/www.italiaeconomiaonline.it\/web\/wp-json\/wp\/v2\/tags?post=5711"}],"curies":[{"name":"wp","href":"https:\/\/api.w.org\/{rel}","templated":true}]}}