{"id":5768,"date":"2021-04-21T09:46:33","date_gmt":"2021-04-21T07:46:33","guid":{"rendered":"http:\/\/www.italiaeconomiaonline.it\/web\/?p=5768"},"modified":"2021-04-21T09:46:33","modified_gmt":"2021-04-21T07:46:33","slug":"recovery-plan-cna-coinvolgere-le-parti-sociali-con-una-cabina-di-regia-permanente","status":"publish","type":"post","link":"https:\/\/www.italiaeconomiaonline.it\/web\/recovery-plan-cna-coinvolgere-le-parti-sociali-con-una-cabina-di-regia-permanente\/","title":{"rendered":"Recovery Plan. CNA: \u201cCoinvolgere le parti sociali con una cabina di regia permanente\u201d"},"content":{"rendered":"<p><span class=\"dropcap dropcap3\">P<\/span>er il successo del Recovery Plan occorre il contributo di tutti nel rispetto dei ruoli e delle prerogative e crediamo, al pari del Parlamento, sia opportuno che le parti sociali siano chiamate a collaborare al processo di implementazione.<\/p>\n<p>\u00c8 quanto ha sottolineato il Presidente della CNA, Daniele Vaccarino, nel corso dell\u2019incontro con il Presidente del Consiglio sul PNRR, rinnovando la proposta di istituire una Cabina di Regia permanente per coinvolgere le migliori energie del Paese, una sede di confronto imprescindibile per\u00a0connettere\u00a0i progetti e gli investimenti al mondo produttivo\u201d.<\/p>\n<p>Per il rilancio del Paese artigiani e piccole imprese possono svolgere un ruolo fondamentale e in tale prospettiva occorre dare continuit\u00e0 al Piano Transizione 4.0, potenziare e prorogare il Superbonus 110%.<\/p>\n<p>Nel merito \u00e8 \u201cnecessario imprimere la pi\u00f9 radicale discontinuit\u00e0 nella capacit\u00e0 di programmare e realizzare le riforme e gli investimenti per modernizzare l\u2019Italia e rafforzarne il potenziale di crescita\u201d.<\/p>\n<p>Strategica sar\u00e0 la concentrazione delle risorse in progetti infrastrutturali destinati a migliorare in maniera permanente l\u2019efficienza e la competitivit\u00e0 dell\u2019Italia. Determinante, a tal fine, sar\u00e0 la semplificazione della normativa sulle opere pubbliche, l\u2019efficientamento della gestione amministrativa e la riforma della pubblica amministrazione.<\/p>\n<p>Per riavviare il motore dell\u2019economia il Presidente CNA ha evidenziato che \u201cla puntuale programmazione delle riaperture, correlata al miglioramento del quadro epidemiologico e alla distribuzione dei vaccini, potr\u00e0 consentire ad artigiani e piccole imprese di riprendere rapidamente e in piena sicurezza le attivit\u00e0 mentre sul prossimo Decreto sostegni bis \u201cci attendiamo il rafforzamento degli aiuti agli autonomi e alle imprese pi\u00f9 impattate dalle chiusure.\u00a0 Vanno rivisti i criteri di assegnazione delle risorse e va evitata la riproposizione di una soglia di sbarramento per la frizione degli stessi. Auspichiamo contributi sulle spese fisse (affitti, rate di leasing\u2026) e annullamento delle tasse scollegate dal reddito (IMU, TARI, TOSAP, canone tv).<\/p>\n<p>&nbsp;<\/p>\n","protected":false},"excerpt":{"rendered":"<p>Per il successo del Recovery Plan occorre il contributo di tutti nel rispetto dei ruoli e delle prerogative e crediamo, al pari del Parlamento, sia opportuno che le parti sociali siano chiamate a collaborare al processo di implementazione. \u00c8 quanto ha sottolineato il Presidente della CNA, Daniele Vaccarino, nel corso dell\u2019incontro con il Presidente del [&hellip;]<\/p>\n","protected":false},"author":1,"featured_media":21,"comment_status":"closed","ping_status":"open","sticky":false,"template":"","format":"standard","meta":{"footnotes":""},"categories":[56],"tags":[],"yoast_head":"<!-- This site is optimized with the Yoast SEO plugin v22.2 - https:\/\/yoast.com\/wordpress\/plugins\/seo\/ -->\n<title>Recovery Plan. CNA: \u201cCoinvolgere le parti sociali con una cabina di regia permanente\u201d -<\/title>\n<meta name=\"robots\" content=\"index, follow, max-snippet:-1, max-image-preview:large, max-video-preview:-1\" \/>\n<link rel=\"canonical\" href=\"https:\/\/www.italiaeconomiaonline.it\/web\/recovery-plan-cna-coinvolgere-le-parti-sociali-con-una-cabina-di-regia-permanente\/\" \/>\n<meta property=\"og:locale\" content=\"it_IT\" \/>\n<meta property=\"og:type\" content=\"article\" \/>\n<meta property=\"og:title\" content=\"Recovery Plan. CNA: \u201cCoinvolgere le parti sociali con una cabina di regia permanente\u201d -\" \/>\n<meta property=\"og:description\" content=\"Per il successo del Recovery Plan occorre il contributo di tutti nel rispetto dei ruoli e delle prerogative e crediamo, al pari del Parlamento, sia opportuno che le parti sociali siano chiamate a collaborare al processo di implementazione. \u00c8 quanto ha sottolineato il Presidente della CNA, Daniele Vaccarino, nel corso dell\u2019incontro con il Presidente del [&hellip;]\" \/>\n<meta property=\"og:url\" content=\"https:\/\/www.italiaeconomiaonline.it\/web\/recovery-plan-cna-coinvolgere-le-parti-sociali-con-una-cabina-di-regia-permanente\/\" \/>\n<meta property=\"og:site_name\" content=\"ItaliaEconomiaOnline\" \/>\n<meta property=\"article:published_time\" content=\"2021-04-21T07:46:33+00:00\" \/>\n<meta property=\"og:image\" content=\"https:\/\/www.italiaeconomiaonline.it\/web\/wp-content\/uploads\/2018\/07\/p2-e1531909427362.jpg\" \/>\n\t<meta property=\"og:image:width\" content=\"1065\" \/>\n\t<meta property=\"og:image:height\" content=\"782\" \/>\n\t<meta property=\"og:image:type\" content=\"image\/jpeg\" \/>\n<meta name=\"author\" content=\"ladyitaliaeconomia\" \/>\n<meta name=\"twitter:card\" content=\"summary_large_image\" \/>\n<meta name=\"twitter:label1\" content=\"Scritto da\" \/>\n\t<meta name=\"twitter:data1\" content=\"ladyitaliaeconomia\" \/>\n\t<meta name=\"twitter:label2\" content=\"Tempo di lettura stimato\" \/>\n\t<meta name=\"twitter:data2\" content=\"2 minuti\" \/>\n<script type=\"application\/ld+json\" class=\"yoast-schema-graph\">{\"@context\":\"https:\/\/schema.org\",\"@graph\":[{\"@type\":\"WebPage\",\"@id\":\"https:\/\/www.italiaeconomiaonline.it\/web\/recovery-plan-cna-coinvolgere-le-parti-sociali-con-una-cabina-di-regia-permanente\/\",\"url\":\"https:\/\/www.italiaeconomiaonline.it\/web\/recovery-plan-cna-coinvolgere-le-parti-sociali-con-una-cabina-di-regia-permanente\/\",\"name\":\"Recovery Plan. CNA: \u201cCoinvolgere le parti sociali con una cabina di regia permanente\u201d -\",\"isPartOf\":{\"@id\":\"https:\/\/www.italiaeconomiaonline.it\/web\/#website\"},\"primaryImageOfPage\":{\"@id\":\"https:\/\/www.italiaeconomiaonline.it\/web\/recovery-plan-cna-coinvolgere-le-parti-sociali-con-una-cabina-di-regia-permanente\/#primaryimage\"},\"image\":{\"@id\":\"https:\/\/www.italiaeconomiaonline.it\/web\/recovery-plan-cna-coinvolgere-le-parti-sociali-con-una-cabina-di-regia-permanente\/#primaryimage\"},\"thumbnailUrl\":\"https:\/\/www.italiaeconomiaonline.it\/web\/wp-content\/uploads\/2018\/07\/p2-e1531909427362.jpg\",\"datePublished\":\"2021-04-21T07:46:33+00:00\",\"dateModified\":\"2021-04-21T07:46:33+00:00\",\"author\":{\"@id\":\"https:\/\/www.italiaeconomiaonline.it\/web\/#\/schema\/person\/909a49cce752523b020fbc37d5ab1c31\"},\"breadcrumb\":{\"@id\":\"https:\/\/www.italiaeconomiaonline.it\/web\/recovery-plan-cna-coinvolgere-le-parti-sociali-con-una-cabina-di-regia-permanente\/#breadcrumb\"},\"inLanguage\":\"it-IT\",\"potentialAction\":[{\"@type\":\"ReadAction\",\"target\":[\"https:\/\/www.italiaeconomiaonline.it\/web\/recovery-plan-cna-coinvolgere-le-parti-sociali-con-una-cabina-di-regia-permanente\/\"]}]},{\"@type\":\"ImageObject\",\"inLanguage\":\"it-IT\",\"@id\":\"https:\/\/www.italiaeconomiaonline.it\/web\/recovery-plan-cna-coinvolgere-le-parti-sociali-con-una-cabina-di-regia-permanente\/#primaryimage\",\"url\":\"https:\/\/www.italiaeconomiaonline.it\/web\/wp-content\/uploads\/2018\/07\/p2-e1531909427362.jpg\",\"contentUrl\":\"https:\/\/www.italiaeconomiaonline.it\/web\/wp-content\/uploads\/2018\/07\/p2-e1531909427362.jpg\",\"width\":1065,\"height\":782},{\"@type\":\"BreadcrumbList\",\"@id\":\"https:\/\/www.italiaeconomiaonline.it\/web\/recovery-plan-cna-coinvolgere-le-parti-sociali-con-una-cabina-di-regia-permanente\/#breadcrumb\",\"itemListElement\":[{\"@type\":\"ListItem\",\"position\":1,\"name\":\"Home\",\"item\":\"https:\/\/www.italiaeconomiaonline.it\/web\/\"},{\"@type\":\"ListItem\",\"position\":2,\"name\":\"Recovery Plan. CNA: \u201cCoinvolgere le parti sociali con una cabina di regia permanente\u201d\"}]},{\"@type\":\"WebSite\",\"@id\":\"https:\/\/www.italiaeconomiaonline.it\/web\/#website\",\"url\":\"https:\/\/www.italiaeconomiaonline.it\/web\/\",\"name\":\"ItaliaEconomiaOnline\",\"description\":\"Quotidiano Economico Online\",\"potentialAction\":[{\"@type\":\"SearchAction\",\"target\":{\"@type\":\"EntryPoint\",\"urlTemplate\":\"https:\/\/www.italiaeconomiaonline.it\/web\/?s={search_term_string}\"},\"query-input\":\"required name=search_term_string\"}],\"inLanguage\":\"it-IT\"},{\"@type\":\"Person\",\"@id\":\"https:\/\/www.italiaeconomiaonline.it\/web\/#\/schema\/person\/909a49cce752523b020fbc37d5ab1c31\",\"name\":\"ladyitaliaeconomia\",\"image\":{\"@type\":\"ImageObject\",\"inLanguage\":\"it-IT\",\"@id\":\"https:\/\/www.italiaeconomiaonline.it\/web\/#\/schema\/person\/image\/\",\"url\":\"https:\/\/secure.gravatar.com\/avatar\/cedca10ce7416a579b9fa6bce9c0a8f2?s=96&d=mm&r=g\",\"contentUrl\":\"https:\/\/secure.gravatar.com\/avatar\/cedca10ce7416a579b9fa6bce9c0a8f2?s=96&d=mm&r=g\",\"caption\":\"ladyitaliaeconomia\"},\"url\":\"https:\/\/www.italiaeconomiaonline.it\/web\/author\/ladyitaliaeconomia\/\"}]}<\/script>\n<!-- \/ Yoast SEO plugin. -->","yoast_head_json":{"title":"Recovery Plan. CNA: \u201cCoinvolgere le parti sociali con una cabina di regia permanente\u201d -","robots":{"index":"index","follow":"follow","max-snippet":"max-snippet:-1","max-image-preview":"max-image-preview:large","max-video-preview":"max-video-preview:-1"},"canonical":"https:\/\/www.italiaeconomiaonline.it\/web\/recovery-plan-cna-coinvolgere-le-parti-sociali-con-una-cabina-di-regia-permanente\/","og_locale":"it_IT","og_type":"article","og_title":"Recovery Plan. CNA: \u201cCoinvolgere le parti sociali con una cabina di regia permanente\u201d -","og_description":"Per il successo del Recovery Plan occorre il contributo di tutti nel rispetto dei ruoli e delle prerogative e crediamo, al pari del Parlamento, sia opportuno che le parti sociali siano chiamate a collaborare al processo di implementazione. \u00c8 quanto ha sottolineato il Presidente della CNA, Daniele Vaccarino, nel corso dell\u2019incontro con il Presidente del [&hellip;]","og_url":"https:\/\/www.italiaeconomiaonline.it\/web\/recovery-plan-cna-coinvolgere-le-parti-sociali-con-una-cabina-di-regia-permanente\/","og_site_name":"ItaliaEconomiaOnline","article_published_time":"2021-04-21T07:46:33+00:00","og_image":[{"width":1065,"height":782,"url":"https:\/\/www.italiaeconomiaonline.it\/web\/wp-content\/uploads\/2018\/07\/p2-e1531909427362.jpg","type":"image\/jpeg"}],"author":"ladyitaliaeconomia","twitter_card":"summary_large_image","twitter_misc":{"Scritto da":"ladyitaliaeconomia","Tempo di lettura stimato":"2 minuti"},"schema":{"@context":"https:\/\/schema.org","@graph":[{"@type":"WebPage","@id":"https:\/\/www.italiaeconomiaonline.it\/web\/recovery-plan-cna-coinvolgere-le-parti-sociali-con-una-cabina-di-regia-permanente\/","url":"https:\/\/www.italiaeconomiaonline.it\/web\/recovery-plan-cna-coinvolgere-le-parti-sociali-con-una-cabina-di-regia-permanente\/","name":"Recovery Plan. CNA: \u201cCoinvolgere le parti sociali con una cabina di regia permanente\u201d -","isPartOf":{"@id":"https:\/\/www.italiaeconomiaonline.it\/web\/#website"},"primaryImageOfPage":{"@id":"https:\/\/www.italiaeconomiaonline.it\/web\/recovery-plan-cna-coinvolgere-le-parti-sociali-con-una-cabina-di-regia-permanente\/#primaryimage"},"image":{"@id":"https:\/\/www.italiaeconomiaonline.it\/web\/recovery-plan-cna-coinvolgere-le-parti-sociali-con-una-cabina-di-regia-permanente\/#primaryimage"},"thumbnailUrl":"https:\/\/www.italiaeconomiaonline.it\/web\/wp-content\/uploads\/2018\/07\/p2-e1531909427362.jpg","datePublished":"2021-04-21T07:46:33+00:00","dateModified":"2021-04-21T07:46:33+00:00","author":{"@id":"https:\/\/www.italiaeconomiaonline.it\/web\/#\/schema\/person\/909a49cce752523b020fbc37d5ab1c31"},"breadcrumb":{"@id":"https:\/\/www.italiaeconomiaonline.it\/web\/recovery-plan-cna-coinvolgere-le-parti-sociali-con-una-cabina-di-regia-permanente\/#breadcrumb"},"inLanguage":"it-IT","potentialAction":[{"@type":"ReadAction","target":["https:\/\/www.italiaeconomiaonline.it\/web\/recovery-plan-cna-coinvolgere-le-parti-sociali-con-una-cabina-di-regia-permanente\/"]}]},{"@type":"ImageObject","inLanguage":"it-IT","@id":"https:\/\/www.italiaeconomiaonline.it\/web\/recovery-plan-cna-coinvolgere-le-parti-sociali-con-una-cabina-di-regia-permanente\/#primaryimage","url":"https:\/\/www.italiaeconomiaonline.it\/web\/wp-content\/uploads\/2018\/07\/p2-e1531909427362.jpg","contentUrl":"https:\/\/www.italiaeconomiaonline.it\/web\/wp-content\/uploads\/2018\/07\/p2-e1531909427362.jpg","width":1065,"height":782},{"@type":"BreadcrumbList","@id":"https:\/\/www.italiaeconomiaonline.it\/web\/recovery-plan-cna-coinvolgere-le-parti-sociali-con-una-cabina-di-regia-permanente\/#breadcrumb","itemListElement":[{"@type":"ListItem","position":1,"name":"Home","item":"https:\/\/www.italiaeconomiaonline.it\/web\/"},{"@type":"ListItem","position":2,"name":"Recovery Plan. CNA: \u201cCoinvolgere le parti sociali con una cabina di regia permanente\u201d"}]},{"@type":"WebSite","@id":"https:\/\/www.italiaeconomiaonline.it\/web\/#website","url":"https:\/\/www.italiaeconomiaonline.it\/web\/","name":"ItaliaEconomiaOnline","description":"Quotidiano Economico Online","potentialAction":[{"@type":"SearchAction","target":{"@type":"EntryPoint","urlTemplate":"https:\/\/www.italiaeconomiaonline.it\/web\/?s={search_term_string}"},"query-input":"required name=search_term_string"}],"inLanguage":"it-IT"},{"@type":"Person","@id":"https:\/\/www.italiaeconomiaonline.it\/web\/#\/schema\/person\/909a49cce752523b020fbc37d5ab1c31","name":"ladyitaliaeconomia","image":{"@type":"ImageObject","inLanguage":"it-IT","@id":"https:\/\/www.italiaeconomiaonline.it\/web\/#\/schema\/person\/image\/","url":"https:\/\/secure.gravatar.com\/avatar\/cedca10ce7416a579b9fa6bce9c0a8f2?s=96&d=mm&r=g","contentUrl":"https:\/\/secure.gravatar.com\/avatar\/cedca10ce7416a579b9fa6bce9c0a8f2?s=96&d=mm&r=g","caption":"ladyitaliaeconomia"},"url":"https:\/\/www.italiaeconomiaonline.it\/web\/author\/ladyitaliaeconomia\/"}]}},"_links":{"self":[{"href":"https:\/\/www.italiaeconomiaonline.it\/web\/wp-json\/wp\/v2\/posts\/5768"}],"collection":[{"href":"https:\/\/www.italiaeconomiaonline.it\/web\/wp-json\/wp\/v2\/posts"}],"about":[{"href":"https:\/\/www.italiaeconomiaonline.it\/web\/wp-json\/wp\/v2\/types\/post"}],"author":[{"embeddable":true,"href":"https:\/\/www.italiaeconomiaonline.it\/web\/wp-json\/wp\/v2\/users\/1"}],"replies":[{"embeddable":true,"href":"https:\/\/www.italiaeconomiaonline.it\/web\/wp-json\/wp\/v2\/comments?post=5768"}],"version-history":[{"count":1,"href":"https:\/\/www.italiaeconomiaonline.it\/web\/wp-json\/wp\/v2\/posts\/5768\/revisions"}],"predecessor-version":[{"id":5769,"href":"https:\/\/www.italiaeconomiaonline.it\/web\/wp-json\/wp\/v2\/posts\/5768\/revisions\/5769"}],"wp:featuredmedia":[{"embeddable":true,"href":"https:\/\/www.italiaeconomiaonline.it\/web\/wp-json\/wp\/v2\/media\/21"}],"wp:attachment":[{"href":"https:\/\/www.italiaeconomiaonline.it\/web\/wp-json\/wp\/v2\/media?parent=5768"}],"wp:term":[{"taxonomy":"category","embeddable":true,"href":"https:\/\/www.italiaeconomiaonline.it\/web\/wp-json\/wp\/v2\/categories?post=5768"},{"taxonomy":"post_tag","embeddable":true,"href":"https:\/\/www.italiaeconomiaonline.it\/web\/wp-json\/wp\/v2\/tags?post=5768"}],"curies":[{"name":"wp","href":"https:\/\/api.w.org\/{rel}","templated":true}]}}