{"id":5774,"date":"2021-04-22T15:22:04","date_gmt":"2021-04-22T13:22:04","guid":{"rendered":"http:\/\/www.italiaeconomiaonline.it\/web\/?p=5774"},"modified":"2021-04-22T15:22:04","modified_gmt":"2021-04-22T13:22:04","slug":"coronavirus-scendono-nuovi-casi-e-decessi-ma-in-12-regioni-terapie-intensive-in-affanno","status":"publish","type":"post","link":"https:\/\/www.italiaeconomiaonline.it\/web\/coronavirus-scendono-nuovi-casi-e-decessi-ma-in-12-regioni-terapie-intensive-in-affanno\/","title":{"rendered":"Coronavirus: scendono nuovi casi e decessi, ma in 12 Regioni terapie intensive in affanno"},"content":{"rendered":"<p>Il monitoraggio indipendente della Fondazione GIMBE rileva nella settimana 14-20 aprile 2021, rispetto alla precedente, una diminuzione di nuovi casi (90.030 vs 106.326) (figura 1) e decessi (2.545 vs 3.083) (figura 2). In calo anche i casi attualmente positivi (482.715 vs 519.220), le persone in isolamento domiciliare (456.309 vs 488.742), i ricoveri con sintomi (23.255 vs 26.952) e le terapie intensive (3.151 vs 3.526) (figura 3). In dettaglio, rispetto alla settimana precedente, si registrano le seguenti variazioni:<\/p>\n<ul>\n<li>Decessi: 2.545 (-17,5%)<\/li>\n<li>Terapia intensiva: -375 (-10,6%)<\/li>\n<li>Ricoverati con sintomi: -3.697 (-13,7%)<\/li>\n<li>Isolamento domiciliare: -32.433 (-6,6%)<\/li>\n<li>Nuovi casi: 98.030 (-7,8%)<\/li>\n<li>Casi attualmente positivi: -36.505 (-7%)<\/li>\n<\/ul>\n<p>\u00abLa circolazione del virus nel nostro Paese \u2013 dichiara Nino Cartabellotta, Presidente della Fondazione GIMBE \u2013 rimane ancora sostenuta. Con la progressiva riduzione dei nuovi casi settimanali, i casi attualmente positivi, raggiunto il picco della terza ondata il 5 aprile (n. 570.096), sono scesi a 482 mila, numero molto elevato e sottostimato dall\u2019insufficiente attivit\u00e0 di <em>testing &amp; tracing<\/em>\u00bb. Peraltro, il dato nazionale risente di eterogenee situazioni regionali: infatti, la variazione percentuale dei nuovi casi aumenta in 3 Regioni e crescono i casi attualmente positivi in 6 Regioni (tabella).<\/p>\n<p>\u00abGradualmente si allenta anche la pressione sugli ospedali \u2013 afferma Renata Gili, responsabile Ricerca sui Servizi Sanitari della Fondazione GIMBE \u2013 ma il numero di posti letto occupati, sia in area medica che in terapia intensiva \u00e8 ancora elevato in numerose Regioni\u00bb. In dettaglio:<\/p>\n<ul>\n<li>Area medica: la curva ha raggiunto il picco il 6 aprile (n. 29.337) ed iniziato la discesa con una riduzione del 20,7% in 14 giorni; tuttavia i numeri assoluti rimangono elevati (n. 23.255) e l\u2019occupazione da parte dei pazienti COVID supera il 40% in 4 Regioni.<\/li>\n<li>Terapia intensiva: la curva ha raggiunto il picco il 6 aprile (n. 3.743), ma la discesa \u00e8 pi\u00f9 lenta, con una riduzione del 15,8% in 14 giorni; restano occupati 3.151 posti letto e in 12 Regioni la soglia di saturazione supera il 30% (figura 4). \u00abNumeri ancora alti anche per i nuovi ingressi giornalieri in terapia intensiva \u2013 spiega Marco Mosti, Direttore Operativo della Fondazione GIMBE \u2013 con una media mobile a 7 giorni di 182 ingressi\/die, seppure in diminuzione da un mese\u00bb (figura 5).<\/li>\n<\/ul>\n<p><strong>Vaccini: forniture<\/strong>. Al 21 aprile (aggiornamento ore 7.38) risultano consegnate 17.752.110 dosi, il 25,9% di quelle previste per il 1\u00b0 semestre 2021. In dettaglio:<\/p>\n<p>\u00abNelle ultime due settimane \u2013 precisa Cartabellotta \u2013 sono state consegnate circa 5,7 milioni di dosi: numeri in crescita, ma ancora lontani dal garantire le 3,5 milioni di somministrazioni settimanali del Piano Figliuolo\u00bb.<\/p>\n<p><strong>Vaccini: somministrazioni.<\/strong> Al 21 aprile (aggiornamento ore 7.38) il 18,8% della popolazione ha ricevuto almeno una dose di vaccino (n. 11.240.182) e il 7,8% ha completato il ciclo vaccinale con la seconda dose (n. 4.654.357), con notevoli differenze regionali (figura 6). Nonostante l\u2019incremento del 35,5% delle dosi inoculate nelle ultime tre settimane (figura 7), al 20 aprile la media mobile a 7 giorni delle somministrazioni rimane a quota 315.506 al giorno: oltre 180 mila in meno delle 500 mila previste dal Piano per met\u00e0 aprile (figura 8). Rispetto alla copertura delle categorie prioritarie definite <a href=\"https:\/\/u7959543.ct.sendgrid.net\/ls\/click?upn=XZ-2FJYyQDkfWzjSPGRhSChX0eCUo9D-2FQoaxFplgAas7aCythzBW7xHatoe7DdNU9FtFdEZNxArc3OtfDCrZT2GYAliTQYkAfLoY9dwzr9ZR0xz2tUaZALPaMLjjt2he-2FM9tue_mLoYh0p4AWg4foFr5HgrZwPzJf04Y0URTwB4KZvNv5hE6-2BG97SEjs6amtkjMlEV0uLseN6tnl130QYKNXKrX4UWWJ50-2FmLJYbkXODxTn3EZxVA82t6KdRSdmESKgvXzmWi5vtPkSkyEVyFpzbqxTqgyPxDY0Pd6DxIK-2Bi9fcd9p-2FuvQpPBkXXIOc5sKwW6unYTl4XuSEAA96cP2pd3ocl80ILVX9iZWYAvUMTY5QpzE-3D\">nell\u2019ordinanza del 9 aprile del Commissario Straordinario<\/a>, a fronte di notevoli differenze regionali, l\u2019analisi del dato nazionale rileva:<\/p>\n<ul>\n<li><strong>Over 80<\/strong>: degli oltre 4,4 milioni, 2.282.611 (51,6%) hanno completato il ciclo vaccinale e 1.336.007 (30,2%) hanno ricevuto solo la prima dose (figura 9).<\/li>\n<li><strong>Soggetti fragili e loro caregiver<\/strong>: dal 20 aprile nel database ufficiale \u00e8 stata aggiunta una specifica categoria di rendicontazione che riporta 1.847.928 dosi somministrate. \u00abTuttavia \u2013 precisa Gili \u2013 non \u00e8 possibile effettuare ulteriori analisi perch\u00e9 non sono disponibili: la suddivisione tra 1<sup>a<\/sup> e 2<sup>a<\/sup> dose, il numero totale dei soggetti fragili e loro caregiver e la loro distribuzione regionale\u00bb.<\/li>\n<li><strong>Fascia 70-79 anni:<\/strong> degli oltre 5,9 milioni, 284.113 (4,8%) hanno completato il ciclo vaccinale e 2.133.528 (35,7%) hanno ricevuto solo la prima dose (figura 10).<\/li>\n<li><strong>Fascia 60-69 anni<\/strong>: degli oltre 7,3 milioni, 438.890 (6%) hanno completato il ciclo vaccinale e 965.448 (13,1%) hanno ricevuto solo la prima dose (figura 11).<\/li>\n<\/ul>\n<p>\u00abIl Decreto Riaperture approvato ieri dal Consiglio dei Ministri \u2013 conclude Cartabellotta \u2013 \u00e8 basato su un \u201crischio ragionato\u201d: \u00e8 una decisione politica presa sul filo del rasoio se guardiamo ai dati della pandemia e alle coperture vaccinali, ma al tempo stesso un coraggioso atto di responsabilit\u00e0 del Governo per rilanciare numerose attivit\u00e0 produttive e placare le tensioni sociali che affida ai cittadini una grande responsabilit\u00e0. Chiaramente, se le graduali riaperture saranno interpretate come un \u201cliberi tutti\u201d, una nuova impennata dei contagi rischia di compromettere la stagione estiva\u00bb.<\/p>\n<p>Al fine di garantire l\u2019irreversibilit\u00e0 delle riaperture, pertanto, la Fondazione GIMBE esorta Governo e Regioni ad elaborare una strategia esplicita e condivisa per arginare la verosimile risalita dei contagi e, soprattutto, un piano di medio-lungo periodo per uscire dalla pandemia che tenga conto, oltre che delle coperture vaccinali, di scenari epidemiologici e criticit\u00e0 mai risolte in 14 mesi di pandemia (box).<\/p>\n<table>\n<tbody>\n<tr>\n<td width=\"652\"><strong>Box. Keypoints per un piano di uscita dalla pandemia<\/strong><\/p>\n<p><strong>Dinamiche della pandemia e controllo della risalita della curva dei contagi<\/strong><\/p>\n<ul>\n<li>Gli effetti di un\u2019Italia rosso-arancione saranno visibili almeno sino a met\u00e0 maggio: nelle prossime settimane i nuovi casi scenderanno ancora e si ridurr\u00e0 la pressione sugli ospedali.<\/li>\n<\/ul>\n<ul>\n<li>Il progressivo ritorno al giallo e la riapertura delle scuole determineranno inevitabilmente una risalita dei contagi, solo parzialmente mitigata dalla ridotta probabilit\u00e0 di contagio all\u2019aperto per l\u2019aumento delle temperature che riduce l\u2019effetto aerosol.<\/li>\n<li>\u00c8 impossibile in tempi brevi ridurre l\u2019incidenza settimanale dei nuovi casi al di sotto di 50 casi per 100.000 abitanti, soglia massima per riprendere un tracciamento efficace.<\/li>\n<li>La vaccinazione di over 70 e fragili avr\u00e0 un impatto rilevante nei prossimi mesi su ospedalizzazioni e decessi, ma non sulla circolazione del virus perch\u00e9 la copertura vaccinale della popolazione \u00e8 ancora esigua.<\/li>\n<\/ul>\n<p><strong>Strategie di monitoraggio<\/strong><\/p>\n<ul>\n<li>Il sistema delle Regioni \u201ca colori\u201d, valido secondo il principio di proporzionalit\u00e0 delle misure, richiede un\u2019adeguata revisione dopo quasi sei mesi di \u201csperimentazione\u201d che ne ha rilevato numerosi limiti.<\/li>\n<li>Servono nuovi parametri nazionali per attuare tempestive chiusure locali ed evitare la diffusione del contagio, arginando cos\u00ec la necessit\u00e0 di restrizioni pi\u00f9 estese e rigorose.<\/li>\n<\/ul>\n<p><strong>Mancati investimenti e adeguamenti<\/strong><\/p>\n<ul>\n<li><strong>Testing, Tracing &amp; Treating (TTT)<\/strong>: laboratori per processare tamponi molecolari; sistemi di tracciamento; app; isolamento monitorato dei positivi e loro contatti stretti; USCA.<\/li>\n<li><strong>Scuole<\/strong>: sistematiche strategie di screening di massa a cadenza periodica; adeguamenti dei sistemi per il ricambio d\u2019aria, nonostante la dimostrata trasmissione per aerosol del Sars-CoV-2.<\/li>\n<li><strong>Trasporti locali<\/strong>: luoghi ad elevata probabilit\u00e0 di contagio, soprattutto nelle ore di punta e nelle percorrenze medio-lunghe.<\/li>\n<li><strong><em>Smartwork<\/em><\/strong>: citato in tutti i provvedimenti come modalit\u00e0 di lavoro da prediligere ove possibile, non \u00e8 mai stato incentivato tramite misure di sgravio fiscale.<\/li>\n<li><strong>Controlli<\/strong>: molto intensi durante il primo lockdown, si sono progressivamente allentati.<\/li>\n<\/ul>\n<p><strong>Altro<\/strong><\/p>\n<ul>\n<li>Uniformare le norme sulla mobilit\u00e0 interregionale a quelle per i viaggi all\u2019estero, sia per limitare i contagi di rientro, sia per non danneggiare il turismo nazionale.<\/li>\n<\/ul>\n<\/td>\n<\/tr>\n<\/tbody>\n<\/table>\n<p>&nbsp;<\/p>\n","protected":false},"excerpt":{"rendered":"<p>Il monitoraggio indipendente della Fondazione GIMBE rileva nella settimana 14-20 aprile 2021, rispetto alla precedente, una diminuzione di nuovi casi (90.030 vs 106.326) (figura 1) e decessi (2.545 vs 3.083) (figura 2). In calo anche i casi attualmente positivi (482.715 vs 519.220), le persone in isolamento domiciliare (456.309 vs 488.742), i ricoveri con sintomi (23.255 [&hellip;]<\/p>\n","protected":false},"author":1,"featured_media":4309,"comment_status":"closed","ping_status":"open","sticky":false,"template":"","format":"standard","meta":{"footnotes":""},"categories":[128],"tags":[877,880],"yoast_head":"<!-- This site is optimized with the Yoast SEO plugin v22.2 - https:\/\/yoast.com\/wordpress\/plugins\/seo\/ -->\n<title>Coronavirus: scendono nuovi casi e decessi, ma in 12 Regioni terapie intensive in affanno -<\/title>\n<meta name=\"robots\" content=\"index, follow, max-snippet:-1, max-image-preview:large, max-video-preview:-1\" \/>\n<link rel=\"canonical\" href=\"https:\/\/www.italiaeconomiaonline.it\/web\/coronavirus-scendono-nuovi-casi-e-decessi-ma-in-12-regioni-terapie-intensive-in-affanno\/\" \/>\n<meta property=\"og:locale\" content=\"it_IT\" \/>\n<meta property=\"og:type\" content=\"article\" \/>\n<meta property=\"og:title\" content=\"Coronavirus: scendono nuovi casi e decessi, ma in 12 Regioni terapie intensive in affanno -\" \/>\n<meta property=\"og:description\" content=\"Il monitoraggio indipendente della Fondazione GIMBE rileva nella settimana 14-20 aprile 2021, rispetto alla precedente, una diminuzione di nuovi casi (90.030 vs 106.326) (figura 1) e decessi (2.545 vs 3.083) (figura 2). In calo anche i casi attualmente positivi (482.715 vs 519.220), le persone in isolamento domiciliare (456.309 vs 488.742), i ricoveri con sintomi (23.255 [&hellip;]\" \/>\n<meta property=\"og:url\" content=\"https:\/\/www.italiaeconomiaonline.it\/web\/coronavirus-scendono-nuovi-casi-e-decessi-ma-in-12-regioni-terapie-intensive-in-affanno\/\" \/>\n<meta property=\"og:site_name\" content=\"ItaliaEconomiaOnline\" \/>\n<meta property=\"article:published_time\" content=\"2021-04-22T13:22:04+00:00\" \/>\n<meta property=\"og:image\" content=\"https:\/\/www.italiaeconomiaonline.it\/web\/wp-content\/uploads\/2020\/10\/Schermata-2020-10-05-alle-10.54.32.png\" \/>\n\t<meta property=\"og:image:width\" content=\"1612\" \/>\n\t<meta property=\"og:image:height\" content=\"1008\" \/>\n\t<meta property=\"og:image:type\" content=\"image\/png\" \/>\n<meta name=\"author\" content=\"ladyitaliaeconomia\" \/>\n<meta name=\"twitter:card\" content=\"summary_large_image\" \/>\n<meta name=\"twitter:label1\" content=\"Scritto da\" \/>\n\t<meta name=\"twitter:data1\" content=\"ladyitaliaeconomia\" \/>\n\t<meta name=\"twitter:label2\" content=\"Tempo di lettura stimato\" \/>\n\t<meta name=\"twitter:data2\" content=\"5 minuti\" \/>\n<script type=\"application\/ld+json\" class=\"yoast-schema-graph\">{\"@context\":\"https:\/\/schema.org\",\"@graph\":[{\"@type\":\"WebPage\",\"@id\":\"https:\/\/www.italiaeconomiaonline.it\/web\/coronavirus-scendono-nuovi-casi-e-decessi-ma-in-12-regioni-terapie-intensive-in-affanno\/\",\"url\":\"https:\/\/www.italiaeconomiaonline.it\/web\/coronavirus-scendono-nuovi-casi-e-decessi-ma-in-12-regioni-terapie-intensive-in-affanno\/\",\"name\":\"Coronavirus: scendono nuovi casi e decessi, ma in 12 Regioni terapie intensive in affanno -\",\"isPartOf\":{\"@id\":\"https:\/\/www.italiaeconomiaonline.it\/web\/#website\"},\"primaryImageOfPage\":{\"@id\":\"https:\/\/www.italiaeconomiaonline.it\/web\/coronavirus-scendono-nuovi-casi-e-decessi-ma-in-12-regioni-terapie-intensive-in-affanno\/#primaryimage\"},\"image\":{\"@id\":\"https:\/\/www.italiaeconomiaonline.it\/web\/coronavirus-scendono-nuovi-casi-e-decessi-ma-in-12-regioni-terapie-intensive-in-affanno\/#primaryimage\"},\"thumbnailUrl\":\"https:\/\/www.italiaeconomiaonline.it\/web\/wp-content\/uploads\/2020\/10\/Schermata-2020-10-05-alle-10.54.32.png\",\"datePublished\":\"2021-04-22T13:22:04+00:00\",\"dateModified\":\"2021-04-22T13:22:04+00:00\",\"author\":{\"@id\":\"https:\/\/www.italiaeconomiaonline.it\/web\/#\/schema\/person\/909a49cce752523b020fbc37d5ab1c31\"},\"breadcrumb\":{\"@id\":\"https:\/\/www.italiaeconomiaonline.it\/web\/coronavirus-scendono-nuovi-casi-e-decessi-ma-in-12-regioni-terapie-intensive-in-affanno\/#breadcrumb\"},\"inLanguage\":\"it-IT\",\"potentialAction\":[{\"@type\":\"ReadAction\",\"target\":[\"https:\/\/www.italiaeconomiaonline.it\/web\/coronavirus-scendono-nuovi-casi-e-decessi-ma-in-12-regioni-terapie-intensive-in-affanno\/\"]}]},{\"@type\":\"ImageObject\",\"inLanguage\":\"it-IT\",\"@id\":\"https:\/\/www.italiaeconomiaonline.it\/web\/coronavirus-scendono-nuovi-casi-e-decessi-ma-in-12-regioni-terapie-intensive-in-affanno\/#primaryimage\",\"url\":\"https:\/\/www.italiaeconomiaonline.it\/web\/wp-content\/uploads\/2020\/10\/Schermata-2020-10-05-alle-10.54.32.png\",\"contentUrl\":\"https:\/\/www.italiaeconomiaonline.it\/web\/wp-content\/uploads\/2020\/10\/Schermata-2020-10-05-alle-10.54.32.png\",\"width\":1612,\"height\":1008},{\"@type\":\"BreadcrumbList\",\"@id\":\"https:\/\/www.italiaeconomiaonline.it\/web\/coronavirus-scendono-nuovi-casi-e-decessi-ma-in-12-regioni-terapie-intensive-in-affanno\/#breadcrumb\",\"itemListElement\":[{\"@type\":\"ListItem\",\"position\":1,\"name\":\"Home\",\"item\":\"https:\/\/www.italiaeconomiaonline.it\/web\/\"},{\"@type\":\"ListItem\",\"position\":2,\"name\":\"Coronavirus: scendono nuovi casi e decessi, ma in 12 Regioni terapie intensive in affanno\"}]},{\"@type\":\"WebSite\",\"@id\":\"https:\/\/www.italiaeconomiaonline.it\/web\/#website\",\"url\":\"https:\/\/www.italiaeconomiaonline.it\/web\/\",\"name\":\"ItaliaEconomiaOnline\",\"description\":\"Quotidiano Economico Online\",\"potentialAction\":[{\"@type\":\"SearchAction\",\"target\":{\"@type\":\"EntryPoint\",\"urlTemplate\":\"https:\/\/www.italiaeconomiaonline.it\/web\/?s={search_term_string}\"},\"query-input\":\"required name=search_term_string\"}],\"inLanguage\":\"it-IT\"},{\"@type\":\"Person\",\"@id\":\"https:\/\/www.italiaeconomiaonline.it\/web\/#\/schema\/person\/909a49cce752523b020fbc37d5ab1c31\",\"name\":\"ladyitaliaeconomia\",\"image\":{\"@type\":\"ImageObject\",\"inLanguage\":\"it-IT\",\"@id\":\"https:\/\/www.italiaeconomiaonline.it\/web\/#\/schema\/person\/image\/\",\"url\":\"https:\/\/secure.gravatar.com\/avatar\/cedca10ce7416a579b9fa6bce9c0a8f2?s=96&d=mm&r=g\",\"contentUrl\":\"https:\/\/secure.gravatar.com\/avatar\/cedca10ce7416a579b9fa6bce9c0a8f2?s=96&d=mm&r=g\",\"caption\":\"ladyitaliaeconomia\"},\"url\":\"https:\/\/www.italiaeconomiaonline.it\/web\/author\/ladyitaliaeconomia\/\"}]}<\/script>\n<!-- \/ Yoast SEO plugin. -->","yoast_head_json":{"title":"Coronavirus: scendono nuovi casi e decessi, ma in 12 Regioni terapie intensive in affanno -","robots":{"index":"index","follow":"follow","max-snippet":"max-snippet:-1","max-image-preview":"max-image-preview:large","max-video-preview":"max-video-preview:-1"},"canonical":"https:\/\/www.italiaeconomiaonline.it\/web\/coronavirus-scendono-nuovi-casi-e-decessi-ma-in-12-regioni-terapie-intensive-in-affanno\/","og_locale":"it_IT","og_type":"article","og_title":"Coronavirus: scendono nuovi casi e decessi, ma in 12 Regioni terapie intensive in affanno -","og_description":"Il monitoraggio indipendente della Fondazione GIMBE rileva nella settimana 14-20 aprile 2021, rispetto alla precedente, una diminuzione di nuovi casi (90.030 vs 106.326) (figura 1) e decessi (2.545 vs 3.083) (figura 2). In calo anche i casi attualmente positivi (482.715 vs 519.220), le persone in isolamento domiciliare (456.309 vs 488.742), i ricoveri con sintomi (23.255 [&hellip;]","og_url":"https:\/\/www.italiaeconomiaonline.it\/web\/coronavirus-scendono-nuovi-casi-e-decessi-ma-in-12-regioni-terapie-intensive-in-affanno\/","og_site_name":"ItaliaEconomiaOnline","article_published_time":"2021-04-22T13:22:04+00:00","og_image":[{"width":1612,"height":1008,"url":"https:\/\/www.italiaeconomiaonline.it\/web\/wp-content\/uploads\/2020\/10\/Schermata-2020-10-05-alle-10.54.32.png","type":"image\/png"}],"author":"ladyitaliaeconomia","twitter_card":"summary_large_image","twitter_misc":{"Scritto da":"ladyitaliaeconomia","Tempo di lettura stimato":"5 minuti"},"schema":{"@context":"https:\/\/schema.org","@graph":[{"@type":"WebPage","@id":"https:\/\/www.italiaeconomiaonline.it\/web\/coronavirus-scendono-nuovi-casi-e-decessi-ma-in-12-regioni-terapie-intensive-in-affanno\/","url":"https:\/\/www.italiaeconomiaonline.it\/web\/coronavirus-scendono-nuovi-casi-e-decessi-ma-in-12-regioni-terapie-intensive-in-affanno\/","name":"Coronavirus: scendono nuovi casi e decessi, ma in 12 Regioni terapie intensive in affanno -","isPartOf":{"@id":"https:\/\/www.italiaeconomiaonline.it\/web\/#website"},"primaryImageOfPage":{"@id":"https:\/\/www.italiaeconomiaonline.it\/web\/coronavirus-scendono-nuovi-casi-e-decessi-ma-in-12-regioni-terapie-intensive-in-affanno\/#primaryimage"},"image":{"@id":"https:\/\/www.italiaeconomiaonline.it\/web\/coronavirus-scendono-nuovi-casi-e-decessi-ma-in-12-regioni-terapie-intensive-in-affanno\/#primaryimage"},"thumbnailUrl":"https:\/\/www.italiaeconomiaonline.it\/web\/wp-content\/uploads\/2020\/10\/Schermata-2020-10-05-alle-10.54.32.png","datePublished":"2021-04-22T13:22:04+00:00","dateModified":"2021-04-22T13:22:04+00:00","author":{"@id":"https:\/\/www.italiaeconomiaonline.it\/web\/#\/schema\/person\/909a49cce752523b020fbc37d5ab1c31"},"breadcrumb":{"@id":"https:\/\/www.italiaeconomiaonline.it\/web\/coronavirus-scendono-nuovi-casi-e-decessi-ma-in-12-regioni-terapie-intensive-in-affanno\/#breadcrumb"},"inLanguage":"it-IT","potentialAction":[{"@type":"ReadAction","target":["https:\/\/www.italiaeconomiaonline.it\/web\/coronavirus-scendono-nuovi-casi-e-decessi-ma-in-12-regioni-terapie-intensive-in-affanno\/"]}]},{"@type":"ImageObject","inLanguage":"it-IT","@id":"https:\/\/www.italiaeconomiaonline.it\/web\/coronavirus-scendono-nuovi-casi-e-decessi-ma-in-12-regioni-terapie-intensive-in-affanno\/#primaryimage","url":"https:\/\/www.italiaeconomiaonline.it\/web\/wp-content\/uploads\/2020\/10\/Schermata-2020-10-05-alle-10.54.32.png","contentUrl":"https:\/\/www.italiaeconomiaonline.it\/web\/wp-content\/uploads\/2020\/10\/Schermata-2020-10-05-alle-10.54.32.png","width":1612,"height":1008},{"@type":"BreadcrumbList","@id":"https:\/\/www.italiaeconomiaonline.it\/web\/coronavirus-scendono-nuovi-casi-e-decessi-ma-in-12-regioni-terapie-intensive-in-affanno\/#breadcrumb","itemListElement":[{"@type":"ListItem","position":1,"name":"Home","item":"https:\/\/www.italiaeconomiaonline.it\/web\/"},{"@type":"ListItem","position":2,"name":"Coronavirus: scendono nuovi casi e decessi, ma in 12 Regioni terapie intensive in affanno"}]},{"@type":"WebSite","@id":"https:\/\/www.italiaeconomiaonline.it\/web\/#website","url":"https:\/\/www.italiaeconomiaonline.it\/web\/","name":"ItaliaEconomiaOnline","description":"Quotidiano Economico Online","potentialAction":[{"@type":"SearchAction","target":{"@type":"EntryPoint","urlTemplate":"https:\/\/www.italiaeconomiaonline.it\/web\/?s={search_term_string}"},"query-input":"required name=search_term_string"}],"inLanguage":"it-IT"},{"@type":"Person","@id":"https:\/\/www.italiaeconomiaonline.it\/web\/#\/schema\/person\/909a49cce752523b020fbc37d5ab1c31","name":"ladyitaliaeconomia","image":{"@type":"ImageObject","inLanguage":"it-IT","@id":"https:\/\/www.italiaeconomiaonline.it\/web\/#\/schema\/person\/image\/","url":"https:\/\/secure.gravatar.com\/avatar\/cedca10ce7416a579b9fa6bce9c0a8f2?s=96&d=mm&r=g","contentUrl":"https:\/\/secure.gravatar.com\/avatar\/cedca10ce7416a579b9fa6bce9c0a8f2?s=96&d=mm&r=g","caption":"ladyitaliaeconomia"},"url":"https:\/\/www.italiaeconomiaonline.it\/web\/author\/ladyitaliaeconomia\/"}]}},"_links":{"self":[{"href":"https:\/\/www.italiaeconomiaonline.it\/web\/wp-json\/wp\/v2\/posts\/5774"}],"collection":[{"href":"https:\/\/www.italiaeconomiaonline.it\/web\/wp-json\/wp\/v2\/posts"}],"about":[{"href":"https:\/\/www.italiaeconomiaonline.it\/web\/wp-json\/wp\/v2\/types\/post"}],"author":[{"embeddable":true,"href":"https:\/\/www.italiaeconomiaonline.it\/web\/wp-json\/wp\/v2\/users\/1"}],"replies":[{"embeddable":true,"href":"https:\/\/www.italiaeconomiaonline.it\/web\/wp-json\/wp\/v2\/comments?post=5774"}],"version-history":[{"count":1,"href":"https:\/\/www.italiaeconomiaonline.it\/web\/wp-json\/wp\/v2\/posts\/5774\/revisions"}],"predecessor-version":[{"id":5775,"href":"https:\/\/www.italiaeconomiaonline.it\/web\/wp-json\/wp\/v2\/posts\/5774\/revisions\/5775"}],"wp:featuredmedia":[{"embeddable":true,"href":"https:\/\/www.italiaeconomiaonline.it\/web\/wp-json\/wp\/v2\/media\/4309"}],"wp:attachment":[{"href":"https:\/\/www.italiaeconomiaonline.it\/web\/wp-json\/wp\/v2\/media?parent=5774"}],"wp:term":[{"taxonomy":"category","embeddable":true,"href":"https:\/\/www.italiaeconomiaonline.it\/web\/wp-json\/wp\/v2\/categories?post=5774"},{"taxonomy":"post_tag","embeddable":true,"href":"https:\/\/www.italiaeconomiaonline.it\/web\/wp-json\/wp\/v2\/tags?post=5774"}],"curies":[{"name":"wp","href":"https:\/\/api.w.org\/{rel}","templated":true}]}}