{"id":5829,"date":"2021-05-04T16:46:31","date_gmt":"2021-05-04T14:46:31","guid":{"rendered":"http:\/\/www.italiaeconomiaonline.it\/web\/?p=5829"},"modified":"2021-05-04T16:46:31","modified_gmt":"2021-05-04T14:46:31","slug":"unione-industriali-torino-smart-working-il-prima-e-il-dopo-la-pandemia","status":"publish","type":"post","link":"https:\/\/www.italiaeconomiaonline.it\/web\/unione-industriali-torino-smart-working-il-prima-e-il-dopo-la-pandemia\/","title":{"rendered":"Unione industriali Torino: Smart working, il \u201cprima\u201d e il \u201cdopo\u201d la pandemia"},"content":{"rendered":"<p><span class=\"dropcap dropcap3\">T<\/span>ra le imprese torinesi il tasso di diffusione dello smart working \u00e8 passato dal 17,5% nel 2019 al 86% nel 2020 e dovrebbe attestarsi al 50,4% una volta superata l\u2019attuale fase legata alla pandemia da Covid-19.<\/p>\n<p>\u00c8 quanto emerge dalla ricerca \u201cLo smart working nelle imprese torinesi\u201d, curata dell\u2019Area Lavoro e Welfare dell\u2019Unione Industriale di Torino, alla quale hanno contribuito circa 300 aziende, che danno lavoro a quasi 50mila dipendenti.<\/p>\n<p>Il dato complessivo sulla diffusione dello smart working manifesta, gi\u00e0 prima della pandemia, una forte dispersione per settore di attivit\u00e0. Da questa prospettiva, le imprese con oltre 100 dipendenti possono essere considerate precorritrici nell\u2019adozione del lavoro agile, con un tasso di diffusione del 29%, a fronte rispettivamente di un 9% osservato nelle aziende tra 25 e 100 addetti e un 14% in quelle pi\u00f9 piccole. Tra settori, invece, c\u2019\u00e8 una convergenza maggiore, con una forchetta che va dal 21% dei servizi al 16% dell\u2019industria manifatturiera.<\/p>\n<p>Per quanto riguarda il rapporto tra il numero di lavoratori in smart working sul totale dei dipendenti considerati, prima della pandemia Torino si attestava mediamente al 6,7% (16,8% i servizi, 5% l\u2019industria). Nel manifatturiero torinese, dunque, il lavoro agile era un fenomeno ancora limitato.<\/p>\n<p>La situazione \u00e8 cambiata radicalmente nel 2020, anche se nell\u2019industria l\u2019adozione dello smart working continua a essere pi\u00f9 limitata per la forte presenza di personale produttivo.<br \/>\nCon l\u2019obiettivo di ridurre il rischio di contagio sui luoghi di lavoro e nei trasporti pubblici, l\u2019utilizzo del cosiddetto \u201clavoro agile di emergenza (o semplificato)\u201d \u00e8 cresciuto in modo esponenziale, arrivando a interessare a Torino l\u201986% delle imprese intervistate. L\u2019emergenza sanitaria ha fortemente diminuito le differenze tra classi dimensionali e settori, anche se grandi aziende e servizi hanno evidenziato una diffusione dello strumento quasi totale (ricompreso tra il 94 ed il 98%).<\/p>\n<p>L\u2019indagine ha anche esaminato le prospettive post pandemiche, ipotizzando uno scenario in cui i cambiamenti obbligati da questo difficile periodo provocheranno un processo in qualche modo irreversibile. Pi\u00f9 nel dettaglio, il 50,4% delle imprese intervistate ha dichiarato che lo smart working sar\u00e0 adottato anche nel prossimo futuro. Si allarga il differenziale tra terziario (59%) e industria (47%). L\u2019estensione \u00e8 legata anche alla dimensione aziendale, con le realt\u00e0 pi\u00f9 grandi (sopra i 100 dipendenti) che prevedono una diffusione del 69%. Le PMI immaginano una presenza del lavoro agile pi\u00f9 limitata (38% nelle aziende sotto i 25 dipendenti e 47% in quelle tra 25 e 100), ma comunque a livelli molto pi\u00f9 elevati (in media 3\/5 volte maggiori) di quanto sperimentato prima del Coronavirus.<\/p>\n<p>La ricerca sullo Smart Working nelle aziende torinesi fa parte di una pi\u00f9 ampia indagine sul lavoro, ancora in corso, che tocca diversi temi sulla gestione delle risorse umane: dalla analisi retributiva all\u2019organizzazione del lavoro, dal welfare alle politiche di ingresso per i giovani.<\/p>\n<p>I risultati complessivi verranno resi noti a luglio.<br \/>\n\u201cL\u2019utilizzo dello smart working \u2013 ha dichiarato Giorgio Marsiaj, Presidente dell\u2019Unione Industriale di Torino \u2013 \u00e8 un fenomeno ormai irreversibile, soprattutto per le grandi aziende, che hanno aperto la strada. \u00c8 un ottimo strumento, ma che non va adottato solo perch\u00e9 ormai \u2018tutti lo fanno\u2019. Occorre prima effettuare un\u2019attenta analisi dell\u2019organizzazione aziendale, valutando bene quali aree e quali ruoli possano essere coinvolti\u201d.<\/p>\n","protected":false},"excerpt":{"rendered":"<p>Tra le imprese torinesi il tasso di diffusione dello smart working \u00e8 passato dal 17,5% nel 2019 al 86% nel 2020 e dovrebbe attestarsi al 50,4% una volta superata l\u2019attuale fase legata alla pandemia da Covid-19. \u00c8 quanto emerge dalla ricerca \u201cLo smart working nelle imprese torinesi\u201d, curata dell\u2019Area Lavoro e Welfare dell\u2019Unione Industriale di [&hellip;]<\/p>\n","protected":false},"author":1,"featured_media":5830,"comment_status":"closed","ping_status":"open","sticky":false,"template":"","format":"standard","meta":{"footnotes":""},"categories":[311],"tags":[1692,942,1691],"yoast_head":"<!-- This site is optimized with the Yoast SEO plugin v22.2 - https:\/\/yoast.com\/wordpress\/plugins\/seo\/ -->\n<title>Unione industriali Torino: Smart working, il \u201cprima\u201d e il \u201cdopo\u201d la pandemia -<\/title>\n<meta name=\"robots\" content=\"index, follow, max-snippet:-1, max-image-preview:large, max-video-preview:-1\" \/>\n<link rel=\"canonical\" href=\"https:\/\/www.italiaeconomiaonline.it\/web\/unione-industriali-torino-smart-working-il-prima-e-il-dopo-la-pandemia\/\" \/>\n<meta property=\"og:locale\" content=\"it_IT\" \/>\n<meta property=\"og:type\" content=\"article\" \/>\n<meta property=\"og:title\" content=\"Unione industriali Torino: Smart working, il \u201cprima\u201d e il \u201cdopo\u201d la pandemia -\" \/>\n<meta property=\"og:description\" content=\"Tra le imprese torinesi il tasso di diffusione dello smart working \u00e8 passato dal 17,5% nel 2019 al 86% nel 2020 e dovrebbe attestarsi al 50,4% una volta superata l\u2019attuale fase legata alla pandemia da Covid-19. \u00c8 quanto emerge dalla ricerca \u201cLo smart working nelle imprese torinesi\u201d, curata dell\u2019Area Lavoro e Welfare dell\u2019Unione Industriale di [&hellip;]\" \/>\n<meta property=\"og:url\" content=\"https:\/\/www.italiaeconomiaonline.it\/web\/unione-industriali-torino-smart-working-il-prima-e-il-dopo-la-pandemia\/\" \/>\n<meta property=\"og:site_name\" content=\"ItaliaEconomiaOnline\" \/>\n<meta property=\"article:published_time\" content=\"2021-05-04T14:46:31+00:00\" \/>\n<meta property=\"og:image\" content=\"https:\/\/www.italiaeconomiaonline.it\/web\/wp-content\/uploads\/2021\/05\/Schermata-2021-05-04-alle-16.45.34.png\" \/>\n\t<meta property=\"og:image:width\" content=\"1338\" \/>\n\t<meta property=\"og:image:height\" content=\"810\" \/>\n\t<meta property=\"og:image:type\" content=\"image\/png\" \/>\n<meta name=\"author\" content=\"ladyitaliaeconomia\" \/>\n<meta name=\"twitter:card\" content=\"summary_large_image\" \/>\n<meta name=\"twitter:label1\" content=\"Scritto da\" \/>\n\t<meta name=\"twitter:data1\" content=\"ladyitaliaeconomia\" \/>\n\t<meta name=\"twitter:label2\" content=\"Tempo di lettura stimato\" \/>\n\t<meta name=\"twitter:data2\" content=\"3 minuti\" \/>\n<script type=\"application\/ld+json\" class=\"yoast-schema-graph\">{\"@context\":\"https:\/\/schema.org\",\"@graph\":[{\"@type\":\"WebPage\",\"@id\":\"https:\/\/www.italiaeconomiaonline.it\/web\/unione-industriali-torino-smart-working-il-prima-e-il-dopo-la-pandemia\/\",\"url\":\"https:\/\/www.italiaeconomiaonline.it\/web\/unione-industriali-torino-smart-working-il-prima-e-il-dopo-la-pandemia\/\",\"name\":\"Unione industriali Torino: Smart working, il \u201cprima\u201d e il \u201cdopo\u201d la pandemia -\",\"isPartOf\":{\"@id\":\"https:\/\/www.italiaeconomiaonline.it\/web\/#website\"},\"primaryImageOfPage\":{\"@id\":\"https:\/\/www.italiaeconomiaonline.it\/web\/unione-industriali-torino-smart-working-il-prima-e-il-dopo-la-pandemia\/#primaryimage\"},\"image\":{\"@id\":\"https:\/\/www.italiaeconomiaonline.it\/web\/unione-industriali-torino-smart-working-il-prima-e-il-dopo-la-pandemia\/#primaryimage\"},\"thumbnailUrl\":\"https:\/\/www.italiaeconomiaonline.it\/web\/wp-content\/uploads\/2021\/05\/Schermata-2021-05-04-alle-16.45.34.png\",\"datePublished\":\"2021-05-04T14:46:31+00:00\",\"dateModified\":\"2021-05-04T14:46:31+00:00\",\"author\":{\"@id\":\"https:\/\/www.italiaeconomiaonline.it\/web\/#\/schema\/person\/909a49cce752523b020fbc37d5ab1c31\"},\"breadcrumb\":{\"@id\":\"https:\/\/www.italiaeconomiaonline.it\/web\/unione-industriali-torino-smart-working-il-prima-e-il-dopo-la-pandemia\/#breadcrumb\"},\"inLanguage\":\"it-IT\",\"potentialAction\":[{\"@type\":\"ReadAction\",\"target\":[\"https:\/\/www.italiaeconomiaonline.it\/web\/unione-industriali-torino-smart-working-il-prima-e-il-dopo-la-pandemia\/\"]}]},{\"@type\":\"ImageObject\",\"inLanguage\":\"it-IT\",\"@id\":\"https:\/\/www.italiaeconomiaonline.it\/web\/unione-industriali-torino-smart-working-il-prima-e-il-dopo-la-pandemia\/#primaryimage\",\"url\":\"https:\/\/www.italiaeconomiaonline.it\/web\/wp-content\/uploads\/2021\/05\/Schermata-2021-05-04-alle-16.45.34.png\",\"contentUrl\":\"https:\/\/www.italiaeconomiaonline.it\/web\/wp-content\/uploads\/2021\/05\/Schermata-2021-05-04-alle-16.45.34.png\",\"width\":1338,\"height\":810},{\"@type\":\"BreadcrumbList\",\"@id\":\"https:\/\/www.italiaeconomiaonline.it\/web\/unione-industriali-torino-smart-working-il-prima-e-il-dopo-la-pandemia\/#breadcrumb\",\"itemListElement\":[{\"@type\":\"ListItem\",\"position\":1,\"name\":\"Home\",\"item\":\"https:\/\/www.italiaeconomiaonline.it\/web\/\"},{\"@type\":\"ListItem\",\"position\":2,\"name\":\"Unione industriali Torino: Smart working, il \u201cprima\u201d e il \u201cdopo\u201d la pandemia\"}]},{\"@type\":\"WebSite\",\"@id\":\"https:\/\/www.italiaeconomiaonline.it\/web\/#website\",\"url\":\"https:\/\/www.italiaeconomiaonline.it\/web\/\",\"name\":\"ItaliaEconomiaOnline\",\"description\":\"Quotidiano Economico Online\",\"potentialAction\":[{\"@type\":\"SearchAction\",\"target\":{\"@type\":\"EntryPoint\",\"urlTemplate\":\"https:\/\/www.italiaeconomiaonline.it\/web\/?s={search_term_string}\"},\"query-input\":\"required name=search_term_string\"}],\"inLanguage\":\"it-IT\"},{\"@type\":\"Person\",\"@id\":\"https:\/\/www.italiaeconomiaonline.it\/web\/#\/schema\/person\/909a49cce752523b020fbc37d5ab1c31\",\"name\":\"ladyitaliaeconomia\",\"image\":{\"@type\":\"ImageObject\",\"inLanguage\":\"it-IT\",\"@id\":\"https:\/\/www.italiaeconomiaonline.it\/web\/#\/schema\/person\/image\/\",\"url\":\"https:\/\/secure.gravatar.com\/avatar\/cedca10ce7416a579b9fa6bce9c0a8f2?s=96&d=mm&r=g\",\"contentUrl\":\"https:\/\/secure.gravatar.com\/avatar\/cedca10ce7416a579b9fa6bce9c0a8f2?s=96&d=mm&r=g\",\"caption\":\"ladyitaliaeconomia\"},\"url\":\"https:\/\/www.italiaeconomiaonline.it\/web\/author\/ladyitaliaeconomia\/\"}]}<\/script>\n<!-- \/ Yoast SEO plugin. -->","yoast_head_json":{"title":"Unione industriali Torino: Smart working, il \u201cprima\u201d e il \u201cdopo\u201d la pandemia -","robots":{"index":"index","follow":"follow","max-snippet":"max-snippet:-1","max-image-preview":"max-image-preview:large","max-video-preview":"max-video-preview:-1"},"canonical":"https:\/\/www.italiaeconomiaonline.it\/web\/unione-industriali-torino-smart-working-il-prima-e-il-dopo-la-pandemia\/","og_locale":"it_IT","og_type":"article","og_title":"Unione industriali Torino: Smart working, il \u201cprima\u201d e il \u201cdopo\u201d la pandemia -","og_description":"Tra le imprese torinesi il tasso di diffusione dello smart working \u00e8 passato dal 17,5% nel 2019 al 86% nel 2020 e dovrebbe attestarsi al 50,4% una volta superata l\u2019attuale fase legata alla pandemia da Covid-19. \u00c8 quanto emerge dalla ricerca \u201cLo smart working nelle imprese torinesi\u201d, curata dell\u2019Area Lavoro e Welfare dell\u2019Unione Industriale di [&hellip;]","og_url":"https:\/\/www.italiaeconomiaonline.it\/web\/unione-industriali-torino-smart-working-il-prima-e-il-dopo-la-pandemia\/","og_site_name":"ItaliaEconomiaOnline","article_published_time":"2021-05-04T14:46:31+00:00","og_image":[{"width":1338,"height":810,"url":"https:\/\/www.italiaeconomiaonline.it\/web\/wp-content\/uploads\/2021\/05\/Schermata-2021-05-04-alle-16.45.34.png","type":"image\/png"}],"author":"ladyitaliaeconomia","twitter_card":"summary_large_image","twitter_misc":{"Scritto da":"ladyitaliaeconomia","Tempo di lettura stimato":"3 minuti"},"schema":{"@context":"https:\/\/schema.org","@graph":[{"@type":"WebPage","@id":"https:\/\/www.italiaeconomiaonline.it\/web\/unione-industriali-torino-smart-working-il-prima-e-il-dopo-la-pandemia\/","url":"https:\/\/www.italiaeconomiaonline.it\/web\/unione-industriali-torino-smart-working-il-prima-e-il-dopo-la-pandemia\/","name":"Unione industriali Torino: Smart working, il \u201cprima\u201d e il \u201cdopo\u201d la pandemia -","isPartOf":{"@id":"https:\/\/www.italiaeconomiaonline.it\/web\/#website"},"primaryImageOfPage":{"@id":"https:\/\/www.italiaeconomiaonline.it\/web\/unione-industriali-torino-smart-working-il-prima-e-il-dopo-la-pandemia\/#primaryimage"},"image":{"@id":"https:\/\/www.italiaeconomiaonline.it\/web\/unione-industriali-torino-smart-working-il-prima-e-il-dopo-la-pandemia\/#primaryimage"},"thumbnailUrl":"https:\/\/www.italiaeconomiaonline.it\/web\/wp-content\/uploads\/2021\/05\/Schermata-2021-05-04-alle-16.45.34.png","datePublished":"2021-05-04T14:46:31+00:00","dateModified":"2021-05-04T14:46:31+00:00","author":{"@id":"https:\/\/www.italiaeconomiaonline.it\/web\/#\/schema\/person\/909a49cce752523b020fbc37d5ab1c31"},"breadcrumb":{"@id":"https:\/\/www.italiaeconomiaonline.it\/web\/unione-industriali-torino-smart-working-il-prima-e-il-dopo-la-pandemia\/#breadcrumb"},"inLanguage":"it-IT","potentialAction":[{"@type":"ReadAction","target":["https:\/\/www.italiaeconomiaonline.it\/web\/unione-industriali-torino-smart-working-il-prima-e-il-dopo-la-pandemia\/"]}]},{"@type":"ImageObject","inLanguage":"it-IT","@id":"https:\/\/www.italiaeconomiaonline.it\/web\/unione-industriali-torino-smart-working-il-prima-e-il-dopo-la-pandemia\/#primaryimage","url":"https:\/\/www.italiaeconomiaonline.it\/web\/wp-content\/uploads\/2021\/05\/Schermata-2021-05-04-alle-16.45.34.png","contentUrl":"https:\/\/www.italiaeconomiaonline.it\/web\/wp-content\/uploads\/2021\/05\/Schermata-2021-05-04-alle-16.45.34.png","width":1338,"height":810},{"@type":"BreadcrumbList","@id":"https:\/\/www.italiaeconomiaonline.it\/web\/unione-industriali-torino-smart-working-il-prima-e-il-dopo-la-pandemia\/#breadcrumb","itemListElement":[{"@type":"ListItem","position":1,"name":"Home","item":"https:\/\/www.italiaeconomiaonline.it\/web\/"},{"@type":"ListItem","position":2,"name":"Unione industriali Torino: Smart working, il \u201cprima\u201d e il \u201cdopo\u201d la pandemia"}]},{"@type":"WebSite","@id":"https:\/\/www.italiaeconomiaonline.it\/web\/#website","url":"https:\/\/www.italiaeconomiaonline.it\/web\/","name":"ItaliaEconomiaOnline","description":"Quotidiano Economico Online","potentialAction":[{"@type":"SearchAction","target":{"@type":"EntryPoint","urlTemplate":"https:\/\/www.italiaeconomiaonline.it\/web\/?s={search_term_string}"},"query-input":"required name=search_term_string"}],"inLanguage":"it-IT"},{"@type":"Person","@id":"https:\/\/www.italiaeconomiaonline.it\/web\/#\/schema\/person\/909a49cce752523b020fbc37d5ab1c31","name":"ladyitaliaeconomia","image":{"@type":"ImageObject","inLanguage":"it-IT","@id":"https:\/\/www.italiaeconomiaonline.it\/web\/#\/schema\/person\/image\/","url":"https:\/\/secure.gravatar.com\/avatar\/cedca10ce7416a579b9fa6bce9c0a8f2?s=96&d=mm&r=g","contentUrl":"https:\/\/secure.gravatar.com\/avatar\/cedca10ce7416a579b9fa6bce9c0a8f2?s=96&d=mm&r=g","caption":"ladyitaliaeconomia"},"url":"https:\/\/www.italiaeconomiaonline.it\/web\/author\/ladyitaliaeconomia\/"}]}},"_links":{"self":[{"href":"https:\/\/www.italiaeconomiaonline.it\/web\/wp-json\/wp\/v2\/posts\/5829"}],"collection":[{"href":"https:\/\/www.italiaeconomiaonline.it\/web\/wp-json\/wp\/v2\/posts"}],"about":[{"href":"https:\/\/www.italiaeconomiaonline.it\/web\/wp-json\/wp\/v2\/types\/post"}],"author":[{"embeddable":true,"href":"https:\/\/www.italiaeconomiaonline.it\/web\/wp-json\/wp\/v2\/users\/1"}],"replies":[{"embeddable":true,"href":"https:\/\/www.italiaeconomiaonline.it\/web\/wp-json\/wp\/v2\/comments?post=5829"}],"version-history":[{"count":1,"href":"https:\/\/www.italiaeconomiaonline.it\/web\/wp-json\/wp\/v2\/posts\/5829\/revisions"}],"predecessor-version":[{"id":5831,"href":"https:\/\/www.italiaeconomiaonline.it\/web\/wp-json\/wp\/v2\/posts\/5829\/revisions\/5831"}],"wp:featuredmedia":[{"embeddable":true,"href":"https:\/\/www.italiaeconomiaonline.it\/web\/wp-json\/wp\/v2\/media\/5830"}],"wp:attachment":[{"href":"https:\/\/www.italiaeconomiaonline.it\/web\/wp-json\/wp\/v2\/media?parent=5829"}],"wp:term":[{"taxonomy":"category","embeddable":true,"href":"https:\/\/www.italiaeconomiaonline.it\/web\/wp-json\/wp\/v2\/categories?post=5829"},{"taxonomy":"post_tag","embeddable":true,"href":"https:\/\/www.italiaeconomiaonline.it\/web\/wp-json\/wp\/v2\/tags?post=5829"}],"curies":[{"name":"wp","href":"https:\/\/api.w.org\/{rel}","templated":true}]}}