{"id":5850,"date":"2021-05-10T10:27:40","date_gmt":"2021-05-10T08:27:40","guid":{"rendered":"http:\/\/www.italiaeconomiaonline.it\/web\/?p=5850"},"modified":"2021-05-10T10:27:40","modified_gmt":"2021-05-10T08:27:40","slug":"unione-della-salute-evento-ad-alto-livello-su-impatto-pandemia-covid19-su-salute-mentale","status":"publish","type":"post","link":"https:\/\/www.italiaeconomiaonline.it\/web\/unione-della-salute-evento-ad-alto-livello-su-impatto-pandemia-covid19-su-salute-mentale\/","title":{"rendered":"Unione della salute: evento ad alto livello su impatto pandemia covid19 su salute mentale"},"content":{"rendered":"<p><span class=\"dropcap dropcap3\">A<\/span> pi\u00f9 di un anno dall\u2019inizio della pandemia di COVID-19, l&#8217;impatto sulla salute mentale \u00e8 enorme e le conseguenze si avvertono in tutta la societ\u00e0. Per sottolineare il rilievo e la complessit\u00e0 di questa sfida e, in generale, l&#8217;importanza della salute mentale, il 10 maggio la Commissione europea organizza online un evento ad alto livello dal titolo &#8220;Salute mentale e pandemia: vivere, assistere, agire!&#8221;.<\/p>\n<p>L&#8217;evento offrir\u00e0 l&#8217;occasione di riunire oratori provenienti da diversi settori, di ascoltare le persone pi\u00f9 colpite, compresi i giovani, le persone con problemi di salute mentale preesistenti e coloro che le assistono, come pure di condividere esempi e pratiche promettenti al fine di garantire che i sistemi sanitari siano ben attrezzati, ora e in futuro, e di tracciare la via da seguire.<\/p>\n<p>Stella <strong>Kyriakides<\/strong>, Commissaria per la Salute e la sicurezza alimentare, ha dichiarato: &#8220;<em>La salute mentale \u00e8 per me un impegno a vita. Nel contenere la COVID-19 e costruire un&#8217;Unione europea della salute forte, \u00e8 fondamentale fare il punto delle conseguenze della pandemia sulla salute mentale, riflettere insieme su ci\u00f2 che sappiamo ed esaminare ci\u00f2 che dobbiamo capire e fare meglio. \u00c8 evidente che la salute mentale \u00e8 importante, oggi pi\u00f9 che mai, e siamo accanto ai paesi dell&#8217;UE, agli operatori sanitari e a tutti gli interessati per agire e affrontare una delle sfide pi\u00f9 pressanti di oggi e dare voce a coloro che sono maggiormente colpiti da questa crisi sanitaria senza precedenti.<\/em>&#8221;<\/p>\n<p>La Commissione sostiene le priorit\u00e0 sanitarie nazionali tese a tutelare la salute mentale, prevenire le malattie mentali e migliorare l&#8217;accesso alle cure. L&#8217;evento si svolge durante la Settimana europea della sensibilizzazione alla salute mentale e sar\u00e0 trasmesso in diretta streaming.<\/p>\n","protected":false},"excerpt":{"rendered":"<p>A pi\u00f9 di un anno dall\u2019inizio della pandemia di COVID-19, l&#8217;impatto sulla salute mentale \u00e8 enorme e le conseguenze si avvertono in tutta la societ\u00e0. Per sottolineare il rilievo e la complessit\u00e0 di questa sfida e, in generale, l&#8217;importanza della salute mentale, il 10 maggio la Commissione europea organizza online un evento ad alto livello [&hellip;]<\/p>\n","protected":false},"author":1,"featured_media":5851,"comment_status":"closed","ping_status":"open","sticky":false,"template":"","format":"standard","meta":{"footnotes":""},"categories":[128],"tags":[963,1699,26],"yoast_head":"<!-- This site is optimized with the Yoast SEO plugin v22.2 - https:\/\/yoast.com\/wordpress\/plugins\/seo\/ -->\n<title>Unione della salute: evento ad alto livello su impatto pandemia covid19 su salute mentale -<\/title>\n<meta name=\"robots\" content=\"index, follow, max-snippet:-1, max-image-preview:large, max-video-preview:-1\" \/>\n<link rel=\"canonical\" href=\"https:\/\/www.italiaeconomiaonline.it\/web\/unione-della-salute-evento-ad-alto-livello-su-impatto-pandemia-covid19-su-salute-mentale\/\" \/>\n<meta property=\"og:locale\" content=\"it_IT\" \/>\n<meta property=\"og:type\" content=\"article\" \/>\n<meta property=\"og:title\" content=\"Unione della salute: evento ad alto livello su impatto pandemia covid19 su salute mentale -\" \/>\n<meta property=\"og:description\" content=\"A pi\u00f9 di un anno dall\u2019inizio della pandemia di COVID-19, l&#8217;impatto sulla salute mentale \u00e8 enorme e le conseguenze si avvertono in tutta la societ\u00e0. Per sottolineare il rilievo e la complessit\u00e0 di questa sfida e, in generale, l&#8217;importanza della salute mentale, il 10 maggio la Commissione europea organizza online un evento ad alto livello [&hellip;]\" \/>\n<meta property=\"og:url\" content=\"https:\/\/www.italiaeconomiaonline.it\/web\/unione-della-salute-evento-ad-alto-livello-su-impatto-pandemia-covid19-su-salute-mentale\/\" \/>\n<meta property=\"og:site_name\" content=\"ItaliaEconomiaOnline\" \/>\n<meta property=\"article:published_time\" content=\"2021-05-10T08:27:40+00:00\" \/>\n<meta property=\"og:image\" content=\"https:\/\/www.italiaeconomiaonline.it\/web\/wp-content\/uploads\/2021\/05\/Schermata-2021-05-10-alle-10.26.56.png\" \/>\n\t<meta property=\"og:image:width\" content=\"1434\" \/>\n\t<meta property=\"og:image:height\" content=\"902\" \/>\n\t<meta property=\"og:image:type\" content=\"image\/png\" \/>\n<meta name=\"author\" content=\"ladyitaliaeconomia\" \/>\n<meta name=\"twitter:card\" content=\"summary_large_image\" \/>\n<meta name=\"twitter:label1\" content=\"Scritto da\" \/>\n\t<meta name=\"twitter:data1\" content=\"ladyitaliaeconomia\" \/>\n\t<meta name=\"twitter:label2\" content=\"Tempo di lettura stimato\" \/>\n\t<meta name=\"twitter:data2\" content=\"2 minuti\" \/>\n<script type=\"application\/ld+json\" class=\"yoast-schema-graph\">{\"@context\":\"https:\/\/schema.org\",\"@graph\":[{\"@type\":\"WebPage\",\"@id\":\"https:\/\/www.italiaeconomiaonline.it\/web\/unione-della-salute-evento-ad-alto-livello-su-impatto-pandemia-covid19-su-salute-mentale\/\",\"url\":\"https:\/\/www.italiaeconomiaonline.it\/web\/unione-della-salute-evento-ad-alto-livello-su-impatto-pandemia-covid19-su-salute-mentale\/\",\"name\":\"Unione della salute: evento ad alto livello su impatto pandemia covid19 su salute mentale -\",\"isPartOf\":{\"@id\":\"https:\/\/www.italiaeconomiaonline.it\/web\/#website\"},\"primaryImageOfPage\":{\"@id\":\"https:\/\/www.italiaeconomiaonline.it\/web\/unione-della-salute-evento-ad-alto-livello-su-impatto-pandemia-covid19-su-salute-mentale\/#primaryimage\"},\"image\":{\"@id\":\"https:\/\/www.italiaeconomiaonline.it\/web\/unione-della-salute-evento-ad-alto-livello-su-impatto-pandemia-covid19-su-salute-mentale\/#primaryimage\"},\"thumbnailUrl\":\"https:\/\/www.italiaeconomiaonline.it\/web\/wp-content\/uploads\/2021\/05\/Schermata-2021-05-10-alle-10.26.56.png\",\"datePublished\":\"2021-05-10T08:27:40+00:00\",\"dateModified\":\"2021-05-10T08:27:40+00:00\",\"author\":{\"@id\":\"https:\/\/www.italiaeconomiaonline.it\/web\/#\/schema\/person\/909a49cce752523b020fbc37d5ab1c31\"},\"breadcrumb\":{\"@id\":\"https:\/\/www.italiaeconomiaonline.it\/web\/unione-della-salute-evento-ad-alto-livello-su-impatto-pandemia-covid19-su-salute-mentale\/#breadcrumb\"},\"inLanguage\":\"it-IT\",\"potentialAction\":[{\"@type\":\"ReadAction\",\"target\":[\"https:\/\/www.italiaeconomiaonline.it\/web\/unione-della-salute-evento-ad-alto-livello-su-impatto-pandemia-covid19-su-salute-mentale\/\"]}]},{\"@type\":\"ImageObject\",\"inLanguage\":\"it-IT\",\"@id\":\"https:\/\/www.italiaeconomiaonline.it\/web\/unione-della-salute-evento-ad-alto-livello-su-impatto-pandemia-covid19-su-salute-mentale\/#primaryimage\",\"url\":\"https:\/\/www.italiaeconomiaonline.it\/web\/wp-content\/uploads\/2021\/05\/Schermata-2021-05-10-alle-10.26.56.png\",\"contentUrl\":\"https:\/\/www.italiaeconomiaonline.it\/web\/wp-content\/uploads\/2021\/05\/Schermata-2021-05-10-alle-10.26.56.png\",\"width\":1434,\"height\":902},{\"@type\":\"BreadcrumbList\",\"@id\":\"https:\/\/www.italiaeconomiaonline.it\/web\/unione-della-salute-evento-ad-alto-livello-su-impatto-pandemia-covid19-su-salute-mentale\/#breadcrumb\",\"itemListElement\":[{\"@type\":\"ListItem\",\"position\":1,\"name\":\"Home\",\"item\":\"https:\/\/www.italiaeconomiaonline.it\/web\/\"},{\"@type\":\"ListItem\",\"position\":2,\"name\":\"Unione della salute: evento ad alto livello su impatto pandemia covid19 su salute mentale\"}]},{\"@type\":\"WebSite\",\"@id\":\"https:\/\/www.italiaeconomiaonline.it\/web\/#website\",\"url\":\"https:\/\/www.italiaeconomiaonline.it\/web\/\",\"name\":\"ItaliaEconomiaOnline\",\"description\":\"Quotidiano Economico Online\",\"potentialAction\":[{\"@type\":\"SearchAction\",\"target\":{\"@type\":\"EntryPoint\",\"urlTemplate\":\"https:\/\/www.italiaeconomiaonline.it\/web\/?s={search_term_string}\"},\"query-input\":\"required name=search_term_string\"}],\"inLanguage\":\"it-IT\"},{\"@type\":\"Person\",\"@id\":\"https:\/\/www.italiaeconomiaonline.it\/web\/#\/schema\/person\/909a49cce752523b020fbc37d5ab1c31\",\"name\":\"ladyitaliaeconomia\",\"image\":{\"@type\":\"ImageObject\",\"inLanguage\":\"it-IT\",\"@id\":\"https:\/\/www.italiaeconomiaonline.it\/web\/#\/schema\/person\/image\/\",\"url\":\"https:\/\/secure.gravatar.com\/avatar\/cedca10ce7416a579b9fa6bce9c0a8f2?s=96&d=mm&r=g\",\"contentUrl\":\"https:\/\/secure.gravatar.com\/avatar\/cedca10ce7416a579b9fa6bce9c0a8f2?s=96&d=mm&r=g\",\"caption\":\"ladyitaliaeconomia\"},\"url\":\"https:\/\/www.italiaeconomiaonline.it\/web\/author\/ladyitaliaeconomia\/\"}]}<\/script>\n<!-- \/ Yoast SEO plugin. -->","yoast_head_json":{"title":"Unione della salute: evento ad alto livello su impatto pandemia covid19 su salute mentale -","robots":{"index":"index","follow":"follow","max-snippet":"max-snippet:-1","max-image-preview":"max-image-preview:large","max-video-preview":"max-video-preview:-1"},"canonical":"https:\/\/www.italiaeconomiaonline.it\/web\/unione-della-salute-evento-ad-alto-livello-su-impatto-pandemia-covid19-su-salute-mentale\/","og_locale":"it_IT","og_type":"article","og_title":"Unione della salute: evento ad alto livello su impatto pandemia covid19 su salute mentale -","og_description":"A pi\u00f9 di un anno dall\u2019inizio della pandemia di COVID-19, l&#8217;impatto sulla salute mentale \u00e8 enorme e le conseguenze si avvertono in tutta la societ\u00e0. Per sottolineare il rilievo e la complessit\u00e0 di questa sfida e, in generale, l&#8217;importanza della salute mentale, il 10 maggio la Commissione europea organizza online un evento ad alto livello [&hellip;]","og_url":"https:\/\/www.italiaeconomiaonline.it\/web\/unione-della-salute-evento-ad-alto-livello-su-impatto-pandemia-covid19-su-salute-mentale\/","og_site_name":"ItaliaEconomiaOnline","article_published_time":"2021-05-10T08:27:40+00:00","og_image":[{"width":1434,"height":902,"url":"https:\/\/www.italiaeconomiaonline.it\/web\/wp-content\/uploads\/2021\/05\/Schermata-2021-05-10-alle-10.26.56.png","type":"image\/png"}],"author":"ladyitaliaeconomia","twitter_card":"summary_large_image","twitter_misc":{"Scritto da":"ladyitaliaeconomia","Tempo di lettura stimato":"2 minuti"},"schema":{"@context":"https:\/\/schema.org","@graph":[{"@type":"WebPage","@id":"https:\/\/www.italiaeconomiaonline.it\/web\/unione-della-salute-evento-ad-alto-livello-su-impatto-pandemia-covid19-su-salute-mentale\/","url":"https:\/\/www.italiaeconomiaonline.it\/web\/unione-della-salute-evento-ad-alto-livello-su-impatto-pandemia-covid19-su-salute-mentale\/","name":"Unione della salute: evento ad alto livello su impatto pandemia covid19 su salute mentale -","isPartOf":{"@id":"https:\/\/www.italiaeconomiaonline.it\/web\/#website"},"primaryImageOfPage":{"@id":"https:\/\/www.italiaeconomiaonline.it\/web\/unione-della-salute-evento-ad-alto-livello-su-impatto-pandemia-covid19-su-salute-mentale\/#primaryimage"},"image":{"@id":"https:\/\/www.italiaeconomiaonline.it\/web\/unione-della-salute-evento-ad-alto-livello-su-impatto-pandemia-covid19-su-salute-mentale\/#primaryimage"},"thumbnailUrl":"https:\/\/www.italiaeconomiaonline.it\/web\/wp-content\/uploads\/2021\/05\/Schermata-2021-05-10-alle-10.26.56.png","datePublished":"2021-05-10T08:27:40+00:00","dateModified":"2021-05-10T08:27:40+00:00","author":{"@id":"https:\/\/www.italiaeconomiaonline.it\/web\/#\/schema\/person\/909a49cce752523b020fbc37d5ab1c31"},"breadcrumb":{"@id":"https:\/\/www.italiaeconomiaonline.it\/web\/unione-della-salute-evento-ad-alto-livello-su-impatto-pandemia-covid19-su-salute-mentale\/#breadcrumb"},"inLanguage":"it-IT","potentialAction":[{"@type":"ReadAction","target":["https:\/\/www.italiaeconomiaonline.it\/web\/unione-della-salute-evento-ad-alto-livello-su-impatto-pandemia-covid19-su-salute-mentale\/"]}]},{"@type":"ImageObject","inLanguage":"it-IT","@id":"https:\/\/www.italiaeconomiaonline.it\/web\/unione-della-salute-evento-ad-alto-livello-su-impatto-pandemia-covid19-su-salute-mentale\/#primaryimage","url":"https:\/\/www.italiaeconomiaonline.it\/web\/wp-content\/uploads\/2021\/05\/Schermata-2021-05-10-alle-10.26.56.png","contentUrl":"https:\/\/www.italiaeconomiaonline.it\/web\/wp-content\/uploads\/2021\/05\/Schermata-2021-05-10-alle-10.26.56.png","width":1434,"height":902},{"@type":"BreadcrumbList","@id":"https:\/\/www.italiaeconomiaonline.it\/web\/unione-della-salute-evento-ad-alto-livello-su-impatto-pandemia-covid19-su-salute-mentale\/#breadcrumb","itemListElement":[{"@type":"ListItem","position":1,"name":"Home","item":"https:\/\/www.italiaeconomiaonline.it\/web\/"},{"@type":"ListItem","position":2,"name":"Unione della salute: evento ad alto livello su impatto pandemia covid19 su salute mentale"}]},{"@type":"WebSite","@id":"https:\/\/www.italiaeconomiaonline.it\/web\/#website","url":"https:\/\/www.italiaeconomiaonline.it\/web\/","name":"ItaliaEconomiaOnline","description":"Quotidiano Economico Online","potentialAction":[{"@type":"SearchAction","target":{"@type":"EntryPoint","urlTemplate":"https:\/\/www.italiaeconomiaonline.it\/web\/?s={search_term_string}"},"query-input":"required name=search_term_string"}],"inLanguage":"it-IT"},{"@type":"Person","@id":"https:\/\/www.italiaeconomiaonline.it\/web\/#\/schema\/person\/909a49cce752523b020fbc37d5ab1c31","name":"ladyitaliaeconomia","image":{"@type":"ImageObject","inLanguage":"it-IT","@id":"https:\/\/www.italiaeconomiaonline.it\/web\/#\/schema\/person\/image\/","url":"https:\/\/secure.gravatar.com\/avatar\/cedca10ce7416a579b9fa6bce9c0a8f2?s=96&d=mm&r=g","contentUrl":"https:\/\/secure.gravatar.com\/avatar\/cedca10ce7416a579b9fa6bce9c0a8f2?s=96&d=mm&r=g","caption":"ladyitaliaeconomia"},"url":"https:\/\/www.italiaeconomiaonline.it\/web\/author\/ladyitaliaeconomia\/"}]}},"_links":{"self":[{"href":"https:\/\/www.italiaeconomiaonline.it\/web\/wp-json\/wp\/v2\/posts\/5850"}],"collection":[{"href":"https:\/\/www.italiaeconomiaonline.it\/web\/wp-json\/wp\/v2\/posts"}],"about":[{"href":"https:\/\/www.italiaeconomiaonline.it\/web\/wp-json\/wp\/v2\/types\/post"}],"author":[{"embeddable":true,"href":"https:\/\/www.italiaeconomiaonline.it\/web\/wp-json\/wp\/v2\/users\/1"}],"replies":[{"embeddable":true,"href":"https:\/\/www.italiaeconomiaonline.it\/web\/wp-json\/wp\/v2\/comments?post=5850"}],"version-history":[{"count":1,"href":"https:\/\/www.italiaeconomiaonline.it\/web\/wp-json\/wp\/v2\/posts\/5850\/revisions"}],"predecessor-version":[{"id":5852,"href":"https:\/\/www.italiaeconomiaonline.it\/web\/wp-json\/wp\/v2\/posts\/5850\/revisions\/5852"}],"wp:featuredmedia":[{"embeddable":true,"href":"https:\/\/www.italiaeconomiaonline.it\/web\/wp-json\/wp\/v2\/media\/5851"}],"wp:attachment":[{"href":"https:\/\/www.italiaeconomiaonline.it\/web\/wp-json\/wp\/v2\/media?parent=5850"}],"wp:term":[{"taxonomy":"category","embeddable":true,"href":"https:\/\/www.italiaeconomiaonline.it\/web\/wp-json\/wp\/v2\/categories?post=5850"},{"taxonomy":"post_tag","embeddable":true,"href":"https:\/\/www.italiaeconomiaonline.it\/web\/wp-json\/wp\/v2\/tags?post=5850"}],"curies":[{"name":"wp","href":"https:\/\/api.w.org\/{rel}","templated":true}]}}