{"id":5878,"date":"2021-05-19T09:49:45","date_gmt":"2021-05-19T07:49:45","guid":{"rendered":"http:\/\/www.italiaeconomiaonline.it\/web\/?p=5878"},"modified":"2021-05-19T09:50:51","modified_gmt":"2021-05-19T07:50:51","slug":"confcommercio-lombardia-riaperture-passo-avanti-ma-ancora-criticita","status":"publish","type":"post","link":"https:\/\/www.italiaeconomiaonline.it\/web\/confcommercio-lombardia-riaperture-passo-avanti-ma-ancora-criticita\/","title":{"rendered":"Confcommercio Lombardia: riaperture passo avanti, ma ancora criticit\u00e0"},"content":{"rendered":"<p><span class=\"dropcap dropcap3\">U<\/span>n cammino verso la riapertura che consentir\u00e0, anche in Lombardia, un graduale recupero per alcuni comparti anche se restano forti criticit\u00e0 per settori come l\u2019intrattenimento e le discoteche. \u00c8 il giudizio di <b>Confcommercio Lombardia<\/b> dopo le decisioni del Governo sul calendario delle riaperture.<\/p>\n<p>\u201cBene l\u2019allentamento del coprifuoco e, soprattutto, la possibilit\u00e0 della consumazione al chiuso in bar e ristoranti\u201d osserva <b>Confcommercio Lombardia<\/b>. \u201cResta, per\u00f2, il fatto che dal primo giugno, data in cui si consentir\u00e0 di utilizzare gli spazi interni dei pubblici esercizi, ci separano ancora due settimane, mentre gli operatori hanno bisogno di risollevarsi il prima possibile dopo 15 mesi di fortissima sofferenza\u201d.<\/p>\n<p>\u201cL\u2019allentamento delle restrizioni previsto dal Governo \u00e8 certamente un passo importante perch\u00e9, finalmente, assicura un orizzonte certo, con date chiare per poter ripartire, anche se occorre dare risposte urgente a tutti i comparti ancora esclusi dalla possibilit\u00e0 di riaprire\u201d aggiunge <strong>Confcommercio Lombardia<\/strong>. \u201cSenza dimenticare la necessit\u00e0 di opportuni sostegni: quelli che le imprese ancora stanno aspettando per i mesi passati e quelli che saranno necessari per assicurare la ripresa e salvaguardare l\u2019occupazione nel prossimo futuro\u201d.<\/p>\n<p>Sul fronte della ristorazione, in Lombardia, con il solo spostamento del coprifuoco alle 23, il recupero \u00e8 quantificabile in 40 milioni di euro. Con la somministrazione al chiuso, consentita dal 1\u00b0 giugno, si salir\u00e0 a 216 milioni di euro in un mese; quando il coprifuoco slitter\u00e0 alle 24 il recupero complessivo sar\u00e0 di 365 milioni di euro.<\/p>\n<p>Una risalita graduale e per step successivi che andr\u00e0 di pari passo con l\u2019allentarsi delle restrizioni per gli oltre 45 mila pubblici esercizi della Lombardia. \u201cUn passo avanti verso quella normalit\u00e0 operativa in grado di dare respiro a migliaia di imprenditori \u2013 rileva <b>Confcommercio Lombardia<\/b> &#8211; ma l\u2019attenzione deve restare alta, in particolare per tante situazioni contingenti di drammatica difficolt\u00e0 che sono il lascito terribile della pandemia\u201d.<\/p>\n<p>\u201cLe riaperture graduali daranno una parziale risposta a tutto il comparto del terziario che in questi mesi ha pagato, innegabilmente, il prezzo pi\u00f9 alto, in termini economici, alla crisi pandemica\u201d conclude <b>Confcommercio Lombardia<\/b>. \u201cL\u2019auspicio \u00e8 che la ripresa del turismo internazionale, a cominciare da quello europeo, possa garantire slancio alla ripartenza e che lo scatto definitivo della campagna vaccinale possa far s\u00ec che non si torni pi\u00f9 indietro e che queste riaperture siano, davvero, definitive\u201d.<\/p>\n<p>&nbsp;<\/p>\n","protected":false},"excerpt":{"rendered":"<p>Un cammino verso la riapertura che consentir\u00e0, anche in Lombardia, un graduale recupero per alcuni comparti anche se restano forti criticit\u00e0 per settori come l\u2019intrattenimento e le discoteche. \u00c8 il giudizio di Confcommercio Lombardia dopo le decisioni del Governo sul calendario delle riaperture. \u201cBene l\u2019allentamento del coprifuoco e, soprattutto, la possibilit\u00e0 della consumazione al chiuso [&hellip;]<\/p>\n","protected":false},"author":1,"featured_media":21,"comment_status":"closed","ping_status":"open","sticky":false,"template":"","format":"standard","meta":{"footnotes":""},"categories":[56],"tags":[],"yoast_head":"<!-- This site is optimized with the Yoast SEO plugin v22.2 - https:\/\/yoast.com\/wordpress\/plugins\/seo\/ -->\n<title>Confcommercio Lombardia: riaperture passo avanti, ma ancora criticit\u00e0 -<\/title>\n<meta name=\"robots\" content=\"index, follow, max-snippet:-1, max-image-preview:large, max-video-preview:-1\" \/>\n<link rel=\"canonical\" href=\"https:\/\/www.italiaeconomiaonline.it\/web\/confcommercio-lombardia-riaperture-passo-avanti-ma-ancora-criticita\/\" \/>\n<meta property=\"og:locale\" content=\"it_IT\" \/>\n<meta property=\"og:type\" content=\"article\" \/>\n<meta property=\"og:title\" content=\"Confcommercio Lombardia: riaperture passo avanti, ma ancora criticit\u00e0 -\" \/>\n<meta property=\"og:description\" content=\"Un cammino verso la riapertura che consentir\u00e0, anche in Lombardia, un graduale recupero per alcuni comparti anche se restano forti criticit\u00e0 per settori come l\u2019intrattenimento e le discoteche. \u00c8 il giudizio di Confcommercio Lombardia dopo le decisioni del Governo sul calendario delle riaperture. \u201cBene l\u2019allentamento del coprifuoco e, soprattutto, la possibilit\u00e0 della consumazione al chiuso [&hellip;]\" \/>\n<meta property=\"og:url\" content=\"https:\/\/www.italiaeconomiaonline.it\/web\/confcommercio-lombardia-riaperture-passo-avanti-ma-ancora-criticita\/\" \/>\n<meta property=\"og:site_name\" content=\"ItaliaEconomiaOnline\" \/>\n<meta property=\"article:published_time\" content=\"2021-05-19T07:49:45+00:00\" \/>\n<meta property=\"article:modified_time\" content=\"2021-05-19T07:50:51+00:00\" \/>\n<meta property=\"og:image\" content=\"https:\/\/www.italiaeconomiaonline.it\/web\/wp-content\/uploads\/2018\/07\/p2-e1531909427362.jpg\" \/>\n\t<meta property=\"og:image:width\" content=\"1065\" \/>\n\t<meta property=\"og:image:height\" content=\"782\" \/>\n\t<meta property=\"og:image:type\" content=\"image\/jpeg\" \/>\n<meta name=\"author\" content=\"ladyitaliaeconomia\" \/>\n<meta name=\"twitter:card\" content=\"summary_large_image\" \/>\n<meta name=\"twitter:label1\" content=\"Scritto da\" \/>\n\t<meta name=\"twitter:data1\" content=\"ladyitaliaeconomia\" \/>\n\t<meta name=\"twitter:label2\" content=\"Tempo di lettura stimato\" \/>\n\t<meta name=\"twitter:data2\" content=\"2 minuti\" \/>\n<script type=\"application\/ld+json\" class=\"yoast-schema-graph\">{\"@context\":\"https:\/\/schema.org\",\"@graph\":[{\"@type\":\"WebPage\",\"@id\":\"https:\/\/www.italiaeconomiaonline.it\/web\/confcommercio-lombardia-riaperture-passo-avanti-ma-ancora-criticita\/\",\"url\":\"https:\/\/www.italiaeconomiaonline.it\/web\/confcommercio-lombardia-riaperture-passo-avanti-ma-ancora-criticita\/\",\"name\":\"Confcommercio Lombardia: riaperture passo avanti, ma ancora criticit\u00e0 -\",\"isPartOf\":{\"@id\":\"https:\/\/www.italiaeconomiaonline.it\/web\/#website\"},\"primaryImageOfPage\":{\"@id\":\"https:\/\/www.italiaeconomiaonline.it\/web\/confcommercio-lombardia-riaperture-passo-avanti-ma-ancora-criticita\/#primaryimage\"},\"image\":{\"@id\":\"https:\/\/www.italiaeconomiaonline.it\/web\/confcommercio-lombardia-riaperture-passo-avanti-ma-ancora-criticita\/#primaryimage\"},\"thumbnailUrl\":\"https:\/\/www.italiaeconomiaonline.it\/web\/wp-content\/uploads\/2018\/07\/p2-e1531909427362.jpg\",\"datePublished\":\"2021-05-19T07:49:45+00:00\",\"dateModified\":\"2021-05-19T07:50:51+00:00\",\"author\":{\"@id\":\"https:\/\/www.italiaeconomiaonline.it\/web\/#\/schema\/person\/909a49cce752523b020fbc37d5ab1c31\"},\"breadcrumb\":{\"@id\":\"https:\/\/www.italiaeconomiaonline.it\/web\/confcommercio-lombardia-riaperture-passo-avanti-ma-ancora-criticita\/#breadcrumb\"},\"inLanguage\":\"it-IT\",\"potentialAction\":[{\"@type\":\"ReadAction\",\"target\":[\"https:\/\/www.italiaeconomiaonline.it\/web\/confcommercio-lombardia-riaperture-passo-avanti-ma-ancora-criticita\/\"]}]},{\"@type\":\"ImageObject\",\"inLanguage\":\"it-IT\",\"@id\":\"https:\/\/www.italiaeconomiaonline.it\/web\/confcommercio-lombardia-riaperture-passo-avanti-ma-ancora-criticita\/#primaryimage\",\"url\":\"https:\/\/www.italiaeconomiaonline.it\/web\/wp-content\/uploads\/2018\/07\/p2-e1531909427362.jpg\",\"contentUrl\":\"https:\/\/www.italiaeconomiaonline.it\/web\/wp-content\/uploads\/2018\/07\/p2-e1531909427362.jpg\",\"width\":1065,\"height\":782},{\"@type\":\"BreadcrumbList\",\"@id\":\"https:\/\/www.italiaeconomiaonline.it\/web\/confcommercio-lombardia-riaperture-passo-avanti-ma-ancora-criticita\/#breadcrumb\",\"itemListElement\":[{\"@type\":\"ListItem\",\"position\":1,\"name\":\"Home\",\"item\":\"https:\/\/www.italiaeconomiaonline.it\/web\/\"},{\"@type\":\"ListItem\",\"position\":2,\"name\":\"Confcommercio Lombardia: riaperture passo avanti, ma ancora criticit\u00e0\"}]},{\"@type\":\"WebSite\",\"@id\":\"https:\/\/www.italiaeconomiaonline.it\/web\/#website\",\"url\":\"https:\/\/www.italiaeconomiaonline.it\/web\/\",\"name\":\"ItaliaEconomiaOnline\",\"description\":\"Quotidiano Economico Online\",\"potentialAction\":[{\"@type\":\"SearchAction\",\"target\":{\"@type\":\"EntryPoint\",\"urlTemplate\":\"https:\/\/www.italiaeconomiaonline.it\/web\/?s={search_term_string}\"},\"query-input\":\"required name=search_term_string\"}],\"inLanguage\":\"it-IT\"},{\"@type\":\"Person\",\"@id\":\"https:\/\/www.italiaeconomiaonline.it\/web\/#\/schema\/person\/909a49cce752523b020fbc37d5ab1c31\",\"name\":\"ladyitaliaeconomia\",\"image\":{\"@type\":\"ImageObject\",\"inLanguage\":\"it-IT\",\"@id\":\"https:\/\/www.italiaeconomiaonline.it\/web\/#\/schema\/person\/image\/\",\"url\":\"https:\/\/secure.gravatar.com\/avatar\/cedca10ce7416a579b9fa6bce9c0a8f2?s=96&d=mm&r=g\",\"contentUrl\":\"https:\/\/secure.gravatar.com\/avatar\/cedca10ce7416a579b9fa6bce9c0a8f2?s=96&d=mm&r=g\",\"caption\":\"ladyitaliaeconomia\"},\"url\":\"https:\/\/www.italiaeconomiaonline.it\/web\/author\/ladyitaliaeconomia\/\"}]}<\/script>\n<!-- \/ Yoast SEO plugin. -->","yoast_head_json":{"title":"Confcommercio Lombardia: riaperture passo avanti, ma ancora criticit\u00e0 -","robots":{"index":"index","follow":"follow","max-snippet":"max-snippet:-1","max-image-preview":"max-image-preview:large","max-video-preview":"max-video-preview:-1"},"canonical":"https:\/\/www.italiaeconomiaonline.it\/web\/confcommercio-lombardia-riaperture-passo-avanti-ma-ancora-criticita\/","og_locale":"it_IT","og_type":"article","og_title":"Confcommercio Lombardia: riaperture passo avanti, ma ancora criticit\u00e0 -","og_description":"Un cammino verso la riapertura che consentir\u00e0, anche in Lombardia, un graduale recupero per alcuni comparti anche se restano forti criticit\u00e0 per settori come l\u2019intrattenimento e le discoteche. \u00c8 il giudizio di Confcommercio Lombardia dopo le decisioni del Governo sul calendario delle riaperture. \u201cBene l\u2019allentamento del coprifuoco e, soprattutto, la possibilit\u00e0 della consumazione al chiuso [&hellip;]","og_url":"https:\/\/www.italiaeconomiaonline.it\/web\/confcommercio-lombardia-riaperture-passo-avanti-ma-ancora-criticita\/","og_site_name":"ItaliaEconomiaOnline","article_published_time":"2021-05-19T07:49:45+00:00","article_modified_time":"2021-05-19T07:50:51+00:00","og_image":[{"width":1065,"height":782,"url":"https:\/\/www.italiaeconomiaonline.it\/web\/wp-content\/uploads\/2018\/07\/p2-e1531909427362.jpg","type":"image\/jpeg"}],"author":"ladyitaliaeconomia","twitter_card":"summary_large_image","twitter_misc":{"Scritto da":"ladyitaliaeconomia","Tempo di lettura stimato":"2 minuti"},"schema":{"@context":"https:\/\/schema.org","@graph":[{"@type":"WebPage","@id":"https:\/\/www.italiaeconomiaonline.it\/web\/confcommercio-lombardia-riaperture-passo-avanti-ma-ancora-criticita\/","url":"https:\/\/www.italiaeconomiaonline.it\/web\/confcommercio-lombardia-riaperture-passo-avanti-ma-ancora-criticita\/","name":"Confcommercio Lombardia: riaperture passo avanti, ma ancora criticit\u00e0 -","isPartOf":{"@id":"https:\/\/www.italiaeconomiaonline.it\/web\/#website"},"primaryImageOfPage":{"@id":"https:\/\/www.italiaeconomiaonline.it\/web\/confcommercio-lombardia-riaperture-passo-avanti-ma-ancora-criticita\/#primaryimage"},"image":{"@id":"https:\/\/www.italiaeconomiaonline.it\/web\/confcommercio-lombardia-riaperture-passo-avanti-ma-ancora-criticita\/#primaryimage"},"thumbnailUrl":"https:\/\/www.italiaeconomiaonline.it\/web\/wp-content\/uploads\/2018\/07\/p2-e1531909427362.jpg","datePublished":"2021-05-19T07:49:45+00:00","dateModified":"2021-05-19T07:50:51+00:00","author":{"@id":"https:\/\/www.italiaeconomiaonline.it\/web\/#\/schema\/person\/909a49cce752523b020fbc37d5ab1c31"},"breadcrumb":{"@id":"https:\/\/www.italiaeconomiaonline.it\/web\/confcommercio-lombardia-riaperture-passo-avanti-ma-ancora-criticita\/#breadcrumb"},"inLanguage":"it-IT","potentialAction":[{"@type":"ReadAction","target":["https:\/\/www.italiaeconomiaonline.it\/web\/confcommercio-lombardia-riaperture-passo-avanti-ma-ancora-criticita\/"]}]},{"@type":"ImageObject","inLanguage":"it-IT","@id":"https:\/\/www.italiaeconomiaonline.it\/web\/confcommercio-lombardia-riaperture-passo-avanti-ma-ancora-criticita\/#primaryimage","url":"https:\/\/www.italiaeconomiaonline.it\/web\/wp-content\/uploads\/2018\/07\/p2-e1531909427362.jpg","contentUrl":"https:\/\/www.italiaeconomiaonline.it\/web\/wp-content\/uploads\/2018\/07\/p2-e1531909427362.jpg","width":1065,"height":782},{"@type":"BreadcrumbList","@id":"https:\/\/www.italiaeconomiaonline.it\/web\/confcommercio-lombardia-riaperture-passo-avanti-ma-ancora-criticita\/#breadcrumb","itemListElement":[{"@type":"ListItem","position":1,"name":"Home","item":"https:\/\/www.italiaeconomiaonline.it\/web\/"},{"@type":"ListItem","position":2,"name":"Confcommercio Lombardia: riaperture passo avanti, ma ancora criticit\u00e0"}]},{"@type":"WebSite","@id":"https:\/\/www.italiaeconomiaonline.it\/web\/#website","url":"https:\/\/www.italiaeconomiaonline.it\/web\/","name":"ItaliaEconomiaOnline","description":"Quotidiano Economico Online","potentialAction":[{"@type":"SearchAction","target":{"@type":"EntryPoint","urlTemplate":"https:\/\/www.italiaeconomiaonline.it\/web\/?s={search_term_string}"},"query-input":"required name=search_term_string"}],"inLanguage":"it-IT"},{"@type":"Person","@id":"https:\/\/www.italiaeconomiaonline.it\/web\/#\/schema\/person\/909a49cce752523b020fbc37d5ab1c31","name":"ladyitaliaeconomia","image":{"@type":"ImageObject","inLanguage":"it-IT","@id":"https:\/\/www.italiaeconomiaonline.it\/web\/#\/schema\/person\/image\/","url":"https:\/\/secure.gravatar.com\/avatar\/cedca10ce7416a579b9fa6bce9c0a8f2?s=96&d=mm&r=g","contentUrl":"https:\/\/secure.gravatar.com\/avatar\/cedca10ce7416a579b9fa6bce9c0a8f2?s=96&d=mm&r=g","caption":"ladyitaliaeconomia"},"url":"https:\/\/www.italiaeconomiaonline.it\/web\/author\/ladyitaliaeconomia\/"}]}},"_links":{"self":[{"href":"https:\/\/www.italiaeconomiaonline.it\/web\/wp-json\/wp\/v2\/posts\/5878"}],"collection":[{"href":"https:\/\/www.italiaeconomiaonline.it\/web\/wp-json\/wp\/v2\/posts"}],"about":[{"href":"https:\/\/www.italiaeconomiaonline.it\/web\/wp-json\/wp\/v2\/types\/post"}],"author":[{"embeddable":true,"href":"https:\/\/www.italiaeconomiaonline.it\/web\/wp-json\/wp\/v2\/users\/1"}],"replies":[{"embeddable":true,"href":"https:\/\/www.italiaeconomiaonline.it\/web\/wp-json\/wp\/v2\/comments?post=5878"}],"version-history":[{"count":1,"href":"https:\/\/www.italiaeconomiaonline.it\/web\/wp-json\/wp\/v2\/posts\/5878\/revisions"}],"predecessor-version":[{"id":5879,"href":"https:\/\/www.italiaeconomiaonline.it\/web\/wp-json\/wp\/v2\/posts\/5878\/revisions\/5879"}],"wp:featuredmedia":[{"embeddable":true,"href":"https:\/\/www.italiaeconomiaonline.it\/web\/wp-json\/wp\/v2\/media\/21"}],"wp:attachment":[{"href":"https:\/\/www.italiaeconomiaonline.it\/web\/wp-json\/wp\/v2\/media?parent=5878"}],"wp:term":[{"taxonomy":"category","embeddable":true,"href":"https:\/\/www.italiaeconomiaonline.it\/web\/wp-json\/wp\/v2\/categories?post=5878"},{"taxonomy":"post_tag","embeddable":true,"href":"https:\/\/www.italiaeconomiaonline.it\/web\/wp-json\/wp\/v2\/tags?post=5878"}],"curies":[{"name":"wp","href":"https:\/\/api.w.org\/{rel}","templated":true}]}}