{"id":5883,"date":"2021-05-19T10:07:10","date_gmt":"2021-05-19T08:07:10","guid":{"rendered":"http:\/\/www.italiaeconomiaonline.it\/web\/?p=5883"},"modified":"2021-05-19T10:07:10","modified_gmt":"2021-05-19T08:07:10","slug":"due-piemontesi-per-la-piccola-industria-nel-consiglio-generale-di-confindustria","status":"publish","type":"post","link":"https:\/\/www.italiaeconomiaonline.it\/web\/due-piemontesi-per-la-piccola-industria-nel-consiglio-generale-di-confindustria\/","title":{"rendered":"Due piemontesi per la piccola industria nel consiglio generale di Confindustria"},"content":{"rendered":"<p><strong><span class=\"dropcap dropcap3\">G<\/span>abriella Marchioni Bocca<\/strong>\u00a0e\u00a0<strong>Nicol\u00f2 Zumaglini<\/strong>, rispettivamente Presidente e Vice\u00a0Presidente della Piccola Industria di Confindustria Piemonte, sono stati nominati <a class=\"matchTooltip\">oggi<\/a> a\u00a0<strong>rappresentanti di Piccola Industria nazionale nel Consiglio Generale di Confindustria<\/strong>\u00a0per il\u00a0<strong>biennio 2021-2023<\/strong>.<\/p>\n<p><em>\u00abRingrazio sia il mio Comitato Regionale di Piccola Industria che il Consiglio Centrale PI di Confindustria per la mia recente nomina a loro rappresentante \u2013<\/em>\u00a0ha dichiarato\u00a0<strong>Gabriella Marchioni Bocca<\/strong><em>\u00a0\u2013 In questo periodo cos\u00ec complesso per il nostro tessuto manifatturiero \u00e8 fondamentale che tutte le categorie economiche si concentrino sul raggiungimento di obiettivi comuni. Sono certa che i delegati del Consiglio Generale sapranno\u00a0elaborare le giuste azioni strategiche di medio e lungo periodo e\u00a0ricreare le condizioni favorevoli alla ripresa del Paese, duramente colpito dagli effetti della pandemia.\u00bb<\/em><\/p>\n<p>\u00ab<em>La \u201cPiccola\u201d ce l\u2019ho nel cuore da sempre, mi ha accompagnato nel mio impegno all\u2019interno di Unione Industriale Biellese e del sistema confindustriale e, <a class=\"matchTooltip\">oggi<\/a> pi\u00f9 che mai, sono contento e fiero di poterla rappresentare nel Consiglio Generale di Confindustria<\/em>\u00a0\u2013 ha commentato\u00a0<strong>Nicol\u00f2 Zumaglini<\/strong>, Vice presidente Piccola Industria di Confindustria Piemonte \u2013\u00a0<em>Sono infatti convinto che la voce dei territori, e delle piccole e medie imprese che costituiscono la maggior parte del nostro tessuto manifatturiero, sia preziosa per il confronto all\u2019interno di Confindustria. In un momento complesso come quello che stiamo attraversando, infatti, \u00e8 fondamentale rendere ancora pi\u00f9 incisiva l\u2019azione di rappresentanza che mette al centro le istanze delle imprese per la ripresa del Paese<\/em>\u201d.<\/p>\n<p><strong>\u00a0<\/strong><\/p>\n<p><strong>Gabriella <\/strong><strong>Marchioni Bocca<\/strong>, 56 anni, Presidente Piccola Industria di Confindustria Piemonte, \u00e8 Amministratore Delegato della Lamebo S.r.l., con sede a Lein\u00ec (TO), azienda metalmeccanica, maggior produttrice italiana di lame a spaccare per concerie, calzaturifici, pellicceria e lavorazione di materiali espansi, sintetici e sugherifici.<\/p>\n<p>&nbsp;<\/p>\n<p><a href=\"http:\/\/www.italiaeconomiaonline.it\/web\/wp-content\/uploads\/2021\/05\/Schermata-2021-05-19-alle-10.04.23.png\"><img decoding=\"async\" loading=\"lazy\" class=\"alignleft wp-image-5884 size-medium\" src=\"http:\/\/www.italiaeconomiaonline.it\/web\/wp-content\/uploads\/2021\/05\/Schermata-2021-05-19-alle-10.04.23-300x187.png\" alt=\"\" width=\"300\" height=\"187\" srcset=\"https:\/\/www.italiaeconomiaonline.it\/web\/wp-content\/uploads\/2021\/05\/Schermata-2021-05-19-alle-10.04.23-300x187.png 300w, https:\/\/www.italiaeconomiaonline.it\/web\/wp-content\/uploads\/2021\/05\/Schermata-2021-05-19-alle-10.04.23-1024x638.png 1024w, https:\/\/www.italiaeconomiaonline.it\/web\/wp-content\/uploads\/2021\/05\/Schermata-2021-05-19-alle-10.04.23-768x479.png 768w, https:\/\/www.italiaeconomiaonline.it\/web\/wp-content\/uploads\/2021\/05\/Schermata-2021-05-19-alle-10.04.23-696x434.png 696w, https:\/\/www.italiaeconomiaonline.it\/web\/wp-content\/uploads\/2021\/05\/Schermata-2021-05-19-alle-10.04.23-1068x666.png 1068w, https:\/\/www.italiaeconomiaonline.it\/web\/wp-content\/uploads\/2021\/05\/Schermata-2021-05-19-alle-10.04.23-674x420.png 674w, https:\/\/www.italiaeconomiaonline.it\/web\/wp-content\/uploads\/2021\/05\/Schermata-2021-05-19-alle-10.04.23.png 1364w\" sizes=\"(max-width: 300px) 100vw, 300px\" \/><\/a>Biellese,\u00a0<strong>Nicol\u00f2 Zumaglini<\/strong>\u00a0parteciper\u00e0 anche al Consiglio Centrale della Piccola Industria nazionale. \u00c8 vice presidente del Comitato Piccola Industria di Confindustria Piemonte ed \u00e8 il rappresentante della Piccola Industria nel Consiglio Generale dell\u2019Unione Industriale Biellese. Riveste anche la carica di presidente di Crab Medicina e Ambiente, societ\u00e0 facente capo all&#8217;Unione Industriale Biellese che eroga servizi organizzati ed integrati in ambito di sicurezza dei luoghi di lavoro ed impatto ambientale esterno. Dal 2016 al 2020 \u00e8 stato vice presidente Uib con delega alle Relazioni Industriali, Welfare e Sicurezza. \u00c8 stato alla presidenza della Piccola Industria Uib dal 2010 al 2016.<\/p>\n<p>&nbsp;<\/p>\n","protected":false},"excerpt":{"rendered":"<p>Gabriella Marchioni Bocca\u00a0e\u00a0Nicol\u00f2 Zumaglini, rispettivamente Presidente e Vice\u00a0Presidente della Piccola Industria di Confindustria Piemonte, sono stati nominati oggi a\u00a0rappresentanti di Piccola Industria nazionale nel Consiglio Generale di Confindustria\u00a0per il\u00a0biennio 2021-2023. \u00abRingrazio sia il mio Comitato Regionale di Piccola Industria che il Consiglio Centrale PI di Confindustria per la mia recente nomina a loro rappresentante \u2013\u00a0ha [&hellip;]<\/p>\n","protected":false},"author":1,"featured_media":5885,"comment_status":"closed","ping_status":"open","sticky":false,"template":"","format":"standard","meta":{"footnotes":""},"categories":[311],"tags":[180,1693,1709,1708,1647],"yoast_head":"<!-- This site is optimized with the Yoast SEO plugin v22.2 - https:\/\/yoast.com\/wordpress\/plugins\/seo\/ -->\n<title>Due piemontesi per la piccola industria nel consiglio generale di Confindustria -<\/title>\n<meta name=\"robots\" content=\"index, follow, max-snippet:-1, max-image-preview:large, max-video-preview:-1\" \/>\n<link rel=\"canonical\" href=\"https:\/\/www.italiaeconomiaonline.it\/web\/due-piemontesi-per-la-piccola-industria-nel-consiglio-generale-di-confindustria\/\" \/>\n<meta property=\"og:locale\" content=\"it_IT\" \/>\n<meta property=\"og:type\" content=\"article\" \/>\n<meta property=\"og:title\" content=\"Due piemontesi per la piccola industria nel consiglio generale di Confindustria -\" \/>\n<meta property=\"og:description\" content=\"Gabriella Marchioni Bocca\u00a0e\u00a0Nicol\u00f2 Zumaglini, rispettivamente Presidente e Vice\u00a0Presidente della Piccola Industria di Confindustria Piemonte, sono stati nominati oggi a\u00a0rappresentanti di Piccola Industria nazionale nel Consiglio Generale di Confindustria\u00a0per il\u00a0biennio 2021-2023. \u00abRingrazio sia il mio Comitato Regionale di Piccola Industria che il Consiglio Centrale PI di Confindustria per la mia recente nomina a loro rappresentante \u2013\u00a0ha [&hellip;]\" \/>\n<meta property=\"og:url\" content=\"https:\/\/www.italiaeconomiaonline.it\/web\/due-piemontesi-per-la-piccola-industria-nel-consiglio-generale-di-confindustria\/\" \/>\n<meta property=\"og:site_name\" content=\"ItaliaEconomiaOnline\" \/>\n<meta property=\"article:published_time\" content=\"2021-05-19T08:07:10+00:00\" \/>\n<meta property=\"og:image\" content=\"https:\/\/www.italiaeconomiaonline.it\/web\/wp-content\/uploads\/2021\/05\/Schermata-2021-05-19-alle-10.04.44.png\" \/>\n\t<meta property=\"og:image:width\" content=\"1094\" \/>\n\t<meta property=\"og:image:height\" content=\"710\" \/>\n\t<meta property=\"og:image:type\" content=\"image\/png\" \/>\n<meta name=\"author\" content=\"ladyitaliaeconomia\" \/>\n<meta name=\"twitter:card\" content=\"summary_large_image\" \/>\n<meta name=\"twitter:label1\" content=\"Scritto da\" \/>\n\t<meta name=\"twitter:data1\" content=\"ladyitaliaeconomia\" \/>\n\t<meta name=\"twitter:label2\" content=\"Tempo di lettura stimato\" \/>\n\t<meta name=\"twitter:data2\" content=\"2 minuti\" \/>\n<script type=\"application\/ld+json\" class=\"yoast-schema-graph\">{\"@context\":\"https:\/\/schema.org\",\"@graph\":[{\"@type\":\"WebPage\",\"@id\":\"https:\/\/www.italiaeconomiaonline.it\/web\/due-piemontesi-per-la-piccola-industria-nel-consiglio-generale-di-confindustria\/\",\"url\":\"https:\/\/www.italiaeconomiaonline.it\/web\/due-piemontesi-per-la-piccola-industria-nel-consiglio-generale-di-confindustria\/\",\"name\":\"Due piemontesi per la piccola industria nel consiglio generale di Confindustria -\",\"isPartOf\":{\"@id\":\"https:\/\/www.italiaeconomiaonline.it\/web\/#website\"},\"primaryImageOfPage\":{\"@id\":\"https:\/\/www.italiaeconomiaonline.it\/web\/due-piemontesi-per-la-piccola-industria-nel-consiglio-generale-di-confindustria\/#primaryimage\"},\"image\":{\"@id\":\"https:\/\/www.italiaeconomiaonline.it\/web\/due-piemontesi-per-la-piccola-industria-nel-consiglio-generale-di-confindustria\/#primaryimage\"},\"thumbnailUrl\":\"https:\/\/www.italiaeconomiaonline.it\/web\/wp-content\/uploads\/2021\/05\/Schermata-2021-05-19-alle-10.04.44.png\",\"datePublished\":\"2021-05-19T08:07:10+00:00\",\"dateModified\":\"2021-05-19T08:07:10+00:00\",\"author\":{\"@id\":\"https:\/\/www.italiaeconomiaonline.it\/web\/#\/schema\/person\/909a49cce752523b020fbc37d5ab1c31\"},\"breadcrumb\":{\"@id\":\"https:\/\/www.italiaeconomiaonline.it\/web\/due-piemontesi-per-la-piccola-industria-nel-consiglio-generale-di-confindustria\/#breadcrumb\"},\"inLanguage\":\"it-IT\",\"potentialAction\":[{\"@type\":\"ReadAction\",\"target\":[\"https:\/\/www.italiaeconomiaonline.it\/web\/due-piemontesi-per-la-piccola-industria-nel-consiglio-generale-di-confindustria\/\"]}]},{\"@type\":\"ImageObject\",\"inLanguage\":\"it-IT\",\"@id\":\"https:\/\/www.italiaeconomiaonline.it\/web\/due-piemontesi-per-la-piccola-industria-nel-consiglio-generale-di-confindustria\/#primaryimage\",\"url\":\"https:\/\/www.italiaeconomiaonline.it\/web\/wp-content\/uploads\/2021\/05\/Schermata-2021-05-19-alle-10.04.44.png\",\"contentUrl\":\"https:\/\/www.italiaeconomiaonline.it\/web\/wp-content\/uploads\/2021\/05\/Schermata-2021-05-19-alle-10.04.44.png\",\"width\":1094,\"height\":710,\"caption\":\"Gabriella Marchioni Bocca\"},{\"@type\":\"BreadcrumbList\",\"@id\":\"https:\/\/www.italiaeconomiaonline.it\/web\/due-piemontesi-per-la-piccola-industria-nel-consiglio-generale-di-confindustria\/#breadcrumb\",\"itemListElement\":[{\"@type\":\"ListItem\",\"position\":1,\"name\":\"Home\",\"item\":\"https:\/\/www.italiaeconomiaonline.it\/web\/\"},{\"@type\":\"ListItem\",\"position\":2,\"name\":\"Due piemontesi per la piccola industria nel consiglio generale di Confindustria\"}]},{\"@type\":\"WebSite\",\"@id\":\"https:\/\/www.italiaeconomiaonline.it\/web\/#website\",\"url\":\"https:\/\/www.italiaeconomiaonline.it\/web\/\",\"name\":\"ItaliaEconomiaOnline\",\"description\":\"Quotidiano Economico Online\",\"potentialAction\":[{\"@type\":\"SearchAction\",\"target\":{\"@type\":\"EntryPoint\",\"urlTemplate\":\"https:\/\/www.italiaeconomiaonline.it\/web\/?s={search_term_string}\"},\"query-input\":\"required name=search_term_string\"}],\"inLanguage\":\"it-IT\"},{\"@type\":\"Person\",\"@id\":\"https:\/\/www.italiaeconomiaonline.it\/web\/#\/schema\/person\/909a49cce752523b020fbc37d5ab1c31\",\"name\":\"ladyitaliaeconomia\",\"image\":{\"@type\":\"ImageObject\",\"inLanguage\":\"it-IT\",\"@id\":\"https:\/\/www.italiaeconomiaonline.it\/web\/#\/schema\/person\/image\/\",\"url\":\"https:\/\/secure.gravatar.com\/avatar\/cedca10ce7416a579b9fa6bce9c0a8f2?s=96&d=mm&r=g\",\"contentUrl\":\"https:\/\/secure.gravatar.com\/avatar\/cedca10ce7416a579b9fa6bce9c0a8f2?s=96&d=mm&r=g\",\"caption\":\"ladyitaliaeconomia\"},\"url\":\"https:\/\/www.italiaeconomiaonline.it\/web\/author\/ladyitaliaeconomia\/\"}]}<\/script>\n<!-- \/ Yoast SEO plugin. -->","yoast_head_json":{"title":"Due piemontesi per la piccola industria nel consiglio generale di Confindustria -","robots":{"index":"index","follow":"follow","max-snippet":"max-snippet:-1","max-image-preview":"max-image-preview:large","max-video-preview":"max-video-preview:-1"},"canonical":"https:\/\/www.italiaeconomiaonline.it\/web\/due-piemontesi-per-la-piccola-industria-nel-consiglio-generale-di-confindustria\/","og_locale":"it_IT","og_type":"article","og_title":"Due piemontesi per la piccola industria nel consiglio generale di Confindustria -","og_description":"Gabriella Marchioni Bocca\u00a0e\u00a0Nicol\u00f2 Zumaglini, rispettivamente Presidente e Vice\u00a0Presidente della Piccola Industria di Confindustria Piemonte, sono stati nominati oggi a\u00a0rappresentanti di Piccola Industria nazionale nel Consiglio Generale di Confindustria\u00a0per il\u00a0biennio 2021-2023. \u00abRingrazio sia il mio Comitato Regionale di Piccola Industria che il Consiglio Centrale PI di Confindustria per la mia recente nomina a loro rappresentante \u2013\u00a0ha [&hellip;]","og_url":"https:\/\/www.italiaeconomiaonline.it\/web\/due-piemontesi-per-la-piccola-industria-nel-consiglio-generale-di-confindustria\/","og_site_name":"ItaliaEconomiaOnline","article_published_time":"2021-05-19T08:07:10+00:00","og_image":[{"width":1094,"height":710,"url":"https:\/\/www.italiaeconomiaonline.it\/web\/wp-content\/uploads\/2021\/05\/Schermata-2021-05-19-alle-10.04.44.png","type":"image\/png"}],"author":"ladyitaliaeconomia","twitter_card":"summary_large_image","twitter_misc":{"Scritto da":"ladyitaliaeconomia","Tempo di lettura stimato":"2 minuti"},"schema":{"@context":"https:\/\/schema.org","@graph":[{"@type":"WebPage","@id":"https:\/\/www.italiaeconomiaonline.it\/web\/due-piemontesi-per-la-piccola-industria-nel-consiglio-generale-di-confindustria\/","url":"https:\/\/www.italiaeconomiaonline.it\/web\/due-piemontesi-per-la-piccola-industria-nel-consiglio-generale-di-confindustria\/","name":"Due piemontesi per la piccola industria nel consiglio generale di Confindustria -","isPartOf":{"@id":"https:\/\/www.italiaeconomiaonline.it\/web\/#website"},"primaryImageOfPage":{"@id":"https:\/\/www.italiaeconomiaonline.it\/web\/due-piemontesi-per-la-piccola-industria-nel-consiglio-generale-di-confindustria\/#primaryimage"},"image":{"@id":"https:\/\/www.italiaeconomiaonline.it\/web\/due-piemontesi-per-la-piccola-industria-nel-consiglio-generale-di-confindustria\/#primaryimage"},"thumbnailUrl":"https:\/\/www.italiaeconomiaonline.it\/web\/wp-content\/uploads\/2021\/05\/Schermata-2021-05-19-alle-10.04.44.png","datePublished":"2021-05-19T08:07:10+00:00","dateModified":"2021-05-19T08:07:10+00:00","author":{"@id":"https:\/\/www.italiaeconomiaonline.it\/web\/#\/schema\/person\/909a49cce752523b020fbc37d5ab1c31"},"breadcrumb":{"@id":"https:\/\/www.italiaeconomiaonline.it\/web\/due-piemontesi-per-la-piccola-industria-nel-consiglio-generale-di-confindustria\/#breadcrumb"},"inLanguage":"it-IT","potentialAction":[{"@type":"ReadAction","target":["https:\/\/www.italiaeconomiaonline.it\/web\/due-piemontesi-per-la-piccola-industria-nel-consiglio-generale-di-confindustria\/"]}]},{"@type":"ImageObject","inLanguage":"it-IT","@id":"https:\/\/www.italiaeconomiaonline.it\/web\/due-piemontesi-per-la-piccola-industria-nel-consiglio-generale-di-confindustria\/#primaryimage","url":"https:\/\/www.italiaeconomiaonline.it\/web\/wp-content\/uploads\/2021\/05\/Schermata-2021-05-19-alle-10.04.44.png","contentUrl":"https:\/\/www.italiaeconomiaonline.it\/web\/wp-content\/uploads\/2021\/05\/Schermata-2021-05-19-alle-10.04.44.png","width":1094,"height":710,"caption":"Gabriella Marchioni Bocca"},{"@type":"BreadcrumbList","@id":"https:\/\/www.italiaeconomiaonline.it\/web\/due-piemontesi-per-la-piccola-industria-nel-consiglio-generale-di-confindustria\/#breadcrumb","itemListElement":[{"@type":"ListItem","position":1,"name":"Home","item":"https:\/\/www.italiaeconomiaonline.it\/web\/"},{"@type":"ListItem","position":2,"name":"Due piemontesi per la piccola industria nel consiglio generale di Confindustria"}]},{"@type":"WebSite","@id":"https:\/\/www.italiaeconomiaonline.it\/web\/#website","url":"https:\/\/www.italiaeconomiaonline.it\/web\/","name":"ItaliaEconomiaOnline","description":"Quotidiano Economico Online","potentialAction":[{"@type":"SearchAction","target":{"@type":"EntryPoint","urlTemplate":"https:\/\/www.italiaeconomiaonline.it\/web\/?s={search_term_string}"},"query-input":"required name=search_term_string"}],"inLanguage":"it-IT"},{"@type":"Person","@id":"https:\/\/www.italiaeconomiaonline.it\/web\/#\/schema\/person\/909a49cce752523b020fbc37d5ab1c31","name":"ladyitaliaeconomia","image":{"@type":"ImageObject","inLanguage":"it-IT","@id":"https:\/\/www.italiaeconomiaonline.it\/web\/#\/schema\/person\/image\/","url":"https:\/\/secure.gravatar.com\/avatar\/cedca10ce7416a579b9fa6bce9c0a8f2?s=96&d=mm&r=g","contentUrl":"https:\/\/secure.gravatar.com\/avatar\/cedca10ce7416a579b9fa6bce9c0a8f2?s=96&d=mm&r=g","caption":"ladyitaliaeconomia"},"url":"https:\/\/www.italiaeconomiaonline.it\/web\/author\/ladyitaliaeconomia\/"}]}},"_links":{"self":[{"href":"https:\/\/www.italiaeconomiaonline.it\/web\/wp-json\/wp\/v2\/posts\/5883"}],"collection":[{"href":"https:\/\/www.italiaeconomiaonline.it\/web\/wp-json\/wp\/v2\/posts"}],"about":[{"href":"https:\/\/www.italiaeconomiaonline.it\/web\/wp-json\/wp\/v2\/types\/post"}],"author":[{"embeddable":true,"href":"https:\/\/www.italiaeconomiaonline.it\/web\/wp-json\/wp\/v2\/users\/1"}],"replies":[{"embeddable":true,"href":"https:\/\/www.italiaeconomiaonline.it\/web\/wp-json\/wp\/v2\/comments?post=5883"}],"version-history":[{"count":1,"href":"https:\/\/www.italiaeconomiaonline.it\/web\/wp-json\/wp\/v2\/posts\/5883\/revisions"}],"predecessor-version":[{"id":5886,"href":"https:\/\/www.italiaeconomiaonline.it\/web\/wp-json\/wp\/v2\/posts\/5883\/revisions\/5886"}],"wp:featuredmedia":[{"embeddable":true,"href":"https:\/\/www.italiaeconomiaonline.it\/web\/wp-json\/wp\/v2\/media\/5885"}],"wp:attachment":[{"href":"https:\/\/www.italiaeconomiaonline.it\/web\/wp-json\/wp\/v2\/media?parent=5883"}],"wp:term":[{"taxonomy":"category","embeddable":true,"href":"https:\/\/www.italiaeconomiaonline.it\/web\/wp-json\/wp\/v2\/categories?post=5883"},{"taxonomy":"post_tag","embeddable":true,"href":"https:\/\/www.italiaeconomiaonline.it\/web\/wp-json\/wp\/v2\/tags?post=5883"}],"curies":[{"name":"wp","href":"https:\/\/api.w.org\/{rel}","templated":true}]}}