{"id":5887,"date":"2021-05-19T11:52:47","date_gmt":"2021-05-19T09:52:47","guid":{"rendered":"http:\/\/www.italiaeconomiaonline.it\/web\/?p=5887"},"modified":"2021-05-19T11:55:25","modified_gmt":"2021-05-19T09:55:25","slug":"giornata-mondiale-delle-api-fai-apicoltori-in-aumento-produzione-in-calo","status":"publish","type":"post","link":"https:\/\/www.italiaeconomiaonline.it\/web\/giornata-mondiale-delle-api-fai-apicoltori-in-aumento-produzione-in-calo\/","title":{"rendered":"Giornata mondiale delle api, Fai: apicoltori in aumento, produzione in calo"},"content":{"rendered":"<p><span class=\"dropcap dropcap3\">L<\/span>a Giornata mondiale dell\u2019ape sar\u00e0 per il nostro Paese la \u2018Giornata Mondiale dell\u2019Ape Italiana\u2019, sottospecie di ape autoctona propagata in poco pi\u00f9 di un secolo su tutto il pianeta: un\u2019ape diffusa, apprezzata e allevata su scala planetaria. Un caso unico che spiega le ragioni dell\u2019orgoglio e dell\u2019impegno della comunit\u00e0 apistica nazionale nel tutelare e salvaguardare questo prezioso patrimonio della nostra biodiversit\u00e0\u201d.<\/p>\n<p>&nbsp;<\/p>\n<p>&nbsp;<\/p>\n<p>Cos\u00ec Raffaele Cirone, presidente della FAI-Federazione Apicoltori Italiani, in occasione della quarta edizione della Giornata dedicata alle api: \u201cL\u2019apicoltura italiana &#8211; ricorda &#8211; costituisce un fondamentale settore del comparto agricolo, sia per la capacit\u00e0 produttiva raggiunta sia per la nota funzione impollinatrice che le api svolgono a favore degli ambienti rurali, naturali e urbani\u201d.<\/p>\n<p>&nbsp;<\/p>\n<p>&nbsp;<\/p>\n<p>Gli apicoltori censiti in Italia sono in costante aumento: circa 65.000, cui se ne aggiungono almeno altri 10.000 che, specie tra i giovani, nonostante la pandemia, stanno manifestando il proposito di avvicinarsi a questo allevamento seguendo i necessari corsi di formazione.<\/p>\n<p>&nbsp;<\/p>\n<p>&nbsp;<\/p>\n<p>Altra buona notizia, in controtendenza con un certo clamore mediatico che vedrebbe le api mellifere come specie di via di estinzione, \u00e8 l\u2019incremento costante del patrimonio apistico nazionale che, nonostante le numerose avversit\u00e0, nell\u2019ultimo censimento 2020 ha raggiunto la quota di 1.950.000 alveari. \u201cUn capitale naturale &#8211; evidenzia Cirone &#8211; il cui valore \u00e8 stimato in ben 500 milioni di euro, di gran lunga superiore alla produzione lorda vendibile dell\u2019intero comparto\u201d.<\/p>\n<p>&nbsp;<\/p>\n<p>&nbsp;<\/p>\n<p>Il punto critico dell\u2019apicoltura italiana, comunque, resta quello della produzione del miele, il cui valore potenziale annuo \u00e8 atteso in circa 25.000 tonnellate e che invece, da ormai cinque anni, \u00e8 soggetto a una costante riduzione dovuta alle avversit\u00e0 atmosferiche e ai cambiamenti climatici. Situazione di estrema gravit\u00e0 che la FAI ha segnalato al Ministro delle Politiche Agricole, Stefano Patuanelli, e al Sottosegretario all\u2019Agricoltura, con delega all\u2019Apicoltura, Gian Marco Centinaio. La mancata produzione dei mieli primaverili italiani \u00e8 ormai strutturale: come tale va gestita, adottando interventi compensativi per gli Apicoltori affinch\u00e9 non abbandonino questa attivit\u00e0.<\/p>\n<p>&nbsp;<\/p>\n<p>&nbsp;<\/p>\n<p>Al di l\u00e0 del valore apistico, infatti, la presenza di alveari sul territorio, genera in Italia ben 2 miliardi di Euro di valore della produzione delle colture di interesse agro-alimentare, cui si deve aggiungere quello dell\u2019apporto ecosistemico che le api garantiscono con il servizio di impollinazione alla biodiversit\u00e0 dei nostri ambienti naturali, stimato in 150 miliardi di euro.<\/p>\n<p>&nbsp;<\/p>\n<p>&nbsp;<\/p>\n<p>La Giornata Mondiale delle Api &#8211; ricordano infine Confagricoltura e FAI &#8211; deve essere l\u2019occasione per agevolare e consolidare il ruolo che apicoltori e agricoltori per primi, operano in concreto ogni giorno, aiutando l\u2019ape mellifera e gli impollinatori a ritrovare la loro naturale collocazione in tutte le aziende agricole italiane.<\/p>\n<p>&nbsp;<\/p>\n<p>&nbsp;<\/p>\n<p>&nbsp;<\/p>\n<p>&nbsp;<\/p>\n<p>&nbsp;<\/p>\n<p>&nbsp;<\/p>\n","protected":false},"excerpt":{"rendered":"<p>La Giornata mondiale dell\u2019ape sar\u00e0 per il nostro Paese la \u2018Giornata Mondiale dell\u2019Ape Italiana\u2019, sottospecie di ape autoctona propagata in poco pi\u00f9 di un secolo su tutto il pianeta: un\u2019ape diffusa, apprezzata e allevata su scala planetaria. Un caso unico che spiega le ragioni dell\u2019orgoglio e dell\u2019impegno della comunit\u00e0 apistica nazionale nel tutelare e salvaguardare [&hellip;]<\/p>\n","protected":false},"author":1,"featured_media":5890,"comment_status":"closed","ping_status":"open","sticky":false,"template":"","format":"standard","meta":{"footnotes":""},"categories":[56],"tags":[],"yoast_head":"<!-- This site is optimized with the Yoast SEO plugin v22.2 - https:\/\/yoast.com\/wordpress\/plugins\/seo\/ -->\n<title>Giornata mondiale delle api, Fai: apicoltori in aumento, produzione in calo -<\/title>\n<meta name=\"robots\" content=\"index, follow, max-snippet:-1, max-image-preview:large, max-video-preview:-1\" \/>\n<link rel=\"canonical\" href=\"https:\/\/www.italiaeconomiaonline.it\/web\/giornata-mondiale-delle-api-fai-apicoltori-in-aumento-produzione-in-calo\/\" \/>\n<meta property=\"og:locale\" content=\"it_IT\" \/>\n<meta property=\"og:type\" content=\"article\" \/>\n<meta property=\"og:title\" content=\"Giornata mondiale delle api, Fai: apicoltori in aumento, produzione in calo -\" \/>\n<meta property=\"og:description\" content=\"La Giornata mondiale dell\u2019ape sar\u00e0 per il nostro Paese la \u2018Giornata Mondiale dell\u2019Ape Italiana\u2019, sottospecie di ape autoctona propagata in poco pi\u00f9 di un secolo su tutto il pianeta: un\u2019ape diffusa, apprezzata e allevata su scala planetaria. Un caso unico che spiega le ragioni dell\u2019orgoglio e dell\u2019impegno della comunit\u00e0 apistica nazionale nel tutelare e salvaguardare [&hellip;]\" \/>\n<meta property=\"og:url\" content=\"https:\/\/www.italiaeconomiaonline.it\/web\/giornata-mondiale-delle-api-fai-apicoltori-in-aumento-produzione-in-calo\/\" \/>\n<meta property=\"og:site_name\" content=\"ItaliaEconomiaOnline\" \/>\n<meta property=\"article:published_time\" content=\"2021-05-19T09:52:47+00:00\" \/>\n<meta property=\"article:modified_time\" content=\"2021-05-19T09:55:25+00:00\" \/>\n<meta property=\"og:image\" content=\"https:\/\/www.italiaeconomiaonline.it\/web\/wp-content\/uploads\/2021\/05\/Schermata-2021-05-19-alle-11.54.41-1024x659.png\" \/>\n\t<meta property=\"og:image:width\" content=\"1024\" \/>\n\t<meta property=\"og:image:height\" content=\"659\" \/>\n\t<meta property=\"og:image:type\" content=\"image\/png\" \/>\n<meta name=\"author\" content=\"ladyitaliaeconomia\" \/>\n<meta name=\"twitter:card\" content=\"summary_large_image\" \/>\n<meta name=\"twitter:label1\" content=\"Scritto da\" \/>\n\t<meta name=\"twitter:data1\" content=\"ladyitaliaeconomia\" \/>\n\t<meta name=\"twitter:label2\" content=\"Tempo di lettura stimato\" \/>\n\t<meta name=\"twitter:data2\" content=\"2 minuti\" \/>\n<script type=\"application\/ld+json\" class=\"yoast-schema-graph\">{\"@context\":\"https:\/\/schema.org\",\"@graph\":[{\"@type\":\"WebPage\",\"@id\":\"https:\/\/www.italiaeconomiaonline.it\/web\/giornata-mondiale-delle-api-fai-apicoltori-in-aumento-produzione-in-calo\/\",\"url\":\"https:\/\/www.italiaeconomiaonline.it\/web\/giornata-mondiale-delle-api-fai-apicoltori-in-aumento-produzione-in-calo\/\",\"name\":\"Giornata mondiale delle api, Fai: apicoltori in aumento, produzione in calo -\",\"isPartOf\":{\"@id\":\"https:\/\/www.italiaeconomiaonline.it\/web\/#website\"},\"primaryImageOfPage\":{\"@id\":\"https:\/\/www.italiaeconomiaonline.it\/web\/giornata-mondiale-delle-api-fai-apicoltori-in-aumento-produzione-in-calo\/#primaryimage\"},\"image\":{\"@id\":\"https:\/\/www.italiaeconomiaonline.it\/web\/giornata-mondiale-delle-api-fai-apicoltori-in-aumento-produzione-in-calo\/#primaryimage\"},\"thumbnailUrl\":\"https:\/\/www.italiaeconomiaonline.it\/web\/wp-content\/uploads\/2021\/05\/Schermata-2021-05-19-alle-11.54.41.png\",\"datePublished\":\"2021-05-19T09:52:47+00:00\",\"dateModified\":\"2021-05-19T09:55:25+00:00\",\"author\":{\"@id\":\"https:\/\/www.italiaeconomiaonline.it\/web\/#\/schema\/person\/909a49cce752523b020fbc37d5ab1c31\"},\"breadcrumb\":{\"@id\":\"https:\/\/www.italiaeconomiaonline.it\/web\/giornata-mondiale-delle-api-fai-apicoltori-in-aumento-produzione-in-calo\/#breadcrumb\"},\"inLanguage\":\"it-IT\",\"potentialAction\":[{\"@type\":\"ReadAction\",\"target\":[\"https:\/\/www.italiaeconomiaonline.it\/web\/giornata-mondiale-delle-api-fai-apicoltori-in-aumento-produzione-in-calo\/\"]}]},{\"@type\":\"ImageObject\",\"inLanguage\":\"it-IT\",\"@id\":\"https:\/\/www.italiaeconomiaonline.it\/web\/giornata-mondiale-delle-api-fai-apicoltori-in-aumento-produzione-in-calo\/#primaryimage\",\"url\":\"https:\/\/www.italiaeconomiaonline.it\/web\/wp-content\/uploads\/2021\/05\/Schermata-2021-05-19-alle-11.54.41.png\",\"contentUrl\":\"https:\/\/www.italiaeconomiaonline.it\/web\/wp-content\/uploads\/2021\/05\/Schermata-2021-05-19-alle-11.54.41.png\",\"width\":1318,\"height\":848},{\"@type\":\"BreadcrumbList\",\"@id\":\"https:\/\/www.italiaeconomiaonline.it\/web\/giornata-mondiale-delle-api-fai-apicoltori-in-aumento-produzione-in-calo\/#breadcrumb\",\"itemListElement\":[{\"@type\":\"ListItem\",\"position\":1,\"name\":\"Home\",\"item\":\"https:\/\/www.italiaeconomiaonline.it\/web\/\"},{\"@type\":\"ListItem\",\"position\":2,\"name\":\"Giornata mondiale delle api, Fai: apicoltori in aumento, produzione in calo\"}]},{\"@type\":\"WebSite\",\"@id\":\"https:\/\/www.italiaeconomiaonline.it\/web\/#website\",\"url\":\"https:\/\/www.italiaeconomiaonline.it\/web\/\",\"name\":\"ItaliaEconomiaOnline\",\"description\":\"Quotidiano Economico Online\",\"potentialAction\":[{\"@type\":\"SearchAction\",\"target\":{\"@type\":\"EntryPoint\",\"urlTemplate\":\"https:\/\/www.italiaeconomiaonline.it\/web\/?s={search_term_string}\"},\"query-input\":\"required name=search_term_string\"}],\"inLanguage\":\"it-IT\"},{\"@type\":\"Person\",\"@id\":\"https:\/\/www.italiaeconomiaonline.it\/web\/#\/schema\/person\/909a49cce752523b020fbc37d5ab1c31\",\"name\":\"ladyitaliaeconomia\",\"image\":{\"@type\":\"ImageObject\",\"inLanguage\":\"it-IT\",\"@id\":\"https:\/\/www.italiaeconomiaonline.it\/web\/#\/schema\/person\/image\/\",\"url\":\"https:\/\/secure.gravatar.com\/avatar\/cedca10ce7416a579b9fa6bce9c0a8f2?s=96&d=mm&r=g\",\"contentUrl\":\"https:\/\/secure.gravatar.com\/avatar\/cedca10ce7416a579b9fa6bce9c0a8f2?s=96&d=mm&r=g\",\"caption\":\"ladyitaliaeconomia\"},\"url\":\"https:\/\/www.italiaeconomiaonline.it\/web\/author\/ladyitaliaeconomia\/\"}]}<\/script>\n<!-- \/ Yoast SEO plugin. -->","yoast_head_json":{"title":"Giornata mondiale delle api, Fai: apicoltori in aumento, produzione in calo -","robots":{"index":"index","follow":"follow","max-snippet":"max-snippet:-1","max-image-preview":"max-image-preview:large","max-video-preview":"max-video-preview:-1"},"canonical":"https:\/\/www.italiaeconomiaonline.it\/web\/giornata-mondiale-delle-api-fai-apicoltori-in-aumento-produzione-in-calo\/","og_locale":"it_IT","og_type":"article","og_title":"Giornata mondiale delle api, Fai: apicoltori in aumento, produzione in calo -","og_description":"La Giornata mondiale dell\u2019ape sar\u00e0 per il nostro Paese la \u2018Giornata Mondiale dell\u2019Ape Italiana\u2019, sottospecie di ape autoctona propagata in poco pi\u00f9 di un secolo su tutto il pianeta: un\u2019ape diffusa, apprezzata e allevata su scala planetaria. Un caso unico che spiega le ragioni dell\u2019orgoglio e dell\u2019impegno della comunit\u00e0 apistica nazionale nel tutelare e salvaguardare [&hellip;]","og_url":"https:\/\/www.italiaeconomiaonline.it\/web\/giornata-mondiale-delle-api-fai-apicoltori-in-aumento-produzione-in-calo\/","og_site_name":"ItaliaEconomiaOnline","article_published_time":"2021-05-19T09:52:47+00:00","article_modified_time":"2021-05-19T09:55:25+00:00","og_image":[{"width":1024,"height":659,"url":"https:\/\/www.italiaeconomiaonline.it\/web\/wp-content\/uploads\/2021\/05\/Schermata-2021-05-19-alle-11.54.41-1024x659.png","type":"image\/png"}],"author":"ladyitaliaeconomia","twitter_card":"summary_large_image","twitter_misc":{"Scritto da":"ladyitaliaeconomia","Tempo di lettura stimato":"2 minuti"},"schema":{"@context":"https:\/\/schema.org","@graph":[{"@type":"WebPage","@id":"https:\/\/www.italiaeconomiaonline.it\/web\/giornata-mondiale-delle-api-fai-apicoltori-in-aumento-produzione-in-calo\/","url":"https:\/\/www.italiaeconomiaonline.it\/web\/giornata-mondiale-delle-api-fai-apicoltori-in-aumento-produzione-in-calo\/","name":"Giornata mondiale delle api, Fai: apicoltori in aumento, produzione in calo -","isPartOf":{"@id":"https:\/\/www.italiaeconomiaonline.it\/web\/#website"},"primaryImageOfPage":{"@id":"https:\/\/www.italiaeconomiaonline.it\/web\/giornata-mondiale-delle-api-fai-apicoltori-in-aumento-produzione-in-calo\/#primaryimage"},"image":{"@id":"https:\/\/www.italiaeconomiaonline.it\/web\/giornata-mondiale-delle-api-fai-apicoltori-in-aumento-produzione-in-calo\/#primaryimage"},"thumbnailUrl":"https:\/\/www.italiaeconomiaonline.it\/web\/wp-content\/uploads\/2021\/05\/Schermata-2021-05-19-alle-11.54.41.png","datePublished":"2021-05-19T09:52:47+00:00","dateModified":"2021-05-19T09:55:25+00:00","author":{"@id":"https:\/\/www.italiaeconomiaonline.it\/web\/#\/schema\/person\/909a49cce752523b020fbc37d5ab1c31"},"breadcrumb":{"@id":"https:\/\/www.italiaeconomiaonline.it\/web\/giornata-mondiale-delle-api-fai-apicoltori-in-aumento-produzione-in-calo\/#breadcrumb"},"inLanguage":"it-IT","potentialAction":[{"@type":"ReadAction","target":["https:\/\/www.italiaeconomiaonline.it\/web\/giornata-mondiale-delle-api-fai-apicoltori-in-aumento-produzione-in-calo\/"]}]},{"@type":"ImageObject","inLanguage":"it-IT","@id":"https:\/\/www.italiaeconomiaonline.it\/web\/giornata-mondiale-delle-api-fai-apicoltori-in-aumento-produzione-in-calo\/#primaryimage","url":"https:\/\/www.italiaeconomiaonline.it\/web\/wp-content\/uploads\/2021\/05\/Schermata-2021-05-19-alle-11.54.41.png","contentUrl":"https:\/\/www.italiaeconomiaonline.it\/web\/wp-content\/uploads\/2021\/05\/Schermata-2021-05-19-alle-11.54.41.png","width":1318,"height":848},{"@type":"BreadcrumbList","@id":"https:\/\/www.italiaeconomiaonline.it\/web\/giornata-mondiale-delle-api-fai-apicoltori-in-aumento-produzione-in-calo\/#breadcrumb","itemListElement":[{"@type":"ListItem","position":1,"name":"Home","item":"https:\/\/www.italiaeconomiaonline.it\/web\/"},{"@type":"ListItem","position":2,"name":"Giornata mondiale delle api, Fai: apicoltori in aumento, produzione in calo"}]},{"@type":"WebSite","@id":"https:\/\/www.italiaeconomiaonline.it\/web\/#website","url":"https:\/\/www.italiaeconomiaonline.it\/web\/","name":"ItaliaEconomiaOnline","description":"Quotidiano Economico Online","potentialAction":[{"@type":"SearchAction","target":{"@type":"EntryPoint","urlTemplate":"https:\/\/www.italiaeconomiaonline.it\/web\/?s={search_term_string}"},"query-input":"required name=search_term_string"}],"inLanguage":"it-IT"},{"@type":"Person","@id":"https:\/\/www.italiaeconomiaonline.it\/web\/#\/schema\/person\/909a49cce752523b020fbc37d5ab1c31","name":"ladyitaliaeconomia","image":{"@type":"ImageObject","inLanguage":"it-IT","@id":"https:\/\/www.italiaeconomiaonline.it\/web\/#\/schema\/person\/image\/","url":"https:\/\/secure.gravatar.com\/avatar\/cedca10ce7416a579b9fa6bce9c0a8f2?s=96&d=mm&r=g","contentUrl":"https:\/\/secure.gravatar.com\/avatar\/cedca10ce7416a579b9fa6bce9c0a8f2?s=96&d=mm&r=g","caption":"ladyitaliaeconomia"},"url":"https:\/\/www.italiaeconomiaonline.it\/web\/author\/ladyitaliaeconomia\/"}]}},"_links":{"self":[{"href":"https:\/\/www.italiaeconomiaonline.it\/web\/wp-json\/wp\/v2\/posts\/5887"}],"collection":[{"href":"https:\/\/www.italiaeconomiaonline.it\/web\/wp-json\/wp\/v2\/posts"}],"about":[{"href":"https:\/\/www.italiaeconomiaonline.it\/web\/wp-json\/wp\/v2\/types\/post"}],"author":[{"embeddable":true,"href":"https:\/\/www.italiaeconomiaonline.it\/web\/wp-json\/wp\/v2\/users\/1"}],"replies":[{"embeddable":true,"href":"https:\/\/www.italiaeconomiaonline.it\/web\/wp-json\/wp\/v2\/comments?post=5887"}],"version-history":[{"count":1,"href":"https:\/\/www.italiaeconomiaonline.it\/web\/wp-json\/wp\/v2\/posts\/5887\/revisions"}],"predecessor-version":[{"id":5888,"href":"https:\/\/www.italiaeconomiaonline.it\/web\/wp-json\/wp\/v2\/posts\/5887\/revisions\/5888"}],"wp:featuredmedia":[{"embeddable":true,"href":"https:\/\/www.italiaeconomiaonline.it\/web\/wp-json\/wp\/v2\/media\/5890"}],"wp:attachment":[{"href":"https:\/\/www.italiaeconomiaonline.it\/web\/wp-json\/wp\/v2\/media?parent=5887"}],"wp:term":[{"taxonomy":"category","embeddable":true,"href":"https:\/\/www.italiaeconomiaonline.it\/web\/wp-json\/wp\/v2\/categories?post=5887"},{"taxonomy":"post_tag","embeddable":true,"href":"https:\/\/www.italiaeconomiaonline.it\/web\/wp-json\/wp\/v2\/tags?post=5887"}],"curies":[{"name":"wp","href":"https:\/\/api.w.org\/{rel}","templated":true}]}}