{"id":5938,"date":"2021-05-27T10:04:37","date_gmt":"2021-05-27T08:04:37","guid":{"rendered":"http:\/\/www.italiaeconomiaonline.it\/web\/?p=5938"},"modified":"2021-05-27T10:04:37","modified_gmt":"2021-05-27T08:04:37","slug":"coldiretti-stop-coprifuoco-per-31-mln-di-italiana-in-zona-bianca","status":"publish","type":"post","link":"https:\/\/www.italiaeconomiaonline.it\/web\/coldiretti-stop-coprifuoco-per-31-mln-di-italiana-in-zona-bianca\/","title":{"rendered":"Coldiretti: stop coprifuoco per 3,1 Mln di italiana in zona bianca"},"content":{"rendered":"<p><span class=\"dropcap dropcap3\">S<\/span>ono 3,1 milioni gli italiani residenti in Friuli Venezia Giulia, Sardegna e Molise che a partire dall\u2019inizio della prossima settimana dovrebbero entrare in zona bianca, dove \u00e8 previsto il &#8220;superamento delle limitazioni orarie alla circolazione e alle attivit\u00e0&#8221;, fermo restando il rispetto degli obblighi sull&#8217;utilizzo delle mascherine e il &#8220;distanziamento per scongiurare gli assembramenti\u201d.<\/p>\n<p>E\u2019 quanto emerge dall\u2019analisi della Coldiretti sugli effetti dell\u2019accordo tra Governo e Regioni sulla zona bianca rafforzata dove ci sar\u00e0 un&#8217;anticipazione delle riaperture per le quali la normativa vigente dispone gi\u00e0 la ripresa in un momento successivo.<\/p>\n<p>&nbsp;<\/p>\n<p>Dal possibile accesso alle sale da ballo con green pass fino al settore dei matrimoni, passando per i parchi tematici, congressi e piscine al chiuso, nei territori che entreranno in zona bianca \u2013 sottolinea la Coldiretti &#8211; nessuna serranda, o quasi, dovrebbe restare abbassata per le restrizioni Covid. Una opportunit\u00e0 che, dopo le prime tre regioni, potr\u00e0 essere colta probabilmente dal 7 giugno anche da \u2013 precisa la Coldiretti &#8211; Abruzzo, Liguria, Umbria e Veneto in un percorso che dovrebbe concludersi all\u2019inizio di luglio con l\u2019Italia tutta bianca.<\/p>\n<p>&nbsp;<\/p>\n<p>Con l\u2019arrivo della bella stagione l\u2019addio al coprifuoco \u2013 sostiene la Coldiretti &#8211; \u00e8 importante per l\u2019attivit\u00e0 di ristorazione perch\u00e9 consente in molte realt\u00e0 il doppio turno ed un incremento sostanziale degli incassi per realt\u00e0 fortemente penalizzate dalle misure adottate per contenere l\u2019emergenza Covid. Una limitazione che \u2013 precisa la Coldiretti &#8211; colpisce soprattutto gli agriturismi perch\u00e9 situati nelle aree rurali lontani dalle citt\u00e0 e quindi raggiungibili in tempi pi\u00f9 lunghi dagli ospiti provenienti dai centri urbani. Il superamento peraltro \u2013 continua la Coldiretti \u2014 coincide con il via libera dal 1\u00b0 giugno ai pasti al coperto a pranzo e cena che consente la riapertura di circa 180mila realt\u00e0 della ristorazione lungo tutta la Penisola che non dispongono di spazi all\u2019aperto.<\/p>\n<p>&nbsp;<\/p>\n<p>Una possibilit\u00e0 per chi non ha spazio esterno che riguarda \u2013 stima la Coldiretti \u2013 circa la met\u00e0 dei servizi di ristorazione presenti con i posti all\u2019aperto dei locali che sono, per\u00f2, molti meno rispetto a quelli al coperto. Un cambiamento atteso \u2013 precisa la Coldiretti \u2013 anche per sostenere il turismo nazionale e straniero. Il cibo infatti \u2013 conclude la Coldiretti \u2013 \u00e8 diventato la voce principale del budget delle famiglie in vacanza in Italia con circa un terzo della spesa di italiani e stranieri destinato alla tavola per consumare pasti in ristoranti, pizzerie, trattorie o agriturismi<\/p>\n","protected":false},"excerpt":{"rendered":"<p>Sono 3,1 milioni gli italiani residenti in Friuli Venezia Giulia, Sardegna e Molise che a partire dall\u2019inizio della prossima settimana dovrebbero entrare in zona bianca, dove \u00e8 previsto il &#8220;superamento delle limitazioni orarie alla circolazione e alle attivit\u00e0&#8221;, fermo restando il rispetto degli obblighi sull&#8217;utilizzo delle mascherine e il &#8220;distanziamento per scongiurare gli assembramenti\u201d. E\u2019 [&hellip;]<\/p>\n","protected":false},"author":1,"featured_media":1029,"comment_status":"closed","ping_status":"open","sticky":false,"template":"","format":"standard","meta":{"footnotes":""},"categories":[56],"tags":[],"yoast_head":"<!-- This site is optimized with the Yoast SEO plugin v22.2 - https:\/\/yoast.com\/wordpress\/plugins\/seo\/ -->\n<title>Coldiretti: stop coprifuoco per 3,1 Mln di italiana in zona bianca -<\/title>\n<meta name=\"robots\" content=\"index, follow, max-snippet:-1, max-image-preview:large, max-video-preview:-1\" \/>\n<link rel=\"canonical\" href=\"https:\/\/www.italiaeconomiaonline.it\/web\/coldiretti-stop-coprifuoco-per-31-mln-di-italiana-in-zona-bianca\/\" \/>\n<meta property=\"og:locale\" content=\"it_IT\" \/>\n<meta property=\"og:type\" content=\"article\" \/>\n<meta property=\"og:title\" content=\"Coldiretti: stop coprifuoco per 3,1 Mln di italiana in zona bianca -\" \/>\n<meta property=\"og:description\" content=\"Sono 3,1 milioni gli italiani residenti in Friuli Venezia Giulia, Sardegna e Molise che a partire dall\u2019inizio della prossima settimana dovrebbero entrare in zona bianca, dove \u00e8 previsto il &#8220;superamento delle limitazioni orarie alla circolazione e alle attivit\u00e0&#8221;, fermo restando il rispetto degli obblighi sull&#8217;utilizzo delle mascherine e il &#8220;distanziamento per scongiurare gli assembramenti\u201d. E\u2019 [&hellip;]\" \/>\n<meta property=\"og:url\" content=\"https:\/\/www.italiaeconomiaonline.it\/web\/coldiretti-stop-coprifuoco-per-31-mln-di-italiana-in-zona-bianca\/\" \/>\n<meta property=\"og:site_name\" content=\"ItaliaEconomiaOnline\" \/>\n<meta property=\"article:published_time\" content=\"2021-05-27T08:04:37+00:00\" \/>\n<meta property=\"og:image\" content=\"https:\/\/www.italiaeconomiaonline.it\/web\/wp-content\/uploads\/2019\/06\/ristorante.jpg\" \/>\n\t<meta property=\"og:image:width\" content=\"960\" \/>\n\t<meta property=\"og:image:height\" content=\"641\" \/>\n\t<meta property=\"og:image:type\" content=\"image\/jpeg\" \/>\n<meta name=\"author\" content=\"ladyitaliaeconomia\" \/>\n<meta name=\"twitter:card\" content=\"summary_large_image\" \/>\n<meta name=\"twitter:label1\" content=\"Scritto da\" \/>\n\t<meta name=\"twitter:data1\" content=\"ladyitaliaeconomia\" \/>\n\t<meta name=\"twitter:label2\" content=\"Tempo di lettura stimato\" \/>\n\t<meta name=\"twitter:data2\" content=\"2 minuti\" \/>\n<script type=\"application\/ld+json\" class=\"yoast-schema-graph\">{\"@context\":\"https:\/\/schema.org\",\"@graph\":[{\"@type\":\"WebPage\",\"@id\":\"https:\/\/www.italiaeconomiaonline.it\/web\/coldiretti-stop-coprifuoco-per-31-mln-di-italiana-in-zona-bianca\/\",\"url\":\"https:\/\/www.italiaeconomiaonline.it\/web\/coldiretti-stop-coprifuoco-per-31-mln-di-italiana-in-zona-bianca\/\",\"name\":\"Coldiretti: stop coprifuoco per 3,1 Mln di italiana in zona bianca -\",\"isPartOf\":{\"@id\":\"https:\/\/www.italiaeconomiaonline.it\/web\/#website\"},\"primaryImageOfPage\":{\"@id\":\"https:\/\/www.italiaeconomiaonline.it\/web\/coldiretti-stop-coprifuoco-per-31-mln-di-italiana-in-zona-bianca\/#primaryimage\"},\"image\":{\"@id\":\"https:\/\/www.italiaeconomiaonline.it\/web\/coldiretti-stop-coprifuoco-per-31-mln-di-italiana-in-zona-bianca\/#primaryimage\"},\"thumbnailUrl\":\"https:\/\/www.italiaeconomiaonline.it\/web\/wp-content\/uploads\/2019\/06\/ristorante.jpg\",\"datePublished\":\"2021-05-27T08:04:37+00:00\",\"dateModified\":\"2021-05-27T08:04:37+00:00\",\"author\":{\"@id\":\"https:\/\/www.italiaeconomiaonline.it\/web\/#\/schema\/person\/909a49cce752523b020fbc37d5ab1c31\"},\"breadcrumb\":{\"@id\":\"https:\/\/www.italiaeconomiaonline.it\/web\/coldiretti-stop-coprifuoco-per-31-mln-di-italiana-in-zona-bianca\/#breadcrumb\"},\"inLanguage\":\"it-IT\",\"potentialAction\":[{\"@type\":\"ReadAction\",\"target\":[\"https:\/\/www.italiaeconomiaonline.it\/web\/coldiretti-stop-coprifuoco-per-31-mln-di-italiana-in-zona-bianca\/\"]}]},{\"@type\":\"ImageObject\",\"inLanguage\":\"it-IT\",\"@id\":\"https:\/\/www.italiaeconomiaonline.it\/web\/coldiretti-stop-coprifuoco-per-31-mln-di-italiana-in-zona-bianca\/#primaryimage\",\"url\":\"https:\/\/www.italiaeconomiaonline.it\/web\/wp-content\/uploads\/2019\/06\/ristorante.jpg\",\"contentUrl\":\"https:\/\/www.italiaeconomiaonline.it\/web\/wp-content\/uploads\/2019\/06\/ristorante.jpg\",\"width\":960,\"height\":641},{\"@type\":\"BreadcrumbList\",\"@id\":\"https:\/\/www.italiaeconomiaonline.it\/web\/coldiretti-stop-coprifuoco-per-31-mln-di-italiana-in-zona-bianca\/#breadcrumb\",\"itemListElement\":[{\"@type\":\"ListItem\",\"position\":1,\"name\":\"Home\",\"item\":\"https:\/\/www.italiaeconomiaonline.it\/web\/\"},{\"@type\":\"ListItem\",\"position\":2,\"name\":\"Coldiretti: stop coprifuoco per 3,1 Mln di italiana in zona bianca\"}]},{\"@type\":\"WebSite\",\"@id\":\"https:\/\/www.italiaeconomiaonline.it\/web\/#website\",\"url\":\"https:\/\/www.italiaeconomiaonline.it\/web\/\",\"name\":\"ItaliaEconomiaOnline\",\"description\":\"Quotidiano Economico Online\",\"potentialAction\":[{\"@type\":\"SearchAction\",\"target\":{\"@type\":\"EntryPoint\",\"urlTemplate\":\"https:\/\/www.italiaeconomiaonline.it\/web\/?s={search_term_string}\"},\"query-input\":\"required name=search_term_string\"}],\"inLanguage\":\"it-IT\"},{\"@type\":\"Person\",\"@id\":\"https:\/\/www.italiaeconomiaonline.it\/web\/#\/schema\/person\/909a49cce752523b020fbc37d5ab1c31\",\"name\":\"ladyitaliaeconomia\",\"image\":{\"@type\":\"ImageObject\",\"inLanguage\":\"it-IT\",\"@id\":\"https:\/\/www.italiaeconomiaonline.it\/web\/#\/schema\/person\/image\/\",\"url\":\"https:\/\/secure.gravatar.com\/avatar\/cedca10ce7416a579b9fa6bce9c0a8f2?s=96&d=mm&r=g\",\"contentUrl\":\"https:\/\/secure.gravatar.com\/avatar\/cedca10ce7416a579b9fa6bce9c0a8f2?s=96&d=mm&r=g\",\"caption\":\"ladyitaliaeconomia\"},\"url\":\"https:\/\/www.italiaeconomiaonline.it\/web\/author\/ladyitaliaeconomia\/\"}]}<\/script>\n<!-- \/ Yoast SEO plugin. -->","yoast_head_json":{"title":"Coldiretti: stop coprifuoco per 3,1 Mln di italiana in zona bianca -","robots":{"index":"index","follow":"follow","max-snippet":"max-snippet:-1","max-image-preview":"max-image-preview:large","max-video-preview":"max-video-preview:-1"},"canonical":"https:\/\/www.italiaeconomiaonline.it\/web\/coldiretti-stop-coprifuoco-per-31-mln-di-italiana-in-zona-bianca\/","og_locale":"it_IT","og_type":"article","og_title":"Coldiretti: stop coprifuoco per 3,1 Mln di italiana in zona bianca -","og_description":"Sono 3,1 milioni gli italiani residenti in Friuli Venezia Giulia, Sardegna e Molise che a partire dall\u2019inizio della prossima settimana dovrebbero entrare in zona bianca, dove \u00e8 previsto il &#8220;superamento delle limitazioni orarie alla circolazione e alle attivit\u00e0&#8221;, fermo restando il rispetto degli obblighi sull&#8217;utilizzo delle mascherine e il &#8220;distanziamento per scongiurare gli assembramenti\u201d. E\u2019 [&hellip;]","og_url":"https:\/\/www.italiaeconomiaonline.it\/web\/coldiretti-stop-coprifuoco-per-31-mln-di-italiana-in-zona-bianca\/","og_site_name":"ItaliaEconomiaOnline","article_published_time":"2021-05-27T08:04:37+00:00","og_image":[{"width":960,"height":641,"url":"https:\/\/www.italiaeconomiaonline.it\/web\/wp-content\/uploads\/2019\/06\/ristorante.jpg","type":"image\/jpeg"}],"author":"ladyitaliaeconomia","twitter_card":"summary_large_image","twitter_misc":{"Scritto da":"ladyitaliaeconomia","Tempo di lettura stimato":"2 minuti"},"schema":{"@context":"https:\/\/schema.org","@graph":[{"@type":"WebPage","@id":"https:\/\/www.italiaeconomiaonline.it\/web\/coldiretti-stop-coprifuoco-per-31-mln-di-italiana-in-zona-bianca\/","url":"https:\/\/www.italiaeconomiaonline.it\/web\/coldiretti-stop-coprifuoco-per-31-mln-di-italiana-in-zona-bianca\/","name":"Coldiretti: stop coprifuoco per 3,1 Mln di italiana in zona bianca -","isPartOf":{"@id":"https:\/\/www.italiaeconomiaonline.it\/web\/#website"},"primaryImageOfPage":{"@id":"https:\/\/www.italiaeconomiaonline.it\/web\/coldiretti-stop-coprifuoco-per-31-mln-di-italiana-in-zona-bianca\/#primaryimage"},"image":{"@id":"https:\/\/www.italiaeconomiaonline.it\/web\/coldiretti-stop-coprifuoco-per-31-mln-di-italiana-in-zona-bianca\/#primaryimage"},"thumbnailUrl":"https:\/\/www.italiaeconomiaonline.it\/web\/wp-content\/uploads\/2019\/06\/ristorante.jpg","datePublished":"2021-05-27T08:04:37+00:00","dateModified":"2021-05-27T08:04:37+00:00","author":{"@id":"https:\/\/www.italiaeconomiaonline.it\/web\/#\/schema\/person\/909a49cce752523b020fbc37d5ab1c31"},"breadcrumb":{"@id":"https:\/\/www.italiaeconomiaonline.it\/web\/coldiretti-stop-coprifuoco-per-31-mln-di-italiana-in-zona-bianca\/#breadcrumb"},"inLanguage":"it-IT","potentialAction":[{"@type":"ReadAction","target":["https:\/\/www.italiaeconomiaonline.it\/web\/coldiretti-stop-coprifuoco-per-31-mln-di-italiana-in-zona-bianca\/"]}]},{"@type":"ImageObject","inLanguage":"it-IT","@id":"https:\/\/www.italiaeconomiaonline.it\/web\/coldiretti-stop-coprifuoco-per-31-mln-di-italiana-in-zona-bianca\/#primaryimage","url":"https:\/\/www.italiaeconomiaonline.it\/web\/wp-content\/uploads\/2019\/06\/ristorante.jpg","contentUrl":"https:\/\/www.italiaeconomiaonline.it\/web\/wp-content\/uploads\/2019\/06\/ristorante.jpg","width":960,"height":641},{"@type":"BreadcrumbList","@id":"https:\/\/www.italiaeconomiaonline.it\/web\/coldiretti-stop-coprifuoco-per-31-mln-di-italiana-in-zona-bianca\/#breadcrumb","itemListElement":[{"@type":"ListItem","position":1,"name":"Home","item":"https:\/\/www.italiaeconomiaonline.it\/web\/"},{"@type":"ListItem","position":2,"name":"Coldiretti: stop coprifuoco per 3,1 Mln di italiana in zona bianca"}]},{"@type":"WebSite","@id":"https:\/\/www.italiaeconomiaonline.it\/web\/#website","url":"https:\/\/www.italiaeconomiaonline.it\/web\/","name":"ItaliaEconomiaOnline","description":"Quotidiano Economico Online","potentialAction":[{"@type":"SearchAction","target":{"@type":"EntryPoint","urlTemplate":"https:\/\/www.italiaeconomiaonline.it\/web\/?s={search_term_string}"},"query-input":"required name=search_term_string"}],"inLanguage":"it-IT"},{"@type":"Person","@id":"https:\/\/www.italiaeconomiaonline.it\/web\/#\/schema\/person\/909a49cce752523b020fbc37d5ab1c31","name":"ladyitaliaeconomia","image":{"@type":"ImageObject","inLanguage":"it-IT","@id":"https:\/\/www.italiaeconomiaonline.it\/web\/#\/schema\/person\/image\/","url":"https:\/\/secure.gravatar.com\/avatar\/cedca10ce7416a579b9fa6bce9c0a8f2?s=96&d=mm&r=g","contentUrl":"https:\/\/secure.gravatar.com\/avatar\/cedca10ce7416a579b9fa6bce9c0a8f2?s=96&d=mm&r=g","caption":"ladyitaliaeconomia"},"url":"https:\/\/www.italiaeconomiaonline.it\/web\/author\/ladyitaliaeconomia\/"}]}},"_links":{"self":[{"href":"https:\/\/www.italiaeconomiaonline.it\/web\/wp-json\/wp\/v2\/posts\/5938"}],"collection":[{"href":"https:\/\/www.italiaeconomiaonline.it\/web\/wp-json\/wp\/v2\/posts"}],"about":[{"href":"https:\/\/www.italiaeconomiaonline.it\/web\/wp-json\/wp\/v2\/types\/post"}],"author":[{"embeddable":true,"href":"https:\/\/www.italiaeconomiaonline.it\/web\/wp-json\/wp\/v2\/users\/1"}],"replies":[{"embeddable":true,"href":"https:\/\/www.italiaeconomiaonline.it\/web\/wp-json\/wp\/v2\/comments?post=5938"}],"version-history":[{"count":1,"href":"https:\/\/www.italiaeconomiaonline.it\/web\/wp-json\/wp\/v2\/posts\/5938\/revisions"}],"predecessor-version":[{"id":5939,"href":"https:\/\/www.italiaeconomiaonline.it\/web\/wp-json\/wp\/v2\/posts\/5938\/revisions\/5939"}],"wp:featuredmedia":[{"embeddable":true,"href":"https:\/\/www.italiaeconomiaonline.it\/web\/wp-json\/wp\/v2\/media\/1029"}],"wp:attachment":[{"href":"https:\/\/www.italiaeconomiaonline.it\/web\/wp-json\/wp\/v2\/media?parent=5938"}],"wp:term":[{"taxonomy":"category","embeddable":true,"href":"https:\/\/www.italiaeconomiaonline.it\/web\/wp-json\/wp\/v2\/categories?post=5938"},{"taxonomy":"post_tag","embeddable":true,"href":"https:\/\/www.italiaeconomiaonline.it\/web\/wp-json\/wp\/v2\/tags?post=5938"}],"curies":[{"name":"wp","href":"https:\/\/api.w.org\/{rel}","templated":true}]}}