{"id":5942,"date":"2021-05-27T18:56:51","date_gmt":"2021-05-27T16:56:51","guid":{"rendered":"http:\/\/www.italiaeconomiaonline.it\/web\/?p=5942"},"modified":"2021-05-27T18:56:51","modified_gmt":"2021-05-27T16:56:51","slug":"mef-dichiarazioni-dei-redditi-persone-fisiche-irpef-e-dichiarazioni-iva-per-lanno-2019","status":"publish","type":"post","link":"https:\/\/www.italiaeconomiaonline.it\/web\/mef-dichiarazioni-dei-redditi-persone-fisiche-irpef-e-dichiarazioni-iva-per-lanno-2019\/","title":{"rendered":"MEF: Dichiarazioni dei redditi persone fisiche (Irpef) e dichiarazioni IVA per l\u2019anno 2019"},"content":{"rendered":"<p><span class=\"dropcap dropcap3\">L<\/span>\u2019accelerazione impressa negli ultimi anni dal Dipartimento delle Finanze alle procedure di validazione statistica e le innovazioni nel processo legato alla dichiarazione precompilata, avviate dall\u2019Amministrazione Finanziaria nel 2015, consentono di rendere disponibili in modo tempestivo i dati delle dichiarazioni dei redditi delle persone fisiche presentate nel 2020 e riferite all\u2019anno di imposta 2019.<\/p>\n<p>La data di pubblicazione risente tuttavia dello slittamento della scadenza per la presentazione della dichiarazione dei redditi che, anche a causa dell\u2019emergenza Covid-19, \u00e8 stata fissata al 10 dicembre 2020.<\/p>\n<p class=\"pt-4\"><strong>Quadro generale<\/strong><br \/>\n\u00c8 utile innanzitutto ricordare i dati macroeconomici dell\u2019anno di riferimento: nel 2019 anno precedente alla crisi Covid-19, il <abbr title=\"Prodotto Interno Lordo\">PIL<\/abbr> ha presentato una crescita modesta, dell\u20191,1% in termini nominali e dello 0,3% in termini reali.<\/p>\n<p class=\"pt-4\"><strong>Numero di contribuenti <abbr title=\"Imposta sul reddito delle persone fisiche\">Irpef<\/abbr><\/strong><br \/>\n<strong>Circa 41,5 milioni di contribuenti hanno assolto l\u2019obbligo dichiarativo<\/strong>, direttamente attraverso la presentazione dei modelli di dichiarazione \u201cRedditi Persone Fisiche<a id=\"rif2\" href=\"https:\/\/www.mef.gov.it\/ufficio-stampa\/comunicati\/2021\/Dichiarazioni-dei-redditi-persone-fisiche-Irpef-e-dichiarazioni-IVA-per-lanno-di-imposta-2019\/#nota2\"><sup>[2]<\/sup><\/a>\u201d e \u201c730\u201d, o indirettamente attraverso la dichiarazione dei sostituti d\u2019imposta (Certificazione Unica &#8211; CU).<br \/>\nIl numero totale dei contribuenti \u00e8 aumentato di oltre 153.000 soggetti (+0,4%) rispetto all\u2019anno precedente.<\/p>\n<p class=\"pt-4\"><strong>Tipo di dichiarazione<\/strong><br \/>\nSono 22 milioni le persone fisiche che hanno utilizzato il modello 730 con un aumento di oltre 800.000 contribuenti rispetto all\u2019anno precedente; 9,1 milioni di soggetti hanno presentato invece il modello \u201cRedditi Persone Fisiche\u201d, mentre i dati dei restanti 10,4 milioni di contribuenti, non tenuti a presentare direttamente la dichiarazione, sono stati acquisiti tramite il modello CU compilato dal sostituto d\u2019imposta.<\/p>\n<p class=\"pt-4\"><strong>Reddito complessivo dichiarato<\/strong><br \/>\n<strong>Il reddito complessivo totale dichiarato ammonta a oltre 884 miliardi di euro<\/strong> (+4,5 miliardi rispetto all\u2019anno precedente, +0,5%) <strong>per un valore medio di 21.800 euro<\/strong>, in crescita dello 0,6% rispetto al reddito complessivo medio dichiarato l\u2019anno precedente. L\u2019incremento del reddito complessivo \u00e8 dovuto all\u2019aumento dei redditi da pensione, lavoro dipendente e lavoro autonomo.<\/p>\n<p class=\"pt-4\">\n<strong>L&#8217;analisi territoriale conferma che la regione con reddito medio complessivo pi\u00f9 elevato \u00e8 la Lombardia (25.780 euro)<\/strong>, seguita dalla Provincia Autonoma di Bolzano (24.970 euro), mentre <strong>la Calabria presenta il reddito medio pi\u00f9 basso (15.600 euro)<\/strong>; anche nel 2019, quindi, rimane cospicua la distanza tra il reddito medio delle regioni centro-settentrionali e quello delle regioni meridionali.<\/p>\n<p><strong>Inoltre, da quest\u2019anno si ha la nuova disponibilit\u00e0 sul sito del Dipartimento delle Finanze delle informazioni reddituali, oltre che a livello comunale, anche a livello sub-comunale<\/strong>, <strong>per i comuni di grandi dimensioni caratterizzati da pi\u00f9 <abbr title=\"Codice di Avviamento Postale\">CAP<\/abbr><\/strong>, tramite cui \u00e8 possibile rilevare alcune interessanti informazioni riguardo le distribuzioni del reddito all\u2019interno delle Citt\u00e0 Metropolitane e le altre citt\u00e0 interessate.<\/p>\n<p><strong>I dati mostrano una distribuzione piuttosto diseguale dei redditi nei diversi quartieri delle grandi citt\u00e0: nel Comune di Roma<\/strong>, il reddito medio pi\u00f9 elevato \u00e8 pari a 68.264 euro (nei quartieri del CAP 00197) mentre il reddito medio pi\u00f9 basso scende a 16.298 euro nei quartieri del CAP 00119.<\/p>\n<p>Ancora pi\u00f9 marcate le differenze nel <strong>Comune di Milano<\/strong>, dove nei quartieri con il reddito pi\u00f9 elevato la media \u00e8 pari a 100.489 euro, mentre in quelli con reddito pi\u00f9 basso \u00e8 pari a 18.925 euro. Nel <strong>Comune di Napoli<\/strong> le aree con reddito pi\u00f9 elevato hanno un valore medio di 47.316 quelle con reddito pi\u00f9 basso 13.462 euro.<\/p>\n<p class=\"pt-4\"><strong>Tipologie di reddito dichiarate<\/strong><br \/>\n<strong>I redditi da lavoro dipendente e da pensione rappresentano circa l\u201983% del reddito complessivo dichiarato<\/strong>, nello specifico, il reddito da pensione rappresenta il 30% del totale del reddito complessivo.<br \/>\n<strong>Il reddito medio pi\u00f9 elevato \u00e8 quello da lavoro autonomo, pari a 57.970 euro<a id=\"rif4\" href=\"https:\/\/www.mef.gov.it\/ufficio-stampa\/comunicati\/2021\/Dichiarazioni-dei-redditi-persone-fisiche-Irpef-e-dichiarazioni-IVA-per-lanno-di-imposta-2019\/#nota4\"><sup>[4]<\/sup><\/a>, mentre il reddito medio dichiarato dagli imprenditori (titolari di ditte individuali) \u00e8 pari a 22.373 euro.<\/strong><\/p>\n<p class=\"pt-4\"><strong> Il reddito medio dichiarato dai lavoratori dipendenti \u00e8 pari a 21.060 euro, quello dei pensionati a 18.290 euro.<\/strong> Infine, il reddito medio da partecipazione in societ\u00e0 di persone ed assimilate risulta di 18.270 euro. Si ricorda che la quasi totalit\u00e0 dei redditi da capitale \u00e8 soggetta a tassazione sostitutiva e non rientra pertanto nell\u2019Irpef.<\/p>\n<p class=\"pt-4\">\n\u00c8 opportuno ribadire che per \u201cimprenditori\u201d nelle dichiarazioni Irpef si intendono i titolari di ditte individuali, escludendo pertanto chi esercita attivit\u00e0 economica in forma societaria; inoltre la definizione di imprenditore non pu\u00f2 essere assunta come sinonimo di \u201cdatore di lavoro\u201d in quanto la gran parte delle ditte individuali non ha personale alle proprie dipendenze. Sarebbe pertanto improprio utilizzare i dati sopra riportati per confrontare i redditi degli \u201cimprenditori\u201d con quelli dei \u201cpropri dipendenti\u201d.<\/p>\n<p class=\"pt-4\">\nPrima di effettuare l\u2019analisi dell\u2019andamento dei redditi medi delle singole categorie di contribuenti rispetto al 2018, occorre ricordare un\u2019importante variazione normativa: a seguito della Legge di Bilancio 2019, si segnala <strong>l\u2019aumento a 65.000 euro della soglia di ricavi per l\u2019accesso al regime forfetario<\/strong>, senza distinzione per attivit\u00e0 <abbr title=\"ATtivit\u00e0 ECOnomiche\">ATECO<\/abbr>; inoltre sono stati abrogati i due requisiti relativi alle spese per lavoro dipendente (non superiore a 5.000 euro) e spese per acquisto di beni ammortizzabili (non superiore a 20.000 euro). Conseguentemente si registrano circa <strong>707.000 nuove adesioni al regime, per un numero complessivo di adesioni pari a 1.563.000. I redditi di tali contribuenti, sono soggetti a tassazione sostitutiva al 15% (5% nei primi cinque anni di attivit\u00e0).<\/strong> Conseguentemente i redditi di questi contribuenti non saranno pi\u00f9 contabilizzati in Irpef tra i redditi da lavoro autonomo o da reddito d\u2019impresa.<\/p>\n<p class=\"pt-4\">\n<strong>A causa del fenomeno appena descritto, crescono in misura molto significativa i redditi medi da lavoro autonomo (+25,4%) e, anche se in misura meno marcata, i redditi medi d\u2019impresa (+6,8%)<\/strong>.<\/p>\n<p class=\"pt-4\">Infatti, i soggetti che fuoriescono dalla tassazione ordinaria sono quelli caratterizzati da ricavi e redditi pi\u00f9 bassi, pertanto rimangono a tassazione ordinaria solo i soggetti con redditi pi\u00f9 alti, determinando valori medi pi\u00f9 elevati. <strong>Si mantengono invece sostanzialmente stabili i valori medi del reddito da partecipazione (+0,8%). <\/strong><\/p>\n<p class=\"pt-4\">\n<strong>Il reddito medio da pensione mostra una crescita del 2,4%, confermando il trend degli anni precedenti, <\/strong>mentre, diversamente dagli altri anni, si registra un aumento del numero di pensionati (oltre 18.500 soggetti in pi\u00f9, +0,1%), effetto dei pensionamenti favoriti dalla \u201cquota 100\u201d (L. 26\/2019) che ha anticipato temporaneamente il raggiungimento dei requisiti per il pensionamento.<strong> Risulta in crescita anche il reddito medio da lavoro dipendente (+1,1%), confermando il trend registrato nell\u2019anno precedente. <\/strong>In tale ambito, va evidenziato l\u2019aumento del numero di lavoratori con contratti a tempo indeterminato (+2,5%) e una diminuzione dei lavoratori con contratti a tempo determinato (-2,6%).<\/p>\n<p class=\"pt-4\">\nNel 2019 l\u2019ammontare del reddito da fabbricati soggetto a tassazione ordinaria ammonta a 26,1 miliardi di euro, con una riduzione del 2,2% rispetto all\u2019anno precedente, a causa dell\u2019aumento della tassazione sostitutiva (c.d. cedolare secca).<\/p>\n<p><strong>Altre novit\u00e0 in ambito Irpef<\/strong><br \/>\nSi continuano a prevedere una serie di misure agevolative volte ad attirare risorse umane nel nostro Paese. Pi\u00f9 in dettaglio, per il regime dei cosiddetti \u201cimpatriati\u201d, la quota di reddito da lavoro dipendente e assimilati che concorre alla formazione del reddito complessivo passa dal 50% al 30%. Con tale novit\u00e0 i soggetti beneficiari del regime diventano 11.200 (1,6 volte i soggetti del 2018)<\/p>\n<p>Dal 2019, \u00e8 stata introdotta la tassazione sostitutiva del 7% rivolta ai titolari di reddito da pensione di fonte estera che trasferiscono la residenza in Italia in un comune delle regioni Sicilia, Calabria, Sardegna, Basilicata, Abruzzo, Molise e Puglia, con popolazione non superiore a 20.000 abitanti. Questo regime ha avuto al momento un impatto molto modesto, dalle dichiarazioni risultano meno di 50 soggetti che dichiarano reddito da pensione estera per un importo di 992 mila euro e altri redditi di fonte estera per un ammontare di 1,8 milioni di euro, mentre l\u2019imposta sostitutiva dichiarata \u00e8 di oltre 127 mila euro.<\/p>\n<p class=\"pt-4\"><strong>Imposta netta<\/strong><br \/>\n<strong>L\u2019imposta netta totale dichiarata \u00e8 pari a 165,1 miliardi di euro, (+0,5% rispetto all\u2019anno precedente)<\/strong>.<br \/>\nAl netto degli effetti del bonus 80 euro,<strong> l&#8217;imposta netta Irpef risulta pari in media a 5.300 euro e viene dichiarata da circa 31,2 milioni di soggetti, pari a circa il 75% del totale dei contribuenti.<\/strong> Circa 10,4 milioni di soggetti hanno un\u2019imposta netta pari a zero. Si tratta prevalentemente di contribuenti con livelli reddituali compresi nelle soglie di esenzione, ovvero di coloro la cui imposta lorda si azzera per effetto delle detrazioni riconosciute dal nostro ordinamento. Inoltre, considerando i soggetti la cui imposta netta \u00e8 interamente compensata dal bonus \u201c80 euro\u201d, i soggetti che di fatto non versano l\u2019Irpef salgono a circa 12,8 milioni.<\/p>\n<p class=\"pt-4\"><strong>Analisi per classi di reddito<\/strong><br \/>\nAnalizzando i contribuenti per fasce di reddito complessivo si osserva che il 27% dei contribuenti, che dichiara circa il 4% dell\u2019Irpef totale, si colloca nella classe fino a 15.000 euro; in quella tra i 15.000 e i 70.000 euro si posiziona il 70% dei contribuenti, che dichiara il 67% dell\u2019Irpef totale, mentre solo circa il 4% dei contribuenti dichiara pi\u00f9 di 70.000 euro, versando circa il 29% dell\u2019Irpef totale.<\/p>\n<p class=\"pt-4\"><strong>Addizionale Regionale e Comunale<\/strong><br \/>\nL\u2019addizionale regionale Irpef ammonta nel 2019 a circa 12,3 miliardi di euro (-0,3% rispetto al 2018). <strong>L\u2019addizionale regionale media \u00e8 pari a 420 euro.<\/strong> Il valore pi\u00f9 alto si registra nel Lazio (620 euro), il valore pi\u00f9 basso si rileva in Sardegna (260 euro).<br \/>\n<strong>L\u2019addizionale comunale<\/strong> ammonta invece complessivamente a 5,1 miliardi di euro, in aumento del 2,2% rispetto al 2018, con <strong>un importo medio pari a 200 euro<\/strong>, che varia dal valore massimo di 250 euro nel Lazio, al valore minimo di 90 euro in Valle d\u2019Aosta.<\/p>\n<p class=\"pt-4\"><strong>Dichiarazioni <abbr title=\"Imposta sul Valore Aggiunto\">IVA<\/abbr><\/strong><br \/>\nSono circa <strong>4,1 milioni<\/strong> i contribuenti che hanno presentato la dichiarazione IVA per l\u2019anno d\u2019imposta 2019, in calo rispetto all\u2019anno precedente (-11,4%), a causa principalmente della mancata presentazione della dichiarazione da parte dei soggetti che hanno aderito al regime forfetario (L. 190\/2014), che prevede l\u2019esonero dagli adempimenti IVA, tra cui quello della dichiarazione annuale.<\/p>\n<p class=\"pt-4\">La marcata riduzione del numero dei dichiaranti dovuto alla diffusione del regime forfetario \u00e8 evidenziata dal fatto che il calo pi\u00f9 consistente, rispetto all\u2019anno d\u2019imposta precedente, riguarda le ditte individuali (-20,8%). Nell\u2019anno d\u2019imposta 2019, per la prima volta, le dichiarazioni di \u201csociet\u00e0 ed enti\u201d hanno superato in numero quelle delle \u201cditte individuali\u201d. Le <strong>operazioni imponibili dichiarate<\/strong> per l\u2019anno d\u2019imposta 2019 sono pari a circa <strong>2.112 miliardi <\/strong>di euro (+0,5% rispetto al 2018), costituendo il 59,3% del volume d\u2019affari, in linea con l\u2019anno precedente.<\/p>\n<p class=\"pt-4\">Il <strong>volume d\u2019affari<\/strong> dichiarato ha raggiunto i <strong>3.559 miliardi<\/strong> di euro, aumentando dell\u20191,3%, nonostante il numero dei dichiaranti sia marcatamente diminuito. Per quanto riguarda la distribuzione territoriale del volume d\u2019affari, le prime tre regioni per numerosit\u00e0 di dichiaranti (Lombardia, Lazio e Veneto) contribuiscono per oltre il 56% al volume d\u2019affari totale nazionale. Per l\u2019anno d\u2019imposta 2019, l\u2019<strong>IVA di competenza <\/strong>\u00e8 risultata pari a <strong>109,5 miliardi<\/strong> di euro con una <strong>base imponibile<\/strong> pari a <strong>717,9 miliardi di euro<\/strong>, con un aumento rispetto all\u2019anno d\u2019imposta precedente rispettivamente del 2,6% e del 2%.<\/p>\n<p class=\"pt-4\">\nPer quanto riguarda la liquidazione dell\u2019imposta, l\u2019introduzione del modello \u201cComunicazione delle liquidazioni periodiche IVA\u201d (LI.PE.), ha reso pi\u00f9 agevole la verifica tempestiva dei versamenti effettuati, grazie alla trasmissione telematica dei dati contabili riepilogativi delle liquidazioni periodiche dell\u2019imposta. Nel 2019 entrambi i saldi, ovvero a credito e a debito, si sono ridotti: mentre il saldo annuale a debito \u00e8 diminuito del 14,8%, il \u201ctotale IVA a credito\u201d passa dai 48,3 miliardi di euro del 2018 ai 47 miliardi di euro del 2019, con una riduzione solo del 3%.<\/p>\n<p class=\"pt-4\">La riduzione di entrambi i saldi pu\u00f2 essere dovuta al maggiore rigore accertativo derivante dall\u2019obbligatoriet\u00e0 del modello <abbr title=\"Comunicazioni IVA delle liquidazioni periodiche\">LIPE<\/abbr> per i soggetti passivi IVA, come evidenziato anche dall\u2019incremento dell\u20191,9% dei versamenti (periodici e annuali). In linea generale, comunque, nel 2019 l\u2019imposta dovuta \u00e8 cresciuta dell\u20191,4%, mentre quella a credito \u00e8 diminuita dell\u20191,9%.<\/p>\n<p class=\"pt-4\">\n","protected":false},"excerpt":{"rendered":"<p>L\u2019accelerazione impressa negli ultimi anni dal Dipartimento delle Finanze alle procedure di validazione statistica e le innovazioni nel processo legato alla dichiarazione precompilata, avviate dall\u2019Amministrazione Finanziaria nel 2015, consentono di rendere disponibili in modo tempestivo i dati delle dichiarazioni dei redditi delle persone fisiche presentate nel 2020 e riferite all\u2019anno di imposta 2019. La data [&hellip;]<\/p>\n","protected":false},"author":1,"featured_media":4173,"comment_status":"closed","ping_status":"open","sticky":false,"template":"","format":"standard","meta":{"footnotes":""},"categories":[56],"tags":[],"yoast_head":"<!-- This site is optimized with the Yoast SEO plugin v22.2 - https:\/\/yoast.com\/wordpress\/plugins\/seo\/ -->\n<title>MEF: Dichiarazioni dei redditi persone fisiche (Irpef) e dichiarazioni IVA per l\u2019anno 2019 -<\/title>\n<meta name=\"robots\" content=\"index, follow, max-snippet:-1, max-image-preview:large, max-video-preview:-1\" \/>\n<link rel=\"canonical\" href=\"https:\/\/www.italiaeconomiaonline.it\/web\/mef-dichiarazioni-dei-redditi-persone-fisiche-irpef-e-dichiarazioni-iva-per-lanno-2019\/\" \/>\n<meta property=\"og:locale\" content=\"it_IT\" \/>\n<meta property=\"og:type\" content=\"article\" \/>\n<meta property=\"og:title\" content=\"MEF: Dichiarazioni dei redditi persone fisiche (Irpef) e dichiarazioni IVA per l\u2019anno 2019 -\" \/>\n<meta property=\"og:description\" content=\"L\u2019accelerazione impressa negli ultimi anni dal Dipartimento delle Finanze alle procedure di validazione statistica e le innovazioni nel processo legato alla dichiarazione precompilata, avviate dall\u2019Amministrazione Finanziaria nel 2015, consentono di rendere disponibili in modo tempestivo i dati delle dichiarazioni dei redditi delle persone fisiche presentate nel 2020 e riferite all\u2019anno di imposta 2019. La data [&hellip;]\" \/>\n<meta property=\"og:url\" content=\"https:\/\/www.italiaeconomiaonline.it\/web\/mef-dichiarazioni-dei-redditi-persone-fisiche-irpef-e-dichiarazioni-iva-per-lanno-2019\/\" \/>\n<meta property=\"og:site_name\" content=\"ItaliaEconomiaOnline\" \/>\n<meta property=\"article:published_time\" content=\"2021-05-27T16:56:51+00:00\" \/>\n<meta property=\"og:image\" content=\"https:\/\/www.italiaeconomiaonline.it\/web\/wp-content\/uploads\/2020\/09\/Schermata-2020-09-22-alle-11.30.55.png\" \/>\n\t<meta property=\"og:image:width\" content=\"1406\" \/>\n\t<meta property=\"og:image:height\" content=\"848\" \/>\n\t<meta property=\"og:image:type\" content=\"image\/png\" \/>\n<meta name=\"author\" content=\"ladyitaliaeconomia\" \/>\n<meta name=\"twitter:card\" content=\"summary_large_image\" \/>\n<meta name=\"twitter:label1\" content=\"Scritto da\" \/>\n\t<meta name=\"twitter:data1\" content=\"ladyitaliaeconomia\" \/>\n\t<meta name=\"twitter:label2\" content=\"Tempo di lettura stimato\" \/>\n\t<meta name=\"twitter:data2\" content=\"9 minuti\" \/>\n<script type=\"application\/ld+json\" class=\"yoast-schema-graph\">{\"@context\":\"https:\/\/schema.org\",\"@graph\":[{\"@type\":\"WebPage\",\"@id\":\"https:\/\/www.italiaeconomiaonline.it\/web\/mef-dichiarazioni-dei-redditi-persone-fisiche-irpef-e-dichiarazioni-iva-per-lanno-2019\/\",\"url\":\"https:\/\/www.italiaeconomiaonline.it\/web\/mef-dichiarazioni-dei-redditi-persone-fisiche-irpef-e-dichiarazioni-iva-per-lanno-2019\/\",\"name\":\"MEF: Dichiarazioni dei redditi persone fisiche (Irpef) e dichiarazioni IVA per l\u2019anno 2019 -\",\"isPartOf\":{\"@id\":\"https:\/\/www.italiaeconomiaonline.it\/web\/#website\"},\"primaryImageOfPage\":{\"@id\":\"https:\/\/www.italiaeconomiaonline.it\/web\/mef-dichiarazioni-dei-redditi-persone-fisiche-irpef-e-dichiarazioni-iva-per-lanno-2019\/#primaryimage\"},\"image\":{\"@id\":\"https:\/\/www.italiaeconomiaonline.it\/web\/mef-dichiarazioni-dei-redditi-persone-fisiche-irpef-e-dichiarazioni-iva-per-lanno-2019\/#primaryimage\"},\"thumbnailUrl\":\"https:\/\/www.italiaeconomiaonline.it\/web\/wp-content\/uploads\/2020\/09\/Schermata-2020-09-22-alle-11.30.55.png\",\"datePublished\":\"2021-05-27T16:56:51+00:00\",\"dateModified\":\"2021-05-27T16:56:51+00:00\",\"author\":{\"@id\":\"https:\/\/www.italiaeconomiaonline.it\/web\/#\/schema\/person\/909a49cce752523b020fbc37d5ab1c31\"},\"breadcrumb\":{\"@id\":\"https:\/\/www.italiaeconomiaonline.it\/web\/mef-dichiarazioni-dei-redditi-persone-fisiche-irpef-e-dichiarazioni-iva-per-lanno-2019\/#breadcrumb\"},\"inLanguage\":\"it-IT\",\"potentialAction\":[{\"@type\":\"ReadAction\",\"target\":[\"https:\/\/www.italiaeconomiaonline.it\/web\/mef-dichiarazioni-dei-redditi-persone-fisiche-irpef-e-dichiarazioni-iva-per-lanno-2019\/\"]}]},{\"@type\":\"ImageObject\",\"inLanguage\":\"it-IT\",\"@id\":\"https:\/\/www.italiaeconomiaonline.it\/web\/mef-dichiarazioni-dei-redditi-persone-fisiche-irpef-e-dichiarazioni-iva-per-lanno-2019\/#primaryimage\",\"url\":\"https:\/\/www.italiaeconomiaonline.it\/web\/wp-content\/uploads\/2020\/09\/Schermata-2020-09-22-alle-11.30.55.png\",\"contentUrl\":\"https:\/\/www.italiaeconomiaonline.it\/web\/wp-content\/uploads\/2020\/09\/Schermata-2020-09-22-alle-11.30.55.png\",\"width\":1406,\"height\":848},{\"@type\":\"BreadcrumbList\",\"@id\":\"https:\/\/www.italiaeconomiaonline.it\/web\/mef-dichiarazioni-dei-redditi-persone-fisiche-irpef-e-dichiarazioni-iva-per-lanno-2019\/#breadcrumb\",\"itemListElement\":[{\"@type\":\"ListItem\",\"position\":1,\"name\":\"Home\",\"item\":\"https:\/\/www.italiaeconomiaonline.it\/web\/\"},{\"@type\":\"ListItem\",\"position\":2,\"name\":\"MEF: Dichiarazioni dei redditi persone fisiche (Irpef) e dichiarazioni IVA per l\u2019anno 2019\"}]},{\"@type\":\"WebSite\",\"@id\":\"https:\/\/www.italiaeconomiaonline.it\/web\/#website\",\"url\":\"https:\/\/www.italiaeconomiaonline.it\/web\/\",\"name\":\"ItaliaEconomiaOnline\",\"description\":\"Quotidiano Economico Online\",\"potentialAction\":[{\"@type\":\"SearchAction\",\"target\":{\"@type\":\"EntryPoint\",\"urlTemplate\":\"https:\/\/www.italiaeconomiaonline.it\/web\/?s={search_term_string}\"},\"query-input\":\"required name=search_term_string\"}],\"inLanguage\":\"it-IT\"},{\"@type\":\"Person\",\"@id\":\"https:\/\/www.italiaeconomiaonline.it\/web\/#\/schema\/person\/909a49cce752523b020fbc37d5ab1c31\",\"name\":\"ladyitaliaeconomia\",\"image\":{\"@type\":\"ImageObject\",\"inLanguage\":\"it-IT\",\"@id\":\"https:\/\/www.italiaeconomiaonline.it\/web\/#\/schema\/person\/image\/\",\"url\":\"https:\/\/secure.gravatar.com\/avatar\/cedca10ce7416a579b9fa6bce9c0a8f2?s=96&d=mm&r=g\",\"contentUrl\":\"https:\/\/secure.gravatar.com\/avatar\/cedca10ce7416a579b9fa6bce9c0a8f2?s=96&d=mm&r=g\",\"caption\":\"ladyitaliaeconomia\"},\"url\":\"https:\/\/www.italiaeconomiaonline.it\/web\/author\/ladyitaliaeconomia\/\"}]}<\/script>\n<!-- \/ Yoast SEO plugin. -->","yoast_head_json":{"title":"MEF: Dichiarazioni dei redditi persone fisiche (Irpef) e dichiarazioni IVA per l\u2019anno 2019 -","robots":{"index":"index","follow":"follow","max-snippet":"max-snippet:-1","max-image-preview":"max-image-preview:large","max-video-preview":"max-video-preview:-1"},"canonical":"https:\/\/www.italiaeconomiaonline.it\/web\/mef-dichiarazioni-dei-redditi-persone-fisiche-irpef-e-dichiarazioni-iva-per-lanno-2019\/","og_locale":"it_IT","og_type":"article","og_title":"MEF: Dichiarazioni dei redditi persone fisiche (Irpef) e dichiarazioni IVA per l\u2019anno 2019 -","og_description":"L\u2019accelerazione impressa negli ultimi anni dal Dipartimento delle Finanze alle procedure di validazione statistica e le innovazioni nel processo legato alla dichiarazione precompilata, avviate dall\u2019Amministrazione Finanziaria nel 2015, consentono di rendere disponibili in modo tempestivo i dati delle dichiarazioni dei redditi delle persone fisiche presentate nel 2020 e riferite all\u2019anno di imposta 2019. La data [&hellip;]","og_url":"https:\/\/www.italiaeconomiaonline.it\/web\/mef-dichiarazioni-dei-redditi-persone-fisiche-irpef-e-dichiarazioni-iva-per-lanno-2019\/","og_site_name":"ItaliaEconomiaOnline","article_published_time":"2021-05-27T16:56:51+00:00","og_image":[{"width":1406,"height":848,"url":"https:\/\/www.italiaeconomiaonline.it\/web\/wp-content\/uploads\/2020\/09\/Schermata-2020-09-22-alle-11.30.55.png","type":"image\/png"}],"author":"ladyitaliaeconomia","twitter_card":"summary_large_image","twitter_misc":{"Scritto da":"ladyitaliaeconomia","Tempo di lettura stimato":"9 minuti"},"schema":{"@context":"https:\/\/schema.org","@graph":[{"@type":"WebPage","@id":"https:\/\/www.italiaeconomiaonline.it\/web\/mef-dichiarazioni-dei-redditi-persone-fisiche-irpef-e-dichiarazioni-iva-per-lanno-2019\/","url":"https:\/\/www.italiaeconomiaonline.it\/web\/mef-dichiarazioni-dei-redditi-persone-fisiche-irpef-e-dichiarazioni-iva-per-lanno-2019\/","name":"MEF: Dichiarazioni dei redditi persone fisiche (Irpef) e dichiarazioni IVA per l\u2019anno 2019 -","isPartOf":{"@id":"https:\/\/www.italiaeconomiaonline.it\/web\/#website"},"primaryImageOfPage":{"@id":"https:\/\/www.italiaeconomiaonline.it\/web\/mef-dichiarazioni-dei-redditi-persone-fisiche-irpef-e-dichiarazioni-iva-per-lanno-2019\/#primaryimage"},"image":{"@id":"https:\/\/www.italiaeconomiaonline.it\/web\/mef-dichiarazioni-dei-redditi-persone-fisiche-irpef-e-dichiarazioni-iva-per-lanno-2019\/#primaryimage"},"thumbnailUrl":"https:\/\/www.italiaeconomiaonline.it\/web\/wp-content\/uploads\/2020\/09\/Schermata-2020-09-22-alle-11.30.55.png","datePublished":"2021-05-27T16:56:51+00:00","dateModified":"2021-05-27T16:56:51+00:00","author":{"@id":"https:\/\/www.italiaeconomiaonline.it\/web\/#\/schema\/person\/909a49cce752523b020fbc37d5ab1c31"},"breadcrumb":{"@id":"https:\/\/www.italiaeconomiaonline.it\/web\/mef-dichiarazioni-dei-redditi-persone-fisiche-irpef-e-dichiarazioni-iva-per-lanno-2019\/#breadcrumb"},"inLanguage":"it-IT","potentialAction":[{"@type":"ReadAction","target":["https:\/\/www.italiaeconomiaonline.it\/web\/mef-dichiarazioni-dei-redditi-persone-fisiche-irpef-e-dichiarazioni-iva-per-lanno-2019\/"]}]},{"@type":"ImageObject","inLanguage":"it-IT","@id":"https:\/\/www.italiaeconomiaonline.it\/web\/mef-dichiarazioni-dei-redditi-persone-fisiche-irpef-e-dichiarazioni-iva-per-lanno-2019\/#primaryimage","url":"https:\/\/www.italiaeconomiaonline.it\/web\/wp-content\/uploads\/2020\/09\/Schermata-2020-09-22-alle-11.30.55.png","contentUrl":"https:\/\/www.italiaeconomiaonline.it\/web\/wp-content\/uploads\/2020\/09\/Schermata-2020-09-22-alle-11.30.55.png","width":1406,"height":848},{"@type":"BreadcrumbList","@id":"https:\/\/www.italiaeconomiaonline.it\/web\/mef-dichiarazioni-dei-redditi-persone-fisiche-irpef-e-dichiarazioni-iva-per-lanno-2019\/#breadcrumb","itemListElement":[{"@type":"ListItem","position":1,"name":"Home","item":"https:\/\/www.italiaeconomiaonline.it\/web\/"},{"@type":"ListItem","position":2,"name":"MEF: Dichiarazioni dei redditi persone fisiche (Irpef) e dichiarazioni IVA per l\u2019anno 2019"}]},{"@type":"WebSite","@id":"https:\/\/www.italiaeconomiaonline.it\/web\/#website","url":"https:\/\/www.italiaeconomiaonline.it\/web\/","name":"ItaliaEconomiaOnline","description":"Quotidiano Economico Online","potentialAction":[{"@type":"SearchAction","target":{"@type":"EntryPoint","urlTemplate":"https:\/\/www.italiaeconomiaonline.it\/web\/?s={search_term_string}"},"query-input":"required name=search_term_string"}],"inLanguage":"it-IT"},{"@type":"Person","@id":"https:\/\/www.italiaeconomiaonline.it\/web\/#\/schema\/person\/909a49cce752523b020fbc37d5ab1c31","name":"ladyitaliaeconomia","image":{"@type":"ImageObject","inLanguage":"it-IT","@id":"https:\/\/www.italiaeconomiaonline.it\/web\/#\/schema\/person\/image\/","url":"https:\/\/secure.gravatar.com\/avatar\/cedca10ce7416a579b9fa6bce9c0a8f2?s=96&d=mm&r=g","contentUrl":"https:\/\/secure.gravatar.com\/avatar\/cedca10ce7416a579b9fa6bce9c0a8f2?s=96&d=mm&r=g","caption":"ladyitaliaeconomia"},"url":"https:\/\/www.italiaeconomiaonline.it\/web\/author\/ladyitaliaeconomia\/"}]}},"_links":{"self":[{"href":"https:\/\/www.italiaeconomiaonline.it\/web\/wp-json\/wp\/v2\/posts\/5942"}],"collection":[{"href":"https:\/\/www.italiaeconomiaonline.it\/web\/wp-json\/wp\/v2\/posts"}],"about":[{"href":"https:\/\/www.italiaeconomiaonline.it\/web\/wp-json\/wp\/v2\/types\/post"}],"author":[{"embeddable":true,"href":"https:\/\/www.italiaeconomiaonline.it\/web\/wp-json\/wp\/v2\/users\/1"}],"replies":[{"embeddable":true,"href":"https:\/\/www.italiaeconomiaonline.it\/web\/wp-json\/wp\/v2\/comments?post=5942"}],"version-history":[{"count":1,"href":"https:\/\/www.italiaeconomiaonline.it\/web\/wp-json\/wp\/v2\/posts\/5942\/revisions"}],"predecessor-version":[{"id":5943,"href":"https:\/\/www.italiaeconomiaonline.it\/web\/wp-json\/wp\/v2\/posts\/5942\/revisions\/5943"}],"wp:featuredmedia":[{"embeddable":true,"href":"https:\/\/www.italiaeconomiaonline.it\/web\/wp-json\/wp\/v2\/media\/4173"}],"wp:attachment":[{"href":"https:\/\/www.italiaeconomiaonline.it\/web\/wp-json\/wp\/v2\/media?parent=5942"}],"wp:term":[{"taxonomy":"category","embeddable":true,"href":"https:\/\/www.italiaeconomiaonline.it\/web\/wp-json\/wp\/v2\/categories?post=5942"},{"taxonomy":"post_tag","embeddable":true,"href":"https:\/\/www.italiaeconomiaonline.it\/web\/wp-json\/wp\/v2\/tags?post=5942"}],"curies":[{"name":"wp","href":"https:\/\/api.w.org\/{rel}","templated":true}]}}