{"id":5944,"date":"2021-05-28T14:15:48","date_gmt":"2021-05-28T12:15:48","guid":{"rendered":"http:\/\/www.italiaeconomiaonline.it\/web\/?p=5944"},"modified":"2021-05-28T14:15:48","modified_gmt":"2021-05-28T12:15:48","slug":"voler-bene-allitalia-2021-la-transizione-ecologica-e-digitale-passa-dai-piccoli-comuni","status":"publish","type":"post","link":"https:\/\/www.italiaeconomiaonline.it\/web\/voler-bene-allitalia-2021-la-transizione-ecologica-e-digitale-passa-dai-piccoli-comuni\/","title":{"rendered":"Voler Bene all\u2019Italia 2021, la transizione ecologica e digitale passa dai piccoli Comuni"},"content":{"rendered":"<p><span class=\"dropcap dropcap3\">D<\/span>a sempre tessuto identitario del Sistema Paese, ma per troppo tempo relegati ai margini dell\u2019agenda politica nazionale, i\u00a0<strong>piccoli Comuni<\/strong>\u00a0pagano anni di isolamento e scarsi investimenti in infrastrutture reali e digitali che contribuiscono a uno spopolamento oggi apparentemente inarrestabile.<\/p>\n<p>Sul fronte digitale, in particolare, <strong>in oltre 2.100 dei 7 mila centri italiani<\/strong> <strong>che ricadono nelle cosiddette \u201caree bianche\u201d<\/strong> \u2013 di cui la maggior parte \u00e8 costituita da piccoli Comuni \u2013 <strong>\u00e8 oggi attivo il servizio di connessione,<\/strong> <strong>mentre in altri 3.200 Comuni sono in corso i lavori, all&#8217;interno di un percorso di realizzazione della BUL (banda ultra larga) <\/strong>che riguarda le aree pi\u00f9 marginali rispetto agli interessi del mercato e <strong>che<\/strong> <strong>sar\u00e0 completato entro il 2023<\/strong>.<\/p>\n<p>Al contempo, i centri che non contano pi\u00f9 di 5 mila abitanti rappresentano il 72% delle municipalit\u00e0 italiane, insistono in aree di assoluto pregio ambientale, storico e artistico, e costituiscono sempre pi\u00f9 spesso degli ideali <strong>laboratori di economia circolare, democrazia energetica e innovazione sociale<\/strong>, come dimostrano le <strong>cinque esperienze virtuose insignite questa mattina del Premio \u201cVoler Bene all\u2019Italia\u201d <\/strong>promosso da Legambiente e dalla fondazione Symbola. Esperienze d\u2019innovazione che, dalla Calabria al Piemonte, uniscono le possibilit\u00e0 offerte dalle nuove tecnologie a un turismo pi\u00f9 sostenibile, a progetti di rigenerazione urbana, a una silvicoltura di precisione e a modelli di educazione inclusiva.<\/p>\n<p>Pertanto l\u2019associazione ambientalista, insieme ai sindaci e alle comunit\u00e0, lancia oggi <strong>un appello al Governo Draghi <\/strong>per chiedere di non lasciare che i borghi e le aree interne siano fanalino di coda nella sfida per la ripartenza del Paese, garantendo un\u2019equilibrata distribuzione nonch\u00e9 una giusta attenzione nell\u2019uso trasversale delle risorse del Pnrr per la transizione ecologica e digitale.<\/p>\n<p>L\u2019occasione per l\u2019appello \u00e8 il <a href=\"https:\/\/www.legambiente.it\/wp-content\/uploads\/2021\/05\/VBI_webinar-programma.pdf\"><strong>webinar \u201cPiccoli Comuni, Next Generation\u201d<\/strong><\/a>, trasmesso questa mattina in diretta streaming sulle pagine Facebook e LinkedIn e sul canale YouTube di Legambiente, al quale partecipano tra gli altri la\u00a0sottosegretaria di Stato al Ministero dell\u2019innovazione tecnologica e la transizione digitale,\u00a0<strong>Assuntela Messina<\/strong>, e il direttore generale del Dipartimento affari regionali e autonomie,\u00a0<strong>Giovanni Vetritto<\/strong>. Un appuntamento che inaugura la <a href=\"https:\/\/www.legambiente.it\/comunicati-stampa\/torna-voler-bene-allitalia-piccoli-comuni-next-generation\/\"><strong>settimana di mobilitazioni web e di piazza<\/strong><\/a> in programma fino al 5 giugno nell\u2019ambito della <strong>18esima edizione di Voler Bene all\u2019Italia<\/strong>, l\u2019iniziativa che celebra l\u2019orgoglio dei piccoli Comuni, organizzata da Legambiente in collaborazione con <strong>Symbola<\/strong>, un vasto comitato promotore e il contributo di <strong>Open Fiber<\/strong>. \u00a0<strong>Oltre 100 quest\u2019anno le realt\u00e0 territoriali che hanno aderito<\/strong> all\u2019ormai tradizionale appuntamento, tra Comuni, Proloco, comunit\u00e0 montane e musei territoriali.<\/p>\n<p>\u201cCon il nostro appello, vogliamo puntare i riflettori della politica sul ruolo strategico dei piccoli Comuni nel rilancio del Sistema Paese, realt\u00e0 che mai come oggi si legano alla tenuta della comunit\u00e0, a una migliore qualit\u00e0 della vita e a produzioni d\u2019eccellenza del made in Italy: \u00e8 urgente creare le condizioni per riabitare questi territori spostando attivit\u00e0 e lavoratori dello smart working in una grande proposta di rigenerazione urbana e sociale fondata sulla green economy\u201d, dichiara <strong>il presidente nazionale di Legambiente, Stefano Ciafani<\/strong> che il 30 maggio, con la sottosegretaria <strong>Assuntela Messina<\/strong>, sar\u00e0 a <strong>Spinazzola (BT)<\/strong>, una delle dieci piazze simbolo di Voler Bene all\u2019Italia 2021, per raccontarne l\u2019esperienza virtuosa contro lo spopolamento.<\/p>\n<p>\u201cLa parit\u00e0 di condizioni tra grandi citt\u00e0 e aree interne \u00e8 essenziale per uno sviluppo sostenibile del Paese dal punto di vista economico, sociale e ambientale. Portare la fibra ottica in zone dove la qualit\u00e0 delle connessioni \u00e8 perlopi\u00f9 molto bassa consente all\u2019Italia di colmare quel divario digitale che si avverte particolarmente nelle zone rurali e meno popolose\u201d, dichiara <strong>Andrea Falessi, direttore Relazioni Esterne di Open Fiber, <\/strong>azienda che contribuisce alla realizzazione di Voler Bene all\u2019Italia 2021 e che il 30 maggio sar\u00e0 presente in quattro delle dieci piazze simbolo dell\u2019iniziativa. \u201cCon l\u2019infrastruttura in fibra ottica di Open Fiber anche i piccoli borghi possono navigare a 1 Gigabit al secondo, come le metropoli, e competere su un level playing field. In Open Fiber giochiamo la partita della parit\u00e0, connettendo tutti al futuro\u201d.<\/p>\n<p><strong><u>Le richieste di Legambiente e dei territori al Governo<\/u><\/strong>. Legambiente, insieme ai sindaci e alle comunit\u00e0, ritiene prioritario destinare i fondi dei prossimi mesi ai piccoli Comuni per <strong>promuovere la diffusione di comunit\u00e0 energetiche, ridurre il rischio idrogeologico, attrezzare nuovi prodotti turistici legati al cluster del \u201cturismo attivo e sostenibile\u201d<\/strong> (dai cammini alle ciclovie), <strong>favorire lo sviluppo di filiere locali del legno, realizzare l\u2019infrastruttura leggera della rete unica in tempi certi anche nelle aree bianche, incentivare lo smart working<\/strong> e <strong>defiscalizzare servizi e attivit\u00e0 economiche di qualit\u00e0 che qui investono in lavoratori residenti e in centri innovativi di coworking<\/strong>.<\/p>\n<p>Per accelerare un cambio di passo, in particolare, sarebbe importante <strong>istituire una linea di finanziamento \u201cSMART WORKING BORGHI\u201d<\/strong>, con agevolazioni fiscali per l\u2019insediamento di centri di ricerca e impresa digitale di prossimit\u00e0 nei piccoli comuni, incentivando la nuova residenzialit\u00e0 legata all\u2019uso di spazi abitativi abbandonati e recuperati. Prioritario, inoltre, dare immediata attuazione a dispositivi normativi come <strong>la legge Salva Borghi<\/strong> o <strong>le green community inserite nel Collegato ambientale<\/strong>, per mettere i piccoli centri nelle condizioni di competere ed esprimere il loro potenziale.<\/p>\n<p>\u201cLa pandemia ha posto all\u2019attenzione di tutti la necessit\u00e0 di ripensare la fruizione dei territori e il Pnrr rappresenta un\u2019occasione unica perch\u00e9 borghi e aree interne tornino ad avere la centralit\u00e0 che meritano, per riequilibrare storici divari e dare nuovo slancio alla lotta alla crisi climatica \u2013 commenta <strong>Ciafani<\/strong> \u2013 \u00a0I piccoli Comuni necessitano di risorse certe e politiche forti per promuovere la rivoluzione energetica e l\u2019economia circolare, sviluppare il turismo di prossimit\u00e0 e la multifunzionalit\u00e0 dell\u2019agricoltura, favorire una mobilit\u00e0 e una gestione forestale sostenibili, colmare il <em>digital divide<\/em>, semplificare le procedure per la messa in posa della banda ultralarga e implementare l\u2019agenda digitale. Queste le direttrici fondamentali lungo cui muoversi per innescare processi innovativi e sostanziali: lo dimostrano le storie da noi premiate, esempio di come i borghi possano essere motore propulsore della transizione ecologica e digitale\u201d.<\/p>\n<p><strong><u>Le cinque storie vincitrici del Premio \u201cVoler Bene all\u2019Italia\u201d 2021<\/u><\/strong><strong>. <\/strong>La seconda edizione del Premio \u201cVoler Bene all\u2019Italia\u201d assegna un riconoscimento a <strong>Vaccarizzo di Montalto (CS), <\/strong>tra la Valle del Crati e la catena costiera Paolana, per il progetto di living lab <strong><em>Home for creativity<\/em><\/strong>. Il borgo che rischiava l\u2019isolamento, tra case vuote e assenza di servizi al cittadino, \u00e8 stato recuperato nell\u2019ambito del progetto di rigenerazione urbana e sociale (studiato anche dal Mit di Boston) grazie al quale sono nati \u201cI live in Vaccarizzo\u201d, una cooperativa di comunit\u00e0 e una \u201cputiga\u201d, negozio di generi alimentari sfusi a km 0, mentre i terreni incolti sono stati inseriti nella \u201cBanca delle Terre\u201d: un\u2019esperienza che unisce il nomadismo digitale all\u2019ospitalit\u00e0 diffusa e alla progettazione condivisa.<\/p>\n<p>C\u2019\u00e8 anche <strong>Colletta di Castelbianco (SV)<\/strong> tra le cinque realt\u00e0 premiate, primo esempio di villaggio medievale telematico, dove la bellezza della tradizione s\u2019incontra con un intervento di recupero architettonico innovativo, che ha incorporato in modo discreto l\u2019alta tecnologia nel patrimonio urbanistico storico, tra muri di pietra e monitor che riportano dati e notizie, offrendo un\u2019agor\u00e0 elettronica unita a un buen retiro unico per qualit\u00e0 paesaggistica e organizzazione sociale.<\/p>\n<p>E ancora, premiata l\u2019esperienza di <strong>Civitella del Tronto (TE)<\/strong> e del suo <strong>Istituto Comprensivo \u201cRita Levi Montalcini\u201d<\/strong> che ha strutturato una proposta didattica di tele-collaborazione con il Canada e lavorato sul linguaggio audiovisivo come strumento d\u2019inclusione: \u00a0\u00e8 la sperimentazione \u201cScuole allo schermo\u201d, destinata a ragazzi con problemi legati al linguaggio e all\u2019uso della lingua, impegnati nella costruzione di relazioni con il circuito del cinema d\u2019autore e in un uso di qualit\u00e0 dei cellulari, grazie alla realizzazione di riprese che hanno posto al centro il territorio.<\/p>\n<p>Insignita del premio anche la <strong>Val di Sieve<\/strong>, in Toscana, per <strong><em>Forestsharing<\/em><\/strong>, piattaforma digitale tramite cui \u00e8 stato realizzato un progetto di selvicoltura di precisione che ha coinvolto la comunit\u00e0 montana e che si \u00e8 avvalso dell\u2019utilizzo di droni: un\u2019opera di collegamento digitale tra proprietari di boschi, imprese e professionisti che continua a creare valore partendo dai boschi abbandonati o non gestiti.<\/p>\n<p>Premiati infine <strong>Serre de Laboi, a Ostana (CN)<\/strong>, e il suo<strong> Monviso Institute <\/strong>che ha trasformato la borgata dell\u2019alta Valle del Po, disabitata da 40 anni, in un centro di ricerca, didattica e imprenditoria per la sostenibilit\u00e0, contribuendo al rilancio delle comunit\u00e0 montane e alla formazione di professionisti e studenti con progetti digitali diffusi a distanza in tutto il mondo.<\/p>\n<p><strong><u>#BORGHINEXTGENERATION<\/u><\/strong><strong><u>, il contest fotografico<\/u><\/strong><strong>.\u00a0<\/strong>Nell\u2019ambito di Voler Bene all\u2019Italia 2021, grazie al contributo della <a href=\"https:\/\/yallers.com\">community Yallers<\/a>, Legambiente stamattina ha lanciato il contest Instagram #borghinextgeneration per premiare le fotografie pi\u00f9 rappresentative dei \u201cvolti dell\u2019innovazione e delle generazioni future\u201d, sullo sfondo paesaggistico dei nostri borghi. Il primo classificato si aggiudicher\u00e0 un soggiorno in un piccolo borgo, offerto da Legambiente in collaborazione con EquoTube.<\/p>\n<p>&nbsp;<\/p>\n<p>Il comitato promotore di Voler Bene all\u2019Italia 2021:<\/p>\n<p><em>Legambiente, Anci, Ancim, Conferenza dei Presidenti delle Regioni e delle Province Autonome, Uncem, Upi, Acli, Aiab, Aitr, Alleanza delle Alpi, Ana, Arci, Arci Caccia, Archeoclub, Arco Latino, Banca Etica, Banche del Credito Cooperativo, Cai, Cia, Cipra, CittadinanzAttiva, Civita, Cna, Cngei, Coldiretti, CoMoDo, Compagnia delle Opere, Confagricoltura, Confartigianato, Confesercenti, Cts, Fai, Federculture, Federfarma, Federparchi, Fiab, Focsiv, Forum Terzo Settore, Lega Pesca, Legacoop, Libera, Lipu, Marevivo, Pro Natura, Promocamp, Rete dei Cammini, Symbola, Slow Food, Touring Club, Uisp, Unpli, Vivilitalia<\/em><\/p>\n<p>&nbsp;<\/p>\n<p>&#8212;<\/p>\n","protected":false},"excerpt":{"rendered":"<p>Da sempre tessuto identitario del Sistema Paese, ma per troppo tempo relegati ai margini dell\u2019agenda politica nazionale, i\u00a0piccoli Comuni\u00a0pagano anni di isolamento e scarsi investimenti in infrastrutture reali e digitali che contribuiscono a uno spopolamento oggi apparentemente inarrestabile. Sul fronte digitale, in particolare, in oltre 2.100 dei 7 mila centri italiani che ricadono nelle cosiddette [&hellip;]<\/p>\n","protected":false},"author":1,"featured_media":3914,"comment_status":"closed","ping_status":"open","sticky":false,"template":"","format":"standard","meta":{"footnotes":""},"categories":[56],"tags":[1127,1307,1726],"yoast_head":"<!-- This site is optimized with the Yoast SEO plugin v22.2 - https:\/\/yoast.com\/wordpress\/plugins\/seo\/ -->\n<title>Voler Bene all\u2019Italia 2021, la transizione ecologica e digitale passa dai piccoli Comuni -<\/title>\n<meta name=\"robots\" content=\"index, follow, max-snippet:-1, max-image-preview:large, max-video-preview:-1\" \/>\n<link rel=\"canonical\" href=\"http:\/\/www.italiaeconomiaonline.it\/web\/voler-bene-allitalia-2021-la-transizione-ecologica-e-digitale-passa-dai-piccoli-comuni\/\" \/>\n<meta property=\"og:locale\" content=\"it_IT\" \/>\n<meta property=\"og:type\" content=\"article\" \/>\n<meta property=\"og:title\" content=\"Voler Bene all\u2019Italia 2021, la transizione ecologica e digitale passa dai piccoli Comuni -\" \/>\n<meta property=\"og:description\" content=\"Da sempre tessuto identitario del Sistema Paese, ma per troppo tempo relegati ai margini dell\u2019agenda politica nazionale, i\u00a0piccoli Comuni\u00a0pagano anni di isolamento e scarsi investimenti in infrastrutture reali e digitali che contribuiscono a uno spopolamento oggi apparentemente inarrestabile. Sul fronte digitale, in particolare, in oltre 2.100 dei 7 mila centri italiani che ricadono nelle cosiddette [&hellip;]\" \/>\n<meta property=\"og:url\" content=\"http:\/\/www.italiaeconomiaonline.it\/web\/voler-bene-allitalia-2021-la-transizione-ecologica-e-digitale-passa-dai-piccoli-comuni\/\" \/>\n<meta property=\"og:site_name\" content=\"ItaliaEconomiaOnline\" \/>\n<meta property=\"article:published_time\" content=\"2021-05-28T12:15:48+00:00\" \/>\n<meta property=\"og:image\" content=\"http:\/\/www.italiaeconomiaonline.it\/web\/wp-content\/uploads\/2020\/08\/Schermata-2020-08-13-alle-12.08.30-1024x657.png\" \/>\n\t<meta property=\"og:image:width\" content=\"1024\" \/>\n\t<meta property=\"og:image:height\" content=\"657\" \/>\n\t<meta property=\"og:image:type\" content=\"image\/png\" \/>\n<meta name=\"author\" content=\"ladyitaliaeconomia\" \/>\n<meta name=\"twitter:card\" content=\"summary_large_image\" \/>\n<meta name=\"twitter:label1\" content=\"Scritto da\" \/>\n\t<meta name=\"twitter:data1\" content=\"ladyitaliaeconomia\" \/>\n\t<meta name=\"twitter:label2\" content=\"Tempo di lettura stimato\" \/>\n\t<meta name=\"twitter:data2\" content=\"7 minuti\" \/>\n<script type=\"application\/ld+json\" class=\"yoast-schema-graph\">{\"@context\":\"https:\/\/schema.org\",\"@graph\":[{\"@type\":\"WebPage\",\"@id\":\"http:\/\/www.italiaeconomiaonline.it\/web\/voler-bene-allitalia-2021-la-transizione-ecologica-e-digitale-passa-dai-piccoli-comuni\/\",\"url\":\"http:\/\/www.italiaeconomiaonline.it\/web\/voler-bene-allitalia-2021-la-transizione-ecologica-e-digitale-passa-dai-piccoli-comuni\/\",\"name\":\"Voler Bene all\u2019Italia 2021, la transizione ecologica e digitale passa dai piccoli Comuni -\",\"isPartOf\":{\"@id\":\"https:\/\/www.italiaeconomiaonline.it\/web\/#website\"},\"primaryImageOfPage\":{\"@id\":\"http:\/\/www.italiaeconomiaonline.it\/web\/voler-bene-allitalia-2021-la-transizione-ecologica-e-digitale-passa-dai-piccoli-comuni\/#primaryimage\"},\"image\":{\"@id\":\"http:\/\/www.italiaeconomiaonline.it\/web\/voler-bene-allitalia-2021-la-transizione-ecologica-e-digitale-passa-dai-piccoli-comuni\/#primaryimage\"},\"thumbnailUrl\":\"https:\/\/www.italiaeconomiaonline.it\/web\/wp-content\/uploads\/2020\/08\/Schermata-2020-08-13-alle-12.08.30.png\",\"datePublished\":\"2021-05-28T12:15:48+00:00\",\"dateModified\":\"2021-05-28T12:15:48+00:00\",\"author\":{\"@id\":\"https:\/\/www.italiaeconomiaonline.it\/web\/#\/schema\/person\/909a49cce752523b020fbc37d5ab1c31\"},\"breadcrumb\":{\"@id\":\"http:\/\/www.italiaeconomiaonline.it\/web\/voler-bene-allitalia-2021-la-transizione-ecologica-e-digitale-passa-dai-piccoli-comuni\/#breadcrumb\"},\"inLanguage\":\"it-IT\",\"potentialAction\":[{\"@type\":\"ReadAction\",\"target\":[\"http:\/\/www.italiaeconomiaonline.it\/web\/voler-bene-allitalia-2021-la-transizione-ecologica-e-digitale-passa-dai-piccoli-comuni\/\"]}]},{\"@type\":\"ImageObject\",\"inLanguage\":\"it-IT\",\"@id\":\"http:\/\/www.italiaeconomiaonline.it\/web\/voler-bene-allitalia-2021-la-transizione-ecologica-e-digitale-passa-dai-piccoli-comuni\/#primaryimage\",\"url\":\"https:\/\/www.italiaeconomiaonline.it\/web\/wp-content\/uploads\/2020\/08\/Schermata-2020-08-13-alle-12.08.30.png\",\"contentUrl\":\"https:\/\/www.italiaeconomiaonline.it\/web\/wp-content\/uploads\/2020\/08\/Schermata-2020-08-13-alle-12.08.30.png\",\"width\":1670,\"height\":1072},{\"@type\":\"BreadcrumbList\",\"@id\":\"http:\/\/www.italiaeconomiaonline.it\/web\/voler-bene-allitalia-2021-la-transizione-ecologica-e-digitale-passa-dai-piccoli-comuni\/#breadcrumb\",\"itemListElement\":[{\"@type\":\"ListItem\",\"position\":1,\"name\":\"Home\",\"item\":\"https:\/\/www.italiaeconomiaonline.it\/web\/\"},{\"@type\":\"ListItem\",\"position\":2,\"name\":\"Voler Bene all\u2019Italia 2021, la transizione ecologica e digitale passa dai piccoli Comuni\"}]},{\"@type\":\"WebSite\",\"@id\":\"https:\/\/www.italiaeconomiaonline.it\/web\/#website\",\"url\":\"https:\/\/www.italiaeconomiaonline.it\/web\/\",\"name\":\"ItaliaEconomiaOnline\",\"description\":\"Quotidiano Economico Online\",\"potentialAction\":[{\"@type\":\"SearchAction\",\"target\":{\"@type\":\"EntryPoint\",\"urlTemplate\":\"https:\/\/www.italiaeconomiaonline.it\/web\/?s={search_term_string}\"},\"query-input\":\"required name=search_term_string\"}],\"inLanguage\":\"it-IT\"},{\"@type\":\"Person\",\"@id\":\"https:\/\/www.italiaeconomiaonline.it\/web\/#\/schema\/person\/909a49cce752523b020fbc37d5ab1c31\",\"name\":\"ladyitaliaeconomia\",\"image\":{\"@type\":\"ImageObject\",\"inLanguage\":\"it-IT\",\"@id\":\"https:\/\/www.italiaeconomiaonline.it\/web\/#\/schema\/person\/image\/\",\"url\":\"https:\/\/secure.gravatar.com\/avatar\/cedca10ce7416a579b9fa6bce9c0a8f2?s=96&d=mm&r=g\",\"contentUrl\":\"https:\/\/secure.gravatar.com\/avatar\/cedca10ce7416a579b9fa6bce9c0a8f2?s=96&d=mm&r=g\",\"caption\":\"ladyitaliaeconomia\"},\"url\":\"https:\/\/www.italiaeconomiaonline.it\/web\/author\/ladyitaliaeconomia\/\"}]}<\/script>\n<!-- \/ Yoast SEO plugin. -->","yoast_head_json":{"title":"Voler Bene all\u2019Italia 2021, la transizione ecologica e digitale passa dai piccoli Comuni -","robots":{"index":"index","follow":"follow","max-snippet":"max-snippet:-1","max-image-preview":"max-image-preview:large","max-video-preview":"max-video-preview:-1"},"canonical":"http:\/\/www.italiaeconomiaonline.it\/web\/voler-bene-allitalia-2021-la-transizione-ecologica-e-digitale-passa-dai-piccoli-comuni\/","og_locale":"it_IT","og_type":"article","og_title":"Voler Bene all\u2019Italia 2021, la transizione ecologica e digitale passa dai piccoli Comuni -","og_description":"Da sempre tessuto identitario del Sistema Paese, ma per troppo tempo relegati ai margini dell\u2019agenda politica nazionale, i\u00a0piccoli Comuni\u00a0pagano anni di isolamento e scarsi investimenti in infrastrutture reali e digitali che contribuiscono a uno spopolamento oggi apparentemente inarrestabile. Sul fronte digitale, in particolare, in oltre 2.100 dei 7 mila centri italiani che ricadono nelle cosiddette [&hellip;]","og_url":"http:\/\/www.italiaeconomiaonline.it\/web\/voler-bene-allitalia-2021-la-transizione-ecologica-e-digitale-passa-dai-piccoli-comuni\/","og_site_name":"ItaliaEconomiaOnline","article_published_time":"2021-05-28T12:15:48+00:00","og_image":[{"width":1024,"height":657,"url":"http:\/\/www.italiaeconomiaonline.it\/web\/wp-content\/uploads\/2020\/08\/Schermata-2020-08-13-alle-12.08.30-1024x657.png","type":"image\/png"}],"author":"ladyitaliaeconomia","twitter_card":"summary_large_image","twitter_misc":{"Scritto da":"ladyitaliaeconomia","Tempo di lettura stimato":"7 minuti"},"schema":{"@context":"https:\/\/schema.org","@graph":[{"@type":"WebPage","@id":"http:\/\/www.italiaeconomiaonline.it\/web\/voler-bene-allitalia-2021-la-transizione-ecologica-e-digitale-passa-dai-piccoli-comuni\/","url":"http:\/\/www.italiaeconomiaonline.it\/web\/voler-bene-allitalia-2021-la-transizione-ecologica-e-digitale-passa-dai-piccoli-comuni\/","name":"Voler Bene all\u2019Italia 2021, la transizione ecologica e digitale passa dai piccoli Comuni -","isPartOf":{"@id":"https:\/\/www.italiaeconomiaonline.it\/web\/#website"},"primaryImageOfPage":{"@id":"http:\/\/www.italiaeconomiaonline.it\/web\/voler-bene-allitalia-2021-la-transizione-ecologica-e-digitale-passa-dai-piccoli-comuni\/#primaryimage"},"image":{"@id":"http:\/\/www.italiaeconomiaonline.it\/web\/voler-bene-allitalia-2021-la-transizione-ecologica-e-digitale-passa-dai-piccoli-comuni\/#primaryimage"},"thumbnailUrl":"https:\/\/www.italiaeconomiaonline.it\/web\/wp-content\/uploads\/2020\/08\/Schermata-2020-08-13-alle-12.08.30.png","datePublished":"2021-05-28T12:15:48+00:00","dateModified":"2021-05-28T12:15:48+00:00","author":{"@id":"https:\/\/www.italiaeconomiaonline.it\/web\/#\/schema\/person\/909a49cce752523b020fbc37d5ab1c31"},"breadcrumb":{"@id":"http:\/\/www.italiaeconomiaonline.it\/web\/voler-bene-allitalia-2021-la-transizione-ecologica-e-digitale-passa-dai-piccoli-comuni\/#breadcrumb"},"inLanguage":"it-IT","potentialAction":[{"@type":"ReadAction","target":["http:\/\/www.italiaeconomiaonline.it\/web\/voler-bene-allitalia-2021-la-transizione-ecologica-e-digitale-passa-dai-piccoli-comuni\/"]}]},{"@type":"ImageObject","inLanguage":"it-IT","@id":"http:\/\/www.italiaeconomiaonline.it\/web\/voler-bene-allitalia-2021-la-transizione-ecologica-e-digitale-passa-dai-piccoli-comuni\/#primaryimage","url":"https:\/\/www.italiaeconomiaonline.it\/web\/wp-content\/uploads\/2020\/08\/Schermata-2020-08-13-alle-12.08.30.png","contentUrl":"https:\/\/www.italiaeconomiaonline.it\/web\/wp-content\/uploads\/2020\/08\/Schermata-2020-08-13-alle-12.08.30.png","width":1670,"height":1072},{"@type":"BreadcrumbList","@id":"http:\/\/www.italiaeconomiaonline.it\/web\/voler-bene-allitalia-2021-la-transizione-ecologica-e-digitale-passa-dai-piccoli-comuni\/#breadcrumb","itemListElement":[{"@type":"ListItem","position":1,"name":"Home","item":"https:\/\/www.italiaeconomiaonline.it\/web\/"},{"@type":"ListItem","position":2,"name":"Voler Bene all\u2019Italia 2021, la transizione ecologica e digitale passa dai piccoli Comuni"}]},{"@type":"WebSite","@id":"https:\/\/www.italiaeconomiaonline.it\/web\/#website","url":"https:\/\/www.italiaeconomiaonline.it\/web\/","name":"ItaliaEconomiaOnline","description":"Quotidiano Economico Online","potentialAction":[{"@type":"SearchAction","target":{"@type":"EntryPoint","urlTemplate":"https:\/\/www.italiaeconomiaonline.it\/web\/?s={search_term_string}"},"query-input":"required name=search_term_string"}],"inLanguage":"it-IT"},{"@type":"Person","@id":"https:\/\/www.italiaeconomiaonline.it\/web\/#\/schema\/person\/909a49cce752523b020fbc37d5ab1c31","name":"ladyitaliaeconomia","image":{"@type":"ImageObject","inLanguage":"it-IT","@id":"https:\/\/www.italiaeconomiaonline.it\/web\/#\/schema\/person\/image\/","url":"https:\/\/secure.gravatar.com\/avatar\/cedca10ce7416a579b9fa6bce9c0a8f2?s=96&d=mm&r=g","contentUrl":"https:\/\/secure.gravatar.com\/avatar\/cedca10ce7416a579b9fa6bce9c0a8f2?s=96&d=mm&r=g","caption":"ladyitaliaeconomia"},"url":"https:\/\/www.italiaeconomiaonline.it\/web\/author\/ladyitaliaeconomia\/"}]}},"_links":{"self":[{"href":"https:\/\/www.italiaeconomiaonline.it\/web\/wp-json\/wp\/v2\/posts\/5944"}],"collection":[{"href":"https:\/\/www.italiaeconomiaonline.it\/web\/wp-json\/wp\/v2\/posts"}],"about":[{"href":"https:\/\/www.italiaeconomiaonline.it\/web\/wp-json\/wp\/v2\/types\/post"}],"author":[{"embeddable":true,"href":"https:\/\/www.italiaeconomiaonline.it\/web\/wp-json\/wp\/v2\/users\/1"}],"replies":[{"embeddable":true,"href":"https:\/\/www.italiaeconomiaonline.it\/web\/wp-json\/wp\/v2\/comments?post=5944"}],"version-history":[{"count":1,"href":"https:\/\/www.italiaeconomiaonline.it\/web\/wp-json\/wp\/v2\/posts\/5944\/revisions"}],"predecessor-version":[{"id":5945,"href":"https:\/\/www.italiaeconomiaonline.it\/web\/wp-json\/wp\/v2\/posts\/5944\/revisions\/5945"}],"wp:featuredmedia":[{"embeddable":true,"href":"https:\/\/www.italiaeconomiaonline.it\/web\/wp-json\/wp\/v2\/media\/3914"}],"wp:attachment":[{"href":"https:\/\/www.italiaeconomiaonline.it\/web\/wp-json\/wp\/v2\/media?parent=5944"}],"wp:term":[{"taxonomy":"category","embeddable":true,"href":"https:\/\/www.italiaeconomiaonline.it\/web\/wp-json\/wp\/v2\/categories?post=5944"},{"taxonomy":"post_tag","embeddable":true,"href":"https:\/\/www.italiaeconomiaonline.it\/web\/wp-json\/wp\/v2\/tags?post=5944"}],"curies":[{"name":"wp","href":"https:\/\/api.w.org\/{rel}","templated":true}]}}