{"id":5967,"date":"2021-06-06T22:23:41","date_gmt":"2021-06-06T20:23:41","guid":{"rendered":"http:\/\/www.italiaeconomiaonline.it\/web\/?p=5967"},"modified":"2021-06-06T22:23:41","modified_gmt":"2021-06-06T20:23:41","slug":"daniela-biolatto-nuova-presidente-delle-imprenditrici-di-confartigianato-imprese-nazionale","status":"publish","type":"post","link":"https:\/\/www.italiaeconomiaonline.it\/web\/daniela-biolatto-nuova-presidente-delle-imprenditrici-di-confartigianato-imprese-nazionale\/","title":{"rendered":"Daniela Biolatto nuova Presidente delle imprenditrici di Confartigianato Imprese Nazionale"},"content":{"rendered":"<p><span class=\"dropcap dropcap3\">L<\/span>\u2019Assemblea di <strong>Donne Impresa Confartigianato<\/strong>\u00a0ha eletto\u00a0<strong>Daniela Biolatto<\/strong>\u00a0alla\u00a0<strong>Presidenza<\/strong>\u00a0del Movimento che rappresenta quasi\u00a0<strong>85.000 donne alla guida di imprese artigiane e micro e piccole imprese<\/strong>.<\/p>\n<p>La Presidente Biolatto, gi\u00e0 Presidente del movimento donna di Confartigianato Imprese Piemonte, guider\u00e0 Donne Impresa per i prossimi 4 anni e sar\u00e0 affiancata\u00a0dalle Vicepresidenti\u00a0<strong>Elena Ghezzi<\/strong>, Presidente di Donne Impresa Lombardia che ha ricevuto l\u2019incarico di Vice Presidente Vicaria, e\u00a0<strong>Emanuela Bacchilega<\/strong>, Presidente di Donne Impresa Emilia Romagna.<\/p>\n<p>Daniela Biolatto, di Cuneo, \u00e8 imprenditrice nel settore della moda, fondatrice e titolare dell\u2019azienda \u2018Ami2\u2019 che opera ininterrottamente dal 1985 sul mercato nazionale ed estero. Attualmente Presidente di Donne Impresa di Confartigianato Piemonte, Daniela Biolatto ha svolto numerosi incarichi di vertice nell\u2019ambito di Confartigianato, a livello provinciale, regionale e nazionale.<\/p>\n<p>La Presidente Biolatto ha ringraziato la Presidente uscente Daniela Rader per l\u2019impegno con cui ha guidato il Movimento dal 2017 e, presentando il suo programma, ha espresso la volont\u00e0 di intensificare le iniziative per consolidare il ruolo economico e sociale delle imprenditrici di Confartigianato.<\/p>\n<p>\u201cContinueremo a batterci \u2013 ha detto \u2013\u00a0<strong>contro le discriminazioni di genere<\/strong>\u00a0per costruire le condizioni che permettano alle donne di esprimere nel lavoro e nell\u2019impresa le proprie potenzialit\u00e0 e contribuire alla ripresa del Paese\u201d. \u201cPer rilanciare la competitivit\u00e0 delle nostre aziende \u2013 ha aggiunto \u2013 dobbiamo puntare sulla\u00a0<strong>formazione<\/strong>\u00a0soprattutto in materia di strumenti finanziari, su un nuovo sistema di\u00a0<strong>welfare<\/strong>\u00a0attento alla specificit\u00e0 del lavoro indipendente femminile e capace di generare benessere per le imprenditrici, le loro famiglie, la comunit\u00e0, su un cambiamento culturale che parta dalle istituzioni scolastiche per combattere gli stereotipi di genere.<\/p>\n<p>Intensificheremo il confronto con le istituzioni per costruire\u00a0<strong>politiche di conciliazione<\/strong>\u00a0in linea con gli obiettivi di sviluppo sostenibile dell\u2019Agenda 2030, e per supportare le imprenditrici in azioni e soluzioni all\u2019emergenza sanitaria, progettare interventi strutturali che contribuiscano al miglioramento qualitativo e quantitativo della presenza femminile nel mondo del lavoro\u201d.<\/p>\n<p>&nbsp;<\/p>\n<p>&nbsp;<\/p>\n<p>&nbsp;<\/p>\n<p>&nbsp;<\/p>\n<p>&nbsp;<\/p>\n<p><strong>\u00a0<\/strong><\/p>\n<p><strong>\u00a0<\/strong><\/p>\n<p>&nbsp;<\/p>\n","protected":false},"excerpt":{"rendered":"<p>L\u2019Assemblea di Donne Impresa Confartigianato\u00a0ha eletto\u00a0Daniela Biolatto\u00a0alla\u00a0Presidenza\u00a0del Movimento che rappresenta quasi\u00a085.000 donne alla guida di imprese artigiane e micro e piccole imprese. La Presidente Biolatto, gi\u00e0 Presidente del movimento donna di Confartigianato Imprese Piemonte, guider\u00e0 Donne Impresa per i prossimi 4 anni e sar\u00e0 affiancata\u00a0dalle Vicepresidenti\u00a0Elena Ghezzi, Presidente di Donne Impresa Lombardia che ha ricevuto [&hellip;]<\/p>\n","protected":false},"author":1,"featured_media":5968,"comment_status":"closed","ping_status":"open","sticky":false,"template":"","format":"standard","meta":{"footnotes":""},"categories":[56],"tags":[],"yoast_head":"<!-- This site is optimized with the Yoast SEO plugin v22.2 - https:\/\/yoast.com\/wordpress\/plugins\/seo\/ -->\n<title>Daniela Biolatto nuova Presidente delle imprenditrici di Confartigianato Imprese Nazionale -<\/title>\n<meta name=\"robots\" content=\"index, follow, max-snippet:-1, max-image-preview:large, max-video-preview:-1\" \/>\n<link rel=\"canonical\" href=\"https:\/\/www.italiaeconomiaonline.it\/web\/daniela-biolatto-nuova-presidente-delle-imprenditrici-di-confartigianato-imprese-nazionale\/\" \/>\n<meta property=\"og:locale\" content=\"it_IT\" \/>\n<meta property=\"og:type\" content=\"article\" \/>\n<meta property=\"og:title\" content=\"Daniela Biolatto nuova Presidente delle imprenditrici di Confartigianato Imprese Nazionale -\" \/>\n<meta property=\"og:description\" content=\"L\u2019Assemblea di Donne Impresa Confartigianato\u00a0ha eletto\u00a0Daniela Biolatto\u00a0alla\u00a0Presidenza\u00a0del Movimento che rappresenta quasi\u00a085.000 donne alla guida di imprese artigiane e micro e piccole imprese. La Presidente Biolatto, gi\u00e0 Presidente del movimento donna di Confartigianato Imprese Piemonte, guider\u00e0 Donne Impresa per i prossimi 4 anni e sar\u00e0 affiancata\u00a0dalle Vicepresidenti\u00a0Elena Ghezzi, Presidente di Donne Impresa Lombardia che ha ricevuto [&hellip;]\" \/>\n<meta property=\"og:url\" content=\"https:\/\/www.italiaeconomiaonline.it\/web\/daniela-biolatto-nuova-presidente-delle-imprenditrici-di-confartigianato-imprese-nazionale\/\" \/>\n<meta property=\"og:site_name\" content=\"ItaliaEconomiaOnline\" \/>\n<meta property=\"article:published_time\" content=\"2021-06-06T20:23:41+00:00\" \/>\n<meta property=\"og:image\" content=\"https:\/\/www.italiaeconomiaonline.it\/web\/wp-content\/uploads\/2021\/06\/image001.jpg\" \/>\n\t<meta property=\"og:image:width\" content=\"700\" \/>\n\t<meta property=\"og:image:height\" content=\"300\" \/>\n\t<meta property=\"og:image:type\" content=\"image\/jpeg\" \/>\n<meta name=\"author\" content=\"ladyitaliaeconomia\" \/>\n<meta name=\"twitter:card\" content=\"summary_large_image\" \/>\n<meta name=\"twitter:label1\" content=\"Scritto da\" \/>\n\t<meta name=\"twitter:data1\" content=\"ladyitaliaeconomia\" \/>\n\t<meta name=\"twitter:label2\" content=\"Tempo di lettura stimato\" \/>\n\t<meta name=\"twitter:data2\" content=\"2 minuti\" \/>\n<script type=\"application\/ld+json\" class=\"yoast-schema-graph\">{\"@context\":\"https:\/\/schema.org\",\"@graph\":[{\"@type\":\"WebPage\",\"@id\":\"https:\/\/www.italiaeconomiaonline.it\/web\/daniela-biolatto-nuova-presidente-delle-imprenditrici-di-confartigianato-imprese-nazionale\/\",\"url\":\"https:\/\/www.italiaeconomiaonline.it\/web\/daniela-biolatto-nuova-presidente-delle-imprenditrici-di-confartigianato-imprese-nazionale\/\",\"name\":\"Daniela Biolatto nuova Presidente delle imprenditrici di Confartigianato Imprese Nazionale -\",\"isPartOf\":{\"@id\":\"https:\/\/www.italiaeconomiaonline.it\/web\/#website\"},\"primaryImageOfPage\":{\"@id\":\"https:\/\/www.italiaeconomiaonline.it\/web\/daniela-biolatto-nuova-presidente-delle-imprenditrici-di-confartigianato-imprese-nazionale\/#primaryimage\"},\"image\":{\"@id\":\"https:\/\/www.italiaeconomiaonline.it\/web\/daniela-biolatto-nuova-presidente-delle-imprenditrici-di-confartigianato-imprese-nazionale\/#primaryimage\"},\"thumbnailUrl\":\"https:\/\/www.italiaeconomiaonline.it\/web\/wp-content\/uploads\/2021\/06\/image001.jpg\",\"datePublished\":\"2021-06-06T20:23:41+00:00\",\"dateModified\":\"2021-06-06T20:23:41+00:00\",\"author\":{\"@id\":\"https:\/\/www.italiaeconomiaonline.it\/web\/#\/schema\/person\/909a49cce752523b020fbc37d5ab1c31\"},\"breadcrumb\":{\"@id\":\"https:\/\/www.italiaeconomiaonline.it\/web\/daniela-biolatto-nuova-presidente-delle-imprenditrici-di-confartigianato-imprese-nazionale\/#breadcrumb\"},\"inLanguage\":\"it-IT\",\"potentialAction\":[{\"@type\":\"ReadAction\",\"target\":[\"https:\/\/www.italiaeconomiaonline.it\/web\/daniela-biolatto-nuova-presidente-delle-imprenditrici-di-confartigianato-imprese-nazionale\/\"]}]},{\"@type\":\"ImageObject\",\"inLanguage\":\"it-IT\",\"@id\":\"https:\/\/www.italiaeconomiaonline.it\/web\/daniela-biolatto-nuova-presidente-delle-imprenditrici-di-confartigianato-imprese-nazionale\/#primaryimage\",\"url\":\"https:\/\/www.italiaeconomiaonline.it\/web\/wp-content\/uploads\/2021\/06\/image001.jpg\",\"contentUrl\":\"https:\/\/www.italiaeconomiaonline.it\/web\/wp-content\/uploads\/2021\/06\/image001.jpg\",\"width\":700,\"height\":300},{\"@type\":\"BreadcrumbList\",\"@id\":\"https:\/\/www.italiaeconomiaonline.it\/web\/daniela-biolatto-nuova-presidente-delle-imprenditrici-di-confartigianato-imprese-nazionale\/#breadcrumb\",\"itemListElement\":[{\"@type\":\"ListItem\",\"position\":1,\"name\":\"Home\",\"item\":\"https:\/\/www.italiaeconomiaonline.it\/web\/\"},{\"@type\":\"ListItem\",\"position\":2,\"name\":\"Daniela Biolatto nuova Presidente delle imprenditrici di Confartigianato Imprese Nazionale\"}]},{\"@type\":\"WebSite\",\"@id\":\"https:\/\/www.italiaeconomiaonline.it\/web\/#website\",\"url\":\"https:\/\/www.italiaeconomiaonline.it\/web\/\",\"name\":\"ItaliaEconomiaOnline\",\"description\":\"Quotidiano Economico Online\",\"potentialAction\":[{\"@type\":\"SearchAction\",\"target\":{\"@type\":\"EntryPoint\",\"urlTemplate\":\"https:\/\/www.italiaeconomiaonline.it\/web\/?s={search_term_string}\"},\"query-input\":\"required name=search_term_string\"}],\"inLanguage\":\"it-IT\"},{\"@type\":\"Person\",\"@id\":\"https:\/\/www.italiaeconomiaonline.it\/web\/#\/schema\/person\/909a49cce752523b020fbc37d5ab1c31\",\"name\":\"ladyitaliaeconomia\",\"image\":{\"@type\":\"ImageObject\",\"inLanguage\":\"it-IT\",\"@id\":\"https:\/\/www.italiaeconomiaonline.it\/web\/#\/schema\/person\/image\/\",\"url\":\"https:\/\/secure.gravatar.com\/avatar\/cedca10ce7416a579b9fa6bce9c0a8f2?s=96&d=mm&r=g\",\"contentUrl\":\"https:\/\/secure.gravatar.com\/avatar\/cedca10ce7416a579b9fa6bce9c0a8f2?s=96&d=mm&r=g\",\"caption\":\"ladyitaliaeconomia\"},\"url\":\"https:\/\/www.italiaeconomiaonline.it\/web\/author\/ladyitaliaeconomia\/\"}]}<\/script>\n<!-- \/ Yoast SEO plugin. -->","yoast_head_json":{"title":"Daniela Biolatto nuova Presidente delle imprenditrici di Confartigianato Imprese Nazionale -","robots":{"index":"index","follow":"follow","max-snippet":"max-snippet:-1","max-image-preview":"max-image-preview:large","max-video-preview":"max-video-preview:-1"},"canonical":"https:\/\/www.italiaeconomiaonline.it\/web\/daniela-biolatto-nuova-presidente-delle-imprenditrici-di-confartigianato-imprese-nazionale\/","og_locale":"it_IT","og_type":"article","og_title":"Daniela Biolatto nuova Presidente delle imprenditrici di Confartigianato Imprese Nazionale -","og_description":"L\u2019Assemblea di Donne Impresa Confartigianato\u00a0ha eletto\u00a0Daniela Biolatto\u00a0alla\u00a0Presidenza\u00a0del Movimento che rappresenta quasi\u00a085.000 donne alla guida di imprese artigiane e micro e piccole imprese. La Presidente Biolatto, gi\u00e0 Presidente del movimento donna di Confartigianato Imprese Piemonte, guider\u00e0 Donne Impresa per i prossimi 4 anni e sar\u00e0 affiancata\u00a0dalle Vicepresidenti\u00a0Elena Ghezzi, Presidente di Donne Impresa Lombardia che ha ricevuto [&hellip;]","og_url":"https:\/\/www.italiaeconomiaonline.it\/web\/daniela-biolatto-nuova-presidente-delle-imprenditrici-di-confartigianato-imprese-nazionale\/","og_site_name":"ItaliaEconomiaOnline","article_published_time":"2021-06-06T20:23:41+00:00","og_image":[{"width":700,"height":300,"url":"https:\/\/www.italiaeconomiaonline.it\/web\/wp-content\/uploads\/2021\/06\/image001.jpg","type":"image\/jpeg"}],"author":"ladyitaliaeconomia","twitter_card":"summary_large_image","twitter_misc":{"Scritto da":"ladyitaliaeconomia","Tempo di lettura stimato":"2 minuti"},"schema":{"@context":"https:\/\/schema.org","@graph":[{"@type":"WebPage","@id":"https:\/\/www.italiaeconomiaonline.it\/web\/daniela-biolatto-nuova-presidente-delle-imprenditrici-di-confartigianato-imprese-nazionale\/","url":"https:\/\/www.italiaeconomiaonline.it\/web\/daniela-biolatto-nuova-presidente-delle-imprenditrici-di-confartigianato-imprese-nazionale\/","name":"Daniela Biolatto nuova Presidente delle imprenditrici di Confartigianato Imprese Nazionale -","isPartOf":{"@id":"https:\/\/www.italiaeconomiaonline.it\/web\/#website"},"primaryImageOfPage":{"@id":"https:\/\/www.italiaeconomiaonline.it\/web\/daniela-biolatto-nuova-presidente-delle-imprenditrici-di-confartigianato-imprese-nazionale\/#primaryimage"},"image":{"@id":"https:\/\/www.italiaeconomiaonline.it\/web\/daniela-biolatto-nuova-presidente-delle-imprenditrici-di-confartigianato-imprese-nazionale\/#primaryimage"},"thumbnailUrl":"https:\/\/www.italiaeconomiaonline.it\/web\/wp-content\/uploads\/2021\/06\/image001.jpg","datePublished":"2021-06-06T20:23:41+00:00","dateModified":"2021-06-06T20:23:41+00:00","author":{"@id":"https:\/\/www.italiaeconomiaonline.it\/web\/#\/schema\/person\/909a49cce752523b020fbc37d5ab1c31"},"breadcrumb":{"@id":"https:\/\/www.italiaeconomiaonline.it\/web\/daniela-biolatto-nuova-presidente-delle-imprenditrici-di-confartigianato-imprese-nazionale\/#breadcrumb"},"inLanguage":"it-IT","potentialAction":[{"@type":"ReadAction","target":["https:\/\/www.italiaeconomiaonline.it\/web\/daniela-biolatto-nuova-presidente-delle-imprenditrici-di-confartigianato-imprese-nazionale\/"]}]},{"@type":"ImageObject","inLanguage":"it-IT","@id":"https:\/\/www.italiaeconomiaonline.it\/web\/daniela-biolatto-nuova-presidente-delle-imprenditrici-di-confartigianato-imprese-nazionale\/#primaryimage","url":"https:\/\/www.italiaeconomiaonline.it\/web\/wp-content\/uploads\/2021\/06\/image001.jpg","contentUrl":"https:\/\/www.italiaeconomiaonline.it\/web\/wp-content\/uploads\/2021\/06\/image001.jpg","width":700,"height":300},{"@type":"BreadcrumbList","@id":"https:\/\/www.italiaeconomiaonline.it\/web\/daniela-biolatto-nuova-presidente-delle-imprenditrici-di-confartigianato-imprese-nazionale\/#breadcrumb","itemListElement":[{"@type":"ListItem","position":1,"name":"Home","item":"https:\/\/www.italiaeconomiaonline.it\/web\/"},{"@type":"ListItem","position":2,"name":"Daniela Biolatto nuova Presidente delle imprenditrici di Confartigianato Imprese Nazionale"}]},{"@type":"WebSite","@id":"https:\/\/www.italiaeconomiaonline.it\/web\/#website","url":"https:\/\/www.italiaeconomiaonline.it\/web\/","name":"ItaliaEconomiaOnline","description":"Quotidiano Economico Online","potentialAction":[{"@type":"SearchAction","target":{"@type":"EntryPoint","urlTemplate":"https:\/\/www.italiaeconomiaonline.it\/web\/?s={search_term_string}"},"query-input":"required name=search_term_string"}],"inLanguage":"it-IT"},{"@type":"Person","@id":"https:\/\/www.italiaeconomiaonline.it\/web\/#\/schema\/person\/909a49cce752523b020fbc37d5ab1c31","name":"ladyitaliaeconomia","image":{"@type":"ImageObject","inLanguage":"it-IT","@id":"https:\/\/www.italiaeconomiaonline.it\/web\/#\/schema\/person\/image\/","url":"https:\/\/secure.gravatar.com\/avatar\/cedca10ce7416a579b9fa6bce9c0a8f2?s=96&d=mm&r=g","contentUrl":"https:\/\/secure.gravatar.com\/avatar\/cedca10ce7416a579b9fa6bce9c0a8f2?s=96&d=mm&r=g","caption":"ladyitaliaeconomia"},"url":"https:\/\/www.italiaeconomiaonline.it\/web\/author\/ladyitaliaeconomia\/"}]}},"_links":{"self":[{"href":"https:\/\/www.italiaeconomiaonline.it\/web\/wp-json\/wp\/v2\/posts\/5967"}],"collection":[{"href":"https:\/\/www.italiaeconomiaonline.it\/web\/wp-json\/wp\/v2\/posts"}],"about":[{"href":"https:\/\/www.italiaeconomiaonline.it\/web\/wp-json\/wp\/v2\/types\/post"}],"author":[{"embeddable":true,"href":"https:\/\/www.italiaeconomiaonline.it\/web\/wp-json\/wp\/v2\/users\/1"}],"replies":[{"embeddable":true,"href":"https:\/\/www.italiaeconomiaonline.it\/web\/wp-json\/wp\/v2\/comments?post=5967"}],"version-history":[{"count":1,"href":"https:\/\/www.italiaeconomiaonline.it\/web\/wp-json\/wp\/v2\/posts\/5967\/revisions"}],"predecessor-version":[{"id":5969,"href":"https:\/\/www.italiaeconomiaonline.it\/web\/wp-json\/wp\/v2\/posts\/5967\/revisions\/5969"}],"wp:featuredmedia":[{"embeddable":true,"href":"https:\/\/www.italiaeconomiaonline.it\/web\/wp-json\/wp\/v2\/media\/5968"}],"wp:attachment":[{"href":"https:\/\/www.italiaeconomiaonline.it\/web\/wp-json\/wp\/v2\/media?parent=5967"}],"wp:term":[{"taxonomy":"category","embeddable":true,"href":"https:\/\/www.italiaeconomiaonline.it\/web\/wp-json\/wp\/v2\/categories?post=5967"},{"taxonomy":"post_tag","embeddable":true,"href":"https:\/\/www.italiaeconomiaonline.it\/web\/wp-json\/wp\/v2\/tags?post=5967"}],"curies":[{"name":"wp","href":"https:\/\/api.w.org\/{rel}","templated":true}]}}