{"id":6019,"date":"2021-06-21T10:07:12","date_gmt":"2021-06-21T08:07:12","guid":{"rendered":"http:\/\/www.italiaeconomiaonline.it\/web\/?p=6019"},"modified":"2021-06-21T10:09:04","modified_gmt":"2021-06-21T08:09:04","slug":"sbarra-cisl-appello-a-draghi-ed-al-governo-su-licenziamenti-difesa-diritti-sicurezza","status":"publish","type":"post","link":"https:\/\/www.italiaeconomiaonline.it\/web\/sbarra-cisl-appello-a-draghi-ed-al-governo-su-licenziamenti-difesa-diritti-sicurezza\/","title":{"rendered":"Sbarra (Cisl): Appello a Draghi ed al Governo su licenziamenti, difesa diritti, sicurezza"},"content":{"rendered":"<div align=\"left\"><span style=\"color: #000000; font-family: Geneva;\">Sono ancora \u00a0incredulo, la tragica morte del giovane sindacalista a Novara, padre di due figli, \u00e8 chiaro che ci ha molto colpito ed addolorato. Nel paese esistono diversit\u00e0 nell\u2019esercizio della rappresentanza sociale e sindacale, tante differenze storiche tra il sindacalismo confederale e le posizioni delle sigle autonome. Ma la libert\u00e0 sindacale va sempre rispettata e garantita perch\u00e9 \u00e8 sinonimo di democrazia in un paese civile\u201d. \u00c8 quanto sottolinea <a class=\"matchTooltip\">oggi<\/a> in una lunga intervista al quotidiano \u201cAvvenire\u201c il Segretario Generale della Cisl, Luigi Sbarra.<\/span><\/div>\n<div align=\"left\"><\/div>\n<div align=\"left\"><span style=\"color: #000000; font-family: Geneva;\"> \u201cMagistratura ed inquirenti devono fare subito piena luce sull\u2019accaduto, come ha sottolineato anche Draghi e nello stesso tempo aprire una discussione seria sulle giuste tutele e sui diritti che bisogna garantire ai lavoratori della logistica, della gig economy, nell\u2019agricoltura ed in tutti i settori dove c\u2019\u00e8 <a class=\"matchTooltip\">oggi<\/a> uno sfruttamento selvaggio del lavoro. Lo ha giustamente richiamato giorni fa anche Papa Francesco, riconoscendo il ruolo del sindacato, spronandolo ad occuparsi ancor di pi\u00f9 degli ultimi ed a cambiare questo sistema economico, mettendo al centro il valore del lavoro e la dignit\u00e0 della persona\u201d, aggiunge il leader Cisl.<\/span><\/div>\n<div align=\"left\"><\/div>\n<div align=\"left\"><span style=\"color: #000000; font-family: Geneva;\"> \u201c\u00c8 evidente che nel settore della logistica si stanno consumando episodi continui di violenza, di intimidazione e di incivilt\u00e0, che riportano indietro nel tempo le relazioni industriali. In molti casi perdura una situazione di bassi salari, sub appalti selvaggi, false cooperative, \u00a0con il mancato rispetto dei contratti, dei diritti e delle tutele fondamentali. <\/span><\/div>\n<div align=\"left\"><\/div>\n<div align=\"left\"><span style=\"color: #000000; font-family: Geneva;\">\u00c8 un brutto segnale per il Paese, una involuzione delle condizioni del lavoro. Le conseguenze terribili della pandemia non possono essere pagate dai pi\u00f9 deboli, con questa strisciante deregulation. Dalla emergenza sanitaria dobbiamo uscire cambiando in meglio le condizioni del mondo del lavoro. Non pu\u00f2 prevalere la logica fredda del profitto e del mercato selvaggio e senza regole\u201d. Sbarra sottolinea che \u201cpicchetto o non picchetto, qui \u00e8 morta una persona, un sindacalista che stava manifestando. Non si pu\u00f2 essere aggrediti mortalmente con una violenza inaudita quando si protesta o si sciopera. <\/span><\/div>\n<div align=\"left\"><\/div>\n<div align=\"left\"><span style=\"color: #000000; font-family: Geneva;\">Non si pu\u00f2 morire di lavoro o per il lavoro. Il settore della logistica \u00e8 spesso una giungla, tra contratti pirata ed una selva di subappalti, dove l\u201980% dei lavoratori che smistano i pacchi o altre lavorazioni sono immigrati, senza orari, straordinari, diritti fondamentali. Noi siamo impegnati da tempo su questi temi con le nostre categorie, la Fit Cisl un mese fa ha rinnovato insieme agli altri sindacati il contratto collettivo della logistica. Ma il sindacato confederale \u00e8 osteggiato da molte aziende che non rispettano pi\u00f9 gli accordi ed i contratti cercando solo maggiori profitti, applicando un costo del lavoro pi\u00f9 basso del 40%. La filiera della logistica si \u00e8 frammentata, polverizzata e si sta andando avanti con contratti pirata, firmati da personaggi che indossano la mattina la giacchetta del sindacalista e nel pomeriggio del padroncino. Una vergogna\u201d. <\/span><\/div>\n<div align=\"left\"><\/div>\n<div align=\"left\"><span style=\"color: #000000; font-family: Geneva;\">Il leader Cisl lancia un appello al Premier Draghi: \u201cTutte le forze politiche che stiamo incontrando in questi giorni riconoscono l\u2019allarme che stiamo lanciando sui licenziamenti. Ecco perch\u00e9 rinnoviamo il nostro appello al Governo: cambiate il decreto sostegni oppure adottate un nuovo provvedimento nei prossimi \u00a0giorni, prolungando il blocco almeno fino alle fine di ottobre. Ci sono tanti settori industriali che stanno ancora soffrendo la crisi, senza contare i 100 \u00a0tavoli aperti al Mise dove si discute il destino di 100 mila persone. Bisogna consolidare da un lato la ripresa e dall\u2019altro approntare le misure di protezione sociale universali. <\/span><\/div>\n<div align=\"left\"><\/div>\n<div align=\"left\"><span style=\"color: #000000; font-family: Geneva;\">Lavoriamo insieme ad un grande patto per ricostruire il paese, attuando il PNRR con le necessarie riforme del fisco, delle pensioni, della P.A., della scuola, rilanciamo investimenti su infrastrutture, politiche industriali, innovazione, ricerca, formazione, non autosufficienza, Mezzogiorno. Questo diremo con grande forza anche sabato prossimo, il 26 giugno, nelle tre grandi manifestazioni unitarie che faremo a Torino, Firenze, Bari\u201d.<\/span><\/div>\n","protected":false},"excerpt":{"rendered":"<p>Sono ancora \u00a0incredulo, la tragica morte del giovane sindacalista a Novara, padre di due figli, \u00e8 chiaro che ci ha molto colpito ed addolorato. Nel paese esistono diversit\u00e0 nell\u2019esercizio della rappresentanza sociale e sindacale, tante differenze storiche tra il sindacalismo confederale e le posizioni delle sigle autonome. Ma la libert\u00e0 sindacale va sempre rispettata e [&hellip;]<\/p>\n","protected":false},"author":1,"featured_media":4627,"comment_status":"closed","ping_status":"open","sticky":false,"template":"","format":"standard","meta":{"footnotes":""},"categories":[28],"tags":[485,88,486],"yoast_head":"<!-- This site is optimized with the Yoast SEO plugin v22.2 - https:\/\/yoast.com\/wordpress\/plugins\/seo\/ -->\n<title>Sbarra (Cisl): Appello a Draghi ed al Governo su licenziamenti, difesa diritti, sicurezza -<\/title>\n<meta name=\"robots\" content=\"index, follow, max-snippet:-1, max-image-preview:large, max-video-preview:-1\" \/>\n<link rel=\"canonical\" href=\"https:\/\/www.italiaeconomiaonline.it\/web\/sbarra-cisl-appello-a-draghi-ed-al-governo-su-licenziamenti-difesa-diritti-sicurezza\/\" \/>\n<meta property=\"og:locale\" content=\"it_IT\" \/>\n<meta property=\"og:type\" content=\"article\" \/>\n<meta property=\"og:title\" content=\"Sbarra (Cisl): Appello a Draghi ed al Governo su licenziamenti, difesa diritti, sicurezza -\" \/>\n<meta property=\"og:description\" content=\"Sono ancora \u00a0incredulo, la tragica morte del giovane sindacalista a Novara, padre di due figli, \u00e8 chiaro che ci ha molto colpito ed addolorato. Nel paese esistono diversit\u00e0 nell\u2019esercizio della rappresentanza sociale e sindacale, tante differenze storiche tra il sindacalismo confederale e le posizioni delle sigle autonome. Ma la libert\u00e0 sindacale va sempre rispettata e [&hellip;]\" \/>\n<meta property=\"og:url\" content=\"https:\/\/www.italiaeconomiaonline.it\/web\/sbarra-cisl-appello-a-draghi-ed-al-governo-su-licenziamenti-difesa-diritti-sicurezza\/\" \/>\n<meta property=\"og:site_name\" content=\"ItaliaEconomiaOnline\" \/>\n<meta property=\"article:published_time\" content=\"2021-06-21T08:07:12+00:00\" \/>\n<meta property=\"article:modified_time\" content=\"2021-06-21T08:09:04+00:00\" \/>\n<meta property=\"og:image\" content=\"https:\/\/www.italiaeconomiaonline.it\/web\/wp-content\/uploads\/2020\/11\/Schermata-2020-11-13-alle-12.24.06.png\" \/>\n\t<meta property=\"og:image:width\" content=\"1514\" \/>\n\t<meta property=\"og:image:height\" content=\"900\" \/>\n\t<meta property=\"og:image:type\" content=\"image\/png\" \/>\n<meta name=\"author\" content=\"ladyitaliaeconomia\" \/>\n<meta name=\"twitter:card\" content=\"summary_large_image\" \/>\n<meta name=\"twitter:label1\" content=\"Scritto da\" \/>\n\t<meta name=\"twitter:data1\" content=\"ladyitaliaeconomia\" \/>\n\t<meta name=\"twitter:label2\" content=\"Tempo di lettura stimato\" \/>\n\t<meta name=\"twitter:data2\" content=\"3 minuti\" \/>\n<script type=\"application\/ld+json\" class=\"yoast-schema-graph\">{\"@context\":\"https:\/\/schema.org\",\"@graph\":[{\"@type\":\"WebPage\",\"@id\":\"https:\/\/www.italiaeconomiaonline.it\/web\/sbarra-cisl-appello-a-draghi-ed-al-governo-su-licenziamenti-difesa-diritti-sicurezza\/\",\"url\":\"https:\/\/www.italiaeconomiaonline.it\/web\/sbarra-cisl-appello-a-draghi-ed-al-governo-su-licenziamenti-difesa-diritti-sicurezza\/\",\"name\":\"Sbarra (Cisl): Appello a Draghi ed al Governo su licenziamenti, difesa diritti, sicurezza -\",\"isPartOf\":{\"@id\":\"https:\/\/www.italiaeconomiaonline.it\/web\/#website\"},\"primaryImageOfPage\":{\"@id\":\"https:\/\/www.italiaeconomiaonline.it\/web\/sbarra-cisl-appello-a-draghi-ed-al-governo-su-licenziamenti-difesa-diritti-sicurezza\/#primaryimage\"},\"image\":{\"@id\":\"https:\/\/www.italiaeconomiaonline.it\/web\/sbarra-cisl-appello-a-draghi-ed-al-governo-su-licenziamenti-difesa-diritti-sicurezza\/#primaryimage\"},\"thumbnailUrl\":\"https:\/\/www.italiaeconomiaonline.it\/web\/wp-content\/uploads\/2020\/11\/Schermata-2020-11-13-alle-12.24.06.png\",\"datePublished\":\"2021-06-21T08:07:12+00:00\",\"dateModified\":\"2021-06-21T08:09:04+00:00\",\"author\":{\"@id\":\"https:\/\/www.italiaeconomiaonline.it\/web\/#\/schema\/person\/909a49cce752523b020fbc37d5ab1c31\"},\"breadcrumb\":{\"@id\":\"https:\/\/www.italiaeconomiaonline.it\/web\/sbarra-cisl-appello-a-draghi-ed-al-governo-su-licenziamenti-difesa-diritti-sicurezza\/#breadcrumb\"},\"inLanguage\":\"it-IT\",\"potentialAction\":[{\"@type\":\"ReadAction\",\"target\":[\"https:\/\/www.italiaeconomiaonline.it\/web\/sbarra-cisl-appello-a-draghi-ed-al-governo-su-licenziamenti-difesa-diritti-sicurezza\/\"]}]},{\"@type\":\"ImageObject\",\"inLanguage\":\"it-IT\",\"@id\":\"https:\/\/www.italiaeconomiaonline.it\/web\/sbarra-cisl-appello-a-draghi-ed-al-governo-su-licenziamenti-difesa-diritti-sicurezza\/#primaryimage\",\"url\":\"https:\/\/www.italiaeconomiaonline.it\/web\/wp-content\/uploads\/2020\/11\/Schermata-2020-11-13-alle-12.24.06.png\",\"contentUrl\":\"https:\/\/www.italiaeconomiaonline.it\/web\/wp-content\/uploads\/2020\/11\/Schermata-2020-11-13-alle-12.24.06.png\",\"width\":1514,\"height\":900},{\"@type\":\"BreadcrumbList\",\"@id\":\"https:\/\/www.italiaeconomiaonline.it\/web\/sbarra-cisl-appello-a-draghi-ed-al-governo-su-licenziamenti-difesa-diritti-sicurezza\/#breadcrumb\",\"itemListElement\":[{\"@type\":\"ListItem\",\"position\":1,\"name\":\"Home\",\"item\":\"https:\/\/www.italiaeconomiaonline.it\/web\/\"},{\"@type\":\"ListItem\",\"position\":2,\"name\":\"Sbarra (Cisl): Appello a Draghi ed al Governo su licenziamenti, difesa diritti, sicurezza\"}]},{\"@type\":\"WebSite\",\"@id\":\"https:\/\/www.italiaeconomiaonline.it\/web\/#website\",\"url\":\"https:\/\/www.italiaeconomiaonline.it\/web\/\",\"name\":\"ItaliaEconomiaOnline\",\"description\":\"Quotidiano Economico Online\",\"potentialAction\":[{\"@type\":\"SearchAction\",\"target\":{\"@type\":\"EntryPoint\",\"urlTemplate\":\"https:\/\/www.italiaeconomiaonline.it\/web\/?s={search_term_string}\"},\"query-input\":\"required name=search_term_string\"}],\"inLanguage\":\"it-IT\"},{\"@type\":\"Person\",\"@id\":\"https:\/\/www.italiaeconomiaonline.it\/web\/#\/schema\/person\/909a49cce752523b020fbc37d5ab1c31\",\"name\":\"ladyitaliaeconomia\",\"image\":{\"@type\":\"ImageObject\",\"inLanguage\":\"it-IT\",\"@id\":\"https:\/\/www.italiaeconomiaonline.it\/web\/#\/schema\/person\/image\/\",\"url\":\"https:\/\/secure.gravatar.com\/avatar\/cedca10ce7416a579b9fa6bce9c0a8f2?s=96&d=mm&r=g\",\"contentUrl\":\"https:\/\/secure.gravatar.com\/avatar\/cedca10ce7416a579b9fa6bce9c0a8f2?s=96&d=mm&r=g\",\"caption\":\"ladyitaliaeconomia\"},\"url\":\"https:\/\/www.italiaeconomiaonline.it\/web\/author\/ladyitaliaeconomia\/\"}]}<\/script>\n<!-- \/ Yoast SEO plugin. -->","yoast_head_json":{"title":"Sbarra (Cisl): Appello a Draghi ed al Governo su licenziamenti, difesa diritti, sicurezza -","robots":{"index":"index","follow":"follow","max-snippet":"max-snippet:-1","max-image-preview":"max-image-preview:large","max-video-preview":"max-video-preview:-1"},"canonical":"https:\/\/www.italiaeconomiaonline.it\/web\/sbarra-cisl-appello-a-draghi-ed-al-governo-su-licenziamenti-difesa-diritti-sicurezza\/","og_locale":"it_IT","og_type":"article","og_title":"Sbarra (Cisl): Appello a Draghi ed al Governo su licenziamenti, difesa diritti, sicurezza -","og_description":"Sono ancora \u00a0incredulo, la tragica morte del giovane sindacalista a Novara, padre di due figli, \u00e8 chiaro che ci ha molto colpito ed addolorato. Nel paese esistono diversit\u00e0 nell\u2019esercizio della rappresentanza sociale e sindacale, tante differenze storiche tra il sindacalismo confederale e le posizioni delle sigle autonome. Ma la libert\u00e0 sindacale va sempre rispettata e [&hellip;]","og_url":"https:\/\/www.italiaeconomiaonline.it\/web\/sbarra-cisl-appello-a-draghi-ed-al-governo-su-licenziamenti-difesa-diritti-sicurezza\/","og_site_name":"ItaliaEconomiaOnline","article_published_time":"2021-06-21T08:07:12+00:00","article_modified_time":"2021-06-21T08:09:04+00:00","og_image":[{"width":1514,"height":900,"url":"https:\/\/www.italiaeconomiaonline.it\/web\/wp-content\/uploads\/2020\/11\/Schermata-2020-11-13-alle-12.24.06.png","type":"image\/png"}],"author":"ladyitaliaeconomia","twitter_card":"summary_large_image","twitter_misc":{"Scritto da":"ladyitaliaeconomia","Tempo di lettura stimato":"3 minuti"},"schema":{"@context":"https:\/\/schema.org","@graph":[{"@type":"WebPage","@id":"https:\/\/www.italiaeconomiaonline.it\/web\/sbarra-cisl-appello-a-draghi-ed-al-governo-su-licenziamenti-difesa-diritti-sicurezza\/","url":"https:\/\/www.italiaeconomiaonline.it\/web\/sbarra-cisl-appello-a-draghi-ed-al-governo-su-licenziamenti-difesa-diritti-sicurezza\/","name":"Sbarra (Cisl): Appello a Draghi ed al Governo su licenziamenti, difesa diritti, sicurezza -","isPartOf":{"@id":"https:\/\/www.italiaeconomiaonline.it\/web\/#website"},"primaryImageOfPage":{"@id":"https:\/\/www.italiaeconomiaonline.it\/web\/sbarra-cisl-appello-a-draghi-ed-al-governo-su-licenziamenti-difesa-diritti-sicurezza\/#primaryimage"},"image":{"@id":"https:\/\/www.italiaeconomiaonline.it\/web\/sbarra-cisl-appello-a-draghi-ed-al-governo-su-licenziamenti-difesa-diritti-sicurezza\/#primaryimage"},"thumbnailUrl":"https:\/\/www.italiaeconomiaonline.it\/web\/wp-content\/uploads\/2020\/11\/Schermata-2020-11-13-alle-12.24.06.png","datePublished":"2021-06-21T08:07:12+00:00","dateModified":"2021-06-21T08:09:04+00:00","author":{"@id":"https:\/\/www.italiaeconomiaonline.it\/web\/#\/schema\/person\/909a49cce752523b020fbc37d5ab1c31"},"breadcrumb":{"@id":"https:\/\/www.italiaeconomiaonline.it\/web\/sbarra-cisl-appello-a-draghi-ed-al-governo-su-licenziamenti-difesa-diritti-sicurezza\/#breadcrumb"},"inLanguage":"it-IT","potentialAction":[{"@type":"ReadAction","target":["https:\/\/www.italiaeconomiaonline.it\/web\/sbarra-cisl-appello-a-draghi-ed-al-governo-su-licenziamenti-difesa-diritti-sicurezza\/"]}]},{"@type":"ImageObject","inLanguage":"it-IT","@id":"https:\/\/www.italiaeconomiaonline.it\/web\/sbarra-cisl-appello-a-draghi-ed-al-governo-su-licenziamenti-difesa-diritti-sicurezza\/#primaryimage","url":"https:\/\/www.italiaeconomiaonline.it\/web\/wp-content\/uploads\/2020\/11\/Schermata-2020-11-13-alle-12.24.06.png","contentUrl":"https:\/\/www.italiaeconomiaonline.it\/web\/wp-content\/uploads\/2020\/11\/Schermata-2020-11-13-alle-12.24.06.png","width":1514,"height":900},{"@type":"BreadcrumbList","@id":"https:\/\/www.italiaeconomiaonline.it\/web\/sbarra-cisl-appello-a-draghi-ed-al-governo-su-licenziamenti-difesa-diritti-sicurezza\/#breadcrumb","itemListElement":[{"@type":"ListItem","position":1,"name":"Home","item":"https:\/\/www.italiaeconomiaonline.it\/web\/"},{"@type":"ListItem","position":2,"name":"Sbarra (Cisl): Appello a Draghi ed al Governo su licenziamenti, difesa diritti, sicurezza"}]},{"@type":"WebSite","@id":"https:\/\/www.italiaeconomiaonline.it\/web\/#website","url":"https:\/\/www.italiaeconomiaonline.it\/web\/","name":"ItaliaEconomiaOnline","description":"Quotidiano Economico Online","potentialAction":[{"@type":"SearchAction","target":{"@type":"EntryPoint","urlTemplate":"https:\/\/www.italiaeconomiaonline.it\/web\/?s={search_term_string}"},"query-input":"required name=search_term_string"}],"inLanguage":"it-IT"},{"@type":"Person","@id":"https:\/\/www.italiaeconomiaonline.it\/web\/#\/schema\/person\/909a49cce752523b020fbc37d5ab1c31","name":"ladyitaliaeconomia","image":{"@type":"ImageObject","inLanguage":"it-IT","@id":"https:\/\/www.italiaeconomiaonline.it\/web\/#\/schema\/person\/image\/","url":"https:\/\/secure.gravatar.com\/avatar\/cedca10ce7416a579b9fa6bce9c0a8f2?s=96&d=mm&r=g","contentUrl":"https:\/\/secure.gravatar.com\/avatar\/cedca10ce7416a579b9fa6bce9c0a8f2?s=96&d=mm&r=g","caption":"ladyitaliaeconomia"},"url":"https:\/\/www.italiaeconomiaonline.it\/web\/author\/ladyitaliaeconomia\/"}]}},"_links":{"self":[{"href":"https:\/\/www.italiaeconomiaonline.it\/web\/wp-json\/wp\/v2\/posts\/6019"}],"collection":[{"href":"https:\/\/www.italiaeconomiaonline.it\/web\/wp-json\/wp\/v2\/posts"}],"about":[{"href":"https:\/\/www.italiaeconomiaonline.it\/web\/wp-json\/wp\/v2\/types\/post"}],"author":[{"embeddable":true,"href":"https:\/\/www.italiaeconomiaonline.it\/web\/wp-json\/wp\/v2\/users\/1"}],"replies":[{"embeddable":true,"href":"https:\/\/www.italiaeconomiaonline.it\/web\/wp-json\/wp\/v2\/comments?post=6019"}],"version-history":[{"count":2,"href":"https:\/\/www.italiaeconomiaonline.it\/web\/wp-json\/wp\/v2\/posts\/6019\/revisions"}],"predecessor-version":[{"id":6021,"href":"https:\/\/www.italiaeconomiaonline.it\/web\/wp-json\/wp\/v2\/posts\/6019\/revisions\/6021"}],"wp:featuredmedia":[{"embeddable":true,"href":"https:\/\/www.italiaeconomiaonline.it\/web\/wp-json\/wp\/v2\/media\/4627"}],"wp:attachment":[{"href":"https:\/\/www.italiaeconomiaonline.it\/web\/wp-json\/wp\/v2\/media?parent=6019"}],"wp:term":[{"taxonomy":"category","embeddable":true,"href":"https:\/\/www.italiaeconomiaonline.it\/web\/wp-json\/wp\/v2\/categories?post=6019"},{"taxonomy":"post_tag","embeddable":true,"href":"https:\/\/www.italiaeconomiaonline.it\/web\/wp-json\/wp\/v2\/tags?post=6019"}],"curies":[{"name":"wp","href":"https:\/\/api.w.org\/{rel}","templated":true}]}}