{"id":6048,"date":"2021-07-01T14:28:50","date_gmt":"2021-07-01T12:28:50","guid":{"rendered":"http:\/\/www.italiaeconomiaonline.it\/web\/?p=6048"},"modified":"2021-07-01T14:28:50","modified_gmt":"2021-07-01T12:28:50","slug":"entra-in-vigore-nellue-il-certificato-covid-digitale-ue","status":"publish","type":"post","link":"https:\/\/www.italiaeconomiaonline.it\/web\/entra-in-vigore-nellue-il-certificato-covid-digitale-ue\/","title":{"rendered":"Entra in vigore nell&#8217;UE il certificato COVID digitale UE"},"content":{"rendered":"<p>A partire da oggi entra in vigore il regolamento sul certificato COVID digitale UE.<\/p>\n<p>A partire da oggi entra in vigore il regolamento sul certificato COVID digitale UE. Ci\u00f2 significa che ora il certificato COVID digitale potr\u00e0 essere rilasciato a tutti i cittadini e i residenti dell&#8217;UE e verificato in tutta l&#8217;Unione. 21 Stati membri, oltre alla Norvegia, all&#8217;Islanda e al Liechtenstein, avevano\u00a0<a href=\"https:\/\/ec.europa.eu\/info\/live-work-travel-eu\/coronavirus-response\/safe-covid-19-vaccines-europeans\/eu-digital-covid-certificate_it\">gi\u00e0 iniziato a rilasciare certificati<\/a>\u00a0prima della scadenza odierna e cinque paesi dell&#8217;UE iniziano oggi.<\/p>\n<p>I lavori della Commissione sui certificati COVID digitali UE sono stati condotti dal commissario Didier\u00a0<strong>Reynders<\/strong>\u00a0in stretta collaborazione con i Vicepresidenti Vera\u00a0<strong>Jourov\u00e1<\/strong>\u00a0e Margaritis\u00a0<strong>Schinas<\/strong>\u00a0e i commissari Thierry\u00a0<strong>Breton<\/strong>, Stella\u00a0<strong>Kyriakides<\/strong>\u00a0e Ylva\u00a0<strong>Johansson<\/strong>.<\/p>\n<p>Accogliendo con favore l&#8217;entrata in applicazione del certificato COVID digitale UE, la Presidente Ursula\u00a0<strong>von der Leyen<\/strong>\u00a0ha dichiarato:<\/p>\n<p><em>&#8220;L&#8217;Unione europea sta ottenendo risultati positivi per i suoi cittadini. Il certificato COVID digitale europeo \u00e8 il simbolo di un&#8217;Europa aperta e sicura che sta riaprendo con cautela, mettendo la protezione della salute dei nostri cittadini al primo posto.<\/em><\/p>\n<p><em>In marzo abbiamo promesso di creare entro le vacanze estive un sistema a livello dell&#8217;UE per agevolare la possibilit\u00e0 di viaggiare in maniera libera e sicura nell&#8217;UE. Adesso possiamo confermare che il sistema di certificati COVID digitali UE \u00e8 operativo.<\/em><\/p>\n<p><em>La stragrande maggioranza degli Stati membri dell&#8217;UE \u00e8 gi\u00e0 collegata al sistema e pronta a rilasciare e verificare questi certificati. Sono gi\u00e0 stati generati oltre 200 milioni di certificati.<\/em><\/p>\n<p><em>Stiamo aiutando gli europei a riguadagnare la libert\u00e0 che amano e apprezzano cos\u00ec tanto.&#8221;<\/em><\/p>\n<p><strong>Certificato COVID digitale UE<\/strong><\/p>\n<p>Scopo del certificato COVID digitale UE \u00e8 agevolare la libera e sicura circolazione nell&#8217;UE durante la pandemia di COVID-19. Tutti gli europei hanno il diritto di circolare liberamente, anche senza certificato, ma quest&#8217;ultimo faciliter\u00e0 gli spostamenti, aiutando a esentare chi ne \u00e8 in possesso da restrizioni come la quarantena.<\/p>\n<p>Il certificato COVID digitale UE sar\u00e0 accessibile a tutti e:<\/p>\n<ul>\n<li>costituisce prova di vaccinazione, test o guarigione dalla COVID-19;<\/li>\n<li>\u00e8 gratuito e disponibile in tutte le lingue dell&#8217;UE;<\/li>\n<li>\u00e8 disponibile in formato digitale e cartaceo;<\/li>\n<li>\u00e8 sicuro, con un codice QR firmato elettronicamente.<\/li>\n<\/ul>\n<p>Secondo le nuove disposizioni, gli Stati membri devono astenersi dall&#8217;imporre ulteriori restrizioni di viaggio ai titolari di un certificato COVID digitale UE, a meno che esse non siano necessarie e proporzionate per tutelare la salute pubblica.<\/p>\n<p>La Commissione si \u00e8 inoltre impegnata a mobilitare 100 milioni di \u20ac nell&#8217;ambito dello strumento per il sostegno di emergenza per aiutare gli Stati membri a offrire test a prezzi contenuti.<\/p>\n<p><strong>\u00a0<\/strong><\/p>\n<p>Il\u00a0<a href=\"https:\/\/ec.europa.eu\/commission\/presscorner\/detail\/it\/ip_21_1181\">17 marzo 2021<\/a>\u00a0la Commissione europea ha presentato una proposta intesa a predisporre un certificato COVID digitale UE per facilitare la libera circolazione dei cittadini all&#8217;interno dell&#8217;UE in condizioni di sicurezza durante la pandemia. Il 20 maggio i colegislatori hanno raggiunto un\u00a0<a href=\"https:\/\/ec.europa.eu\/commission\/presscorner\/detail\/it\/ip_21_2593\">accordo provvisorio<\/a>. Il\u00a0<a href=\"https:\/\/ec.europa.eu\/commission\/presscorner\/detail\/it\/ip_21_2721\">1\u00b0 giugno<\/a>\u00a0\u00e8 diventata operativa la struttura portante tecnica dei sistemi, il gateway dell&#8217;UE, che consente la verifica delle caratteristiche di sicurezza contenute nei codici QR. In tempo per la scadenza del 1\u00b0 luglio tutti e 30 i paesi dell&#8217;UE e del SEE sono collegati dal vivo al gateway. Dal 1\u00b0 giugno i primi Stati membri hanno iniziato a emettere certificati; in totale, 21 paesi dell&#8217;UE hanno anticipato la scadenza del 1\u00ba luglio.<\/p>\n<p>A seguito della firma ufficiale del 14 giugno, il regolamento \u00e8 stato\u00a0<a href=\"https:\/\/eur-lex.europa.eu\/legal-content\/IT\/TXT\/?uri=CELEX%3A32021R0953\">pubblicato il 15 giugno<\/a>\u00a0ed entra in vigore oggi 1\u00ba luglio, con un periodo di transizione di sei settimane per il rilascio dei certificati negli Stati membri che hanno bisogno di pi\u00f9 tempo.<\/p>\n","protected":false},"excerpt":{"rendered":"<p>A partire da oggi entra in vigore il regolamento sul certificato COVID digitale UE. A partire da oggi entra in vigore il regolamento sul certificato COVID digitale UE. Ci\u00f2 significa che ora il certificato COVID digitale potr\u00e0 essere rilasciato a tutti i cittadini e i residenti dell&#8217;UE e verificato in tutta l&#8217;Unione. 21 Stati membri, [&hellip;]<\/p>\n","protected":false},"author":1,"featured_media":5914,"comment_status":"closed","ping_status":"open","sticky":false,"template":"","format":"standard","meta":{"footnotes":""},"categories":[128],"tags":[1746,1679],"yoast_head":"<!-- This site is optimized with the Yoast SEO plugin v22.2 - https:\/\/yoast.com\/wordpress\/plugins\/seo\/ -->\n<title>Entra in vigore nell&#039;UE il certificato COVID digitale UE -<\/title>\n<meta name=\"robots\" content=\"index, follow, max-snippet:-1, max-image-preview:large, max-video-preview:-1\" \/>\n<link rel=\"canonical\" href=\"https:\/\/www.italiaeconomiaonline.it\/web\/entra-in-vigore-nellue-il-certificato-covid-digitale-ue\/\" \/>\n<meta property=\"og:locale\" content=\"it_IT\" \/>\n<meta property=\"og:type\" content=\"article\" \/>\n<meta property=\"og:title\" content=\"Entra in vigore nell&#039;UE il certificato COVID digitale UE -\" \/>\n<meta property=\"og:description\" content=\"A partire da oggi entra in vigore il regolamento sul certificato COVID digitale UE. A partire da oggi entra in vigore il regolamento sul certificato COVID digitale UE. Ci\u00f2 significa che ora il certificato COVID digitale potr\u00e0 essere rilasciato a tutti i cittadini e i residenti dell&#8217;UE e verificato in tutta l&#8217;Unione. 21 Stati membri, [&hellip;]\" \/>\n<meta property=\"og:url\" content=\"https:\/\/www.italiaeconomiaonline.it\/web\/entra-in-vigore-nellue-il-certificato-covid-digitale-ue\/\" \/>\n<meta property=\"og:site_name\" content=\"ItaliaEconomiaOnline\" \/>\n<meta property=\"article:published_time\" content=\"2021-07-01T12:28:50+00:00\" \/>\n<meta property=\"og:image\" content=\"https:\/\/www.italiaeconomiaonline.it\/web\/wp-content\/uploads\/2021\/05\/Schermata-2021-05-21-alle-11.33.38.png\" \/>\n\t<meta property=\"og:image:width\" content=\"1414\" \/>\n\t<meta property=\"og:image:height\" content=\"948\" \/>\n\t<meta property=\"og:image:type\" content=\"image\/png\" \/>\n<meta name=\"author\" content=\"ladyitaliaeconomia\" \/>\n<meta name=\"twitter:card\" content=\"summary_large_image\" \/>\n<meta name=\"twitter:label1\" content=\"Scritto da\" \/>\n\t<meta name=\"twitter:data1\" content=\"ladyitaliaeconomia\" \/>\n\t<meta name=\"twitter:label2\" content=\"Tempo di lettura stimato\" \/>\n\t<meta name=\"twitter:data2\" content=\"3 minuti\" \/>\n<script type=\"application\/ld+json\" class=\"yoast-schema-graph\">{\"@context\":\"https:\/\/schema.org\",\"@graph\":[{\"@type\":\"WebPage\",\"@id\":\"https:\/\/www.italiaeconomiaonline.it\/web\/entra-in-vigore-nellue-il-certificato-covid-digitale-ue\/\",\"url\":\"https:\/\/www.italiaeconomiaonline.it\/web\/entra-in-vigore-nellue-il-certificato-covid-digitale-ue\/\",\"name\":\"Entra in vigore nell'UE il certificato COVID digitale UE -\",\"isPartOf\":{\"@id\":\"https:\/\/www.italiaeconomiaonline.it\/web\/#website\"},\"primaryImageOfPage\":{\"@id\":\"https:\/\/www.italiaeconomiaonline.it\/web\/entra-in-vigore-nellue-il-certificato-covid-digitale-ue\/#primaryimage\"},\"image\":{\"@id\":\"https:\/\/www.italiaeconomiaonline.it\/web\/entra-in-vigore-nellue-il-certificato-covid-digitale-ue\/#primaryimage\"},\"thumbnailUrl\":\"https:\/\/www.italiaeconomiaonline.it\/web\/wp-content\/uploads\/2021\/05\/Schermata-2021-05-21-alle-11.33.38.png\",\"datePublished\":\"2021-07-01T12:28:50+00:00\",\"dateModified\":\"2021-07-01T12:28:50+00:00\",\"author\":{\"@id\":\"https:\/\/www.italiaeconomiaonline.it\/web\/#\/schema\/person\/909a49cce752523b020fbc37d5ab1c31\"},\"breadcrumb\":{\"@id\":\"https:\/\/www.italiaeconomiaonline.it\/web\/entra-in-vigore-nellue-il-certificato-covid-digitale-ue\/#breadcrumb\"},\"inLanguage\":\"it-IT\",\"potentialAction\":[{\"@type\":\"ReadAction\",\"target\":[\"https:\/\/www.italiaeconomiaonline.it\/web\/entra-in-vigore-nellue-il-certificato-covid-digitale-ue\/\"]}]},{\"@type\":\"ImageObject\",\"inLanguage\":\"it-IT\",\"@id\":\"https:\/\/www.italiaeconomiaonline.it\/web\/entra-in-vigore-nellue-il-certificato-covid-digitale-ue\/#primaryimage\",\"url\":\"https:\/\/www.italiaeconomiaonline.it\/web\/wp-content\/uploads\/2021\/05\/Schermata-2021-05-21-alle-11.33.38.png\",\"contentUrl\":\"https:\/\/www.italiaeconomiaonline.it\/web\/wp-content\/uploads\/2021\/05\/Schermata-2021-05-21-alle-11.33.38.png\",\"width\":1414,\"height\":948},{\"@type\":\"BreadcrumbList\",\"@id\":\"https:\/\/www.italiaeconomiaonline.it\/web\/entra-in-vigore-nellue-il-certificato-covid-digitale-ue\/#breadcrumb\",\"itemListElement\":[{\"@type\":\"ListItem\",\"position\":1,\"name\":\"Home\",\"item\":\"https:\/\/www.italiaeconomiaonline.it\/web\/\"},{\"@type\":\"ListItem\",\"position\":2,\"name\":\"Entra in vigore nell&#8217;UE il certificato COVID digitale UE\"}]},{\"@type\":\"WebSite\",\"@id\":\"https:\/\/www.italiaeconomiaonline.it\/web\/#website\",\"url\":\"https:\/\/www.italiaeconomiaonline.it\/web\/\",\"name\":\"ItaliaEconomiaOnline\",\"description\":\"Quotidiano Economico Online\",\"potentialAction\":[{\"@type\":\"SearchAction\",\"target\":{\"@type\":\"EntryPoint\",\"urlTemplate\":\"https:\/\/www.italiaeconomiaonline.it\/web\/?s={search_term_string}\"},\"query-input\":\"required name=search_term_string\"}],\"inLanguage\":\"it-IT\"},{\"@type\":\"Person\",\"@id\":\"https:\/\/www.italiaeconomiaonline.it\/web\/#\/schema\/person\/909a49cce752523b020fbc37d5ab1c31\",\"name\":\"ladyitaliaeconomia\",\"image\":{\"@type\":\"ImageObject\",\"inLanguage\":\"it-IT\",\"@id\":\"https:\/\/www.italiaeconomiaonline.it\/web\/#\/schema\/person\/image\/\",\"url\":\"https:\/\/secure.gravatar.com\/avatar\/cedca10ce7416a579b9fa6bce9c0a8f2?s=96&d=mm&r=g\",\"contentUrl\":\"https:\/\/secure.gravatar.com\/avatar\/cedca10ce7416a579b9fa6bce9c0a8f2?s=96&d=mm&r=g\",\"caption\":\"ladyitaliaeconomia\"},\"url\":\"https:\/\/www.italiaeconomiaonline.it\/web\/author\/ladyitaliaeconomia\/\"}]}<\/script>\n<!-- \/ Yoast SEO plugin. -->","yoast_head_json":{"title":"Entra in vigore nell'UE il certificato COVID digitale UE -","robots":{"index":"index","follow":"follow","max-snippet":"max-snippet:-1","max-image-preview":"max-image-preview:large","max-video-preview":"max-video-preview:-1"},"canonical":"https:\/\/www.italiaeconomiaonline.it\/web\/entra-in-vigore-nellue-il-certificato-covid-digitale-ue\/","og_locale":"it_IT","og_type":"article","og_title":"Entra in vigore nell'UE il certificato COVID digitale UE -","og_description":"A partire da oggi entra in vigore il regolamento sul certificato COVID digitale UE. A partire da oggi entra in vigore il regolamento sul certificato COVID digitale UE. Ci\u00f2 significa che ora il certificato COVID digitale potr\u00e0 essere rilasciato a tutti i cittadini e i residenti dell&#8217;UE e verificato in tutta l&#8217;Unione. 21 Stati membri, [&hellip;]","og_url":"https:\/\/www.italiaeconomiaonline.it\/web\/entra-in-vigore-nellue-il-certificato-covid-digitale-ue\/","og_site_name":"ItaliaEconomiaOnline","article_published_time":"2021-07-01T12:28:50+00:00","og_image":[{"width":1414,"height":948,"url":"https:\/\/www.italiaeconomiaonline.it\/web\/wp-content\/uploads\/2021\/05\/Schermata-2021-05-21-alle-11.33.38.png","type":"image\/png"}],"author":"ladyitaliaeconomia","twitter_card":"summary_large_image","twitter_misc":{"Scritto da":"ladyitaliaeconomia","Tempo di lettura stimato":"3 minuti"},"schema":{"@context":"https:\/\/schema.org","@graph":[{"@type":"WebPage","@id":"https:\/\/www.italiaeconomiaonline.it\/web\/entra-in-vigore-nellue-il-certificato-covid-digitale-ue\/","url":"https:\/\/www.italiaeconomiaonline.it\/web\/entra-in-vigore-nellue-il-certificato-covid-digitale-ue\/","name":"Entra in vigore nell'UE il certificato COVID digitale UE -","isPartOf":{"@id":"https:\/\/www.italiaeconomiaonline.it\/web\/#website"},"primaryImageOfPage":{"@id":"https:\/\/www.italiaeconomiaonline.it\/web\/entra-in-vigore-nellue-il-certificato-covid-digitale-ue\/#primaryimage"},"image":{"@id":"https:\/\/www.italiaeconomiaonline.it\/web\/entra-in-vigore-nellue-il-certificato-covid-digitale-ue\/#primaryimage"},"thumbnailUrl":"https:\/\/www.italiaeconomiaonline.it\/web\/wp-content\/uploads\/2021\/05\/Schermata-2021-05-21-alle-11.33.38.png","datePublished":"2021-07-01T12:28:50+00:00","dateModified":"2021-07-01T12:28:50+00:00","author":{"@id":"https:\/\/www.italiaeconomiaonline.it\/web\/#\/schema\/person\/909a49cce752523b020fbc37d5ab1c31"},"breadcrumb":{"@id":"https:\/\/www.italiaeconomiaonline.it\/web\/entra-in-vigore-nellue-il-certificato-covid-digitale-ue\/#breadcrumb"},"inLanguage":"it-IT","potentialAction":[{"@type":"ReadAction","target":["https:\/\/www.italiaeconomiaonline.it\/web\/entra-in-vigore-nellue-il-certificato-covid-digitale-ue\/"]}]},{"@type":"ImageObject","inLanguage":"it-IT","@id":"https:\/\/www.italiaeconomiaonline.it\/web\/entra-in-vigore-nellue-il-certificato-covid-digitale-ue\/#primaryimage","url":"https:\/\/www.italiaeconomiaonline.it\/web\/wp-content\/uploads\/2021\/05\/Schermata-2021-05-21-alle-11.33.38.png","contentUrl":"https:\/\/www.italiaeconomiaonline.it\/web\/wp-content\/uploads\/2021\/05\/Schermata-2021-05-21-alle-11.33.38.png","width":1414,"height":948},{"@type":"BreadcrumbList","@id":"https:\/\/www.italiaeconomiaonline.it\/web\/entra-in-vigore-nellue-il-certificato-covid-digitale-ue\/#breadcrumb","itemListElement":[{"@type":"ListItem","position":1,"name":"Home","item":"https:\/\/www.italiaeconomiaonline.it\/web\/"},{"@type":"ListItem","position":2,"name":"Entra in vigore nell&#8217;UE il certificato COVID digitale UE"}]},{"@type":"WebSite","@id":"https:\/\/www.italiaeconomiaonline.it\/web\/#website","url":"https:\/\/www.italiaeconomiaonline.it\/web\/","name":"ItaliaEconomiaOnline","description":"Quotidiano Economico Online","potentialAction":[{"@type":"SearchAction","target":{"@type":"EntryPoint","urlTemplate":"https:\/\/www.italiaeconomiaonline.it\/web\/?s={search_term_string}"},"query-input":"required name=search_term_string"}],"inLanguage":"it-IT"},{"@type":"Person","@id":"https:\/\/www.italiaeconomiaonline.it\/web\/#\/schema\/person\/909a49cce752523b020fbc37d5ab1c31","name":"ladyitaliaeconomia","image":{"@type":"ImageObject","inLanguage":"it-IT","@id":"https:\/\/www.italiaeconomiaonline.it\/web\/#\/schema\/person\/image\/","url":"https:\/\/secure.gravatar.com\/avatar\/cedca10ce7416a579b9fa6bce9c0a8f2?s=96&d=mm&r=g","contentUrl":"https:\/\/secure.gravatar.com\/avatar\/cedca10ce7416a579b9fa6bce9c0a8f2?s=96&d=mm&r=g","caption":"ladyitaliaeconomia"},"url":"https:\/\/www.italiaeconomiaonline.it\/web\/author\/ladyitaliaeconomia\/"}]}},"_links":{"self":[{"href":"https:\/\/www.italiaeconomiaonline.it\/web\/wp-json\/wp\/v2\/posts\/6048"}],"collection":[{"href":"https:\/\/www.italiaeconomiaonline.it\/web\/wp-json\/wp\/v2\/posts"}],"about":[{"href":"https:\/\/www.italiaeconomiaonline.it\/web\/wp-json\/wp\/v2\/types\/post"}],"author":[{"embeddable":true,"href":"https:\/\/www.italiaeconomiaonline.it\/web\/wp-json\/wp\/v2\/users\/1"}],"replies":[{"embeddable":true,"href":"https:\/\/www.italiaeconomiaonline.it\/web\/wp-json\/wp\/v2\/comments?post=6048"}],"version-history":[{"count":1,"href":"https:\/\/www.italiaeconomiaonline.it\/web\/wp-json\/wp\/v2\/posts\/6048\/revisions"}],"predecessor-version":[{"id":6049,"href":"https:\/\/www.italiaeconomiaonline.it\/web\/wp-json\/wp\/v2\/posts\/6048\/revisions\/6049"}],"wp:featuredmedia":[{"embeddable":true,"href":"https:\/\/www.italiaeconomiaonline.it\/web\/wp-json\/wp\/v2\/media\/5914"}],"wp:attachment":[{"href":"https:\/\/www.italiaeconomiaonline.it\/web\/wp-json\/wp\/v2\/media?parent=6048"}],"wp:term":[{"taxonomy":"category","embeddable":true,"href":"https:\/\/www.italiaeconomiaonline.it\/web\/wp-json\/wp\/v2\/categories?post=6048"},{"taxonomy":"post_tag","embeddable":true,"href":"https:\/\/www.italiaeconomiaonline.it\/web\/wp-json\/wp\/v2\/tags?post=6048"}],"curies":[{"name":"wp","href":"https:\/\/api.w.org\/{rel}","templated":true}]}}