{"id":6070,"date":"2021-07-14T14:11:55","date_gmt":"2021-07-14T12:11:55","guid":{"rendered":"http:\/\/www.italiaeconomiaonline.it\/web\/?p=6070"},"modified":"2021-07-14T14:12:04","modified_gmt":"2021-07-14T12:12:04","slug":"confcommercio-lombardia-imprese-storiche-antidoto-alla-crisi","status":"publish","type":"post","link":"https:\/\/www.italiaeconomiaonline.it\/web\/confcommercio-lombardia-imprese-storiche-antidoto-alla-crisi\/","title":{"rendered":"Confcommercio Lombardia: \u201cImprese storiche antidoto alla crisi\u201d"},"content":{"rendered":"<p>\u201c<i>Un riconoscimento importante per tanti imprenditori che, grazie alla loro tenacia, il loro coraggio e il loro \u2018saper fare\u2019 hanno portato avanti la loro attivit\u00e0 per pi\u00f9 di 40 anni, rappresentando una sorta di antidoto a tanti shock economici, non ultimo quello della pandemia<\/i>\u201d: cos\u00ec il vicepresidente vicario di Confcommercio Lombardia <b>Carlo Massoletti<\/b>, intervenendo alla cerimonia di premiazione di 117 nuove attivit\u00e0 storiche lombarde a Palazzo Lombardia.<\/p>\n<p>\u201c<i>Riconoscere le attivit\u00e0 storiche significa riconoscere il lavoro di una vita. Dietro ad ogni impresa ci sono storie di persone, famiglie, amici che rappresentano punti di riferimento preziosi e imprescindibili per intere comunit\u00e0<\/i>\u201d ha aggiunto <b>Massoletti<\/b>. \u201c<i>In un momento in cui affrontiamo con speranza e fiducia il cammino verso la ripartenza, queste imprese sono l\u2019esempio pi\u00f9 bello di quella tenacia e capacit\u00e0 di rinnovarsi che ha permesso e, ne siamo convinti, permetter\u00e0 anche in futuro di superare i momenti pi\u00f9 difficili<\/i>\u201d.<\/p>\n<p>In Lombardia le imprese storiche sono 2334, tra negozi, locali e botteghe. \u201c<i>Un patrimonio di imprese che creano e distribuiscono ricchezza sul territorio garantendo occupazione con dignit\u00e0 e rispetto per migliaia di lavoratori. Siamo particolarmente orgogliosi di queste attivit\u00e0 che riescono a competere anche in un mercato sempre pi\u00f9 complesso: non solo per la difficile congiuntura economica, ma anche per le sfide poste dal commercio online. Ben vengano quindi le iniziative per affiancarle nel cammino: pensiamo a misure per la riqualificazione degli spazi, la salvaguardia delle insegne storiche, per la transizione verso modelli green e sostenibili. O, ancora, per favorire il passaggio generazionale. Per questo accogliamo con piacere l\u2019annuncio dell\u2019assessore Guidesi di un nuovo Bando dedicato entro l\u2019anno<\/i>\u201d ha concluso <b>Massoletti<\/b>.<\/p>\n<p>&nbsp;<\/p>\n<p>&nbsp;<\/p>\n","protected":false},"excerpt":{"rendered":"<p>\u201cUn riconoscimento importante per tanti imprenditori che, grazie alla loro tenacia, il loro coraggio e il loro \u2018saper fare\u2019 hanno portato avanti la loro attivit\u00e0 per pi\u00f9 di 40 anni, rappresentando una sorta di antidoto a tanti shock economici, non ultimo quello della pandemia\u201d: cos\u00ec il vicepresidente vicario di Confcommercio Lombardia Carlo Massoletti, intervenendo alla [&hellip;]<\/p>\n","protected":false},"author":1,"featured_media":4308,"comment_status":"closed","ping_status":"open","sticky":false,"template":"","format":"standard","meta":{"footnotes":""},"categories":[56],"tags":[],"yoast_head":"<!-- This site is optimized with the Yoast SEO plugin v22.2 - https:\/\/yoast.com\/wordpress\/plugins\/seo\/ -->\n<title>Confcommercio Lombardia: \u201cImprese storiche antidoto alla crisi\u201d -<\/title>\n<meta name=\"robots\" content=\"index, follow, max-snippet:-1, max-image-preview:large, max-video-preview:-1\" \/>\n<link rel=\"canonical\" href=\"https:\/\/www.italiaeconomiaonline.it\/web\/confcommercio-lombardia-imprese-storiche-antidoto-alla-crisi\/\" \/>\n<meta property=\"og:locale\" content=\"it_IT\" \/>\n<meta property=\"og:type\" content=\"article\" \/>\n<meta property=\"og:title\" content=\"Confcommercio Lombardia: \u201cImprese storiche antidoto alla crisi\u201d -\" \/>\n<meta property=\"og:description\" content=\"\u201cUn riconoscimento importante per tanti imprenditori che, grazie alla loro tenacia, il loro coraggio e il loro \u2018saper fare\u2019 hanno portato avanti la loro attivit\u00e0 per pi\u00f9 di 40 anni, rappresentando una sorta di antidoto a tanti shock economici, non ultimo quello della pandemia\u201d: cos\u00ec il vicepresidente vicario di Confcommercio Lombardia Carlo Massoletti, intervenendo alla [&hellip;]\" \/>\n<meta property=\"og:url\" content=\"https:\/\/www.italiaeconomiaonline.it\/web\/confcommercio-lombardia-imprese-storiche-antidoto-alla-crisi\/\" \/>\n<meta property=\"og:site_name\" content=\"ItaliaEconomiaOnline\" \/>\n<meta property=\"article:published_time\" content=\"2021-07-14T12:11:55+00:00\" \/>\n<meta property=\"article:modified_time\" content=\"2021-07-14T12:12:04+00:00\" \/>\n<meta property=\"og:image\" content=\"https:\/\/www.italiaeconomiaonline.it\/web\/wp-content\/uploads\/2020\/10\/Schermata-2020-10-05-alle-10.53.34.png\" \/>\n\t<meta property=\"og:image:width\" content=\"1402\" \/>\n\t<meta property=\"og:image:height\" content=\"774\" \/>\n\t<meta property=\"og:image:type\" content=\"image\/png\" \/>\n<meta name=\"author\" content=\"ladyitaliaeconomia\" \/>\n<meta name=\"twitter:card\" content=\"summary_large_image\" \/>\n<meta name=\"twitter:label1\" content=\"Scritto da\" \/>\n\t<meta name=\"twitter:data1\" content=\"ladyitaliaeconomia\" \/>\n\t<meta name=\"twitter:label2\" content=\"Tempo di lettura stimato\" \/>\n\t<meta name=\"twitter:data2\" content=\"2 minuti\" \/>\n<script type=\"application\/ld+json\" class=\"yoast-schema-graph\">{\"@context\":\"https:\/\/schema.org\",\"@graph\":[{\"@type\":\"WebPage\",\"@id\":\"https:\/\/www.italiaeconomiaonline.it\/web\/confcommercio-lombardia-imprese-storiche-antidoto-alla-crisi\/\",\"url\":\"https:\/\/www.italiaeconomiaonline.it\/web\/confcommercio-lombardia-imprese-storiche-antidoto-alla-crisi\/\",\"name\":\"Confcommercio Lombardia: \u201cImprese storiche antidoto alla crisi\u201d -\",\"isPartOf\":{\"@id\":\"https:\/\/www.italiaeconomiaonline.it\/web\/#website\"},\"primaryImageOfPage\":{\"@id\":\"https:\/\/www.italiaeconomiaonline.it\/web\/confcommercio-lombardia-imprese-storiche-antidoto-alla-crisi\/#primaryimage\"},\"image\":{\"@id\":\"https:\/\/www.italiaeconomiaonline.it\/web\/confcommercio-lombardia-imprese-storiche-antidoto-alla-crisi\/#primaryimage\"},\"thumbnailUrl\":\"https:\/\/www.italiaeconomiaonline.it\/web\/wp-content\/uploads\/2020\/10\/Schermata-2020-10-05-alle-10.53.34.png\",\"datePublished\":\"2021-07-14T12:11:55+00:00\",\"dateModified\":\"2021-07-14T12:12:04+00:00\",\"author\":{\"@id\":\"https:\/\/www.italiaeconomiaonline.it\/web\/#\/schema\/person\/909a49cce752523b020fbc37d5ab1c31\"},\"breadcrumb\":{\"@id\":\"https:\/\/www.italiaeconomiaonline.it\/web\/confcommercio-lombardia-imprese-storiche-antidoto-alla-crisi\/#breadcrumb\"},\"inLanguage\":\"it-IT\",\"potentialAction\":[{\"@type\":\"ReadAction\",\"target\":[\"https:\/\/www.italiaeconomiaonline.it\/web\/confcommercio-lombardia-imprese-storiche-antidoto-alla-crisi\/\"]}]},{\"@type\":\"ImageObject\",\"inLanguage\":\"it-IT\",\"@id\":\"https:\/\/www.italiaeconomiaonline.it\/web\/confcommercio-lombardia-imprese-storiche-antidoto-alla-crisi\/#primaryimage\",\"url\":\"https:\/\/www.italiaeconomiaonline.it\/web\/wp-content\/uploads\/2020\/10\/Schermata-2020-10-05-alle-10.53.34.png\",\"contentUrl\":\"https:\/\/www.italiaeconomiaonline.it\/web\/wp-content\/uploads\/2020\/10\/Schermata-2020-10-05-alle-10.53.34.png\",\"width\":1402,\"height\":774},{\"@type\":\"BreadcrumbList\",\"@id\":\"https:\/\/www.italiaeconomiaonline.it\/web\/confcommercio-lombardia-imprese-storiche-antidoto-alla-crisi\/#breadcrumb\",\"itemListElement\":[{\"@type\":\"ListItem\",\"position\":1,\"name\":\"Home\",\"item\":\"https:\/\/www.italiaeconomiaonline.it\/web\/\"},{\"@type\":\"ListItem\",\"position\":2,\"name\":\"Confcommercio Lombardia: \u201cImprese storiche antidoto alla crisi\u201d\"}]},{\"@type\":\"WebSite\",\"@id\":\"https:\/\/www.italiaeconomiaonline.it\/web\/#website\",\"url\":\"https:\/\/www.italiaeconomiaonline.it\/web\/\",\"name\":\"ItaliaEconomiaOnline\",\"description\":\"Quotidiano Economico Online\",\"potentialAction\":[{\"@type\":\"SearchAction\",\"target\":{\"@type\":\"EntryPoint\",\"urlTemplate\":\"https:\/\/www.italiaeconomiaonline.it\/web\/?s={search_term_string}\"},\"query-input\":\"required name=search_term_string\"}],\"inLanguage\":\"it-IT\"},{\"@type\":\"Person\",\"@id\":\"https:\/\/www.italiaeconomiaonline.it\/web\/#\/schema\/person\/909a49cce752523b020fbc37d5ab1c31\",\"name\":\"ladyitaliaeconomia\",\"image\":{\"@type\":\"ImageObject\",\"inLanguage\":\"it-IT\",\"@id\":\"https:\/\/www.italiaeconomiaonline.it\/web\/#\/schema\/person\/image\/\",\"url\":\"https:\/\/secure.gravatar.com\/avatar\/cedca10ce7416a579b9fa6bce9c0a8f2?s=96&d=mm&r=g\",\"contentUrl\":\"https:\/\/secure.gravatar.com\/avatar\/cedca10ce7416a579b9fa6bce9c0a8f2?s=96&d=mm&r=g\",\"caption\":\"ladyitaliaeconomia\"},\"url\":\"https:\/\/www.italiaeconomiaonline.it\/web\/author\/ladyitaliaeconomia\/\"}]}<\/script>\n<!-- \/ Yoast SEO plugin. -->","yoast_head_json":{"title":"Confcommercio Lombardia: \u201cImprese storiche antidoto alla crisi\u201d -","robots":{"index":"index","follow":"follow","max-snippet":"max-snippet:-1","max-image-preview":"max-image-preview:large","max-video-preview":"max-video-preview:-1"},"canonical":"https:\/\/www.italiaeconomiaonline.it\/web\/confcommercio-lombardia-imprese-storiche-antidoto-alla-crisi\/","og_locale":"it_IT","og_type":"article","og_title":"Confcommercio Lombardia: \u201cImprese storiche antidoto alla crisi\u201d -","og_description":"\u201cUn riconoscimento importante per tanti imprenditori che, grazie alla loro tenacia, il loro coraggio e il loro \u2018saper fare\u2019 hanno portato avanti la loro attivit\u00e0 per pi\u00f9 di 40 anni, rappresentando una sorta di antidoto a tanti shock economici, non ultimo quello della pandemia\u201d: cos\u00ec il vicepresidente vicario di Confcommercio Lombardia Carlo Massoletti, intervenendo alla [&hellip;]","og_url":"https:\/\/www.italiaeconomiaonline.it\/web\/confcommercio-lombardia-imprese-storiche-antidoto-alla-crisi\/","og_site_name":"ItaliaEconomiaOnline","article_published_time":"2021-07-14T12:11:55+00:00","article_modified_time":"2021-07-14T12:12:04+00:00","og_image":[{"width":1402,"height":774,"url":"https:\/\/www.italiaeconomiaonline.it\/web\/wp-content\/uploads\/2020\/10\/Schermata-2020-10-05-alle-10.53.34.png","type":"image\/png"}],"author":"ladyitaliaeconomia","twitter_card":"summary_large_image","twitter_misc":{"Scritto da":"ladyitaliaeconomia","Tempo di lettura stimato":"2 minuti"},"schema":{"@context":"https:\/\/schema.org","@graph":[{"@type":"WebPage","@id":"https:\/\/www.italiaeconomiaonline.it\/web\/confcommercio-lombardia-imprese-storiche-antidoto-alla-crisi\/","url":"https:\/\/www.italiaeconomiaonline.it\/web\/confcommercio-lombardia-imprese-storiche-antidoto-alla-crisi\/","name":"Confcommercio Lombardia: \u201cImprese storiche antidoto alla crisi\u201d -","isPartOf":{"@id":"https:\/\/www.italiaeconomiaonline.it\/web\/#website"},"primaryImageOfPage":{"@id":"https:\/\/www.italiaeconomiaonline.it\/web\/confcommercio-lombardia-imprese-storiche-antidoto-alla-crisi\/#primaryimage"},"image":{"@id":"https:\/\/www.italiaeconomiaonline.it\/web\/confcommercio-lombardia-imprese-storiche-antidoto-alla-crisi\/#primaryimage"},"thumbnailUrl":"https:\/\/www.italiaeconomiaonline.it\/web\/wp-content\/uploads\/2020\/10\/Schermata-2020-10-05-alle-10.53.34.png","datePublished":"2021-07-14T12:11:55+00:00","dateModified":"2021-07-14T12:12:04+00:00","author":{"@id":"https:\/\/www.italiaeconomiaonline.it\/web\/#\/schema\/person\/909a49cce752523b020fbc37d5ab1c31"},"breadcrumb":{"@id":"https:\/\/www.italiaeconomiaonline.it\/web\/confcommercio-lombardia-imprese-storiche-antidoto-alla-crisi\/#breadcrumb"},"inLanguage":"it-IT","potentialAction":[{"@type":"ReadAction","target":["https:\/\/www.italiaeconomiaonline.it\/web\/confcommercio-lombardia-imprese-storiche-antidoto-alla-crisi\/"]}]},{"@type":"ImageObject","inLanguage":"it-IT","@id":"https:\/\/www.italiaeconomiaonline.it\/web\/confcommercio-lombardia-imprese-storiche-antidoto-alla-crisi\/#primaryimage","url":"https:\/\/www.italiaeconomiaonline.it\/web\/wp-content\/uploads\/2020\/10\/Schermata-2020-10-05-alle-10.53.34.png","contentUrl":"https:\/\/www.italiaeconomiaonline.it\/web\/wp-content\/uploads\/2020\/10\/Schermata-2020-10-05-alle-10.53.34.png","width":1402,"height":774},{"@type":"BreadcrumbList","@id":"https:\/\/www.italiaeconomiaonline.it\/web\/confcommercio-lombardia-imprese-storiche-antidoto-alla-crisi\/#breadcrumb","itemListElement":[{"@type":"ListItem","position":1,"name":"Home","item":"https:\/\/www.italiaeconomiaonline.it\/web\/"},{"@type":"ListItem","position":2,"name":"Confcommercio Lombardia: \u201cImprese storiche antidoto alla crisi\u201d"}]},{"@type":"WebSite","@id":"https:\/\/www.italiaeconomiaonline.it\/web\/#website","url":"https:\/\/www.italiaeconomiaonline.it\/web\/","name":"ItaliaEconomiaOnline","description":"Quotidiano Economico Online","potentialAction":[{"@type":"SearchAction","target":{"@type":"EntryPoint","urlTemplate":"https:\/\/www.italiaeconomiaonline.it\/web\/?s={search_term_string}"},"query-input":"required name=search_term_string"}],"inLanguage":"it-IT"},{"@type":"Person","@id":"https:\/\/www.italiaeconomiaonline.it\/web\/#\/schema\/person\/909a49cce752523b020fbc37d5ab1c31","name":"ladyitaliaeconomia","image":{"@type":"ImageObject","inLanguage":"it-IT","@id":"https:\/\/www.italiaeconomiaonline.it\/web\/#\/schema\/person\/image\/","url":"https:\/\/secure.gravatar.com\/avatar\/cedca10ce7416a579b9fa6bce9c0a8f2?s=96&d=mm&r=g","contentUrl":"https:\/\/secure.gravatar.com\/avatar\/cedca10ce7416a579b9fa6bce9c0a8f2?s=96&d=mm&r=g","caption":"ladyitaliaeconomia"},"url":"https:\/\/www.italiaeconomiaonline.it\/web\/author\/ladyitaliaeconomia\/"}]}},"_links":{"self":[{"href":"https:\/\/www.italiaeconomiaonline.it\/web\/wp-json\/wp\/v2\/posts\/6070"}],"collection":[{"href":"https:\/\/www.italiaeconomiaonline.it\/web\/wp-json\/wp\/v2\/posts"}],"about":[{"href":"https:\/\/www.italiaeconomiaonline.it\/web\/wp-json\/wp\/v2\/types\/post"}],"author":[{"embeddable":true,"href":"https:\/\/www.italiaeconomiaonline.it\/web\/wp-json\/wp\/v2\/users\/1"}],"replies":[{"embeddable":true,"href":"https:\/\/www.italiaeconomiaonline.it\/web\/wp-json\/wp\/v2\/comments?post=6070"}],"version-history":[{"count":2,"href":"https:\/\/www.italiaeconomiaonline.it\/web\/wp-json\/wp\/v2\/posts\/6070\/revisions"}],"predecessor-version":[{"id":6072,"href":"https:\/\/www.italiaeconomiaonline.it\/web\/wp-json\/wp\/v2\/posts\/6070\/revisions\/6072"}],"wp:featuredmedia":[{"embeddable":true,"href":"https:\/\/www.italiaeconomiaonline.it\/web\/wp-json\/wp\/v2\/media\/4308"}],"wp:attachment":[{"href":"https:\/\/www.italiaeconomiaonline.it\/web\/wp-json\/wp\/v2\/media?parent=6070"}],"wp:term":[{"taxonomy":"category","embeddable":true,"href":"https:\/\/www.italiaeconomiaonline.it\/web\/wp-json\/wp\/v2\/categories?post=6070"},{"taxonomy":"post_tag","embeddable":true,"href":"https:\/\/www.italiaeconomiaonline.it\/web\/wp-json\/wp\/v2\/tags?post=6070"}],"curies":[{"name":"wp","href":"https:\/\/api.w.org\/{rel}","templated":true}]}}