{"id":6138,"date":"2021-08-20T09:54:46","date_gmt":"2021-08-20T07:54:46","guid":{"rendered":"http:\/\/www.italiaeconomiaonline.it\/web\/?p=6138"},"modified":"2021-08-20T09:55:04","modified_gmt":"2021-08-20T07:55:04","slug":"controesodo-coldiretti-vacanze-finite-per-2-italiani-su-3","status":"publish","type":"post","link":"https:\/\/www.italiaeconomiaonline.it\/web\/controesodo-coldiretti-vacanze-finite-per-2-italiani-su-3\/","title":{"rendered":"Controesodo, Coldiretti: Vacanze finite per 2 italiani su 3"},"content":{"rendered":"<p class=\"xmprfx_MsoNormal\">Con il controesodo si concludono le vacanze estive per oltre 2 italiani su tre (67%) che hanno scelto di andare in ferie nell\u2019estate 2021 anche se non manca chi \u00e8 in partenza per fine agosto e settembre. E\u2019 quanto emerge dal bilancio stilato da Coldiretti\/Ixe\u2019 in occasione del primo weekend di controesodo estivo da bollino rosso.<\/p>\n<p class=\"xmprfx_MsoNormal\">Sono 20,8 milioni gli italiani che \u2013 sottolinea la Coldiretti \u2013 hanno deciso di concedersi almeno un giorno di vacanza fuori casa nel mese di agosto dell\u2019estate 2021, con un calo dell\u20191% rispetto allo scorso anno. Con l\u2019emergenza sanitaria Covid quest\u2019anno si \u00e8 rafforzata l\u2019abitudine tutta nazionale a concentrare le partenze nel mese di agosto che \u00e8 stato di gran lunga il pi\u00f9 gettonato dell\u2019estate.<\/p>\n<p class=\"xmprfx_MsoNormal\">Il timore del virus e la volont\u00e0 di attendere un miglioramento della situazione ha portato, infatti, molti turisti a rimandare il pi\u00f9 possibile la partenza. L\u2019Italia quest\u2019anno \u00e8 la destinazione preferita \u2013 continua la Coldiretti \u2013 scelta come meta dalla quasi totalit\u00e0 degli italiani anche se nel mese di agosto mancano all\u2019appello circa 4 milioni di viaggiatori stranieri in Italia secondo proiezioni Coldiretti su dati Bankitalia. L\u2019assenza di stranieri in vacanza nel Belpaese \u2013 sottolinea la Coldiretti \u2013 pesa soprattutto sulle citt\u00e0 d\u2019arte.<\/p>\n<p class=\"xmprfx_MsoNormal\">Se la spiaggia \u2013 spiega Coldiretti \u2013 resta la meta preferita, tiene il turismo in montagna e cresce quello di prossimit\u00e0 con la riscoperta dei piccoli borghi e dei centri minori nelle campagne italiane, in alternativa alle destinazioni turistiche pi\u00f9 battute, mentre crollano le presenze nelle citt\u00e0. Tra gli svaghi preferiti accanto ad arte, tradizione, relax e puro divertimento, la ricerca del cibo e il vino locali \u00e8 diventata il vero valore aggiunto delle vacanze Made in Italy nel 2021 con circa 1\/3 del budget destinato proprio all\u2019alimentazione per consumi al ristorante o per l\u2019acquisto di souvenir, secondo la Coldiretti. Gli stranieri prestano particolare attenzione alla qualit\u00e0 dell\u2019alimentazione per la quale \u2013 spiega Coldiretti &#8211; destinano una quota elevata della spesa durante la vacanza.<\/p>\n<p class=\"xmprfx_MsoNormal\">La maggioranza degli italiani per le vacanze \u2013 continua la Coldiretti \u2013 ha scelto di riaprire le seconde case di propriet\u00e0, o di alloggiare in quelle di parenti e amici o in affitto, ma nella classifica delle preferenze ci sono nell\u2019ordine anche campeggi con i camper molto gettonati mentre sono in sofferenza gli alberghi nelle grandi citt\u00e0. Anche in vista di settembre, segnali positivi, nonostante le difficolt\u00e0, ci sono sicuramente \u2013 precisa la Coldiretti \u2013 per le oltre 24 mila aziende agrituristiche italiane che, spesso situate in zone isolate della campagna in strutture familiari con un numero contenuto di posti letto e a tavola e con ampi spazi all\u2019aperto, sono forse i luoghi dove \u00e8 pi\u00f9 facile garantire il rispetto delle misure di sicurezza secondo Terranostra e Campagna Amica.<\/p>\n<p class=\"xmprfx_MsoNormal\">\n","protected":false},"excerpt":{"rendered":"<p>Con il controesodo si concludono le vacanze estive per oltre 2 italiani su tre (67%) che hanno scelto di andare in ferie nell\u2019estate 2021 anche se non manca chi \u00e8 in partenza per fine agosto e settembre. E\u2019 quanto emerge dal bilancio stilato da Coldiretti\/Ixe\u2019 in occasione del primo weekend di controesodo estivo da bollino [&hellip;]<\/p>\n","protected":false},"author":1,"featured_media":3881,"comment_status":"closed","ping_status":"open","sticky":false,"template":"","format":"standard","meta":{"footnotes":""},"categories":[56],"tags":[],"yoast_head":"<!-- This site is optimized with the Yoast SEO plugin v22.2 - https:\/\/yoast.com\/wordpress\/plugins\/seo\/ -->\n<title>Controesodo, Coldiretti: Vacanze finite per 2 italiani su 3 -<\/title>\n<meta name=\"robots\" content=\"index, follow, max-snippet:-1, max-image-preview:large, max-video-preview:-1\" \/>\n<link rel=\"canonical\" href=\"https:\/\/www.italiaeconomiaonline.it\/web\/controesodo-coldiretti-vacanze-finite-per-2-italiani-su-3\/\" \/>\n<meta property=\"og:locale\" content=\"it_IT\" \/>\n<meta property=\"og:type\" content=\"article\" \/>\n<meta property=\"og:title\" content=\"Controesodo, Coldiretti: Vacanze finite per 2 italiani su 3 -\" \/>\n<meta property=\"og:description\" content=\"Con il controesodo si concludono le vacanze estive per oltre 2 italiani su tre (67%) che hanno scelto di andare in ferie nell\u2019estate 2021 anche se non manca chi \u00e8 in partenza per fine agosto e settembre. E\u2019 quanto emerge dal bilancio stilato da Coldiretti\/Ixe\u2019 in occasione del primo weekend di controesodo estivo da bollino [&hellip;]\" \/>\n<meta property=\"og:url\" content=\"https:\/\/www.italiaeconomiaonline.it\/web\/controesodo-coldiretti-vacanze-finite-per-2-italiani-su-3\/\" \/>\n<meta property=\"og:site_name\" content=\"ItaliaEconomiaOnline\" \/>\n<meta property=\"article:published_time\" content=\"2021-08-20T07:54:46+00:00\" \/>\n<meta property=\"article:modified_time\" content=\"2021-08-20T07:55:04+00:00\" \/>\n<meta property=\"og:image\" content=\"https:\/\/www.italiaeconomiaonline.it\/web\/wp-content\/uploads\/2020\/08\/Schermata-2020-08-10-alle-12.42.22.png\" \/>\n\t<meta property=\"og:image:width\" content=\"1206\" \/>\n\t<meta property=\"og:image:height\" content=\"550\" \/>\n\t<meta property=\"og:image:type\" content=\"image\/png\" \/>\n<meta name=\"author\" content=\"ladyitaliaeconomia\" \/>\n<meta name=\"twitter:card\" content=\"summary_large_image\" \/>\n<meta name=\"twitter:label1\" content=\"Scritto da\" \/>\n\t<meta name=\"twitter:data1\" content=\"ladyitaliaeconomia\" \/>\n\t<meta name=\"twitter:label2\" content=\"Tempo di lettura stimato\" \/>\n\t<meta name=\"twitter:data2\" content=\"2 minuti\" \/>\n<script type=\"application\/ld+json\" class=\"yoast-schema-graph\">{\"@context\":\"https:\/\/schema.org\",\"@graph\":[{\"@type\":\"WebPage\",\"@id\":\"https:\/\/www.italiaeconomiaonline.it\/web\/controesodo-coldiretti-vacanze-finite-per-2-italiani-su-3\/\",\"url\":\"https:\/\/www.italiaeconomiaonline.it\/web\/controesodo-coldiretti-vacanze-finite-per-2-italiani-su-3\/\",\"name\":\"Controesodo, Coldiretti: Vacanze finite per 2 italiani su 3 -\",\"isPartOf\":{\"@id\":\"https:\/\/www.italiaeconomiaonline.it\/web\/#website\"},\"primaryImageOfPage\":{\"@id\":\"https:\/\/www.italiaeconomiaonline.it\/web\/controesodo-coldiretti-vacanze-finite-per-2-italiani-su-3\/#primaryimage\"},\"image\":{\"@id\":\"https:\/\/www.italiaeconomiaonline.it\/web\/controesodo-coldiretti-vacanze-finite-per-2-italiani-su-3\/#primaryimage\"},\"thumbnailUrl\":\"https:\/\/www.italiaeconomiaonline.it\/web\/wp-content\/uploads\/2020\/08\/Schermata-2020-08-10-alle-12.42.22.png\",\"datePublished\":\"2021-08-20T07:54:46+00:00\",\"dateModified\":\"2021-08-20T07:55:04+00:00\",\"author\":{\"@id\":\"https:\/\/www.italiaeconomiaonline.it\/web\/#\/schema\/person\/909a49cce752523b020fbc37d5ab1c31\"},\"breadcrumb\":{\"@id\":\"https:\/\/www.italiaeconomiaonline.it\/web\/controesodo-coldiretti-vacanze-finite-per-2-italiani-su-3\/#breadcrumb\"},\"inLanguage\":\"it-IT\",\"potentialAction\":[{\"@type\":\"ReadAction\",\"target\":[\"https:\/\/www.italiaeconomiaonline.it\/web\/controesodo-coldiretti-vacanze-finite-per-2-italiani-su-3\/\"]}]},{\"@type\":\"ImageObject\",\"inLanguage\":\"it-IT\",\"@id\":\"https:\/\/www.italiaeconomiaonline.it\/web\/controesodo-coldiretti-vacanze-finite-per-2-italiani-su-3\/#primaryimage\",\"url\":\"https:\/\/www.italiaeconomiaonline.it\/web\/wp-content\/uploads\/2020\/08\/Schermata-2020-08-10-alle-12.42.22.png\",\"contentUrl\":\"https:\/\/www.italiaeconomiaonline.it\/web\/wp-content\/uploads\/2020\/08\/Schermata-2020-08-10-alle-12.42.22.png\",\"width\":1206,\"height\":550},{\"@type\":\"BreadcrumbList\",\"@id\":\"https:\/\/www.italiaeconomiaonline.it\/web\/controesodo-coldiretti-vacanze-finite-per-2-italiani-su-3\/#breadcrumb\",\"itemListElement\":[{\"@type\":\"ListItem\",\"position\":1,\"name\":\"Home\",\"item\":\"https:\/\/www.italiaeconomiaonline.it\/web\/\"},{\"@type\":\"ListItem\",\"position\":2,\"name\":\"Controesodo, Coldiretti: Vacanze finite per 2 italiani su 3\"}]},{\"@type\":\"WebSite\",\"@id\":\"https:\/\/www.italiaeconomiaonline.it\/web\/#website\",\"url\":\"https:\/\/www.italiaeconomiaonline.it\/web\/\",\"name\":\"ItaliaEconomiaOnline\",\"description\":\"Quotidiano Economico Online\",\"potentialAction\":[{\"@type\":\"SearchAction\",\"target\":{\"@type\":\"EntryPoint\",\"urlTemplate\":\"https:\/\/www.italiaeconomiaonline.it\/web\/?s={search_term_string}\"},\"query-input\":\"required name=search_term_string\"}],\"inLanguage\":\"it-IT\"},{\"@type\":\"Person\",\"@id\":\"https:\/\/www.italiaeconomiaonline.it\/web\/#\/schema\/person\/909a49cce752523b020fbc37d5ab1c31\",\"name\":\"ladyitaliaeconomia\",\"image\":{\"@type\":\"ImageObject\",\"inLanguage\":\"it-IT\",\"@id\":\"https:\/\/www.italiaeconomiaonline.it\/web\/#\/schema\/person\/image\/\",\"url\":\"https:\/\/secure.gravatar.com\/avatar\/cedca10ce7416a579b9fa6bce9c0a8f2?s=96&d=mm&r=g\",\"contentUrl\":\"https:\/\/secure.gravatar.com\/avatar\/cedca10ce7416a579b9fa6bce9c0a8f2?s=96&d=mm&r=g\",\"caption\":\"ladyitaliaeconomia\"},\"url\":\"https:\/\/www.italiaeconomiaonline.it\/web\/author\/ladyitaliaeconomia\/\"}]}<\/script>\n<!-- \/ Yoast SEO plugin. -->","yoast_head_json":{"title":"Controesodo, Coldiretti: Vacanze finite per 2 italiani su 3 -","robots":{"index":"index","follow":"follow","max-snippet":"max-snippet:-1","max-image-preview":"max-image-preview:large","max-video-preview":"max-video-preview:-1"},"canonical":"https:\/\/www.italiaeconomiaonline.it\/web\/controesodo-coldiretti-vacanze-finite-per-2-italiani-su-3\/","og_locale":"it_IT","og_type":"article","og_title":"Controesodo, Coldiretti: Vacanze finite per 2 italiani su 3 -","og_description":"Con il controesodo si concludono le vacanze estive per oltre 2 italiani su tre (67%) che hanno scelto di andare in ferie nell\u2019estate 2021 anche se non manca chi \u00e8 in partenza per fine agosto e settembre. E\u2019 quanto emerge dal bilancio stilato da Coldiretti\/Ixe\u2019 in occasione del primo weekend di controesodo estivo da bollino [&hellip;]","og_url":"https:\/\/www.italiaeconomiaonline.it\/web\/controesodo-coldiretti-vacanze-finite-per-2-italiani-su-3\/","og_site_name":"ItaliaEconomiaOnline","article_published_time":"2021-08-20T07:54:46+00:00","article_modified_time":"2021-08-20T07:55:04+00:00","og_image":[{"width":1206,"height":550,"url":"https:\/\/www.italiaeconomiaonline.it\/web\/wp-content\/uploads\/2020\/08\/Schermata-2020-08-10-alle-12.42.22.png","type":"image\/png"}],"author":"ladyitaliaeconomia","twitter_card":"summary_large_image","twitter_misc":{"Scritto da":"ladyitaliaeconomia","Tempo di lettura stimato":"2 minuti"},"schema":{"@context":"https:\/\/schema.org","@graph":[{"@type":"WebPage","@id":"https:\/\/www.italiaeconomiaonline.it\/web\/controesodo-coldiretti-vacanze-finite-per-2-italiani-su-3\/","url":"https:\/\/www.italiaeconomiaonline.it\/web\/controesodo-coldiretti-vacanze-finite-per-2-italiani-su-3\/","name":"Controesodo, Coldiretti: Vacanze finite per 2 italiani su 3 -","isPartOf":{"@id":"https:\/\/www.italiaeconomiaonline.it\/web\/#website"},"primaryImageOfPage":{"@id":"https:\/\/www.italiaeconomiaonline.it\/web\/controesodo-coldiretti-vacanze-finite-per-2-italiani-su-3\/#primaryimage"},"image":{"@id":"https:\/\/www.italiaeconomiaonline.it\/web\/controesodo-coldiretti-vacanze-finite-per-2-italiani-su-3\/#primaryimage"},"thumbnailUrl":"https:\/\/www.italiaeconomiaonline.it\/web\/wp-content\/uploads\/2020\/08\/Schermata-2020-08-10-alle-12.42.22.png","datePublished":"2021-08-20T07:54:46+00:00","dateModified":"2021-08-20T07:55:04+00:00","author":{"@id":"https:\/\/www.italiaeconomiaonline.it\/web\/#\/schema\/person\/909a49cce752523b020fbc37d5ab1c31"},"breadcrumb":{"@id":"https:\/\/www.italiaeconomiaonline.it\/web\/controesodo-coldiretti-vacanze-finite-per-2-italiani-su-3\/#breadcrumb"},"inLanguage":"it-IT","potentialAction":[{"@type":"ReadAction","target":["https:\/\/www.italiaeconomiaonline.it\/web\/controesodo-coldiretti-vacanze-finite-per-2-italiani-su-3\/"]}]},{"@type":"ImageObject","inLanguage":"it-IT","@id":"https:\/\/www.italiaeconomiaonline.it\/web\/controesodo-coldiretti-vacanze-finite-per-2-italiani-su-3\/#primaryimage","url":"https:\/\/www.italiaeconomiaonline.it\/web\/wp-content\/uploads\/2020\/08\/Schermata-2020-08-10-alle-12.42.22.png","contentUrl":"https:\/\/www.italiaeconomiaonline.it\/web\/wp-content\/uploads\/2020\/08\/Schermata-2020-08-10-alle-12.42.22.png","width":1206,"height":550},{"@type":"BreadcrumbList","@id":"https:\/\/www.italiaeconomiaonline.it\/web\/controesodo-coldiretti-vacanze-finite-per-2-italiani-su-3\/#breadcrumb","itemListElement":[{"@type":"ListItem","position":1,"name":"Home","item":"https:\/\/www.italiaeconomiaonline.it\/web\/"},{"@type":"ListItem","position":2,"name":"Controesodo, Coldiretti: Vacanze finite per 2 italiani su 3"}]},{"@type":"WebSite","@id":"https:\/\/www.italiaeconomiaonline.it\/web\/#website","url":"https:\/\/www.italiaeconomiaonline.it\/web\/","name":"ItaliaEconomiaOnline","description":"Quotidiano Economico Online","potentialAction":[{"@type":"SearchAction","target":{"@type":"EntryPoint","urlTemplate":"https:\/\/www.italiaeconomiaonline.it\/web\/?s={search_term_string}"},"query-input":"required name=search_term_string"}],"inLanguage":"it-IT"},{"@type":"Person","@id":"https:\/\/www.italiaeconomiaonline.it\/web\/#\/schema\/person\/909a49cce752523b020fbc37d5ab1c31","name":"ladyitaliaeconomia","image":{"@type":"ImageObject","inLanguage":"it-IT","@id":"https:\/\/www.italiaeconomiaonline.it\/web\/#\/schema\/person\/image\/","url":"https:\/\/secure.gravatar.com\/avatar\/cedca10ce7416a579b9fa6bce9c0a8f2?s=96&d=mm&r=g","contentUrl":"https:\/\/secure.gravatar.com\/avatar\/cedca10ce7416a579b9fa6bce9c0a8f2?s=96&d=mm&r=g","caption":"ladyitaliaeconomia"},"url":"https:\/\/www.italiaeconomiaonline.it\/web\/author\/ladyitaliaeconomia\/"}]}},"_links":{"self":[{"href":"https:\/\/www.italiaeconomiaonline.it\/web\/wp-json\/wp\/v2\/posts\/6138"}],"collection":[{"href":"https:\/\/www.italiaeconomiaonline.it\/web\/wp-json\/wp\/v2\/posts"}],"about":[{"href":"https:\/\/www.italiaeconomiaonline.it\/web\/wp-json\/wp\/v2\/types\/post"}],"author":[{"embeddable":true,"href":"https:\/\/www.italiaeconomiaonline.it\/web\/wp-json\/wp\/v2\/users\/1"}],"replies":[{"embeddable":true,"href":"https:\/\/www.italiaeconomiaonline.it\/web\/wp-json\/wp\/v2\/comments?post=6138"}],"version-history":[{"count":2,"href":"https:\/\/www.italiaeconomiaonline.it\/web\/wp-json\/wp\/v2\/posts\/6138\/revisions"}],"predecessor-version":[{"id":6140,"href":"https:\/\/www.italiaeconomiaonline.it\/web\/wp-json\/wp\/v2\/posts\/6138\/revisions\/6140"}],"wp:featuredmedia":[{"embeddable":true,"href":"https:\/\/www.italiaeconomiaonline.it\/web\/wp-json\/wp\/v2\/media\/3881"}],"wp:attachment":[{"href":"https:\/\/www.italiaeconomiaonline.it\/web\/wp-json\/wp\/v2\/media?parent=6138"}],"wp:term":[{"taxonomy":"category","embeddable":true,"href":"https:\/\/www.italiaeconomiaonline.it\/web\/wp-json\/wp\/v2\/categories?post=6138"},{"taxonomy":"post_tag","embeddable":true,"href":"https:\/\/www.italiaeconomiaonline.it\/web\/wp-json\/wp\/v2\/tags?post=6138"}],"curies":[{"name":"wp","href":"https:\/\/api.w.org\/{rel}","templated":true}]}}