{"id":6145,"date":"2021-08-23T11:02:35","date_gmt":"2021-08-23T09:02:35","guid":{"rendered":"http:\/\/www.italiaeconomiaonline.it\/web\/?p=6145"},"modified":"2021-08-23T11:02:58","modified_gmt":"2021-08-23T09:02:58","slug":"covid-unimpresa-quarantena-lavoratori-a-carico-aziende","status":"publish","type":"post","link":"https:\/\/www.italiaeconomiaonline.it\/web\/covid-unimpresa-quarantena-lavoratori-a-carico-aziende\/","title":{"rendered":"Covid, Unimpresa: quarantena lavoratori a carico aziende"},"content":{"rendered":"<div class=\"gmail_quote\">\n<div dir=\"ltr\">\n<div class=\"gmail_quote\">\n<div>\n<div>\n<div class=\"gmail_quote\">\n<div dir=\"ltr\">\n<div class=\"gmail_quote\">\n<div dir=\"ltr\">\n<div class=\"gmail_quote\">\n<div dir=\"ltr\">\n<div class=\"gmail_quote\">\n<div dir=\"ltr\">\n<div class=\"gmail_quote\">\n<div dir=\"ltr\">\n<div class=\"gmail_quote\">\n<div dir=\"ltr\">\n<div dir=\"ltr\">\n<div class=\"gmail_quote\">\n<div dir=\"ltr\">\n<div dir=\"ltr\">\n<div class=\"gmail_quote\">\n<div dir=\"ltr\">\n<div dir=\"ltr\">\n<div class=\"gmail_quote\">\n<div dir=\"ltr\">\n<div dir=\"ltr\">\n<div dir=\"ltr\">\n<div class=\"gmail_quote\">\n<div dir=\"ltr\">\n<div dir=\"ltr\">\n<div class=\"gmail_quote\">\n<div dir=\"ltr\">\n<div dir=\"ltr\">\n<div dir=\"ltr\">\n<div dir=\"ltr\">\n<div dir=\"ltr\">\n<div dir=\"ltr\">\n<div dir=\"ltr\">\n<div dir=\"ltr\">\n<div dir=\"ltr\">\n<div dir=\"ltr\">\n<div dir=\"ltr\">\n<div dir=\"ltr\"><span style=\"font-family: verdana, sans-serif;\">Altro salasso per le imprese italiane in vista della ripresa post ferie e delle riaperture: la quarantena dei dipendenti, non pi\u00f9 considerata \u201cmalattia\u201d dall\u2019Inps, a causa dell\u2019ennesimo pasticcio normativo, sar\u00e0 di fatto scaricata sui datori di lavoro. Le aziende, infatti, dovranno inevitabilmente \u201ccoprire\u201d il mancato riconoscimento, da parte dell\u2019Inps, delle prestazioni pagate in durante le assenze per malattia e, fino allo scorso 6 agosto, riconosciute anche a chi, per legge, viene obbligato a restare nel proprio domicilio, quindi senza poter lavorare, nel caso di contatto stretto con persona contagiata dal Covid.<\/span><\/div>\n<div dir=\"ltr\"><\/div>\n<div dir=\"ltr\"><span style=\"font-family: verdana, sans-serif;\">E\u2019 quanto denuncia Unimpresa spiegando che, se le aziende non copriranno le prestazioni Inps, per i lavoratori ci sar\u00e0 un danno in busta paga tra i 600 e i 700 euro, in media, per 10 giorni di assenza. Per le imprese si tratterebbe in ogni caso di fare i conti con un danno, che potrebbe essere doppio: gestire l\u2019assenza di personale, che in caso di contagi aziendali potrebbe addirittura dimezzarsi, quindi con conseguenze sull\u2019operativit\u00e0 aziendale, e, contemporaneamente, subire un peso per l\u2019eventuale compensazione dei \u201cbuchi\u201d nelle retribuzioni dei dipendenti. <\/span><\/div>\n<div dir=\"ltr\"><\/div>\n<div dir=\"ltr\"><span style=\"font-family: verdana, sans-serif;\">Il discutibile stop \u00e8 arrivato con il messaggio del 6 agosto 2021, con il quale l\u2019Inps ha infatti annunciato che per l\u2019anno 2021 le prestazioni di malattia legate alla quarantena fiduciaria non saranno pi\u00f9 equiparate ad una malattia e dunque non potranno essere riconosciute dall\u2019Istituto, come a dire o paga l\u2019azienda oppure il lavoratore si vedr\u00e0 lo stipendio tagliato per quelle giornate.<\/span><\/div>\n<div dir=\"ltr\"><\/div>\n<div dir=\"ltr\">\n<p><span style=\"font-family: verdana, sans-serif;\"> Inoltre, i lavoratori cosiddetti \u201cfragili\u201d, quelli che pi\u00f9 di ogni altra categoria avrebbe dovuto essere tutelata e protetta, saranno coperti soltanto fino a giugno 2021, dopodich\u00e9 anche per loro si apre un \u201cbuco\u201d che qualcuno dovr\u00e0 coprire e tutto questo nel momento in cui purtroppo i dati sui contagi riprendono ad aumentare.<\/span><\/p>\n<p>\u00abAncora una volta a rimetterci nel gioco \u201cdello scarica barile\u201d tra Inps e Ministero del Lavoro, chi ci rimetter\u00e0 saranno le imprese ed i lavoratori. Un film gi\u00e0 visto pi\u00f9 volte, ricordiamo ancora i periodi scoperti dalla Cassa Integrazione Covid, solo per ricordare il pi\u00f9 eclatante, e adesso con la nota Inps 2842\/2021 si ripresenter\u00e0 a fine mese un conto salatissimo da pagare.<\/p>\n<\/div>\n<div dir=\"ltr\"><\/div>\n<div dir=\"ltr\"><span style=\"font-family: verdana, sans-serif;\">Il mondo delle imprese chiede, pertanto, che il Ministro Orlando intervenga il prima possibile per dirimere questa situazione e che lo faccia al pi\u00f9 presto, possibilmente gi\u00e0 prima della scadenza del periodo di paga in corso, al fine di evitare spiacevoli incomprensioni su chi e se debba pagare lo stipendio in quelle giornate di assenza obbligate oltre che mandare in tilt ancora una volta i professionisti che si troveranno ad elaborare le buste paga con l\u2019ennesimo dilemma\u00bb commenta il consigliere nazionale di Unimpresa, Giovanni Assi. <\/span><\/div>\n<div dir=\"ltr\"><\/div>\n<div dir=\"ltr\">\n<p><span style=\"font-family: verdana, sans-serif;\">\u00abCi chiediamo, come pu\u00f2 essere mai che un lavoratore sia da una parte obbligato (giustamente) a rimanere a casa per essere stato un contatto stretto al fine di contenere la diffusione del contagio da Covid-19 e dall\u2019altra parte poi non \u00a0siano \u00a0previste tutele e quello stesso lavoratore debba correre il rischio di restare privo di retribuzione \u00a0(10 giorni di assenza possono comportare mediamente un danno in busta paga tra i 600 e i 700 euro a dipendente) o di pesare sulle casse della sua impresa che gi\u00e0 si vedr\u00e0 dimezzati con ogni probabilit\u00e0 gli organici?\u00bb aggiunge Assi. <\/span><\/p>\n<p class=\"xmprfx_MsoNormal\">\n<\/div>\n<\/div>\n<\/div>\n<\/div>\n<\/div>\n<\/div>\n<\/div>\n<\/div>\n<\/div>\n<\/div>\n<\/div>\n<\/div>\n<\/div>\n<\/div>\n<\/div>\n<\/div>\n<\/div>\n<\/div>\n<\/div>\n<\/div>\n<\/div>\n<\/div>\n<\/div>\n<\/div>\n<\/div>\n<\/div>\n<\/div>\n<\/div>\n<\/div>\n<\/div>\n<\/div>\n<\/div>\n<\/div>\n<\/div>\n<\/div>\n<\/div>\n<\/div>\n<\/div>\n<\/div>\n<\/div>\n<\/div>\n<\/div>\n<\/div>\n<\/div>\n","protected":false},"excerpt":{"rendered":"<p>Altro salasso per le imprese italiane in vista della ripresa post ferie e delle riaperture: la quarantena dei dipendenti, non pi\u00f9 considerata \u201cmalattia\u201d dall\u2019Inps, a causa dell\u2019ennesimo pasticcio normativo, sar\u00e0 di fatto scaricata sui datori di lavoro. Le aziende, infatti, dovranno inevitabilmente \u201ccoprire\u201d il mancato riconoscimento, da parte dell\u2019Inps, delle prestazioni pagate in durante le [&hellip;]<\/p>\n","protected":false},"author":1,"featured_media":1600,"comment_status":"closed","ping_status":"open","sticky":false,"template":"","format":"standard","meta":{"footnotes":""},"categories":[28],"tags":[],"yoast_head":"<!-- This site is optimized with the Yoast SEO plugin v22.2 - https:\/\/yoast.com\/wordpress\/plugins\/seo\/ -->\n<title>Covid, Unimpresa: quarantena lavoratori a carico aziende -<\/title>\n<meta name=\"robots\" content=\"index, follow, max-snippet:-1, max-image-preview:large, max-video-preview:-1\" \/>\n<link rel=\"canonical\" href=\"https:\/\/www.italiaeconomiaonline.it\/web\/covid-unimpresa-quarantena-lavoratori-a-carico-aziende\/\" \/>\n<meta property=\"og:locale\" content=\"it_IT\" \/>\n<meta property=\"og:type\" content=\"article\" \/>\n<meta property=\"og:title\" content=\"Covid, Unimpresa: quarantena lavoratori a carico aziende -\" \/>\n<meta property=\"og:description\" content=\"Altro salasso per le imprese italiane in vista della ripresa post ferie e delle riaperture: la quarantena dei dipendenti, non pi\u00f9 considerata \u201cmalattia\u201d dall\u2019Inps, a causa dell\u2019ennesimo pasticcio normativo, sar\u00e0 di fatto scaricata sui datori di lavoro. Le aziende, infatti, dovranno inevitabilmente \u201ccoprire\u201d il mancato riconoscimento, da parte dell\u2019Inps, delle prestazioni pagate in durante le [&hellip;]\" \/>\n<meta property=\"og:url\" content=\"https:\/\/www.italiaeconomiaonline.it\/web\/covid-unimpresa-quarantena-lavoratori-a-carico-aziende\/\" \/>\n<meta property=\"og:site_name\" content=\"ItaliaEconomiaOnline\" \/>\n<meta property=\"article:published_time\" content=\"2021-08-23T09:02:35+00:00\" \/>\n<meta property=\"article:modified_time\" content=\"2021-08-23T09:02:58+00:00\" \/>\n<meta property=\"og:image\" content=\"https:\/\/www.italiaeconomiaonline.it\/web\/wp-content\/uploads\/2019\/08\/Lavoro5.jpg\" \/>\n\t<meta property=\"og:image:width\" content=\"510\" \/>\n\t<meta property=\"og:image:height\" content=\"340\" \/>\n\t<meta property=\"og:image:type\" content=\"image\/jpeg\" \/>\n<meta name=\"author\" content=\"ladyitaliaeconomia\" \/>\n<meta name=\"twitter:card\" content=\"summary_large_image\" \/>\n<meta name=\"twitter:label1\" content=\"Scritto da\" \/>\n\t<meta name=\"twitter:data1\" content=\"ladyitaliaeconomia\" \/>\n\t<meta name=\"twitter:label2\" content=\"Tempo di lettura stimato\" \/>\n\t<meta name=\"twitter:data2\" content=\"3 minuti\" \/>\n<script type=\"application\/ld+json\" class=\"yoast-schema-graph\">{\"@context\":\"https:\/\/schema.org\",\"@graph\":[{\"@type\":\"WebPage\",\"@id\":\"https:\/\/www.italiaeconomiaonline.it\/web\/covid-unimpresa-quarantena-lavoratori-a-carico-aziende\/\",\"url\":\"https:\/\/www.italiaeconomiaonline.it\/web\/covid-unimpresa-quarantena-lavoratori-a-carico-aziende\/\",\"name\":\"Covid, Unimpresa: quarantena lavoratori a carico aziende -\",\"isPartOf\":{\"@id\":\"https:\/\/www.italiaeconomiaonline.it\/web\/#website\"},\"primaryImageOfPage\":{\"@id\":\"https:\/\/www.italiaeconomiaonline.it\/web\/covid-unimpresa-quarantena-lavoratori-a-carico-aziende\/#primaryimage\"},\"image\":{\"@id\":\"https:\/\/www.italiaeconomiaonline.it\/web\/covid-unimpresa-quarantena-lavoratori-a-carico-aziende\/#primaryimage\"},\"thumbnailUrl\":\"https:\/\/www.italiaeconomiaonline.it\/web\/wp-content\/uploads\/2019\/08\/Lavoro5.jpg\",\"datePublished\":\"2021-08-23T09:02:35+00:00\",\"dateModified\":\"2021-08-23T09:02:58+00:00\",\"author\":{\"@id\":\"https:\/\/www.italiaeconomiaonline.it\/web\/#\/schema\/person\/909a49cce752523b020fbc37d5ab1c31\"},\"breadcrumb\":{\"@id\":\"https:\/\/www.italiaeconomiaonline.it\/web\/covid-unimpresa-quarantena-lavoratori-a-carico-aziende\/#breadcrumb\"},\"inLanguage\":\"it-IT\",\"potentialAction\":[{\"@type\":\"ReadAction\",\"target\":[\"https:\/\/www.italiaeconomiaonline.it\/web\/covid-unimpresa-quarantena-lavoratori-a-carico-aziende\/\"]}]},{\"@type\":\"ImageObject\",\"inLanguage\":\"it-IT\",\"@id\":\"https:\/\/www.italiaeconomiaonline.it\/web\/covid-unimpresa-quarantena-lavoratori-a-carico-aziende\/#primaryimage\",\"url\":\"https:\/\/www.italiaeconomiaonline.it\/web\/wp-content\/uploads\/2019\/08\/Lavoro5.jpg\",\"contentUrl\":\"https:\/\/www.italiaeconomiaonline.it\/web\/wp-content\/uploads\/2019\/08\/Lavoro5.jpg\",\"width\":510,\"height\":340},{\"@type\":\"BreadcrumbList\",\"@id\":\"https:\/\/www.italiaeconomiaonline.it\/web\/covid-unimpresa-quarantena-lavoratori-a-carico-aziende\/#breadcrumb\",\"itemListElement\":[{\"@type\":\"ListItem\",\"position\":1,\"name\":\"Home\",\"item\":\"https:\/\/www.italiaeconomiaonline.it\/web\/\"},{\"@type\":\"ListItem\",\"position\":2,\"name\":\"Covid, Unimpresa: quarantena lavoratori a carico aziende\"}]},{\"@type\":\"WebSite\",\"@id\":\"https:\/\/www.italiaeconomiaonline.it\/web\/#website\",\"url\":\"https:\/\/www.italiaeconomiaonline.it\/web\/\",\"name\":\"ItaliaEconomiaOnline\",\"description\":\"Quotidiano Economico Online\",\"potentialAction\":[{\"@type\":\"SearchAction\",\"target\":{\"@type\":\"EntryPoint\",\"urlTemplate\":\"https:\/\/www.italiaeconomiaonline.it\/web\/?s={search_term_string}\"},\"query-input\":\"required name=search_term_string\"}],\"inLanguage\":\"it-IT\"},{\"@type\":\"Person\",\"@id\":\"https:\/\/www.italiaeconomiaonline.it\/web\/#\/schema\/person\/909a49cce752523b020fbc37d5ab1c31\",\"name\":\"ladyitaliaeconomia\",\"image\":{\"@type\":\"ImageObject\",\"inLanguage\":\"it-IT\",\"@id\":\"https:\/\/www.italiaeconomiaonline.it\/web\/#\/schema\/person\/image\/\",\"url\":\"https:\/\/secure.gravatar.com\/avatar\/cedca10ce7416a579b9fa6bce9c0a8f2?s=96&d=mm&r=g\",\"contentUrl\":\"https:\/\/secure.gravatar.com\/avatar\/cedca10ce7416a579b9fa6bce9c0a8f2?s=96&d=mm&r=g\",\"caption\":\"ladyitaliaeconomia\"},\"url\":\"https:\/\/www.italiaeconomiaonline.it\/web\/author\/ladyitaliaeconomia\/\"}]}<\/script>\n<!-- \/ Yoast SEO plugin. -->","yoast_head_json":{"title":"Covid, Unimpresa: quarantena lavoratori a carico aziende -","robots":{"index":"index","follow":"follow","max-snippet":"max-snippet:-1","max-image-preview":"max-image-preview:large","max-video-preview":"max-video-preview:-1"},"canonical":"https:\/\/www.italiaeconomiaonline.it\/web\/covid-unimpresa-quarantena-lavoratori-a-carico-aziende\/","og_locale":"it_IT","og_type":"article","og_title":"Covid, Unimpresa: quarantena lavoratori a carico aziende -","og_description":"Altro salasso per le imprese italiane in vista della ripresa post ferie e delle riaperture: la quarantena dei dipendenti, non pi\u00f9 considerata \u201cmalattia\u201d dall\u2019Inps, a causa dell\u2019ennesimo pasticcio normativo, sar\u00e0 di fatto scaricata sui datori di lavoro. Le aziende, infatti, dovranno inevitabilmente \u201ccoprire\u201d il mancato riconoscimento, da parte dell\u2019Inps, delle prestazioni pagate in durante le [&hellip;]","og_url":"https:\/\/www.italiaeconomiaonline.it\/web\/covid-unimpresa-quarantena-lavoratori-a-carico-aziende\/","og_site_name":"ItaliaEconomiaOnline","article_published_time":"2021-08-23T09:02:35+00:00","article_modified_time":"2021-08-23T09:02:58+00:00","og_image":[{"width":510,"height":340,"url":"https:\/\/www.italiaeconomiaonline.it\/web\/wp-content\/uploads\/2019\/08\/Lavoro5.jpg","type":"image\/jpeg"}],"author":"ladyitaliaeconomia","twitter_card":"summary_large_image","twitter_misc":{"Scritto da":"ladyitaliaeconomia","Tempo di lettura stimato":"3 minuti"},"schema":{"@context":"https:\/\/schema.org","@graph":[{"@type":"WebPage","@id":"https:\/\/www.italiaeconomiaonline.it\/web\/covid-unimpresa-quarantena-lavoratori-a-carico-aziende\/","url":"https:\/\/www.italiaeconomiaonline.it\/web\/covid-unimpresa-quarantena-lavoratori-a-carico-aziende\/","name":"Covid, Unimpresa: quarantena lavoratori a carico aziende -","isPartOf":{"@id":"https:\/\/www.italiaeconomiaonline.it\/web\/#website"},"primaryImageOfPage":{"@id":"https:\/\/www.italiaeconomiaonline.it\/web\/covid-unimpresa-quarantena-lavoratori-a-carico-aziende\/#primaryimage"},"image":{"@id":"https:\/\/www.italiaeconomiaonline.it\/web\/covid-unimpresa-quarantena-lavoratori-a-carico-aziende\/#primaryimage"},"thumbnailUrl":"https:\/\/www.italiaeconomiaonline.it\/web\/wp-content\/uploads\/2019\/08\/Lavoro5.jpg","datePublished":"2021-08-23T09:02:35+00:00","dateModified":"2021-08-23T09:02:58+00:00","author":{"@id":"https:\/\/www.italiaeconomiaonline.it\/web\/#\/schema\/person\/909a49cce752523b020fbc37d5ab1c31"},"breadcrumb":{"@id":"https:\/\/www.italiaeconomiaonline.it\/web\/covid-unimpresa-quarantena-lavoratori-a-carico-aziende\/#breadcrumb"},"inLanguage":"it-IT","potentialAction":[{"@type":"ReadAction","target":["https:\/\/www.italiaeconomiaonline.it\/web\/covid-unimpresa-quarantena-lavoratori-a-carico-aziende\/"]}]},{"@type":"ImageObject","inLanguage":"it-IT","@id":"https:\/\/www.italiaeconomiaonline.it\/web\/covid-unimpresa-quarantena-lavoratori-a-carico-aziende\/#primaryimage","url":"https:\/\/www.italiaeconomiaonline.it\/web\/wp-content\/uploads\/2019\/08\/Lavoro5.jpg","contentUrl":"https:\/\/www.italiaeconomiaonline.it\/web\/wp-content\/uploads\/2019\/08\/Lavoro5.jpg","width":510,"height":340},{"@type":"BreadcrumbList","@id":"https:\/\/www.italiaeconomiaonline.it\/web\/covid-unimpresa-quarantena-lavoratori-a-carico-aziende\/#breadcrumb","itemListElement":[{"@type":"ListItem","position":1,"name":"Home","item":"https:\/\/www.italiaeconomiaonline.it\/web\/"},{"@type":"ListItem","position":2,"name":"Covid, Unimpresa: quarantena lavoratori a carico aziende"}]},{"@type":"WebSite","@id":"https:\/\/www.italiaeconomiaonline.it\/web\/#website","url":"https:\/\/www.italiaeconomiaonline.it\/web\/","name":"ItaliaEconomiaOnline","description":"Quotidiano Economico Online","potentialAction":[{"@type":"SearchAction","target":{"@type":"EntryPoint","urlTemplate":"https:\/\/www.italiaeconomiaonline.it\/web\/?s={search_term_string}"},"query-input":"required name=search_term_string"}],"inLanguage":"it-IT"},{"@type":"Person","@id":"https:\/\/www.italiaeconomiaonline.it\/web\/#\/schema\/person\/909a49cce752523b020fbc37d5ab1c31","name":"ladyitaliaeconomia","image":{"@type":"ImageObject","inLanguage":"it-IT","@id":"https:\/\/www.italiaeconomiaonline.it\/web\/#\/schema\/person\/image\/","url":"https:\/\/secure.gravatar.com\/avatar\/cedca10ce7416a579b9fa6bce9c0a8f2?s=96&d=mm&r=g","contentUrl":"https:\/\/secure.gravatar.com\/avatar\/cedca10ce7416a579b9fa6bce9c0a8f2?s=96&d=mm&r=g","caption":"ladyitaliaeconomia"},"url":"https:\/\/www.italiaeconomiaonline.it\/web\/author\/ladyitaliaeconomia\/"}]}},"_links":{"self":[{"href":"https:\/\/www.italiaeconomiaonline.it\/web\/wp-json\/wp\/v2\/posts\/6145"}],"collection":[{"href":"https:\/\/www.italiaeconomiaonline.it\/web\/wp-json\/wp\/v2\/posts"}],"about":[{"href":"https:\/\/www.italiaeconomiaonline.it\/web\/wp-json\/wp\/v2\/types\/post"}],"author":[{"embeddable":true,"href":"https:\/\/www.italiaeconomiaonline.it\/web\/wp-json\/wp\/v2\/users\/1"}],"replies":[{"embeddable":true,"href":"https:\/\/www.italiaeconomiaonline.it\/web\/wp-json\/wp\/v2\/comments?post=6145"}],"version-history":[{"count":2,"href":"https:\/\/www.italiaeconomiaonline.it\/web\/wp-json\/wp\/v2\/posts\/6145\/revisions"}],"predecessor-version":[{"id":6147,"href":"https:\/\/www.italiaeconomiaonline.it\/web\/wp-json\/wp\/v2\/posts\/6145\/revisions\/6147"}],"wp:featuredmedia":[{"embeddable":true,"href":"https:\/\/www.italiaeconomiaonline.it\/web\/wp-json\/wp\/v2\/media\/1600"}],"wp:attachment":[{"href":"https:\/\/www.italiaeconomiaonline.it\/web\/wp-json\/wp\/v2\/media?parent=6145"}],"wp:term":[{"taxonomy":"category","embeddable":true,"href":"https:\/\/www.italiaeconomiaonline.it\/web\/wp-json\/wp\/v2\/categories?post=6145"},{"taxonomy":"post_tag","embeddable":true,"href":"https:\/\/www.italiaeconomiaonline.it\/web\/wp-json\/wp\/v2\/tags?post=6145"}],"curies":[{"name":"wp","href":"https:\/\/api.w.org\/{rel}","templated":true}]}}