{"id":6186,"date":"2021-09-07T19:49:47","date_gmt":"2021-09-07T17:49:47","guid":{"rendered":"http:\/\/www.italiaeconomiaonline.it\/web\/?p=6186"},"modified":"2021-09-07T19:49:47","modified_gmt":"2021-09-07T17:49:47","slug":"cibus-i-commenti-delle-aziende-espositrici","status":"publish","type":"post","link":"https:\/\/www.italiaeconomiaonline.it\/web\/cibus-i-commenti-delle-aziende-espositrici\/","title":{"rendered":"Cibus, i commenti delle aziende espositrici"},"content":{"rendered":"<div>Come hanno vissuto le 2mila aziende espositrici la XX\u00b0 edizione di Cibus, il primo Salone Internazionale della Ripartenza? Talmente bene da non far rimpiangere le grandi kermesse pre-Covid: visitatori numerosi ma selezionati, ampio spazio al dibattito lungo le filiere e con il Governo, grande visibilit\u00e0 a innovazione&amp;territori, del Made in Italy agroalimentare. Alla luce di questo felice ritorno agli eventi in presenza tutte le aziende hanno confermato la loro partecipazione alla prossima edizione di Cibus, che si terr\u00e0 a Parma dal 3 al 6 maggio 2022, dove si replicher\u00e0 e amplier\u00e0 il successo \u2013 per certi versi inaspettato \u2013 del 2021.<\/p>\n<p>Un commento positivo \u00e8 stato espresso anche da <strong>Giampiero Maioli, Responsabile del Cr\u00e9dit Agricole in Italia<\/strong>: \u201c<em>Cibus si \u00e8 confermato principale palcoscenico del Made in Italy a livello internazionale, nonch\u00e9 appuntamento capace di creare valore per aziende e territori. L\u2019edizione 2021 ha inoltre assunto un significato speciale perch\u00e9 \u00e8 stata la prima grande fiera in presenza e con i suoi numeri rappresenta un importante segnale di ripartenza dopo le fasi pi\u00f9 acute della crisi pandemica. Come azionisti e banca ufficiale siamo orgogliosi di aver affiancato Fiere di Parma in un appuntamento cos\u00ec significativo per il settore e per il Paese<\/em>.\u201d<\/p>\n<p><strong>Di seguito, il commento di alcuni espositori.<\/strong><\/p>\n<p>Il <strong>Gruppo Barilla<\/strong> ha espresso \u201c<em>soddisfazione per l\u2019ottima riuscita della manifestazione, bel segno di ripartenza per gli eventi in sicurezza in presenza. Un appuntamento importante per il comparto agroalimentare che ha saputo dare continuit\u00e0 alle proprie filiere produttive in questi mesi cos\u00ec complessi, ponendo comunque sempre come prioritaria la sicurezza e salute dei propri lavoratori<\/em>\u201d.<\/p>\n<p><strong>Marco Travaglia, AD di Nestl\u00e8 Italia<\/strong>, ha dichiarato: \u201c<em>Le giornate di Cibus hanno lasciato un forte messaggio di ripresa e un\u2019immagine positiva del nostro Paese. Cibus ha rappresentato l\u2019occasione per sottolineare la responsabilit\u00e0 e l\u2019attenzione che come multinazionale abbiamo nei confronti della sostenibilit\u00e0 e il piano d\u2019azione in cui siamo impegnati per raggiungere i nostri obiettivi in questo ambito<\/em>\u201d.<\/p>\n<p>\u201c<em>Ad essere sincero ero scettico su questa edizione del Cibus per il periodo di coda pandemica<\/em> \u2013 ci ha detto <strong>Alberto Auricchio, titolare della G. Auricchio<\/strong> &#8211; <em>Ebbene mi sono dovuto ricredere. L\u2019edizione di quest\u2019anno \u00e8 risultata molto positiva, con un buon numero di visitatori e soprattutto, tutti addetti ai lavori e potenzialmente interessanti clienti. Chi non ha partecipato, ma comunque si aggirava per i corridoi, credo che oggi si mangi un po\u2019 le mani. Un grande grazie a tutti gli addetti di Fiere di Parma che hanno avuto il coraggio di fare ugualmente questa edizione di Cibus<\/em>\u201d.<\/p>\n<p>\u201c<em>Cibus ha funzionato<\/em> \u2013 ha dichiarato <strong>Mattia Pedraglio, Responsabile dei mercati internazionali di Galbusera<\/strong> \u2013 <em>perch\u00e9 oltre ad aver avuto richieste dall\u2019Italia, abbiamo visto tanta richiesta internazionale, per esempio da Paesi come Giappone, Canada e USA. Diciamo che il Covid ha scremato la domanda superflua dall\u2019estero, lasciando solo quella di qualit\u00e0. Una buona mossa di Fiere di Parma \u00e8 stata anche quella di alzare il prezzo del biglietto, che ha scremato la domanda superflua dall\u2019Italia<\/em>\u201d.<\/p>\n<p>Per <strong>Francesco Garufi, Direttore Commerciale di Caff\u00e8 Borbone<\/strong> &#8220;<em>Il Cibus ha segnato un momento di ripartenza per il sistema Paese, in cui grazie alla passione e all&#8217;impegno delle aziende partecipanti abbiamo potuto condividere importanti momenti di confronto, incontrando clienti e fornitori, stringendo accordi, partecipando a convegni. Siamo fieri di aver partecipato come Caff\u00e8 Borbone a questo momento di incontro tra industria e distribuzione dando il nostro contributo<\/em>&#8220;.<\/p>\n<p>\u201c<em>Cibus e La Molisana rappresentano un rapporto identitario, lavoriamo insieme da tanti anni<\/em> \u2013 ha sottolineato <strong>Giuseppe Sacco, Direttore Estero de La Molisana<\/strong> &#8211; \u00a0<em>Questa edizione \u00e8 stata all\u2019altezza delle nostre aspettative, non solo per i clienti attuali, ma anche per i nuovi clienti che abbiamo incontrato.\u00a0 Cibus \u00e8 stato un segnale per la ripartenza. Era fondamentale esserci<\/em>\u201d.<\/p>\n<p>Un apprezzamento anche da <strong>Mutti Spa<\/strong>: \u201c<em>Cibus non ha deluso le aspettative e ha segnato una ripartenza nell&#8217;ambito fieristico. Questa edizione, per noi, \u00e8 stata il palcoscenico di lancio del nostro primo Bilancio Ambientale, una tappa fondamentale del nostro pluriennale percorso di sostenibilit\u00e0 che siamo felici di aver condiviso durante una Fiera internazionale cos\u00ec importante per il nostro territorio<\/em>\u201d.<\/p>\n<p>\u201c<em>Abbiano partecipato con soddisfazione a questa edizione di Cibus<\/em> \u2013 ha riferito <strong>Andrea Battagliola, Direttore Generale del Gruppo La Linea Verde<\/strong> \u2013 <em>E\u2019 stata un\u2019importante occasione per presentare le novit\u00e0 d\u2019autunno e incontrare finalmente dal vivo clienti e stakeholder. Non abbiamo mai smesso di investire, nemmeno negli ultimi difficili mesi, ed esporre a Cibus ha per noi significato dare un segnale forte e positivo a tutti i nostri stakeholder<\/em>\u201d.<\/p>\n<p>\u201c<em>La presenza alla fiera di operatori del food \u00e8 stata in linea con gli anni precedenti<\/em> \u2013 ha raccontato <strong>Massimo Sereni, Direttore Commerciale di Italpizza<\/strong> &#8211; <em>Le visite dei clienti allo stand Italpizza sono state superiori alle aspettative: \u00e8 stata l\u2019occasione per incontrare buyer conosciuti e consolidare i rapporti commerciali. L\u2019esposizione mediatica la consideriamo positiva, in particolare in questo momento in cui il settore sta ripartendo era importante per Italpizza essere presenti<\/em>\u201d.<\/p>\n<p>Commento positivo anche da <strong>Chiara Giovati, Marketing Department di Parmacotto<\/strong>: \u201c<em>Siamo soddisfatti per il riscontro ottenuto in chiave di comunicazione e di qualit\u00e0 di relazione. Abbiamo scelto di partecipare a questa edizione di Cibus con uno stand digitale, altamente tecnologico, rivolgendoci al pubblico presente ma anche alla community di consumatori che ci ha seguito sui social media<\/em>\u201d.<\/p>\n<p>&#8220;<em>Un&#8217;ottima edizione di Cibus che \u00e8 risultata essere chiave per la\u00a0ripartenza<\/em> &#8211; ha detto <strong>Federico Ghisolfi, Direttore Commerciale e Marketing Italia di F.lli Sacl\u00e0<\/strong> &#8211; <em>Abbiamo avuto l&#8217;occasione di incontrare buyer italiani, esteri e di allacciare nuovi e importanti rapporti commerciali in canali retail e Horeca.<\/em>&#8221;<\/p>\n<p>Parere positivo anche da <strong>Stefano Raffaglio, General manager di Dolcitalia<\/strong>, che ha organizzato a Cibus The Hub, l\u2019area dedicata alle aziende Horeca: \u201c<em>Ho stretto nuovi accordi, tenuto un convegno e incontrato fornitori, clienti vecchi e nuovi. Fiere di Parma non ha rischiato, ha fatto con coraggio ci\u00f2 che andava fatto per dare un segnale forte a tutti<\/em>\u201d.<\/p>\n<p>Contenta di aver partecipato anche <strong>Arianna Errante, Marketing Manager di Zini Prodotti Alimentari<\/strong>: \u201c<em>Siamo stati a lungo indecisi se partecipare o no a questa edizione di Cibus. Oggi siamo felici ed orgogliosi di aver partecipato, abbiamo incontrato tante persone curiose di provare i nostri prodotti innovativi e sostenibili ma, soprattutto, abbiamo condiviso tanta voglia di ripartenza.\u00a0Direi &#8216;oltre le aspettative&#8217;!<\/em>\u201d<\/p>\n<p>Soddisfazione \u00e8 state espressa da <strong>Leandro Di Martino, CEO di Bottega di Sicilia<\/strong>: \u201c<em>Abbiamo registrato l\u2019afflusso di numerosi buyer e potenziali clienti italiani ed esteri, che grazie al Cibus siamo riusciti ad accogliere e consolidare. Quindi, possiamo affermare che il Cibus, ancora una volta, si mostra e dimostra di essere una delle fiere pi\u00f9 importanti nel panorama agroalimentare a livello europeo<\/em>\u201d.<\/p>\n<p>\u201c<em>Il nostro giudizio su questa edizione di Cibus \u00e8 nel complesso positivo o perlomeno lo \u00e8 rispetto alle attese<\/em> \u2013 ha commentato <strong>Marco Arrigoni, Presidente di Arrigoni Battista<\/strong> &#8211;\u00a0<em>La partecipazione delle aziende \u00e8 stata inferiore alle \u2018normali\u2019 edizioni, abbiamo per\u00f2 avuto soddisfazione dalle visite di clienti qualificati soprattutto dall\u2019estero, mentre lo stesso non possiamo dire per quanto riguarda la GDO Italiana<\/em>\u201d.<\/p>\n<p>\u201c<em>Siamo orgogliosi di aver preso parte alla ventesima edizione di Cibus<\/em> \u2013 ha dichiarato <strong>Alessia Zucchi,\u00a0 Amministratore Delegato di Oleificio Zucchi<\/strong> &#8211; <em>\u00c8 stato per noi un piacere tornare ad incontrare i clienti storici e conoscerne di nuovi, ospitandoli nel nostro nuovo stand interamente orientato alla sostenibilit\u00e0<\/em>\u201d.<\/p>\n<p><strong>Maurizio Moscatelli, Direttore Commerciale del Gruppo Bonterre<\/strong> ha sottolineato l\u2019importanza di fare fiere in presenza: \u201c<em>Finalmente si riparte. Causa il lockdown e grazie alla tecnologia per due anni ci siamo incontrati\u00a0in modo virtuale, ma finalmente una grande fiera internazionale come Cibus ci ha permesso di incontrarci fisicamente e guardarci negli occhi<\/em>\u201d.<\/p>\n<p>\u201c<em>La nostra partecipazione a Cibus \u00e8 stato un test senza dubbio ampiamente al di sopra delle aspettative<\/em>\u00a0\u2013 ha riferito<strong>Francesca Da Re, ad della Da Re<\/strong> &#8211;\u00a0<em>Significativi e di interesse gli incontri con gli operatori della GD nazionale e con i buyer esteri<\/em>\u201d.<\/p>\n<p>Per <strong>Davide Pizza di Saviola<\/strong> \u201c<em>La sfida nel partecipare a Cibus, ha dato un riscontro positivo inaspettato, e per questo tutti i nostri collaboratori che si sono prodigati durante l&#8217;evento vogliono\u00a0esprimere un plauso all\u2019organizzazione per l\u2019ottima riuscita del primo evento post COVID in presenza<\/em>\u201d.<\/p>\n<\/div>\n","protected":false},"excerpt":{"rendered":"<p>Come hanno vissuto le 2mila aziende espositrici la XX\u00b0 edizione di Cibus, il primo Salone Internazionale della Ripartenza? Talmente bene da non far rimpiangere le grandi kermesse pre-Covid: visitatori numerosi ma selezionati, ampio spazio al dibattito lungo le filiere e con il Governo, grande visibilit\u00e0 a innovazione&amp;territori, del Made in Italy agroalimentare. Alla luce di [&hellip;]<\/p>\n","protected":false},"author":1,"featured_media":6187,"comment_status":"closed","ping_status":"open","sticky":false,"template":"","format":"standard","meta":{"footnotes":""},"categories":[56],"tags":[],"yoast_head":"<!-- This site is optimized with the Yoast SEO plugin v22.2 - https:\/\/yoast.com\/wordpress\/plugins\/seo\/ -->\n<title>Cibus, i commenti delle aziende espositrici -<\/title>\n<meta name=\"robots\" content=\"index, follow, max-snippet:-1, max-image-preview:large, max-video-preview:-1\" \/>\n<link rel=\"canonical\" href=\"https:\/\/www.italiaeconomiaonline.it\/web\/cibus-i-commenti-delle-aziende-espositrici\/\" \/>\n<meta property=\"og:locale\" content=\"it_IT\" \/>\n<meta property=\"og:type\" content=\"article\" \/>\n<meta property=\"og:title\" content=\"Cibus, i commenti delle aziende espositrici -\" \/>\n<meta property=\"og:description\" content=\"Come hanno vissuto le 2mila aziende espositrici la XX\u00b0 edizione di Cibus, il primo Salone Internazionale della Ripartenza? Talmente bene da non far rimpiangere le grandi kermesse pre-Covid: visitatori numerosi ma selezionati, ampio spazio al dibattito lungo le filiere e con il Governo, grande visibilit\u00e0 a innovazione&amp;territori, del Made in Italy agroalimentare. Alla luce di [&hellip;]\" \/>\n<meta property=\"og:url\" content=\"https:\/\/www.italiaeconomiaonline.it\/web\/cibus-i-commenti-delle-aziende-espositrici\/\" \/>\n<meta property=\"og:site_name\" content=\"ItaliaEconomiaOnline\" \/>\n<meta property=\"article:published_time\" content=\"2021-09-07T17:49:47+00:00\" \/>\n<meta property=\"og:image\" content=\"https:\/\/www.italiaeconomiaonline.it\/web\/wp-content\/uploads\/2021\/09\/cibus2021_stand.jpg\" \/>\n\t<meta property=\"og:image:width\" content=\"1024\" \/>\n\t<meta property=\"og:image:height\" content=\"684\" \/>\n\t<meta property=\"og:image:type\" content=\"image\/jpeg\" \/>\n<meta name=\"author\" content=\"ladyitaliaeconomia\" \/>\n<meta name=\"twitter:card\" content=\"summary_large_image\" \/>\n<meta name=\"twitter:label1\" content=\"Scritto da\" \/>\n\t<meta name=\"twitter:data1\" content=\"ladyitaliaeconomia\" \/>\n\t<meta name=\"twitter:label2\" content=\"Tempo di lettura stimato\" \/>\n\t<meta name=\"twitter:data2\" content=\"6 minuti\" \/>\n<script type=\"application\/ld+json\" class=\"yoast-schema-graph\">{\"@context\":\"https:\/\/schema.org\",\"@graph\":[{\"@type\":\"WebPage\",\"@id\":\"https:\/\/www.italiaeconomiaonline.it\/web\/cibus-i-commenti-delle-aziende-espositrici\/\",\"url\":\"https:\/\/www.italiaeconomiaonline.it\/web\/cibus-i-commenti-delle-aziende-espositrici\/\",\"name\":\"Cibus, i commenti delle aziende espositrici -\",\"isPartOf\":{\"@id\":\"https:\/\/www.italiaeconomiaonline.it\/web\/#website\"},\"primaryImageOfPage\":{\"@id\":\"https:\/\/www.italiaeconomiaonline.it\/web\/cibus-i-commenti-delle-aziende-espositrici\/#primaryimage\"},\"image\":{\"@id\":\"https:\/\/www.italiaeconomiaonline.it\/web\/cibus-i-commenti-delle-aziende-espositrici\/#primaryimage\"},\"thumbnailUrl\":\"https:\/\/www.italiaeconomiaonline.it\/web\/wp-content\/uploads\/2021\/09\/cibus2021_stand.jpg\",\"datePublished\":\"2021-09-07T17:49:47+00:00\",\"dateModified\":\"2021-09-07T17:49:47+00:00\",\"author\":{\"@id\":\"https:\/\/www.italiaeconomiaonline.it\/web\/#\/schema\/person\/909a49cce752523b020fbc37d5ab1c31\"},\"breadcrumb\":{\"@id\":\"https:\/\/www.italiaeconomiaonline.it\/web\/cibus-i-commenti-delle-aziende-espositrici\/#breadcrumb\"},\"inLanguage\":\"it-IT\",\"potentialAction\":[{\"@type\":\"ReadAction\",\"target\":[\"https:\/\/www.italiaeconomiaonline.it\/web\/cibus-i-commenti-delle-aziende-espositrici\/\"]}]},{\"@type\":\"ImageObject\",\"inLanguage\":\"it-IT\",\"@id\":\"https:\/\/www.italiaeconomiaonline.it\/web\/cibus-i-commenti-delle-aziende-espositrici\/#primaryimage\",\"url\":\"https:\/\/www.italiaeconomiaonline.it\/web\/wp-content\/uploads\/2021\/09\/cibus2021_stand.jpg\",\"contentUrl\":\"https:\/\/www.italiaeconomiaonline.it\/web\/wp-content\/uploads\/2021\/09\/cibus2021_stand.jpg\",\"width\":1024,\"height\":684},{\"@type\":\"BreadcrumbList\",\"@id\":\"https:\/\/www.italiaeconomiaonline.it\/web\/cibus-i-commenti-delle-aziende-espositrici\/#breadcrumb\",\"itemListElement\":[{\"@type\":\"ListItem\",\"position\":1,\"name\":\"Home\",\"item\":\"https:\/\/www.italiaeconomiaonline.it\/web\/\"},{\"@type\":\"ListItem\",\"position\":2,\"name\":\"Cibus, i commenti delle aziende espositrici\"}]},{\"@type\":\"WebSite\",\"@id\":\"https:\/\/www.italiaeconomiaonline.it\/web\/#website\",\"url\":\"https:\/\/www.italiaeconomiaonline.it\/web\/\",\"name\":\"ItaliaEconomiaOnline\",\"description\":\"Quotidiano Economico Online\",\"potentialAction\":[{\"@type\":\"SearchAction\",\"target\":{\"@type\":\"EntryPoint\",\"urlTemplate\":\"https:\/\/www.italiaeconomiaonline.it\/web\/?s={search_term_string}\"},\"query-input\":\"required name=search_term_string\"}],\"inLanguage\":\"it-IT\"},{\"@type\":\"Person\",\"@id\":\"https:\/\/www.italiaeconomiaonline.it\/web\/#\/schema\/person\/909a49cce752523b020fbc37d5ab1c31\",\"name\":\"ladyitaliaeconomia\",\"image\":{\"@type\":\"ImageObject\",\"inLanguage\":\"it-IT\",\"@id\":\"https:\/\/www.italiaeconomiaonline.it\/web\/#\/schema\/person\/image\/\",\"url\":\"https:\/\/secure.gravatar.com\/avatar\/cedca10ce7416a579b9fa6bce9c0a8f2?s=96&d=mm&r=g\",\"contentUrl\":\"https:\/\/secure.gravatar.com\/avatar\/cedca10ce7416a579b9fa6bce9c0a8f2?s=96&d=mm&r=g\",\"caption\":\"ladyitaliaeconomia\"},\"url\":\"https:\/\/www.italiaeconomiaonline.it\/web\/author\/ladyitaliaeconomia\/\"}]}<\/script>\n<!-- \/ Yoast SEO plugin. -->","yoast_head_json":{"title":"Cibus, i commenti delle aziende espositrici -","robots":{"index":"index","follow":"follow","max-snippet":"max-snippet:-1","max-image-preview":"max-image-preview:large","max-video-preview":"max-video-preview:-1"},"canonical":"https:\/\/www.italiaeconomiaonline.it\/web\/cibus-i-commenti-delle-aziende-espositrici\/","og_locale":"it_IT","og_type":"article","og_title":"Cibus, i commenti delle aziende espositrici -","og_description":"Come hanno vissuto le 2mila aziende espositrici la XX\u00b0 edizione di Cibus, il primo Salone Internazionale della Ripartenza? Talmente bene da non far rimpiangere le grandi kermesse pre-Covid: visitatori numerosi ma selezionati, ampio spazio al dibattito lungo le filiere e con il Governo, grande visibilit\u00e0 a innovazione&amp;territori, del Made in Italy agroalimentare. Alla luce di [&hellip;]","og_url":"https:\/\/www.italiaeconomiaonline.it\/web\/cibus-i-commenti-delle-aziende-espositrici\/","og_site_name":"ItaliaEconomiaOnline","article_published_time":"2021-09-07T17:49:47+00:00","og_image":[{"width":1024,"height":684,"url":"https:\/\/www.italiaeconomiaonline.it\/web\/wp-content\/uploads\/2021\/09\/cibus2021_stand.jpg","type":"image\/jpeg"}],"author":"ladyitaliaeconomia","twitter_card":"summary_large_image","twitter_misc":{"Scritto da":"ladyitaliaeconomia","Tempo di lettura stimato":"6 minuti"},"schema":{"@context":"https:\/\/schema.org","@graph":[{"@type":"WebPage","@id":"https:\/\/www.italiaeconomiaonline.it\/web\/cibus-i-commenti-delle-aziende-espositrici\/","url":"https:\/\/www.italiaeconomiaonline.it\/web\/cibus-i-commenti-delle-aziende-espositrici\/","name":"Cibus, i commenti delle aziende espositrici -","isPartOf":{"@id":"https:\/\/www.italiaeconomiaonline.it\/web\/#website"},"primaryImageOfPage":{"@id":"https:\/\/www.italiaeconomiaonline.it\/web\/cibus-i-commenti-delle-aziende-espositrici\/#primaryimage"},"image":{"@id":"https:\/\/www.italiaeconomiaonline.it\/web\/cibus-i-commenti-delle-aziende-espositrici\/#primaryimage"},"thumbnailUrl":"https:\/\/www.italiaeconomiaonline.it\/web\/wp-content\/uploads\/2021\/09\/cibus2021_stand.jpg","datePublished":"2021-09-07T17:49:47+00:00","dateModified":"2021-09-07T17:49:47+00:00","author":{"@id":"https:\/\/www.italiaeconomiaonline.it\/web\/#\/schema\/person\/909a49cce752523b020fbc37d5ab1c31"},"breadcrumb":{"@id":"https:\/\/www.italiaeconomiaonline.it\/web\/cibus-i-commenti-delle-aziende-espositrici\/#breadcrumb"},"inLanguage":"it-IT","potentialAction":[{"@type":"ReadAction","target":["https:\/\/www.italiaeconomiaonline.it\/web\/cibus-i-commenti-delle-aziende-espositrici\/"]}]},{"@type":"ImageObject","inLanguage":"it-IT","@id":"https:\/\/www.italiaeconomiaonline.it\/web\/cibus-i-commenti-delle-aziende-espositrici\/#primaryimage","url":"https:\/\/www.italiaeconomiaonline.it\/web\/wp-content\/uploads\/2021\/09\/cibus2021_stand.jpg","contentUrl":"https:\/\/www.italiaeconomiaonline.it\/web\/wp-content\/uploads\/2021\/09\/cibus2021_stand.jpg","width":1024,"height":684},{"@type":"BreadcrumbList","@id":"https:\/\/www.italiaeconomiaonline.it\/web\/cibus-i-commenti-delle-aziende-espositrici\/#breadcrumb","itemListElement":[{"@type":"ListItem","position":1,"name":"Home","item":"https:\/\/www.italiaeconomiaonline.it\/web\/"},{"@type":"ListItem","position":2,"name":"Cibus, i commenti delle aziende espositrici"}]},{"@type":"WebSite","@id":"https:\/\/www.italiaeconomiaonline.it\/web\/#website","url":"https:\/\/www.italiaeconomiaonline.it\/web\/","name":"ItaliaEconomiaOnline","description":"Quotidiano Economico Online","potentialAction":[{"@type":"SearchAction","target":{"@type":"EntryPoint","urlTemplate":"https:\/\/www.italiaeconomiaonline.it\/web\/?s={search_term_string}"},"query-input":"required name=search_term_string"}],"inLanguage":"it-IT"},{"@type":"Person","@id":"https:\/\/www.italiaeconomiaonline.it\/web\/#\/schema\/person\/909a49cce752523b020fbc37d5ab1c31","name":"ladyitaliaeconomia","image":{"@type":"ImageObject","inLanguage":"it-IT","@id":"https:\/\/www.italiaeconomiaonline.it\/web\/#\/schema\/person\/image\/","url":"https:\/\/secure.gravatar.com\/avatar\/cedca10ce7416a579b9fa6bce9c0a8f2?s=96&d=mm&r=g","contentUrl":"https:\/\/secure.gravatar.com\/avatar\/cedca10ce7416a579b9fa6bce9c0a8f2?s=96&d=mm&r=g","caption":"ladyitaliaeconomia"},"url":"https:\/\/www.italiaeconomiaonline.it\/web\/author\/ladyitaliaeconomia\/"}]}},"_links":{"self":[{"href":"https:\/\/www.italiaeconomiaonline.it\/web\/wp-json\/wp\/v2\/posts\/6186"}],"collection":[{"href":"https:\/\/www.italiaeconomiaonline.it\/web\/wp-json\/wp\/v2\/posts"}],"about":[{"href":"https:\/\/www.italiaeconomiaonline.it\/web\/wp-json\/wp\/v2\/types\/post"}],"author":[{"embeddable":true,"href":"https:\/\/www.italiaeconomiaonline.it\/web\/wp-json\/wp\/v2\/users\/1"}],"replies":[{"embeddable":true,"href":"https:\/\/www.italiaeconomiaonline.it\/web\/wp-json\/wp\/v2\/comments?post=6186"}],"version-history":[{"count":1,"href":"https:\/\/www.italiaeconomiaonline.it\/web\/wp-json\/wp\/v2\/posts\/6186\/revisions"}],"predecessor-version":[{"id":6188,"href":"https:\/\/www.italiaeconomiaonline.it\/web\/wp-json\/wp\/v2\/posts\/6186\/revisions\/6188"}],"wp:featuredmedia":[{"embeddable":true,"href":"https:\/\/www.italiaeconomiaonline.it\/web\/wp-json\/wp\/v2\/media\/6187"}],"wp:attachment":[{"href":"https:\/\/www.italiaeconomiaonline.it\/web\/wp-json\/wp\/v2\/media?parent=6186"}],"wp:term":[{"taxonomy":"category","embeddable":true,"href":"https:\/\/www.italiaeconomiaonline.it\/web\/wp-json\/wp\/v2\/categories?post=6186"},{"taxonomy":"post_tag","embeddable":true,"href":"https:\/\/www.italiaeconomiaonline.it\/web\/wp-json\/wp\/v2\/tags?post=6186"}],"curies":[{"name":"wp","href":"https:\/\/api.w.org\/{rel}","templated":true}]}}