{"id":622,"date":"2019-05-01T12:11:39","date_gmt":"2019-05-01T10:11:39","guid":{"rendered":"http:\/\/www.italiaeconomiaonline.it\/web\/?p=622"},"modified":"2019-05-01T12:11:39","modified_gmt":"2019-05-01T10:11:39","slug":"pace-fiscale-boom-di-adesioni-possibile-proroga-in-dl-crescita","status":"publish","type":"post","link":"https:\/\/www.italiaeconomiaonline.it\/web\/pace-fiscale-boom-di-adesioni-possibile-proroga-in-dl-crescita\/","title":{"rendered":"Pace fiscale: Boom di adesioni, possibile proroga in Dl Crescita"},"content":{"rendered":"<p>&#8220;I dati dell&#8217;Agenzia delle Entrate sulle adesioni alla pace fiscale voluta dalla Lega ne confermano il successo. Alla data di ieri, 29 aprile, oltre 1 milione di richieste per la rottamazione-ter e quasi 300mila per il saldo e stralcio&#8221;<strong>.<\/strong>\u00a0 Queste le dichiarazioni <strong>Massimo Garavaglia<\/strong> e <strong>Massimo Bitonci<\/strong>, rispettivamente Viceministro e Sottosegretario al Ministero dell&#8217;Economia e delle Finanze.<\/p>\n<p>I termini per presentare le richieste di rottamazione ter e saldo e stralcio sono scaduti il 30 Aprile, ma avanza l\u2019ipotesi di una proroga e a confermarlo \u00e8 il Vicepremier leghista <strong>Matteo <\/strong><br \/>\n<strong>Salvini<\/strong> &#8220;Chieder\u00f2 agli amici dei Cinquestelle di dire s\u00ec ad una proroga al termine della pace fiscale con un emendamento al decreto Crescita, che \u00e8 lo strumento pi\u00f9 veloce&#8221;<\/p>\n<p>Ed anche <strong>Marcella Caradonna<\/strong>, Presidente dell&#8217;Ordine dei dottori commercialisti e degli esperti contabili di Milano auspica una riapertura dei termini per l&#8217;adesione alla pace fiscale, &#8220;Confidiamo &#8211; ha dichiarato &#8211; a questo punto nella riapertura dei termini, perch\u00e8 anche a causa di problematiche come il reperimento dell&#8217;Isee e il non funzionamento continuo dei portali si rischia che dei contribuenti non abbiano potuto e non possano usufruire del servizio. Quindi speriamo in una riapertura&#8221;<strong>.<\/strong><\/p>\n","protected":false},"excerpt":{"rendered":"<p>&#8220;I dati dell&#8217;Agenzia delle Entrate sulle adesioni alla pace fiscale voluta dalla Lega ne confermano il successo. Alla data di ieri, 29 aprile, oltre 1 milione di richieste per la rottamazione-ter e quasi 300mila per il saldo e stralcio&#8221;.\u00a0 Queste le dichiarazioni Massimo Garavaglia e Massimo Bitonci, rispettivamente Viceministro e Sottosegretario al Ministero dell&#8217;Economia e [&hellip;]<\/p>\n","protected":false},"author":1,"featured_media":26,"comment_status":"closed","ping_status":"open","sticky":false,"template":"","format":"standard","meta":{"footnotes":""},"categories":[41],"tags":[291,42,290,289,288,287,237,238],"yoast_head":"<!-- This site is optimized with the Yoast SEO plugin v22.2 - https:\/\/yoast.com\/wordpress\/plugins\/seo\/ -->\n<title>Pace fiscale: Boom di adesioni, possibile proroga in Dl Crescita -<\/title>\n<meta name=\"robots\" content=\"index, follow, max-snippet:-1, max-image-preview:large, max-video-preview:-1\" \/>\n<link rel=\"canonical\" href=\"https:\/\/www.italiaeconomiaonline.it\/web\/pace-fiscale-boom-di-adesioni-possibile-proroga-in-dl-crescita\/\" \/>\n<meta property=\"og:locale\" content=\"it_IT\" \/>\n<meta property=\"og:type\" content=\"article\" \/>\n<meta property=\"og:title\" content=\"Pace fiscale: Boom di adesioni, possibile proroga in Dl Crescita -\" \/>\n<meta property=\"og:description\" content=\"&#8220;I dati dell&#8217;Agenzia delle Entrate sulle adesioni alla pace fiscale voluta dalla Lega ne confermano il successo. Alla data di ieri, 29 aprile, oltre 1 milione di richieste per la rottamazione-ter e quasi 300mila per il saldo e stralcio&#8221;.\u00a0 Queste le dichiarazioni Massimo Garavaglia e Massimo Bitonci, rispettivamente Viceministro e Sottosegretario al Ministero dell&#8217;Economia e [&hellip;]\" \/>\n<meta property=\"og:url\" content=\"https:\/\/www.italiaeconomiaonline.it\/web\/pace-fiscale-boom-di-adesioni-possibile-proroga-in-dl-crescita\/\" \/>\n<meta property=\"og:site_name\" content=\"ItaliaEconomiaOnline\" \/>\n<meta property=\"article:published_time\" content=\"2019-05-01T10:11:39+00:00\" \/>\n<meta property=\"og:image\" content=\"https:\/\/www.italiaeconomiaonline.it\/web\/wp-content\/uploads\/2018\/07\/18.jpg\" \/>\n\t<meta property=\"og:image:width\" content=\"1068\" \/>\n\t<meta property=\"og:image:height\" content=\"712\" \/>\n\t<meta property=\"og:image:type\" content=\"image\/jpeg\" \/>\n<meta name=\"author\" content=\"ladyitaliaeconomia\" \/>\n<meta name=\"twitter:card\" content=\"summary_large_image\" \/>\n<meta name=\"twitter:label1\" content=\"Scritto da\" \/>\n\t<meta name=\"twitter:data1\" content=\"ladyitaliaeconomia\" \/>\n\t<meta name=\"twitter:label2\" content=\"Tempo di lettura stimato\" \/>\n\t<meta name=\"twitter:data2\" content=\"1 minuto\" \/>\n<script type=\"application\/ld+json\" class=\"yoast-schema-graph\">{\"@context\":\"https:\/\/schema.org\",\"@graph\":[{\"@type\":\"WebPage\",\"@id\":\"https:\/\/www.italiaeconomiaonline.it\/web\/pace-fiscale-boom-di-adesioni-possibile-proroga-in-dl-crescita\/\",\"url\":\"https:\/\/www.italiaeconomiaonline.it\/web\/pace-fiscale-boom-di-adesioni-possibile-proroga-in-dl-crescita\/\",\"name\":\"Pace fiscale: Boom di adesioni, possibile proroga in Dl Crescita -\",\"isPartOf\":{\"@id\":\"https:\/\/www.italiaeconomiaonline.it\/web\/#website\"},\"primaryImageOfPage\":{\"@id\":\"https:\/\/www.italiaeconomiaonline.it\/web\/pace-fiscale-boom-di-adesioni-possibile-proroga-in-dl-crescita\/#primaryimage\"},\"image\":{\"@id\":\"https:\/\/www.italiaeconomiaonline.it\/web\/pace-fiscale-boom-di-adesioni-possibile-proroga-in-dl-crescita\/#primaryimage\"},\"thumbnailUrl\":\"https:\/\/www.italiaeconomiaonline.it\/web\/wp-content\/uploads\/2018\/07\/18.jpg\",\"datePublished\":\"2019-05-01T10:11:39+00:00\",\"dateModified\":\"2019-05-01T10:11:39+00:00\",\"author\":{\"@id\":\"https:\/\/www.italiaeconomiaonline.it\/web\/#\/schema\/person\/909a49cce752523b020fbc37d5ab1c31\"},\"breadcrumb\":{\"@id\":\"https:\/\/www.italiaeconomiaonline.it\/web\/pace-fiscale-boom-di-adesioni-possibile-proroga-in-dl-crescita\/#breadcrumb\"},\"inLanguage\":\"it-IT\",\"potentialAction\":[{\"@type\":\"ReadAction\",\"target\":[\"https:\/\/www.italiaeconomiaonline.it\/web\/pace-fiscale-boom-di-adesioni-possibile-proroga-in-dl-crescita\/\"]}]},{\"@type\":\"ImageObject\",\"inLanguage\":\"it-IT\",\"@id\":\"https:\/\/www.italiaeconomiaonline.it\/web\/pace-fiscale-boom-di-adesioni-possibile-proroga-in-dl-crescita\/#primaryimage\",\"url\":\"https:\/\/www.italiaeconomiaonline.it\/web\/wp-content\/uploads\/2018\/07\/18.jpg\",\"contentUrl\":\"https:\/\/www.italiaeconomiaonline.it\/web\/wp-content\/uploads\/2018\/07\/18.jpg\",\"width\":1068,\"height\":712},{\"@type\":\"BreadcrumbList\",\"@id\":\"https:\/\/www.italiaeconomiaonline.it\/web\/pace-fiscale-boom-di-adesioni-possibile-proroga-in-dl-crescita\/#breadcrumb\",\"itemListElement\":[{\"@type\":\"ListItem\",\"position\":1,\"name\":\"Home\",\"item\":\"https:\/\/www.italiaeconomiaonline.it\/web\/\"},{\"@type\":\"ListItem\",\"position\":2,\"name\":\"Pace fiscale: Boom di adesioni, possibile proroga in Dl Crescita\"}]},{\"@type\":\"WebSite\",\"@id\":\"https:\/\/www.italiaeconomiaonline.it\/web\/#website\",\"url\":\"https:\/\/www.italiaeconomiaonline.it\/web\/\",\"name\":\"ItaliaEconomiaOnline\",\"description\":\"Quotidiano Economico Online\",\"potentialAction\":[{\"@type\":\"SearchAction\",\"target\":{\"@type\":\"EntryPoint\",\"urlTemplate\":\"https:\/\/www.italiaeconomiaonline.it\/web\/?s={search_term_string}\"},\"query-input\":\"required name=search_term_string\"}],\"inLanguage\":\"it-IT\"},{\"@type\":\"Person\",\"@id\":\"https:\/\/www.italiaeconomiaonline.it\/web\/#\/schema\/person\/909a49cce752523b020fbc37d5ab1c31\",\"name\":\"ladyitaliaeconomia\",\"image\":{\"@type\":\"ImageObject\",\"inLanguage\":\"it-IT\",\"@id\":\"https:\/\/www.italiaeconomiaonline.it\/web\/#\/schema\/person\/image\/\",\"url\":\"https:\/\/secure.gravatar.com\/avatar\/cedca10ce7416a579b9fa6bce9c0a8f2?s=96&d=mm&r=g\",\"contentUrl\":\"https:\/\/secure.gravatar.com\/avatar\/cedca10ce7416a579b9fa6bce9c0a8f2?s=96&d=mm&r=g\",\"caption\":\"ladyitaliaeconomia\"},\"url\":\"https:\/\/www.italiaeconomiaonline.it\/web\/author\/ladyitaliaeconomia\/\"}]}<\/script>\n<!-- \/ Yoast SEO plugin. -->","yoast_head_json":{"title":"Pace fiscale: Boom di adesioni, possibile proroga in Dl Crescita -","robots":{"index":"index","follow":"follow","max-snippet":"max-snippet:-1","max-image-preview":"max-image-preview:large","max-video-preview":"max-video-preview:-1"},"canonical":"https:\/\/www.italiaeconomiaonline.it\/web\/pace-fiscale-boom-di-adesioni-possibile-proroga-in-dl-crescita\/","og_locale":"it_IT","og_type":"article","og_title":"Pace fiscale: Boom di adesioni, possibile proroga in Dl Crescita -","og_description":"&#8220;I dati dell&#8217;Agenzia delle Entrate sulle adesioni alla pace fiscale voluta dalla Lega ne confermano il successo. Alla data di ieri, 29 aprile, oltre 1 milione di richieste per la rottamazione-ter e quasi 300mila per il saldo e stralcio&#8221;.\u00a0 Queste le dichiarazioni Massimo Garavaglia e Massimo Bitonci, rispettivamente Viceministro e Sottosegretario al Ministero dell&#8217;Economia e [&hellip;]","og_url":"https:\/\/www.italiaeconomiaonline.it\/web\/pace-fiscale-boom-di-adesioni-possibile-proroga-in-dl-crescita\/","og_site_name":"ItaliaEconomiaOnline","article_published_time":"2019-05-01T10:11:39+00:00","og_image":[{"width":1068,"height":712,"url":"https:\/\/www.italiaeconomiaonline.it\/web\/wp-content\/uploads\/2018\/07\/18.jpg","type":"image\/jpeg"}],"author":"ladyitaliaeconomia","twitter_card":"summary_large_image","twitter_misc":{"Scritto da":"ladyitaliaeconomia","Tempo di lettura stimato":"1 minuto"},"schema":{"@context":"https:\/\/schema.org","@graph":[{"@type":"WebPage","@id":"https:\/\/www.italiaeconomiaonline.it\/web\/pace-fiscale-boom-di-adesioni-possibile-proroga-in-dl-crescita\/","url":"https:\/\/www.italiaeconomiaonline.it\/web\/pace-fiscale-boom-di-adesioni-possibile-proroga-in-dl-crescita\/","name":"Pace fiscale: Boom di adesioni, possibile proroga in Dl Crescita -","isPartOf":{"@id":"https:\/\/www.italiaeconomiaonline.it\/web\/#website"},"primaryImageOfPage":{"@id":"https:\/\/www.italiaeconomiaonline.it\/web\/pace-fiscale-boom-di-adesioni-possibile-proroga-in-dl-crescita\/#primaryimage"},"image":{"@id":"https:\/\/www.italiaeconomiaonline.it\/web\/pace-fiscale-boom-di-adesioni-possibile-proroga-in-dl-crescita\/#primaryimage"},"thumbnailUrl":"https:\/\/www.italiaeconomiaonline.it\/web\/wp-content\/uploads\/2018\/07\/18.jpg","datePublished":"2019-05-01T10:11:39+00:00","dateModified":"2019-05-01T10:11:39+00:00","author":{"@id":"https:\/\/www.italiaeconomiaonline.it\/web\/#\/schema\/person\/909a49cce752523b020fbc37d5ab1c31"},"breadcrumb":{"@id":"https:\/\/www.italiaeconomiaonline.it\/web\/pace-fiscale-boom-di-adesioni-possibile-proroga-in-dl-crescita\/#breadcrumb"},"inLanguage":"it-IT","potentialAction":[{"@type":"ReadAction","target":["https:\/\/www.italiaeconomiaonline.it\/web\/pace-fiscale-boom-di-adesioni-possibile-proroga-in-dl-crescita\/"]}]},{"@type":"ImageObject","inLanguage":"it-IT","@id":"https:\/\/www.italiaeconomiaonline.it\/web\/pace-fiscale-boom-di-adesioni-possibile-proroga-in-dl-crescita\/#primaryimage","url":"https:\/\/www.italiaeconomiaonline.it\/web\/wp-content\/uploads\/2018\/07\/18.jpg","contentUrl":"https:\/\/www.italiaeconomiaonline.it\/web\/wp-content\/uploads\/2018\/07\/18.jpg","width":1068,"height":712},{"@type":"BreadcrumbList","@id":"https:\/\/www.italiaeconomiaonline.it\/web\/pace-fiscale-boom-di-adesioni-possibile-proroga-in-dl-crescita\/#breadcrumb","itemListElement":[{"@type":"ListItem","position":1,"name":"Home","item":"https:\/\/www.italiaeconomiaonline.it\/web\/"},{"@type":"ListItem","position":2,"name":"Pace fiscale: Boom di adesioni, possibile proroga in Dl Crescita"}]},{"@type":"WebSite","@id":"https:\/\/www.italiaeconomiaonline.it\/web\/#website","url":"https:\/\/www.italiaeconomiaonline.it\/web\/","name":"ItaliaEconomiaOnline","description":"Quotidiano Economico Online","potentialAction":[{"@type":"SearchAction","target":{"@type":"EntryPoint","urlTemplate":"https:\/\/www.italiaeconomiaonline.it\/web\/?s={search_term_string}"},"query-input":"required name=search_term_string"}],"inLanguage":"it-IT"},{"@type":"Person","@id":"https:\/\/www.italiaeconomiaonline.it\/web\/#\/schema\/person\/909a49cce752523b020fbc37d5ab1c31","name":"ladyitaliaeconomia","image":{"@type":"ImageObject","inLanguage":"it-IT","@id":"https:\/\/www.italiaeconomiaonline.it\/web\/#\/schema\/person\/image\/","url":"https:\/\/secure.gravatar.com\/avatar\/cedca10ce7416a579b9fa6bce9c0a8f2?s=96&d=mm&r=g","contentUrl":"https:\/\/secure.gravatar.com\/avatar\/cedca10ce7416a579b9fa6bce9c0a8f2?s=96&d=mm&r=g","caption":"ladyitaliaeconomia"},"url":"https:\/\/www.italiaeconomiaonline.it\/web\/author\/ladyitaliaeconomia\/"}]}},"_links":{"self":[{"href":"https:\/\/www.italiaeconomiaonline.it\/web\/wp-json\/wp\/v2\/posts\/622"}],"collection":[{"href":"https:\/\/www.italiaeconomiaonline.it\/web\/wp-json\/wp\/v2\/posts"}],"about":[{"href":"https:\/\/www.italiaeconomiaonline.it\/web\/wp-json\/wp\/v2\/types\/post"}],"author":[{"embeddable":true,"href":"https:\/\/www.italiaeconomiaonline.it\/web\/wp-json\/wp\/v2\/users\/1"}],"replies":[{"embeddable":true,"href":"https:\/\/www.italiaeconomiaonline.it\/web\/wp-json\/wp\/v2\/comments?post=622"}],"version-history":[{"count":1,"href":"https:\/\/www.italiaeconomiaonline.it\/web\/wp-json\/wp\/v2\/posts\/622\/revisions"}],"predecessor-version":[{"id":623,"href":"https:\/\/www.italiaeconomiaonline.it\/web\/wp-json\/wp\/v2\/posts\/622\/revisions\/623"}],"wp:featuredmedia":[{"embeddable":true,"href":"https:\/\/www.italiaeconomiaonline.it\/web\/wp-json\/wp\/v2\/media\/26"}],"wp:attachment":[{"href":"https:\/\/www.italiaeconomiaonline.it\/web\/wp-json\/wp\/v2\/media?parent=622"}],"wp:term":[{"taxonomy":"category","embeddable":true,"href":"https:\/\/www.italiaeconomiaonline.it\/web\/wp-json\/wp\/v2\/categories?post=622"},{"taxonomy":"post_tag","embeddable":true,"href":"https:\/\/www.italiaeconomiaonline.it\/web\/wp-json\/wp\/v2\/tags?post=622"}],"curies":[{"name":"wp","href":"https:\/\/api.w.org\/{rel}","templated":true}]}}