{"id":6220,"date":"2021-09-21T11:40:28","date_gmt":"2021-09-21T09:40:28","guid":{"rendered":"http:\/\/www.italiaeconomiaonline.it\/web\/?p=6220"},"modified":"2021-09-21T11:40:48","modified_gmt":"2021-09-21T09:40:48","slug":"green-pass-cna-necessario-incontro-urgente-con-il-governo","status":"publish","type":"post","link":"https:\/\/www.italiaeconomiaonline.it\/web\/green-pass-cna-necessario-incontro-urgente-con-il-governo\/","title":{"rendered":"Green Pass. CNA: \u201cNecessario incontro urgente con il Governo&#8221;"},"content":{"rendered":"<p>CNA esprime forte preoccupazione sul funzionamento del Green Pass nei luoghi di lavoro con riferimento alle imprese con meno di 15 dipendenti e chiede un incontro urgente al Governo per definire regole chiare e aderenti alla complessa realt\u00e0 del tessuto produttivo. La formulazione del provvedimento approvato ieri dal Consiglio dei Ministri, sulla base di notizia di stampa, appare confusa e di incerta applicazione per una platea di circa 9 milioni di lavoratori tra dipendenti e autonomi, oltre il 60% degli occupati del settore privato.<\/p>\n<p>A giudizio della Confederazione il decreto sembra concepito per il lavoro che si svolge all\u2019interno di grandi fabbriche e uffici ignorando una realt\u00e0 molto pi\u00f9 complessa e articolata delle attivit\u00e0 economiche.<\/p>\n","protected":false},"excerpt":{"rendered":"<p>CNA esprime forte preoccupazione sul funzionamento del Green Pass nei luoghi di lavoro con riferimento alle imprese con meno di 15 dipendenti e chiede un incontro urgente al Governo per definire regole chiare e aderenti alla complessa realt\u00e0 del tessuto produttivo. La formulazione del provvedimento approvato ieri dal Consiglio dei Ministri, sulla base di notizia [&hellip;]<\/p>\n","protected":false},"author":1,"featured_media":5741,"comment_status":"closed","ping_status":"open","sticky":false,"template":"","format":"standard","meta":{"footnotes":""},"categories":[28],"tags":[1679],"yoast_head":"<!-- This site is optimized with the Yoast SEO plugin v22.2 - https:\/\/yoast.com\/wordpress\/plugins\/seo\/ -->\n<title>Green Pass. CNA: \u201cNecessario incontro urgente con il Governo&quot; -<\/title>\n<meta name=\"robots\" content=\"index, follow, max-snippet:-1, max-image-preview:large, max-video-preview:-1\" \/>\n<link rel=\"canonical\" href=\"https:\/\/www.italiaeconomiaonline.it\/web\/green-pass-cna-necessario-incontro-urgente-con-il-governo\/\" \/>\n<meta property=\"og:locale\" content=\"it_IT\" \/>\n<meta property=\"og:type\" content=\"article\" \/>\n<meta property=\"og:title\" content=\"Green Pass. CNA: \u201cNecessario incontro urgente con il Governo&quot; -\" \/>\n<meta property=\"og:description\" content=\"CNA esprime forte preoccupazione sul funzionamento del Green Pass nei luoghi di lavoro con riferimento alle imprese con meno di 15 dipendenti e chiede un incontro urgente al Governo per definire regole chiare e aderenti alla complessa realt\u00e0 del tessuto produttivo. La formulazione del provvedimento approvato ieri dal Consiglio dei Ministri, sulla base di notizia [&hellip;]\" \/>\n<meta property=\"og:url\" content=\"https:\/\/www.italiaeconomiaonline.it\/web\/green-pass-cna-necessario-incontro-urgente-con-il-governo\/\" \/>\n<meta property=\"og:site_name\" content=\"ItaliaEconomiaOnline\" \/>\n<meta property=\"article:published_time\" content=\"2021-09-21T09:40:28+00:00\" \/>\n<meta property=\"article:modified_time\" content=\"2021-09-21T09:40:48+00:00\" \/>\n<meta property=\"og:image\" content=\"https:\/\/www.italiaeconomiaonline.it\/web\/wp-content\/uploads\/2021\/04\/greenpass.jpg\" \/>\n\t<meta property=\"og:image:width\" content=\"1200\" \/>\n\t<meta property=\"og:image:height\" content=\"675\" \/>\n\t<meta property=\"og:image:type\" content=\"image\/jpeg\" \/>\n<meta name=\"author\" content=\"ladyitaliaeconomia\" \/>\n<meta name=\"twitter:card\" content=\"summary_large_image\" \/>\n<meta name=\"twitter:label1\" content=\"Scritto da\" \/>\n\t<meta name=\"twitter:data1\" content=\"ladyitaliaeconomia\" \/>\n\t<meta name=\"twitter:label2\" content=\"Tempo di lettura stimato\" \/>\n\t<meta name=\"twitter:data2\" content=\"1 minuto\" \/>\n<script type=\"application\/ld+json\" class=\"yoast-schema-graph\">{\"@context\":\"https:\/\/schema.org\",\"@graph\":[{\"@type\":\"WebPage\",\"@id\":\"https:\/\/www.italiaeconomiaonline.it\/web\/green-pass-cna-necessario-incontro-urgente-con-il-governo\/\",\"url\":\"https:\/\/www.italiaeconomiaonline.it\/web\/green-pass-cna-necessario-incontro-urgente-con-il-governo\/\",\"name\":\"Green Pass. CNA: \u201cNecessario incontro urgente con il Governo\\\" -\",\"isPartOf\":{\"@id\":\"https:\/\/www.italiaeconomiaonline.it\/web\/#website\"},\"primaryImageOfPage\":{\"@id\":\"https:\/\/www.italiaeconomiaonline.it\/web\/green-pass-cna-necessario-incontro-urgente-con-il-governo\/#primaryimage\"},\"image\":{\"@id\":\"https:\/\/www.italiaeconomiaonline.it\/web\/green-pass-cna-necessario-incontro-urgente-con-il-governo\/#primaryimage\"},\"thumbnailUrl\":\"https:\/\/www.italiaeconomiaonline.it\/web\/wp-content\/uploads\/2021\/04\/greenpass.jpg\",\"datePublished\":\"2021-09-21T09:40:28+00:00\",\"dateModified\":\"2021-09-21T09:40:48+00:00\",\"author\":{\"@id\":\"https:\/\/www.italiaeconomiaonline.it\/web\/#\/schema\/person\/909a49cce752523b020fbc37d5ab1c31\"},\"breadcrumb\":{\"@id\":\"https:\/\/www.italiaeconomiaonline.it\/web\/green-pass-cna-necessario-incontro-urgente-con-il-governo\/#breadcrumb\"},\"inLanguage\":\"it-IT\",\"potentialAction\":[{\"@type\":\"ReadAction\",\"target\":[\"https:\/\/www.italiaeconomiaonline.it\/web\/green-pass-cna-necessario-incontro-urgente-con-il-governo\/\"]}]},{\"@type\":\"ImageObject\",\"inLanguage\":\"it-IT\",\"@id\":\"https:\/\/www.italiaeconomiaonline.it\/web\/green-pass-cna-necessario-incontro-urgente-con-il-governo\/#primaryimage\",\"url\":\"https:\/\/www.italiaeconomiaonline.it\/web\/wp-content\/uploads\/2021\/04\/greenpass.jpg\",\"contentUrl\":\"https:\/\/www.italiaeconomiaonline.it\/web\/wp-content\/uploads\/2021\/04\/greenpass.jpg\",\"width\":1200,\"height\":675},{\"@type\":\"BreadcrumbList\",\"@id\":\"https:\/\/www.italiaeconomiaonline.it\/web\/green-pass-cna-necessario-incontro-urgente-con-il-governo\/#breadcrumb\",\"itemListElement\":[{\"@type\":\"ListItem\",\"position\":1,\"name\":\"Home\",\"item\":\"https:\/\/www.italiaeconomiaonline.it\/web\/\"},{\"@type\":\"ListItem\",\"position\":2,\"name\":\"Green Pass. CNA: \u201cNecessario incontro urgente con il Governo&#8221;\"}]},{\"@type\":\"WebSite\",\"@id\":\"https:\/\/www.italiaeconomiaonline.it\/web\/#website\",\"url\":\"https:\/\/www.italiaeconomiaonline.it\/web\/\",\"name\":\"ItaliaEconomiaOnline\",\"description\":\"Quotidiano Economico Online\",\"potentialAction\":[{\"@type\":\"SearchAction\",\"target\":{\"@type\":\"EntryPoint\",\"urlTemplate\":\"https:\/\/www.italiaeconomiaonline.it\/web\/?s={search_term_string}\"},\"query-input\":\"required name=search_term_string\"}],\"inLanguage\":\"it-IT\"},{\"@type\":\"Person\",\"@id\":\"https:\/\/www.italiaeconomiaonline.it\/web\/#\/schema\/person\/909a49cce752523b020fbc37d5ab1c31\",\"name\":\"ladyitaliaeconomia\",\"image\":{\"@type\":\"ImageObject\",\"inLanguage\":\"it-IT\",\"@id\":\"https:\/\/www.italiaeconomiaonline.it\/web\/#\/schema\/person\/image\/\",\"url\":\"https:\/\/secure.gravatar.com\/avatar\/cedca10ce7416a579b9fa6bce9c0a8f2?s=96&d=mm&r=g\",\"contentUrl\":\"https:\/\/secure.gravatar.com\/avatar\/cedca10ce7416a579b9fa6bce9c0a8f2?s=96&d=mm&r=g\",\"caption\":\"ladyitaliaeconomia\"},\"url\":\"https:\/\/www.italiaeconomiaonline.it\/web\/author\/ladyitaliaeconomia\/\"}]}<\/script>\n<!-- \/ Yoast SEO plugin. -->","yoast_head_json":{"title":"Green Pass. CNA: \u201cNecessario incontro urgente con il Governo\" -","robots":{"index":"index","follow":"follow","max-snippet":"max-snippet:-1","max-image-preview":"max-image-preview:large","max-video-preview":"max-video-preview:-1"},"canonical":"https:\/\/www.italiaeconomiaonline.it\/web\/green-pass-cna-necessario-incontro-urgente-con-il-governo\/","og_locale":"it_IT","og_type":"article","og_title":"Green Pass. CNA: \u201cNecessario incontro urgente con il Governo\" -","og_description":"CNA esprime forte preoccupazione sul funzionamento del Green Pass nei luoghi di lavoro con riferimento alle imprese con meno di 15 dipendenti e chiede un incontro urgente al Governo per definire regole chiare e aderenti alla complessa realt\u00e0 del tessuto produttivo. La formulazione del provvedimento approvato ieri dal Consiglio dei Ministri, sulla base di notizia [&hellip;]","og_url":"https:\/\/www.italiaeconomiaonline.it\/web\/green-pass-cna-necessario-incontro-urgente-con-il-governo\/","og_site_name":"ItaliaEconomiaOnline","article_published_time":"2021-09-21T09:40:28+00:00","article_modified_time":"2021-09-21T09:40:48+00:00","og_image":[{"width":1200,"height":675,"url":"https:\/\/www.italiaeconomiaonline.it\/web\/wp-content\/uploads\/2021\/04\/greenpass.jpg","type":"image\/jpeg"}],"author":"ladyitaliaeconomia","twitter_card":"summary_large_image","twitter_misc":{"Scritto da":"ladyitaliaeconomia","Tempo di lettura stimato":"1 minuto"},"schema":{"@context":"https:\/\/schema.org","@graph":[{"@type":"WebPage","@id":"https:\/\/www.italiaeconomiaonline.it\/web\/green-pass-cna-necessario-incontro-urgente-con-il-governo\/","url":"https:\/\/www.italiaeconomiaonline.it\/web\/green-pass-cna-necessario-incontro-urgente-con-il-governo\/","name":"Green Pass. CNA: \u201cNecessario incontro urgente con il Governo\" -","isPartOf":{"@id":"https:\/\/www.italiaeconomiaonline.it\/web\/#website"},"primaryImageOfPage":{"@id":"https:\/\/www.italiaeconomiaonline.it\/web\/green-pass-cna-necessario-incontro-urgente-con-il-governo\/#primaryimage"},"image":{"@id":"https:\/\/www.italiaeconomiaonline.it\/web\/green-pass-cna-necessario-incontro-urgente-con-il-governo\/#primaryimage"},"thumbnailUrl":"https:\/\/www.italiaeconomiaonline.it\/web\/wp-content\/uploads\/2021\/04\/greenpass.jpg","datePublished":"2021-09-21T09:40:28+00:00","dateModified":"2021-09-21T09:40:48+00:00","author":{"@id":"https:\/\/www.italiaeconomiaonline.it\/web\/#\/schema\/person\/909a49cce752523b020fbc37d5ab1c31"},"breadcrumb":{"@id":"https:\/\/www.italiaeconomiaonline.it\/web\/green-pass-cna-necessario-incontro-urgente-con-il-governo\/#breadcrumb"},"inLanguage":"it-IT","potentialAction":[{"@type":"ReadAction","target":["https:\/\/www.italiaeconomiaonline.it\/web\/green-pass-cna-necessario-incontro-urgente-con-il-governo\/"]}]},{"@type":"ImageObject","inLanguage":"it-IT","@id":"https:\/\/www.italiaeconomiaonline.it\/web\/green-pass-cna-necessario-incontro-urgente-con-il-governo\/#primaryimage","url":"https:\/\/www.italiaeconomiaonline.it\/web\/wp-content\/uploads\/2021\/04\/greenpass.jpg","contentUrl":"https:\/\/www.italiaeconomiaonline.it\/web\/wp-content\/uploads\/2021\/04\/greenpass.jpg","width":1200,"height":675},{"@type":"BreadcrumbList","@id":"https:\/\/www.italiaeconomiaonline.it\/web\/green-pass-cna-necessario-incontro-urgente-con-il-governo\/#breadcrumb","itemListElement":[{"@type":"ListItem","position":1,"name":"Home","item":"https:\/\/www.italiaeconomiaonline.it\/web\/"},{"@type":"ListItem","position":2,"name":"Green Pass. CNA: \u201cNecessario incontro urgente con il Governo&#8221;"}]},{"@type":"WebSite","@id":"https:\/\/www.italiaeconomiaonline.it\/web\/#website","url":"https:\/\/www.italiaeconomiaonline.it\/web\/","name":"ItaliaEconomiaOnline","description":"Quotidiano Economico Online","potentialAction":[{"@type":"SearchAction","target":{"@type":"EntryPoint","urlTemplate":"https:\/\/www.italiaeconomiaonline.it\/web\/?s={search_term_string}"},"query-input":"required name=search_term_string"}],"inLanguage":"it-IT"},{"@type":"Person","@id":"https:\/\/www.italiaeconomiaonline.it\/web\/#\/schema\/person\/909a49cce752523b020fbc37d5ab1c31","name":"ladyitaliaeconomia","image":{"@type":"ImageObject","inLanguage":"it-IT","@id":"https:\/\/www.italiaeconomiaonline.it\/web\/#\/schema\/person\/image\/","url":"https:\/\/secure.gravatar.com\/avatar\/cedca10ce7416a579b9fa6bce9c0a8f2?s=96&d=mm&r=g","contentUrl":"https:\/\/secure.gravatar.com\/avatar\/cedca10ce7416a579b9fa6bce9c0a8f2?s=96&d=mm&r=g","caption":"ladyitaliaeconomia"},"url":"https:\/\/www.italiaeconomiaonline.it\/web\/author\/ladyitaliaeconomia\/"}]}},"_links":{"self":[{"href":"https:\/\/www.italiaeconomiaonline.it\/web\/wp-json\/wp\/v2\/posts\/6220"}],"collection":[{"href":"https:\/\/www.italiaeconomiaonline.it\/web\/wp-json\/wp\/v2\/posts"}],"about":[{"href":"https:\/\/www.italiaeconomiaonline.it\/web\/wp-json\/wp\/v2\/types\/post"}],"author":[{"embeddable":true,"href":"https:\/\/www.italiaeconomiaonline.it\/web\/wp-json\/wp\/v2\/users\/1"}],"replies":[{"embeddable":true,"href":"https:\/\/www.italiaeconomiaonline.it\/web\/wp-json\/wp\/v2\/comments?post=6220"}],"version-history":[{"count":1,"href":"https:\/\/www.italiaeconomiaonline.it\/web\/wp-json\/wp\/v2\/posts\/6220\/revisions"}],"predecessor-version":[{"id":6221,"href":"https:\/\/www.italiaeconomiaonline.it\/web\/wp-json\/wp\/v2\/posts\/6220\/revisions\/6221"}],"wp:featuredmedia":[{"embeddable":true,"href":"https:\/\/www.italiaeconomiaonline.it\/web\/wp-json\/wp\/v2\/media\/5741"}],"wp:attachment":[{"href":"https:\/\/www.italiaeconomiaonline.it\/web\/wp-json\/wp\/v2\/media?parent=6220"}],"wp:term":[{"taxonomy":"category","embeddable":true,"href":"https:\/\/www.italiaeconomiaonline.it\/web\/wp-json\/wp\/v2\/categories?post=6220"},{"taxonomy":"post_tag","embeddable":true,"href":"https:\/\/www.italiaeconomiaonline.it\/web\/wp-json\/wp\/v2\/tags?post=6220"}],"curies":[{"name":"wp","href":"https:\/\/api.w.org\/{rel}","templated":true}]}}