{"id":6263,"date":"2021-10-08T12:46:40","date_gmt":"2021-10-08T10:46:40","guid":{"rendered":"http:\/\/www.italiaeconomiaonline.it\/web\/?p=6263"},"modified":"2021-10-08T12:46:40","modified_gmt":"2021-10-08T10:46:40","slug":"commercialisti-il-divario-del-reddito-medio-a-livello-regionale-e-massimo-tra-calabria-e-trentino","status":"publish","type":"post","link":"https:\/\/www.italiaeconomiaonline.it\/web\/commercialisti-il-divario-del-reddito-medio-a-livello-regionale-e-massimo-tra-calabria-e-trentino\/","title":{"rendered":"Commercialisti: il divario del reddito medio a livello regionale \u00e8 massimo tra Calabria e Trentino"},"content":{"rendered":"<p><b><\/b>Aumenta il tasso della crescita di iscrizioni (+0,4%) spinto dagli Ordini del Nord (+0,9%) ma \u00e8 nel Sud che cresce\u00a0maggiormente il reddito medio (+4,5%).\u00a0Questa la fotografia dei commercialisti italiani scattata\u00a0dal\u00a0Rapporto 2021 sulla professione, del Consiglio e della Fondazione Nazionale della Categoria, illustrato nell&#8217;ambito di un convegno nazionale tenutosi al Palazzo dei Congressi a Roma<\/p>\n<p>Lo studio evidenzia come l\u2019anno scorso si sia registrata un\u2019inversione di tendenza nella\u00a0dinamica degli iscritti all\u2019Albo e in quella degli iscritti al Registro praticanti. Nel primo caso, infatti, il tasso di crescita annuale, sceso nel 2019 a +0,1%, nel 2020 \u00e8 risalito a +0,4% pari a 523 unit\u00e0 rispetto all\u2019anno precedente, mentre nel secondo caso, dopo un lungo periodo di continue flessioni, si rileva un incremento pari a +4,3% equivalente a 532 unit\u00e0, facendo segnare una netta discontinuit\u00e0.\u00a0\u00a0In tredici anni\u00a0gli iscritti all\u2019Albo sono aumentati di 11.799 unit\u00e0, +11% sul 2007. Nello stesso periodo, la popolazione italiana \u00e8 diminuita dello 0,6%, mentre l\u2019occupazione \u00e8 diminuita del 4,1% e le imprese attive sono aumentate del 2,3%. Ci\u00f2 ha determinato un calo significativo del rapporto tra la popolazione e gli iscritti, passato in undici anni da 555 a 497 e del rapporto tra le imprese attive e gli iscritti che nello stesso periodo \u00e8 passato da 50 a 43.<\/p>\n<p>&nbsp;<\/p>\n<p>A livello geografico maggior dinamismo nella crescita degli iscritti negli Ordini territoriali del Nord Italia, in special modo nel Nordovest che rileva il +1% contro lo 0,7% del Nordest. Al Nord, in pole position \u00e8 la Lombardia con il +1,5% che si traduce in +299 iscritti pari al 57% della crescita totale. Nel Sud invece, dopo il -0,5% dello scorso anno, gli iscritti riprendono a salire seppure ad un tasso minimo: +0,1%. In particolare, nelle Isole l\u2019incremento \u00e8 nullo, mentre nelle regioni dell\u2019Italia meridionale si registra un aumento dello 0,1%. Da segnalare, in particolare, il -0,4% della Puglia con un calo di 35 iscritti, mentre il Molise, con una riduzione di 17 iscritti, fa registrare il -3,4%.<\/p>\n<p>&nbsp;<\/p>\n<p>Maggiori quote rosa negli Ordini del Nord, in particolare nel Nord-est si raggiunge il 36,8% con una punta del 41,5% in Emilia-Romagna, mentre nel Sud vi \u00e8 una flessione per assestarsi al 30,2% con il valore pi\u00f9 basso in Campania (26,3%). Analogamente, anche per i giovani, nel Nord, si registrano livelli pi\u00f9 elevati (20,4%) rispetto al Sud (15,9%). Da segnalare come la quota di donne continui ad aumentare di anno in anno (+0,2%), mentre quella dei giovani tende a diminuire progressivamente.<\/p>\n<p>&nbsp;<\/p>\n<p>La crescita dei praticanti \u00e8 stata particolarmente elevata nel Centro con il +9,9%, molto pi\u00f9 bassa invece nel Sud con il +0,9%. Nelle Isole, invece, gli iscritti al Registro dei praticanti sono diminuiti del 5,8%. La crescita al Nord \u00e8 pari al 4,7% con un ritmo pi\u00f9 sostenuto nel Nordest (+7,9%) rispetto al Nordovest (+3%).<\/p>\n<p>Per quanto riguarda Il reddito professionale netto medio, nel 2020 continua ad aumentare anche se a un ritmo decisamente pi\u00f9 lento rispetto al 2019. Il tasso di crescita annuale passa, infatti, dal +2,6% al +0,5% e il valore medio sale a 61.237 euro superando in tal modo il livello del 2009 (61.138 euro). Il reddito mediano, invece, cresce, del 2,3% portandosi a 35.255 euro pari al 57,6% di quello medio e recuperando terreno, quindi, rispetto al 56,5% di un anno prima. Il reddito medio cresce a Sud (+4,5%), mentre cala a Nord (-0,3%), sebbene il primo equivalga sostanzialmente al 40,2% delle regioni settentrionali.\u00a0Il divario a livello regionale \u00e8 massimo tra Calabria (27.102) e Trentino Alto Adige (113.842): il reddito medio del Trentino \u00e8 4,2 volte quello della Calabria.<\/p>\n","protected":false},"excerpt":{"rendered":"<p>Aumenta il tasso della crescita di iscrizioni (+0,4%) spinto dagli Ordini del Nord (+0,9%) ma \u00e8 nel Sud che cresce\u00a0maggiormente il reddito medio (+4,5%).\u00a0Questa la fotografia dei commercialisti italiani scattata\u00a0dal\u00a0Rapporto 2021 sulla professione, del Consiglio e della Fondazione Nazionale della Categoria, illustrato nell&#8217;ambito di un convegno nazionale tenutosi al Palazzo dei Congressi a Roma Lo [&hellip;]<\/p>\n","protected":false},"author":1,"featured_media":2154,"comment_status":"closed","ping_status":"open","sticky":false,"template":"","format":"standard","meta":{"footnotes":""},"categories":[56],"tags":[],"yoast_head":"<!-- This site is optimized with the Yoast SEO plugin v22.2 - https:\/\/yoast.com\/wordpress\/plugins\/seo\/ -->\n<title>Commercialisti: il divario del reddito medio a livello regionale \u00e8 massimo tra Calabria e Trentino -<\/title>\n<meta name=\"robots\" content=\"index, follow, max-snippet:-1, max-image-preview:large, max-video-preview:-1\" \/>\n<link rel=\"canonical\" href=\"https:\/\/www.italiaeconomiaonline.it\/web\/commercialisti-il-divario-del-reddito-medio-a-livello-regionale-e-massimo-tra-calabria-e-trentino\/\" \/>\n<meta property=\"og:locale\" content=\"it_IT\" \/>\n<meta property=\"og:type\" content=\"article\" \/>\n<meta property=\"og:title\" content=\"Commercialisti: il divario del reddito medio a livello regionale \u00e8 massimo tra Calabria e Trentino -\" \/>\n<meta property=\"og:description\" content=\"Aumenta il tasso della crescita di iscrizioni (+0,4%) spinto dagli Ordini del Nord (+0,9%) ma \u00e8 nel Sud che cresce\u00a0maggiormente il reddito medio (+4,5%).\u00a0Questa la fotografia dei commercialisti italiani scattata\u00a0dal\u00a0Rapporto 2021 sulla professione, del Consiglio e della Fondazione Nazionale della Categoria, illustrato nell&#8217;ambito di un convegno nazionale tenutosi al Palazzo dei Congressi a Roma Lo [&hellip;]\" \/>\n<meta property=\"og:url\" content=\"https:\/\/www.italiaeconomiaonline.it\/web\/commercialisti-il-divario-del-reddito-medio-a-livello-regionale-e-massimo-tra-calabria-e-trentino\/\" \/>\n<meta property=\"og:site_name\" content=\"ItaliaEconomiaOnline\" \/>\n<meta property=\"article:published_time\" content=\"2021-10-08T10:46:40+00:00\" \/>\n<meta property=\"og:image\" content=\"https:\/\/www.italiaeconomiaonline.it\/web\/wp-content\/uploads\/2019\/12\/tasse.jpg\" \/>\n\t<meta property=\"og:image:width\" content=\"960\" \/>\n\t<meta property=\"og:image:height\" content=\"605\" \/>\n\t<meta property=\"og:image:type\" content=\"image\/jpeg\" \/>\n<meta name=\"author\" content=\"ladyitaliaeconomia\" \/>\n<meta name=\"twitter:card\" content=\"summary_large_image\" \/>\n<meta name=\"twitter:label1\" content=\"Scritto da\" \/>\n\t<meta name=\"twitter:data1\" content=\"ladyitaliaeconomia\" \/>\n\t<meta name=\"twitter:label2\" content=\"Tempo di lettura stimato\" \/>\n\t<meta name=\"twitter:data2\" content=\"3 minuti\" \/>\n<script type=\"application\/ld+json\" class=\"yoast-schema-graph\">{\"@context\":\"https:\/\/schema.org\",\"@graph\":[{\"@type\":\"WebPage\",\"@id\":\"https:\/\/www.italiaeconomiaonline.it\/web\/commercialisti-il-divario-del-reddito-medio-a-livello-regionale-e-massimo-tra-calabria-e-trentino\/\",\"url\":\"https:\/\/www.italiaeconomiaonline.it\/web\/commercialisti-il-divario-del-reddito-medio-a-livello-regionale-e-massimo-tra-calabria-e-trentino\/\",\"name\":\"Commercialisti: il divario del reddito medio a livello regionale \u00e8 massimo tra Calabria e Trentino -\",\"isPartOf\":{\"@id\":\"https:\/\/www.italiaeconomiaonline.it\/web\/#website\"},\"primaryImageOfPage\":{\"@id\":\"https:\/\/www.italiaeconomiaonline.it\/web\/commercialisti-il-divario-del-reddito-medio-a-livello-regionale-e-massimo-tra-calabria-e-trentino\/#primaryimage\"},\"image\":{\"@id\":\"https:\/\/www.italiaeconomiaonline.it\/web\/commercialisti-il-divario-del-reddito-medio-a-livello-regionale-e-massimo-tra-calabria-e-trentino\/#primaryimage\"},\"thumbnailUrl\":\"https:\/\/www.italiaeconomiaonline.it\/web\/wp-content\/uploads\/2019\/12\/tasse.jpg\",\"datePublished\":\"2021-10-08T10:46:40+00:00\",\"dateModified\":\"2021-10-08T10:46:40+00:00\",\"author\":{\"@id\":\"https:\/\/www.italiaeconomiaonline.it\/web\/#\/schema\/person\/909a49cce752523b020fbc37d5ab1c31\"},\"breadcrumb\":{\"@id\":\"https:\/\/www.italiaeconomiaonline.it\/web\/commercialisti-il-divario-del-reddito-medio-a-livello-regionale-e-massimo-tra-calabria-e-trentino\/#breadcrumb\"},\"inLanguage\":\"it-IT\",\"potentialAction\":[{\"@type\":\"ReadAction\",\"target\":[\"https:\/\/www.italiaeconomiaonline.it\/web\/commercialisti-il-divario-del-reddito-medio-a-livello-regionale-e-massimo-tra-calabria-e-trentino\/\"]}]},{\"@type\":\"ImageObject\",\"inLanguage\":\"it-IT\",\"@id\":\"https:\/\/www.italiaeconomiaonline.it\/web\/commercialisti-il-divario-del-reddito-medio-a-livello-regionale-e-massimo-tra-calabria-e-trentino\/#primaryimage\",\"url\":\"https:\/\/www.italiaeconomiaonline.it\/web\/wp-content\/uploads\/2019\/12\/tasse.jpg\",\"contentUrl\":\"https:\/\/www.italiaeconomiaonline.it\/web\/wp-content\/uploads\/2019\/12\/tasse.jpg\",\"width\":960,\"height\":605},{\"@type\":\"BreadcrumbList\",\"@id\":\"https:\/\/www.italiaeconomiaonline.it\/web\/commercialisti-il-divario-del-reddito-medio-a-livello-regionale-e-massimo-tra-calabria-e-trentino\/#breadcrumb\",\"itemListElement\":[{\"@type\":\"ListItem\",\"position\":1,\"name\":\"Home\",\"item\":\"https:\/\/www.italiaeconomiaonline.it\/web\/\"},{\"@type\":\"ListItem\",\"position\":2,\"name\":\"Commercialisti: il divario del reddito medio a livello regionale \u00e8 massimo tra Calabria e Trentino\"}]},{\"@type\":\"WebSite\",\"@id\":\"https:\/\/www.italiaeconomiaonline.it\/web\/#website\",\"url\":\"https:\/\/www.italiaeconomiaonline.it\/web\/\",\"name\":\"ItaliaEconomiaOnline\",\"description\":\"Quotidiano Economico Online\",\"potentialAction\":[{\"@type\":\"SearchAction\",\"target\":{\"@type\":\"EntryPoint\",\"urlTemplate\":\"https:\/\/www.italiaeconomiaonline.it\/web\/?s={search_term_string}\"},\"query-input\":\"required name=search_term_string\"}],\"inLanguage\":\"it-IT\"},{\"@type\":\"Person\",\"@id\":\"https:\/\/www.italiaeconomiaonline.it\/web\/#\/schema\/person\/909a49cce752523b020fbc37d5ab1c31\",\"name\":\"ladyitaliaeconomia\",\"image\":{\"@type\":\"ImageObject\",\"inLanguage\":\"it-IT\",\"@id\":\"https:\/\/www.italiaeconomiaonline.it\/web\/#\/schema\/person\/image\/\",\"url\":\"https:\/\/secure.gravatar.com\/avatar\/cedca10ce7416a579b9fa6bce9c0a8f2?s=96&d=mm&r=g\",\"contentUrl\":\"https:\/\/secure.gravatar.com\/avatar\/cedca10ce7416a579b9fa6bce9c0a8f2?s=96&d=mm&r=g\",\"caption\":\"ladyitaliaeconomia\"},\"url\":\"https:\/\/www.italiaeconomiaonline.it\/web\/author\/ladyitaliaeconomia\/\"}]}<\/script>\n<!-- \/ Yoast SEO plugin. -->","yoast_head_json":{"title":"Commercialisti: il divario del reddito medio a livello regionale \u00e8 massimo tra Calabria e Trentino -","robots":{"index":"index","follow":"follow","max-snippet":"max-snippet:-1","max-image-preview":"max-image-preview:large","max-video-preview":"max-video-preview:-1"},"canonical":"https:\/\/www.italiaeconomiaonline.it\/web\/commercialisti-il-divario-del-reddito-medio-a-livello-regionale-e-massimo-tra-calabria-e-trentino\/","og_locale":"it_IT","og_type":"article","og_title":"Commercialisti: il divario del reddito medio a livello regionale \u00e8 massimo tra Calabria e Trentino -","og_description":"Aumenta il tasso della crescita di iscrizioni (+0,4%) spinto dagli Ordini del Nord (+0,9%) ma \u00e8 nel Sud che cresce\u00a0maggiormente il reddito medio (+4,5%).\u00a0Questa la fotografia dei commercialisti italiani scattata\u00a0dal\u00a0Rapporto 2021 sulla professione, del Consiglio e della Fondazione Nazionale della Categoria, illustrato nell&#8217;ambito di un convegno nazionale tenutosi al Palazzo dei Congressi a Roma Lo [&hellip;]","og_url":"https:\/\/www.italiaeconomiaonline.it\/web\/commercialisti-il-divario-del-reddito-medio-a-livello-regionale-e-massimo-tra-calabria-e-trentino\/","og_site_name":"ItaliaEconomiaOnline","article_published_time":"2021-10-08T10:46:40+00:00","og_image":[{"width":960,"height":605,"url":"https:\/\/www.italiaeconomiaonline.it\/web\/wp-content\/uploads\/2019\/12\/tasse.jpg","type":"image\/jpeg"}],"author":"ladyitaliaeconomia","twitter_card":"summary_large_image","twitter_misc":{"Scritto da":"ladyitaliaeconomia","Tempo di lettura stimato":"3 minuti"},"schema":{"@context":"https:\/\/schema.org","@graph":[{"@type":"WebPage","@id":"https:\/\/www.italiaeconomiaonline.it\/web\/commercialisti-il-divario-del-reddito-medio-a-livello-regionale-e-massimo-tra-calabria-e-trentino\/","url":"https:\/\/www.italiaeconomiaonline.it\/web\/commercialisti-il-divario-del-reddito-medio-a-livello-regionale-e-massimo-tra-calabria-e-trentino\/","name":"Commercialisti: il divario del reddito medio a livello regionale \u00e8 massimo tra Calabria e Trentino -","isPartOf":{"@id":"https:\/\/www.italiaeconomiaonline.it\/web\/#website"},"primaryImageOfPage":{"@id":"https:\/\/www.italiaeconomiaonline.it\/web\/commercialisti-il-divario-del-reddito-medio-a-livello-regionale-e-massimo-tra-calabria-e-trentino\/#primaryimage"},"image":{"@id":"https:\/\/www.italiaeconomiaonline.it\/web\/commercialisti-il-divario-del-reddito-medio-a-livello-regionale-e-massimo-tra-calabria-e-trentino\/#primaryimage"},"thumbnailUrl":"https:\/\/www.italiaeconomiaonline.it\/web\/wp-content\/uploads\/2019\/12\/tasse.jpg","datePublished":"2021-10-08T10:46:40+00:00","dateModified":"2021-10-08T10:46:40+00:00","author":{"@id":"https:\/\/www.italiaeconomiaonline.it\/web\/#\/schema\/person\/909a49cce752523b020fbc37d5ab1c31"},"breadcrumb":{"@id":"https:\/\/www.italiaeconomiaonline.it\/web\/commercialisti-il-divario-del-reddito-medio-a-livello-regionale-e-massimo-tra-calabria-e-trentino\/#breadcrumb"},"inLanguage":"it-IT","potentialAction":[{"@type":"ReadAction","target":["https:\/\/www.italiaeconomiaonline.it\/web\/commercialisti-il-divario-del-reddito-medio-a-livello-regionale-e-massimo-tra-calabria-e-trentino\/"]}]},{"@type":"ImageObject","inLanguage":"it-IT","@id":"https:\/\/www.italiaeconomiaonline.it\/web\/commercialisti-il-divario-del-reddito-medio-a-livello-regionale-e-massimo-tra-calabria-e-trentino\/#primaryimage","url":"https:\/\/www.italiaeconomiaonline.it\/web\/wp-content\/uploads\/2019\/12\/tasse.jpg","contentUrl":"https:\/\/www.italiaeconomiaonline.it\/web\/wp-content\/uploads\/2019\/12\/tasse.jpg","width":960,"height":605},{"@type":"BreadcrumbList","@id":"https:\/\/www.italiaeconomiaonline.it\/web\/commercialisti-il-divario-del-reddito-medio-a-livello-regionale-e-massimo-tra-calabria-e-trentino\/#breadcrumb","itemListElement":[{"@type":"ListItem","position":1,"name":"Home","item":"https:\/\/www.italiaeconomiaonline.it\/web\/"},{"@type":"ListItem","position":2,"name":"Commercialisti: il divario del reddito medio a livello regionale \u00e8 massimo tra Calabria e Trentino"}]},{"@type":"WebSite","@id":"https:\/\/www.italiaeconomiaonline.it\/web\/#website","url":"https:\/\/www.italiaeconomiaonline.it\/web\/","name":"ItaliaEconomiaOnline","description":"Quotidiano Economico Online","potentialAction":[{"@type":"SearchAction","target":{"@type":"EntryPoint","urlTemplate":"https:\/\/www.italiaeconomiaonline.it\/web\/?s={search_term_string}"},"query-input":"required name=search_term_string"}],"inLanguage":"it-IT"},{"@type":"Person","@id":"https:\/\/www.italiaeconomiaonline.it\/web\/#\/schema\/person\/909a49cce752523b020fbc37d5ab1c31","name":"ladyitaliaeconomia","image":{"@type":"ImageObject","inLanguage":"it-IT","@id":"https:\/\/www.italiaeconomiaonline.it\/web\/#\/schema\/person\/image\/","url":"https:\/\/secure.gravatar.com\/avatar\/cedca10ce7416a579b9fa6bce9c0a8f2?s=96&d=mm&r=g","contentUrl":"https:\/\/secure.gravatar.com\/avatar\/cedca10ce7416a579b9fa6bce9c0a8f2?s=96&d=mm&r=g","caption":"ladyitaliaeconomia"},"url":"https:\/\/www.italiaeconomiaonline.it\/web\/author\/ladyitaliaeconomia\/"}]}},"_links":{"self":[{"href":"https:\/\/www.italiaeconomiaonline.it\/web\/wp-json\/wp\/v2\/posts\/6263"}],"collection":[{"href":"https:\/\/www.italiaeconomiaonline.it\/web\/wp-json\/wp\/v2\/posts"}],"about":[{"href":"https:\/\/www.italiaeconomiaonline.it\/web\/wp-json\/wp\/v2\/types\/post"}],"author":[{"embeddable":true,"href":"https:\/\/www.italiaeconomiaonline.it\/web\/wp-json\/wp\/v2\/users\/1"}],"replies":[{"embeddable":true,"href":"https:\/\/www.italiaeconomiaonline.it\/web\/wp-json\/wp\/v2\/comments?post=6263"}],"version-history":[{"count":1,"href":"https:\/\/www.italiaeconomiaonline.it\/web\/wp-json\/wp\/v2\/posts\/6263\/revisions"}],"predecessor-version":[{"id":6264,"href":"https:\/\/www.italiaeconomiaonline.it\/web\/wp-json\/wp\/v2\/posts\/6263\/revisions\/6264"}],"wp:featuredmedia":[{"embeddable":true,"href":"https:\/\/www.italiaeconomiaonline.it\/web\/wp-json\/wp\/v2\/media\/2154"}],"wp:attachment":[{"href":"https:\/\/www.italiaeconomiaonline.it\/web\/wp-json\/wp\/v2\/media?parent=6263"}],"wp:term":[{"taxonomy":"category","embeddable":true,"href":"https:\/\/www.italiaeconomiaonline.it\/web\/wp-json\/wp\/v2\/categories?post=6263"},{"taxonomy":"post_tag","embeddable":true,"href":"https:\/\/www.italiaeconomiaonline.it\/web\/wp-json\/wp\/v2\/tags?post=6263"}],"curies":[{"name":"wp","href":"https:\/\/api.w.org\/{rel}","templated":true}]}}