{"id":6315,"date":"2021-10-20T13:29:22","date_gmt":"2021-10-20T11:29:22","guid":{"rendered":"http:\/\/www.italiaeconomiaonline.it\/web\/?p=6315"},"modified":"2021-10-20T13:29:22","modified_gmt":"2021-10-20T11:29:22","slug":"fiera-di-parma-cresce-la-partnership-con-fiera-colonia","status":"publish","type":"post","link":"https:\/\/www.italiaeconomiaonline.it\/web\/fiera-di-parma-cresce-la-partnership-con-fiera-colonia\/","title":{"rendered":"Fiera di Parma: cresce la partnership con fiera Colonia"},"content":{"rendered":"<div>Dopo il successo di <strong>Cibus 2021<\/strong> in settembre ecco quello della fiera internazionale del food&amp;beverage Anuga, la pi\u00f9 grande d\u2019Europa e forse del mondo, tenutasi qualche giorno fa a Colonia, dove 800 aziende alimentari italiane hanno presentato al mondo i loro prodotti.<\/p>\n<p>Nelle giornate di Anuga, lo staff di Fiere di Parma ha sviluppato, grazie a Koeln Parma Exhibitions, uno specifico networking con i buyer europei e d\u2019oltremare in previsione di Cibus 2022. L\u2019altro obiettivo del networking \u00e8 stato l\u2019Expo Dubai (aperto il 1\u00b0 ottobre, con una durata di 6 mesi) dove entrambi i player sono presenti: Fiere di Parma con M-Eating Italy e Fiere di Colonia in veste di Provider Ufficiale del padiglione della Germania.<\/p>\n<p>Ad Anuga era anche presente lo stand di Federalimentare &#8220;Authentic Italian Check Point&#8221;, dove era possibile segnalare i casi sospetti di Italian Sounding presenti in fiera. Una iniziativa, partita nel 2015, che fa di Anuga e di Cibus le uniche fiere internazionali che non solo non accettano, ma prontamente censurano i prodotti fake Italian.<\/p>\n<p>Anuga 2021 si \u00e8 chiusa registrando 4.600 espositori, provenienti da 98 Paesi, e 70mila visitatori. Cibus 2021 ha ospitato 2.000 aziende espositrici, 37mila visitatori, di cui 2mila dall\u2019estero. Si prepara intanto la 21\u00b0edizione di Cibus (a Parma, dal 3 al 6 maggio 2022), dove si prevede di tornare ai livelli precedenti l\u2019emergenza pandemica e quindi a 3.000 aziende espositrici e a 70mila visitatori.<\/p>\n<p>Fiere di Parma e Fiera di Colonia consolidano inoltre la propria leadership nel settore delle tecnologie alimentari organizzando Cibus Tec Forum (a Parma dal 25 al 26 ottobre 2022) la prima edizione di una Exhibition&amp;Conference sui trend del meccano alimentare: cinque aree tematiche, con spazi espositivi preallestiti, (tecnologie e soluzioni per carni, per prodotti a base latte, frutta-vegetali-liquidi alimentari, cereali-piatti pronti e confezionamento) e quattro arene in cui verranno dibattuti i focus del forum (sicurezza alimentare, materiali innovativi ed economia circolare, digitalizzazione, supply chain e sostenibilit\u00e0 e altro). Cibus Tec si terr\u00e0, invece, nel 2023, dal 24 al 27 ottobre.<\/p>\n<p>\u201c<em>La partnership con Colonia cresce e si consolida nell\u2019interesse dell\u2019authentic Italian e diventa una piattaforma permanente anche a Dubai durante Expo<\/em> &#8211; dichiara <strong>Antonio Cellie, Ceo di Fiere di Parma<\/strong> &#8211; <em>Il prossimo triennio sar\u00e0 quello del consolidamento del settore dove gli espositori selezioneranno pochi e qualificati eventi, tra i quali per la loro natura \u2018integrata\u2019 vi saranno sicuramente Anuga e Cibus<\/em>\u201d.<\/p>\n<p>\u201c<em>Ancora una volta siamo impegnati, insieme, per fare in modo che il valore del \u2018made in Italy\u2019 sia riconosciuto senza fraintendimenti. Lavoriamo insieme per garantire al food&amp;beverage italiano concrete possibilit\u00e0 di successo nei mercati di tutto il mondo<\/em> \u2013 ha sottolineato <strong>Thomas Rosolia, Amministratore Delegato di Koelnmesse Italia e Presidente di Koeln Parma Exhibitions<\/strong> &#8211;<em> I nuovi progetti lanciati da Koelnmesse hanno di fatto dato vita a una piattaforma \u2018food worldwide\u2019 sempre pi\u00f9 efficace che non mancher\u00e0 di dare concrete opportunit\u00e0 alle imprese italiane<\/em>\u201d.<\/p>\n<p>\u2022 <em>In allegato: (da sinistra) Gerald B\u00f6se, Presidente e Amministratore Delegato di Koelnmesse; Antonio Cellie, Ceo di Fiere di Parma; Thomas Rosolia, Amministratore Delegato di Koelnmesse Italia e Presidente di Koeln Parma Exhibitions.\u00a0<\/em><\/div>\n","protected":false},"excerpt":{"rendered":"<p>Dopo il successo di Cibus 2021 in settembre ecco quello della fiera internazionale del food&amp;beverage Anuga, la pi\u00f9 grande d\u2019Europa e forse del mondo, tenutasi qualche giorno fa a Colonia, dove 800 aziende alimentari italiane hanno presentato al mondo i loro prodotti. Nelle giornate di Anuga, lo staff di Fiere di Parma ha sviluppato, grazie [&hellip;]<\/p>\n","protected":false},"author":1,"featured_media":6316,"comment_status":"closed","ping_status":"open","sticky":false,"template":"","format":"standard","meta":{"footnotes":""},"categories":[56],"tags":[1785,1787,1786],"yoast_head":"<!-- This site is optimized with the Yoast SEO plugin v22.2 - https:\/\/yoast.com\/wordpress\/plugins\/seo\/ -->\n<title>Fiera di Parma: cresce la partnership con fiera Colonia -<\/title>\n<meta name=\"robots\" content=\"index, follow, max-snippet:-1, max-image-preview:large, max-video-preview:-1\" \/>\n<link rel=\"canonical\" href=\"https:\/\/www.italiaeconomiaonline.it\/web\/fiera-di-parma-cresce-la-partnership-con-fiera-colonia\/\" \/>\n<meta property=\"og:locale\" content=\"it_IT\" \/>\n<meta property=\"og:type\" content=\"article\" \/>\n<meta property=\"og:title\" content=\"Fiera di Parma: cresce la partnership con fiera Colonia -\" \/>\n<meta property=\"og:description\" content=\"Dopo il successo di Cibus 2021 in settembre ecco quello della fiera internazionale del food&amp;beverage Anuga, la pi\u00f9 grande d\u2019Europa e forse del mondo, tenutasi qualche giorno fa a Colonia, dove 800 aziende alimentari italiane hanno presentato al mondo i loro prodotti. Nelle giornate di Anuga, lo staff di Fiere di Parma ha sviluppato, grazie [&hellip;]\" \/>\n<meta property=\"og:url\" content=\"https:\/\/www.italiaeconomiaonline.it\/web\/fiera-di-parma-cresce-la-partnership-con-fiera-colonia\/\" \/>\n<meta property=\"og:site_name\" content=\"ItaliaEconomiaOnline\" \/>\n<meta property=\"article:published_time\" content=\"2021-10-20T11:29:22+00:00\" \/>\n<meta property=\"og:image\" content=\"https:\/\/www.italiaeconomiaonline.it\/web\/wp-content\/uploads\/2021\/10\/cellie_e_rosolia.jpg\" \/>\n\t<meta property=\"og:image:width\" content=\"939\" \/>\n\t<meta property=\"og:image:height\" content=\"650\" \/>\n\t<meta property=\"og:image:type\" content=\"image\/jpeg\" \/>\n<meta name=\"author\" content=\"ladyitaliaeconomia\" \/>\n<meta name=\"twitter:card\" content=\"summary_large_image\" \/>\n<meta name=\"twitter:label1\" content=\"Scritto da\" \/>\n\t<meta name=\"twitter:data1\" content=\"ladyitaliaeconomia\" \/>\n\t<meta name=\"twitter:label2\" content=\"Tempo di lettura stimato\" \/>\n\t<meta name=\"twitter:data2\" content=\"3 minuti\" \/>\n<script type=\"application\/ld+json\" class=\"yoast-schema-graph\">{\"@context\":\"https:\/\/schema.org\",\"@graph\":[{\"@type\":\"WebPage\",\"@id\":\"https:\/\/www.italiaeconomiaonline.it\/web\/fiera-di-parma-cresce-la-partnership-con-fiera-colonia\/\",\"url\":\"https:\/\/www.italiaeconomiaonline.it\/web\/fiera-di-parma-cresce-la-partnership-con-fiera-colonia\/\",\"name\":\"Fiera di Parma: cresce la partnership con fiera Colonia -\",\"isPartOf\":{\"@id\":\"https:\/\/www.italiaeconomiaonline.it\/web\/#website\"},\"primaryImageOfPage\":{\"@id\":\"https:\/\/www.italiaeconomiaonline.it\/web\/fiera-di-parma-cresce-la-partnership-con-fiera-colonia\/#primaryimage\"},\"image\":{\"@id\":\"https:\/\/www.italiaeconomiaonline.it\/web\/fiera-di-parma-cresce-la-partnership-con-fiera-colonia\/#primaryimage\"},\"thumbnailUrl\":\"https:\/\/www.italiaeconomiaonline.it\/web\/wp-content\/uploads\/2021\/10\/cellie_e_rosolia.jpg\",\"datePublished\":\"2021-10-20T11:29:22+00:00\",\"dateModified\":\"2021-10-20T11:29:22+00:00\",\"author\":{\"@id\":\"https:\/\/www.italiaeconomiaonline.it\/web\/#\/schema\/person\/909a49cce752523b020fbc37d5ab1c31\"},\"breadcrumb\":{\"@id\":\"https:\/\/www.italiaeconomiaonline.it\/web\/fiera-di-parma-cresce-la-partnership-con-fiera-colonia\/#breadcrumb\"},\"inLanguage\":\"it-IT\",\"potentialAction\":[{\"@type\":\"ReadAction\",\"target\":[\"https:\/\/www.italiaeconomiaonline.it\/web\/fiera-di-parma-cresce-la-partnership-con-fiera-colonia\/\"]}]},{\"@type\":\"ImageObject\",\"inLanguage\":\"it-IT\",\"@id\":\"https:\/\/www.italiaeconomiaonline.it\/web\/fiera-di-parma-cresce-la-partnership-con-fiera-colonia\/#primaryimage\",\"url\":\"https:\/\/www.italiaeconomiaonline.it\/web\/wp-content\/uploads\/2021\/10\/cellie_e_rosolia.jpg\",\"contentUrl\":\"https:\/\/www.italiaeconomiaonline.it\/web\/wp-content\/uploads\/2021\/10\/cellie_e_rosolia.jpg\",\"width\":939,\"height\":650},{\"@type\":\"BreadcrumbList\",\"@id\":\"https:\/\/www.italiaeconomiaonline.it\/web\/fiera-di-parma-cresce-la-partnership-con-fiera-colonia\/#breadcrumb\",\"itemListElement\":[{\"@type\":\"ListItem\",\"position\":1,\"name\":\"Home\",\"item\":\"https:\/\/www.italiaeconomiaonline.it\/web\/\"},{\"@type\":\"ListItem\",\"position\":2,\"name\":\"Fiera di Parma: cresce la partnership con fiera Colonia\"}]},{\"@type\":\"WebSite\",\"@id\":\"https:\/\/www.italiaeconomiaonline.it\/web\/#website\",\"url\":\"https:\/\/www.italiaeconomiaonline.it\/web\/\",\"name\":\"ItaliaEconomiaOnline\",\"description\":\"Quotidiano Economico Online\",\"potentialAction\":[{\"@type\":\"SearchAction\",\"target\":{\"@type\":\"EntryPoint\",\"urlTemplate\":\"https:\/\/www.italiaeconomiaonline.it\/web\/?s={search_term_string}\"},\"query-input\":\"required name=search_term_string\"}],\"inLanguage\":\"it-IT\"},{\"@type\":\"Person\",\"@id\":\"https:\/\/www.italiaeconomiaonline.it\/web\/#\/schema\/person\/909a49cce752523b020fbc37d5ab1c31\",\"name\":\"ladyitaliaeconomia\",\"image\":{\"@type\":\"ImageObject\",\"inLanguage\":\"it-IT\",\"@id\":\"https:\/\/www.italiaeconomiaonline.it\/web\/#\/schema\/person\/image\/\",\"url\":\"https:\/\/secure.gravatar.com\/avatar\/cedca10ce7416a579b9fa6bce9c0a8f2?s=96&d=mm&r=g\",\"contentUrl\":\"https:\/\/secure.gravatar.com\/avatar\/cedca10ce7416a579b9fa6bce9c0a8f2?s=96&d=mm&r=g\",\"caption\":\"ladyitaliaeconomia\"},\"url\":\"https:\/\/www.italiaeconomiaonline.it\/web\/author\/ladyitaliaeconomia\/\"}]}<\/script>\n<!-- \/ Yoast SEO plugin. -->","yoast_head_json":{"title":"Fiera di Parma: cresce la partnership con fiera Colonia -","robots":{"index":"index","follow":"follow","max-snippet":"max-snippet:-1","max-image-preview":"max-image-preview:large","max-video-preview":"max-video-preview:-1"},"canonical":"https:\/\/www.italiaeconomiaonline.it\/web\/fiera-di-parma-cresce-la-partnership-con-fiera-colonia\/","og_locale":"it_IT","og_type":"article","og_title":"Fiera di Parma: cresce la partnership con fiera Colonia -","og_description":"Dopo il successo di Cibus 2021 in settembre ecco quello della fiera internazionale del food&amp;beverage Anuga, la pi\u00f9 grande d\u2019Europa e forse del mondo, tenutasi qualche giorno fa a Colonia, dove 800 aziende alimentari italiane hanno presentato al mondo i loro prodotti. Nelle giornate di Anuga, lo staff di Fiere di Parma ha sviluppato, grazie [&hellip;]","og_url":"https:\/\/www.italiaeconomiaonline.it\/web\/fiera-di-parma-cresce-la-partnership-con-fiera-colonia\/","og_site_name":"ItaliaEconomiaOnline","article_published_time":"2021-10-20T11:29:22+00:00","og_image":[{"width":939,"height":650,"url":"https:\/\/www.italiaeconomiaonline.it\/web\/wp-content\/uploads\/2021\/10\/cellie_e_rosolia.jpg","type":"image\/jpeg"}],"author":"ladyitaliaeconomia","twitter_card":"summary_large_image","twitter_misc":{"Scritto da":"ladyitaliaeconomia","Tempo di lettura stimato":"3 minuti"},"schema":{"@context":"https:\/\/schema.org","@graph":[{"@type":"WebPage","@id":"https:\/\/www.italiaeconomiaonline.it\/web\/fiera-di-parma-cresce-la-partnership-con-fiera-colonia\/","url":"https:\/\/www.italiaeconomiaonline.it\/web\/fiera-di-parma-cresce-la-partnership-con-fiera-colonia\/","name":"Fiera di Parma: cresce la partnership con fiera Colonia -","isPartOf":{"@id":"https:\/\/www.italiaeconomiaonline.it\/web\/#website"},"primaryImageOfPage":{"@id":"https:\/\/www.italiaeconomiaonline.it\/web\/fiera-di-parma-cresce-la-partnership-con-fiera-colonia\/#primaryimage"},"image":{"@id":"https:\/\/www.italiaeconomiaonline.it\/web\/fiera-di-parma-cresce-la-partnership-con-fiera-colonia\/#primaryimage"},"thumbnailUrl":"https:\/\/www.italiaeconomiaonline.it\/web\/wp-content\/uploads\/2021\/10\/cellie_e_rosolia.jpg","datePublished":"2021-10-20T11:29:22+00:00","dateModified":"2021-10-20T11:29:22+00:00","author":{"@id":"https:\/\/www.italiaeconomiaonline.it\/web\/#\/schema\/person\/909a49cce752523b020fbc37d5ab1c31"},"breadcrumb":{"@id":"https:\/\/www.italiaeconomiaonline.it\/web\/fiera-di-parma-cresce-la-partnership-con-fiera-colonia\/#breadcrumb"},"inLanguage":"it-IT","potentialAction":[{"@type":"ReadAction","target":["https:\/\/www.italiaeconomiaonline.it\/web\/fiera-di-parma-cresce-la-partnership-con-fiera-colonia\/"]}]},{"@type":"ImageObject","inLanguage":"it-IT","@id":"https:\/\/www.italiaeconomiaonline.it\/web\/fiera-di-parma-cresce-la-partnership-con-fiera-colonia\/#primaryimage","url":"https:\/\/www.italiaeconomiaonline.it\/web\/wp-content\/uploads\/2021\/10\/cellie_e_rosolia.jpg","contentUrl":"https:\/\/www.italiaeconomiaonline.it\/web\/wp-content\/uploads\/2021\/10\/cellie_e_rosolia.jpg","width":939,"height":650},{"@type":"BreadcrumbList","@id":"https:\/\/www.italiaeconomiaonline.it\/web\/fiera-di-parma-cresce-la-partnership-con-fiera-colonia\/#breadcrumb","itemListElement":[{"@type":"ListItem","position":1,"name":"Home","item":"https:\/\/www.italiaeconomiaonline.it\/web\/"},{"@type":"ListItem","position":2,"name":"Fiera di Parma: cresce la partnership con fiera Colonia"}]},{"@type":"WebSite","@id":"https:\/\/www.italiaeconomiaonline.it\/web\/#website","url":"https:\/\/www.italiaeconomiaonline.it\/web\/","name":"ItaliaEconomiaOnline","description":"Quotidiano Economico Online","potentialAction":[{"@type":"SearchAction","target":{"@type":"EntryPoint","urlTemplate":"https:\/\/www.italiaeconomiaonline.it\/web\/?s={search_term_string}"},"query-input":"required name=search_term_string"}],"inLanguage":"it-IT"},{"@type":"Person","@id":"https:\/\/www.italiaeconomiaonline.it\/web\/#\/schema\/person\/909a49cce752523b020fbc37d5ab1c31","name":"ladyitaliaeconomia","image":{"@type":"ImageObject","inLanguage":"it-IT","@id":"https:\/\/www.italiaeconomiaonline.it\/web\/#\/schema\/person\/image\/","url":"https:\/\/secure.gravatar.com\/avatar\/cedca10ce7416a579b9fa6bce9c0a8f2?s=96&d=mm&r=g","contentUrl":"https:\/\/secure.gravatar.com\/avatar\/cedca10ce7416a579b9fa6bce9c0a8f2?s=96&d=mm&r=g","caption":"ladyitaliaeconomia"},"url":"https:\/\/www.italiaeconomiaonline.it\/web\/author\/ladyitaliaeconomia\/"}]}},"_links":{"self":[{"href":"https:\/\/www.italiaeconomiaonline.it\/web\/wp-json\/wp\/v2\/posts\/6315"}],"collection":[{"href":"https:\/\/www.italiaeconomiaonline.it\/web\/wp-json\/wp\/v2\/posts"}],"about":[{"href":"https:\/\/www.italiaeconomiaonline.it\/web\/wp-json\/wp\/v2\/types\/post"}],"author":[{"embeddable":true,"href":"https:\/\/www.italiaeconomiaonline.it\/web\/wp-json\/wp\/v2\/users\/1"}],"replies":[{"embeddable":true,"href":"https:\/\/www.italiaeconomiaonline.it\/web\/wp-json\/wp\/v2\/comments?post=6315"}],"version-history":[{"count":1,"href":"https:\/\/www.italiaeconomiaonline.it\/web\/wp-json\/wp\/v2\/posts\/6315\/revisions"}],"predecessor-version":[{"id":6317,"href":"https:\/\/www.italiaeconomiaonline.it\/web\/wp-json\/wp\/v2\/posts\/6315\/revisions\/6317"}],"wp:featuredmedia":[{"embeddable":true,"href":"https:\/\/www.italiaeconomiaonline.it\/web\/wp-json\/wp\/v2\/media\/6316"}],"wp:attachment":[{"href":"https:\/\/www.italiaeconomiaonline.it\/web\/wp-json\/wp\/v2\/media?parent=6315"}],"wp:term":[{"taxonomy":"category","embeddable":true,"href":"https:\/\/www.italiaeconomiaonline.it\/web\/wp-json\/wp\/v2\/categories?post=6315"},{"taxonomy":"post_tag","embeddable":true,"href":"https:\/\/www.italiaeconomiaonline.it\/web\/wp-json\/wp\/v2\/tags?post=6315"}],"curies":[{"name":"wp","href":"https:\/\/api.w.org\/{rel}","templated":true}]}}