{"id":632,"date":"2019-05-03T16:05:40","date_gmt":"2019-05-03T14:05:40","guid":{"rendered":"http:\/\/www.italiaeconomiaonline.it\/web\/?p=632"},"modified":"2019-05-03T16:05:40","modified_gmt":"2019-05-03T14:05:40","slug":"ferrarini-presenta-in-occasione-di-milano-food-city-due-nuovi-prosciutti-cotti-il-big-storico-e-il-nazionale","status":"publish","type":"post","link":"https:\/\/www.italiaeconomiaonline.it\/web\/ferrarini-presenta-in-occasione-di-milano-food-city-due-nuovi-prosciutti-cotti-il-big-storico-e-il-nazionale\/","title":{"rendered":"Ferrarini presenta in occasione di Milano Food City due nuovi prosciutti cotti: il \u201cBig Storico\u201d e \u201cil Nazionale\u201d"},"content":{"rendered":"<p><span class=\"dropcap dropcap3\">F<\/span>errarini presenta a Milano, in occasione della terza edizione di Milano Food City, il progetto \u201cSapori d\u2019Italia\u201d per valorizzare la cultura alimentare italiana e la vendita al dettaglio e due nuovi prodotti 100% italiani, rivolti al dettaglio tradizionale: il \u201cBig Storico\u201d e \u201cil Nazionale\u201d.<\/p>\n<p>Due prosciutti cotti top di gamma pensati per soddisfare le richieste del mercato che premiano l\u2019altissima qualit\u00e0 e l\u2019artigianalit\u00e0, insieme alla trasparenza sulla provenienza, a partire dalla materia prima.<\/p>\n<p>Lo storico marchio, fondato nel 1956 da Lauro Ferrarini, \u00e8 oggi tra i leader sul mercato nazionale del prosciutto cotto, sia nel canale della grande distribuzione organizzata, sia in quello del dettaglio tradizionale su tutto il territorio nazionale grazie ad una propria struttura distributiva.<\/p>\n<p>I due prodotti saranno presentati l&#8217;8 maggio alle 18 all\u2019Hotel Baglioni in via Senato in occasione della consegna dei CHI E\u2019 CHI SPRING AWARDS, i premi che Cristiana Schieppati direttore del CHI E\u2019 CHI conferisce alle personalit\u00e0 del mondo della moda, dell\u2019industria, dello spettacolo e del food che si contraddistinguono per la loro positivit\u00e0, per il sapere lavorare sempre con entusiasmo e per creare empatia anche attraverso la loro immagine.<\/p>\n<p>L\u2019evento inserito nel calendario di Milano Food City \u00e8 patrocinato dal Comune di Milano con la media partnership de La Cucina Italiana.<\/p>\n<p>Primo brand italiano a produrre prosciutto cotto senza polifosfati aggiunti, Ferrarini \u00e8 ormai una tra le pi\u00f9 importanti realt\u00e0 europee nel settore agroalimentare e propone in tutto il mondo, oltre al suo prosciutto cotto, i prodotti simbolo del Made in Italy: dal prosciutto di Parma alle diverse specialit\u00e0 di salumeria, accompagnate dai prodotti dell\u2019azienda agricola Ferrarini, dalla quale l\u2019attivit\u00e0 imprenditoriale ha preso avvio, come il Parmigiano Reggiano Dop, i vini e l\u2019aceto balsamico di Modena e Tradizionale Dop.<\/p>\n<p>Il brand torna a Milano dopo il successo ottenuto a Expo 2015 nel quale Ferrarini ha avuto uno spazio multifunzionale a fianco Palazzo Italia e di fronte all&#8217;Albero della Vita nel quale vi erano tre aree: la Food House dove i prodotti diventavano ingredienti di esclusive preparazioni degli Chef; il Food Shop dove l\u2019acquisto di una selezione di eccellenze, prodotte in edizione limitata, faceva proseguire l\u2019esperienza vissuta anche a casa e la Food Exhibition per vivere un momento speciale come una degustazione o un evento esclusivo.<\/p>\n<p><b>Ferrarini promuove \u201cSapori d\u2019Italia\u201d per valorizzare la cultura alimentare italiana e la vendita al dettaglio<\/b><\/p>\n<p>Ferrarini promuove il progetto \u201cSapori d\u2019Italia\u201d per valorizzare la cultura alimentare italiana e la vendita al dettaglio e rafforza il legame con il territorio e la vicinanza al consumatore con due nuovi prodotti 100% italiani, rivolti al dettaglio tradizionale: il \u201cBig Storico\u201d e \u201cil Nazionale\u201d.<\/p>\n<p><a href=\"http:\/\/www.italiaeconomiaonline.it\/web\/ferrarini-presenta-in-occasione-di-milano-food-city-due-nuovi-prosciutti-cotti-il-big-storico-e-il-nazionale\/raccolta-foto-con-didascalia\/\" rel=\"attachment wp-att-634\"><img decoding=\"async\" loading=\"lazy\" class=\"size-medium wp-image-634 alignright\" src=\"http:\/\/www.italiaeconomiaonline.it\/web\/wp-content\/uploads\/2019\/05\/5_Sugnatura-Prosciutto-di-Parma-Ferrarini-300x214.jpg\" alt=\"\" width=\"300\" height=\"214\" srcset=\"https:\/\/www.italiaeconomiaonline.it\/web\/wp-content\/uploads\/2019\/05\/5_Sugnatura-Prosciutto-di-Parma-Ferrarini-300x214.jpg 300w, https:\/\/www.italiaeconomiaonline.it\/web\/wp-content\/uploads\/2019\/05\/5_Sugnatura-Prosciutto-di-Parma-Ferrarini-768x548.jpg 768w, https:\/\/www.italiaeconomiaonline.it\/web\/wp-content\/uploads\/2019\/05\/5_Sugnatura-Prosciutto-di-Parma-Ferrarini-1024x731.jpg 1024w, https:\/\/www.italiaeconomiaonline.it\/web\/wp-content\/uploads\/2019\/05\/5_Sugnatura-Prosciutto-di-Parma-Ferrarini-100x70.jpg 100w, https:\/\/www.italiaeconomiaonline.it\/web\/wp-content\/uploads\/2019\/05\/5_Sugnatura-Prosciutto-di-Parma-Ferrarini-696x497.jpg 696w, https:\/\/www.italiaeconomiaonline.it\/web\/wp-content\/uploads\/2019\/05\/5_Sugnatura-Prosciutto-di-Parma-Ferrarini-1068x763.jpg 1068w, https:\/\/www.italiaeconomiaonline.it\/web\/wp-content\/uploads\/2019\/05\/5_Sugnatura-Prosciutto-di-Parma-Ferrarini-588x420.jpg 588w, https:\/\/www.italiaeconomiaonline.it\/web\/wp-content\/uploads\/2019\/05\/5_Sugnatura-Prosciutto-di-Parma-Ferrarini-1920x1371.jpg 1920w\" sizes=\"(max-width: 300px) 100vw, 300px\" \/><\/a> Forte della sua capillarit\u00e0 sul territorio italiano, \u201cFerrarini- afferma la presidente di Ferrarini Spa, Lisa Ferrarini- \u00e8 un brand solido, apprezzato e richiesto dal mercato. Siamo storicamente legati al mondo del dettaglio tradizionale, nel quale vogliamo consolidare sempre pi\u00f9 la nostra presenza, valorizzando la \u2018bottega\u2019 di fiducia dove vince il rapporto umano e il salumiere chiama il cliente per nome\u201d.<\/p>\n<p>&nbsp;<\/p>\n<p><a href=\"http:\/\/www.italiaeconomiaonline.it\/web\/ferrarini-presenta-in-occasione-di-milano-food-city-due-nuovi-prosciutti-cotti-il-big-storico-e-il-nazionale\/big-storico\/\" rel=\"attachment wp-att-633\"><img decoding=\"async\" loading=\"lazy\" class=\"size-medium wp-image-633 alignleft\" src=\"http:\/\/www.italiaeconomiaonline.it\/web\/wp-content\/uploads\/2019\/05\/Big-Storico-300x209.jpg\" alt=\"\" width=\"300\" height=\"209\" srcset=\"https:\/\/www.italiaeconomiaonline.it\/web\/wp-content\/uploads\/2019\/05\/Big-Storico-300x209.jpg 300w, https:\/\/www.italiaeconomiaonline.it\/web\/wp-content\/uploads\/2019\/05\/Big-Storico-768x535.jpg 768w, https:\/\/www.italiaeconomiaonline.it\/web\/wp-content\/uploads\/2019\/05\/Big-Storico-1024x713.jpg 1024w, https:\/\/www.italiaeconomiaonline.it\/web\/wp-content\/uploads\/2019\/05\/Big-Storico-100x70.jpg 100w, https:\/\/www.italiaeconomiaonline.it\/web\/wp-content\/uploads\/2019\/05\/Big-Storico-696x485.jpg 696w, https:\/\/www.italiaeconomiaonline.it\/web\/wp-content\/uploads\/2019\/05\/Big-Storico-1068x744.jpg 1068w, https:\/\/www.italiaeconomiaonline.it\/web\/wp-content\/uploads\/2019\/05\/Big-Storico-603x420.jpg 603w, https:\/\/www.italiaeconomiaonline.it\/web\/wp-content\/uploads\/2019\/05\/Big-Storico-1920x1337.jpg 1920w\" sizes=\"(max-width: 300px) 100vw, 300px\" \/><\/a>\u201cIl sostegno all\u2019economia locale &#8211; continua Lisa Ferrarini &#8211; \u00e8 per noi fondamentale e riteniamo che il dettaglio tradizionale possa coesistere con la grande distribuzione organizzata\u201d. Per l\u2019imprenditrice, \u201ci negozi di quartiere italiani continuano a rappresentare la storia di questo paese e l\u2019eccellenza del Made in Italy. L\u00ec vince il rapporto umano e il consumatore si affida al salumiere, che si distingue per la sua offerta selezionata di prodotti di alta qualit\u00e0 e gourmet. Questa \u00e8 la forza che ha consentito a molti negozi al dettaglio di alimentari di crearsi una nicchia di mercato sempre pi\u00f9 apprezzata dal consumatore\u201d.<\/p>\n<p>\u201cVogliamo accendere i riflettori &#8211; continua <strong>Lisa Ferrarini<\/strong> &#8211; sull\u2019Italia degli ottomila comuni e delle botteghe, che sono da sempre il punto di forza della politica commerciale di Ferrarini che ha una distribuzione diretta in tutto il Paese. Anche per questo abbiamo scelto di lanciare \u201cSapori d\u2019Italia\u201d un progetto fatta sia di attivit\u00e0 di comunicazione che di eventi che ci porter\u00e0 a percorrere tutto il territorio italiano per scoprirne i luoghi, i prodotti, la cucina e le botteghe, cuore pulsante di ogni citt\u00e0, di ogni paese. E lo faremo coinvolgendo i nostri clienti su ciascun territorio e i loro affezionati consumatori\u201d.<\/p>\n<p><b>Il \u201cBig storico\u201d e \u201cIl Nazionale\u201d<\/b><br \/>\n<i>Il \u201cBig storico\u201d \u00e8 un prosciutto cotto, fatto \u201ccome una volta\u201d, per un consumatore sempre pi\u00f9 attento alla qualit\u00e0 e legato al negozio di fiducia sotto casa. Realizzato con un processo altamente artigianale e con materia prima rigorosamente nazionale selezionata, a tracciabilit\u00e0 garantita (da suino pesante italiano), questo prosciutto si contraddistingue per essere legato a mano e con cottura fuori stampo. L\u2019immagine vintage dell\u2019etichetta \u00e8 un omaggio alla storia del brand.<br \/>\nAnche \u201cIl Nazionale\u201d \u00e8 un prosciutto di alta qualit\u00e0, realizzato con carni italiane, monitorando tutte le fasi della filiera, per un prodotto garantito dall\u2019origine alla tavola.<\/i><\/p>\n","protected":false},"excerpt":{"rendered":"<p>Ferrarini presenta a Milano, in occasione della terza edizione di Milano Food City, il progetto \u201cSapori d\u2019Italia\u201d per valorizzare la cultura alimentare italiana e la vendita al dettaglio e due nuovi prodotti 100% italiani, rivolti al dettaglio tradizionale: il \u201cBig Storico\u201d e \u201cil Nazionale\u201d. Due prosciutti cotti top di gamma pensati per soddisfare le richieste [&hellip;]<\/p>\n","protected":false},"author":1,"featured_media":635,"comment_status":"closed","ping_status":"open","sticky":false,"template":"","format":"standard","meta":{"footnotes":""},"categories":[299],"tags":[302,300,301],"yoast_head":"<!-- This site is optimized with the Yoast SEO plugin v22.2 - https:\/\/yoast.com\/wordpress\/plugins\/seo\/ -->\n<title>Ferrarini presenta in occasione di Milano Food City due nuovi prosciutti cotti: il \u201cBig Storico\u201d e \u201cil Nazionale\u201d -<\/title>\n<meta name=\"robots\" content=\"index, follow, max-snippet:-1, max-image-preview:large, max-video-preview:-1\" \/>\n<link rel=\"canonical\" href=\"https:\/\/www.italiaeconomiaonline.it\/web\/ferrarini-presenta-in-occasione-di-milano-food-city-due-nuovi-prosciutti-cotti-il-big-storico-e-il-nazionale\/\" \/>\n<meta property=\"og:locale\" content=\"it_IT\" \/>\n<meta property=\"og:type\" content=\"article\" \/>\n<meta property=\"og:title\" content=\"Ferrarini presenta in occasione di Milano Food City due nuovi prosciutti cotti: il \u201cBig Storico\u201d e \u201cil Nazionale\u201d -\" \/>\n<meta property=\"og:description\" content=\"Ferrarini presenta a Milano, in occasione della terza edizione di Milano Food City, il progetto \u201cSapori d\u2019Italia\u201d per valorizzare la cultura alimentare italiana e la vendita al dettaglio e due nuovi prodotti 100% italiani, rivolti al dettaglio tradizionale: il \u201cBig Storico\u201d e \u201cil Nazionale\u201d. Due prosciutti cotti top di gamma pensati per soddisfare le richieste [&hellip;]\" \/>\n<meta property=\"og:url\" content=\"https:\/\/www.italiaeconomiaonline.it\/web\/ferrarini-presenta-in-occasione-di-milano-food-city-due-nuovi-prosciutti-cotti-il-big-storico-e-il-nazionale\/\" \/>\n<meta property=\"og:site_name\" content=\"ItaliaEconomiaOnline\" \/>\n<meta property=\"article:published_time\" content=\"2019-05-03T14:05:40+00:00\" \/>\n<meta property=\"og:image\" content=\"https:\/\/www.italiaeconomiaonline.it\/web\/wp-content\/uploads\/2019\/05\/3_Centro-stagionatura-prosciuttificio-Ferrarini-1024x731.jpg\" \/>\n\t<meta property=\"og:image:width\" content=\"1024\" \/>\n\t<meta property=\"og:image:height\" content=\"731\" \/>\n\t<meta property=\"og:image:type\" content=\"image\/jpeg\" \/>\n<meta name=\"author\" content=\"ladyitaliaeconomia\" \/>\n<meta name=\"twitter:card\" content=\"summary_large_image\" \/>\n<meta name=\"twitter:label1\" content=\"Scritto da\" \/>\n\t<meta name=\"twitter:data1\" content=\"ladyitaliaeconomia\" \/>\n\t<meta name=\"twitter:label2\" content=\"Tempo di lettura stimato\" \/>\n\t<meta name=\"twitter:data2\" content=\"4 minuti\" \/>\n<script type=\"application\/ld+json\" class=\"yoast-schema-graph\">{\"@context\":\"https:\/\/schema.org\",\"@graph\":[{\"@type\":\"WebPage\",\"@id\":\"https:\/\/www.italiaeconomiaonline.it\/web\/ferrarini-presenta-in-occasione-di-milano-food-city-due-nuovi-prosciutti-cotti-il-big-storico-e-il-nazionale\/\",\"url\":\"https:\/\/www.italiaeconomiaonline.it\/web\/ferrarini-presenta-in-occasione-di-milano-food-city-due-nuovi-prosciutti-cotti-il-big-storico-e-il-nazionale\/\",\"name\":\"Ferrarini presenta in occasione di Milano Food City due nuovi prosciutti cotti: il \u201cBig Storico\u201d e \u201cil Nazionale\u201d -\",\"isPartOf\":{\"@id\":\"https:\/\/www.italiaeconomiaonline.it\/web\/#website\"},\"primaryImageOfPage\":{\"@id\":\"https:\/\/www.italiaeconomiaonline.it\/web\/ferrarini-presenta-in-occasione-di-milano-food-city-due-nuovi-prosciutti-cotti-il-big-storico-e-il-nazionale\/#primaryimage\"},\"image\":{\"@id\":\"https:\/\/www.italiaeconomiaonline.it\/web\/ferrarini-presenta-in-occasione-di-milano-food-city-due-nuovi-prosciutti-cotti-il-big-storico-e-il-nazionale\/#primaryimage\"},\"thumbnailUrl\":\"https:\/\/www.italiaeconomiaonline.it\/web\/wp-content\/uploads\/2019\/05\/3_Centro-stagionatura-prosciuttificio-Ferrarini.jpg\",\"datePublished\":\"2019-05-03T14:05:40+00:00\",\"dateModified\":\"2019-05-03T14:05:40+00:00\",\"author\":{\"@id\":\"https:\/\/www.italiaeconomiaonline.it\/web\/#\/schema\/person\/909a49cce752523b020fbc37d5ab1c31\"},\"breadcrumb\":{\"@id\":\"https:\/\/www.italiaeconomiaonline.it\/web\/ferrarini-presenta-in-occasione-di-milano-food-city-due-nuovi-prosciutti-cotti-il-big-storico-e-il-nazionale\/#breadcrumb\"},\"inLanguage\":\"it-IT\",\"potentialAction\":[{\"@type\":\"ReadAction\",\"target\":[\"https:\/\/www.italiaeconomiaonline.it\/web\/ferrarini-presenta-in-occasione-di-milano-food-city-due-nuovi-prosciutti-cotti-il-big-storico-e-il-nazionale\/\"]}]},{\"@type\":\"ImageObject\",\"inLanguage\":\"it-IT\",\"@id\":\"https:\/\/www.italiaeconomiaonline.it\/web\/ferrarini-presenta-in-occasione-di-milano-food-city-due-nuovi-prosciutti-cotti-il-big-storico-e-il-nazionale\/#primaryimage\",\"url\":\"https:\/\/www.italiaeconomiaonline.it\/web\/wp-content\/uploads\/2019\/05\/3_Centro-stagionatura-prosciuttificio-Ferrarini.jpg\",\"contentUrl\":\"https:\/\/www.italiaeconomiaonline.it\/web\/wp-content\/uploads\/2019\/05\/3_Centro-stagionatura-prosciuttificio-Ferrarini.jpg\",\"width\":2480,\"height\":1771},{\"@type\":\"BreadcrumbList\",\"@id\":\"https:\/\/www.italiaeconomiaonline.it\/web\/ferrarini-presenta-in-occasione-di-milano-food-city-due-nuovi-prosciutti-cotti-il-big-storico-e-il-nazionale\/#breadcrumb\",\"itemListElement\":[{\"@type\":\"ListItem\",\"position\":1,\"name\":\"Home\",\"item\":\"https:\/\/www.italiaeconomiaonline.it\/web\/\"},{\"@type\":\"ListItem\",\"position\":2,\"name\":\"Ferrarini presenta in occasione di Milano Food City due nuovi prosciutti cotti: il \u201cBig Storico\u201d e \u201cil Nazionale\u201d\"}]},{\"@type\":\"WebSite\",\"@id\":\"https:\/\/www.italiaeconomiaonline.it\/web\/#website\",\"url\":\"https:\/\/www.italiaeconomiaonline.it\/web\/\",\"name\":\"ItaliaEconomiaOnline\",\"description\":\"Quotidiano Economico Online\",\"potentialAction\":[{\"@type\":\"SearchAction\",\"target\":{\"@type\":\"EntryPoint\",\"urlTemplate\":\"https:\/\/www.italiaeconomiaonline.it\/web\/?s={search_term_string}\"},\"query-input\":\"required name=search_term_string\"}],\"inLanguage\":\"it-IT\"},{\"@type\":\"Person\",\"@id\":\"https:\/\/www.italiaeconomiaonline.it\/web\/#\/schema\/person\/909a49cce752523b020fbc37d5ab1c31\",\"name\":\"ladyitaliaeconomia\",\"image\":{\"@type\":\"ImageObject\",\"inLanguage\":\"it-IT\",\"@id\":\"https:\/\/www.italiaeconomiaonline.it\/web\/#\/schema\/person\/image\/\",\"url\":\"https:\/\/secure.gravatar.com\/avatar\/cedca10ce7416a579b9fa6bce9c0a8f2?s=96&d=mm&r=g\",\"contentUrl\":\"https:\/\/secure.gravatar.com\/avatar\/cedca10ce7416a579b9fa6bce9c0a8f2?s=96&d=mm&r=g\",\"caption\":\"ladyitaliaeconomia\"},\"url\":\"https:\/\/www.italiaeconomiaonline.it\/web\/author\/ladyitaliaeconomia\/\"}]}<\/script>\n<!-- \/ Yoast SEO plugin. -->","yoast_head_json":{"title":"Ferrarini presenta in occasione di Milano Food City due nuovi prosciutti cotti: il \u201cBig Storico\u201d e \u201cil Nazionale\u201d -","robots":{"index":"index","follow":"follow","max-snippet":"max-snippet:-1","max-image-preview":"max-image-preview:large","max-video-preview":"max-video-preview:-1"},"canonical":"https:\/\/www.italiaeconomiaonline.it\/web\/ferrarini-presenta-in-occasione-di-milano-food-city-due-nuovi-prosciutti-cotti-il-big-storico-e-il-nazionale\/","og_locale":"it_IT","og_type":"article","og_title":"Ferrarini presenta in occasione di Milano Food City due nuovi prosciutti cotti: il \u201cBig Storico\u201d e \u201cil Nazionale\u201d -","og_description":"Ferrarini presenta a Milano, in occasione della terza edizione di Milano Food City, il progetto \u201cSapori d\u2019Italia\u201d per valorizzare la cultura alimentare italiana e la vendita al dettaglio e due nuovi prodotti 100% italiani, rivolti al dettaglio tradizionale: il \u201cBig Storico\u201d e \u201cil Nazionale\u201d. Due prosciutti cotti top di gamma pensati per soddisfare le richieste [&hellip;]","og_url":"https:\/\/www.italiaeconomiaonline.it\/web\/ferrarini-presenta-in-occasione-di-milano-food-city-due-nuovi-prosciutti-cotti-il-big-storico-e-il-nazionale\/","og_site_name":"ItaliaEconomiaOnline","article_published_time":"2019-05-03T14:05:40+00:00","og_image":[{"width":1024,"height":731,"url":"https:\/\/www.italiaeconomiaonline.it\/web\/wp-content\/uploads\/2019\/05\/3_Centro-stagionatura-prosciuttificio-Ferrarini-1024x731.jpg","type":"image\/jpeg"}],"author":"ladyitaliaeconomia","twitter_card":"summary_large_image","twitter_misc":{"Scritto da":"ladyitaliaeconomia","Tempo di lettura stimato":"4 minuti"},"schema":{"@context":"https:\/\/schema.org","@graph":[{"@type":"WebPage","@id":"https:\/\/www.italiaeconomiaonline.it\/web\/ferrarini-presenta-in-occasione-di-milano-food-city-due-nuovi-prosciutti-cotti-il-big-storico-e-il-nazionale\/","url":"https:\/\/www.italiaeconomiaonline.it\/web\/ferrarini-presenta-in-occasione-di-milano-food-city-due-nuovi-prosciutti-cotti-il-big-storico-e-il-nazionale\/","name":"Ferrarini presenta in occasione di Milano Food City due nuovi prosciutti cotti: il \u201cBig Storico\u201d e \u201cil Nazionale\u201d -","isPartOf":{"@id":"https:\/\/www.italiaeconomiaonline.it\/web\/#website"},"primaryImageOfPage":{"@id":"https:\/\/www.italiaeconomiaonline.it\/web\/ferrarini-presenta-in-occasione-di-milano-food-city-due-nuovi-prosciutti-cotti-il-big-storico-e-il-nazionale\/#primaryimage"},"image":{"@id":"https:\/\/www.italiaeconomiaonline.it\/web\/ferrarini-presenta-in-occasione-di-milano-food-city-due-nuovi-prosciutti-cotti-il-big-storico-e-il-nazionale\/#primaryimage"},"thumbnailUrl":"https:\/\/www.italiaeconomiaonline.it\/web\/wp-content\/uploads\/2019\/05\/3_Centro-stagionatura-prosciuttificio-Ferrarini.jpg","datePublished":"2019-05-03T14:05:40+00:00","dateModified":"2019-05-03T14:05:40+00:00","author":{"@id":"https:\/\/www.italiaeconomiaonline.it\/web\/#\/schema\/person\/909a49cce752523b020fbc37d5ab1c31"},"breadcrumb":{"@id":"https:\/\/www.italiaeconomiaonline.it\/web\/ferrarini-presenta-in-occasione-di-milano-food-city-due-nuovi-prosciutti-cotti-il-big-storico-e-il-nazionale\/#breadcrumb"},"inLanguage":"it-IT","potentialAction":[{"@type":"ReadAction","target":["https:\/\/www.italiaeconomiaonline.it\/web\/ferrarini-presenta-in-occasione-di-milano-food-city-due-nuovi-prosciutti-cotti-il-big-storico-e-il-nazionale\/"]}]},{"@type":"ImageObject","inLanguage":"it-IT","@id":"https:\/\/www.italiaeconomiaonline.it\/web\/ferrarini-presenta-in-occasione-di-milano-food-city-due-nuovi-prosciutti-cotti-il-big-storico-e-il-nazionale\/#primaryimage","url":"https:\/\/www.italiaeconomiaonline.it\/web\/wp-content\/uploads\/2019\/05\/3_Centro-stagionatura-prosciuttificio-Ferrarini.jpg","contentUrl":"https:\/\/www.italiaeconomiaonline.it\/web\/wp-content\/uploads\/2019\/05\/3_Centro-stagionatura-prosciuttificio-Ferrarini.jpg","width":2480,"height":1771},{"@type":"BreadcrumbList","@id":"https:\/\/www.italiaeconomiaonline.it\/web\/ferrarini-presenta-in-occasione-di-milano-food-city-due-nuovi-prosciutti-cotti-il-big-storico-e-il-nazionale\/#breadcrumb","itemListElement":[{"@type":"ListItem","position":1,"name":"Home","item":"https:\/\/www.italiaeconomiaonline.it\/web\/"},{"@type":"ListItem","position":2,"name":"Ferrarini presenta in occasione di Milano Food City due nuovi prosciutti cotti: il \u201cBig Storico\u201d e \u201cil Nazionale\u201d"}]},{"@type":"WebSite","@id":"https:\/\/www.italiaeconomiaonline.it\/web\/#website","url":"https:\/\/www.italiaeconomiaonline.it\/web\/","name":"ItaliaEconomiaOnline","description":"Quotidiano Economico Online","potentialAction":[{"@type":"SearchAction","target":{"@type":"EntryPoint","urlTemplate":"https:\/\/www.italiaeconomiaonline.it\/web\/?s={search_term_string}"},"query-input":"required name=search_term_string"}],"inLanguage":"it-IT"},{"@type":"Person","@id":"https:\/\/www.italiaeconomiaonline.it\/web\/#\/schema\/person\/909a49cce752523b020fbc37d5ab1c31","name":"ladyitaliaeconomia","image":{"@type":"ImageObject","inLanguage":"it-IT","@id":"https:\/\/www.italiaeconomiaonline.it\/web\/#\/schema\/person\/image\/","url":"https:\/\/secure.gravatar.com\/avatar\/cedca10ce7416a579b9fa6bce9c0a8f2?s=96&d=mm&r=g","contentUrl":"https:\/\/secure.gravatar.com\/avatar\/cedca10ce7416a579b9fa6bce9c0a8f2?s=96&d=mm&r=g","caption":"ladyitaliaeconomia"},"url":"https:\/\/www.italiaeconomiaonline.it\/web\/author\/ladyitaliaeconomia\/"}]}},"_links":{"self":[{"href":"https:\/\/www.italiaeconomiaonline.it\/web\/wp-json\/wp\/v2\/posts\/632"}],"collection":[{"href":"https:\/\/www.italiaeconomiaonline.it\/web\/wp-json\/wp\/v2\/posts"}],"about":[{"href":"https:\/\/www.italiaeconomiaonline.it\/web\/wp-json\/wp\/v2\/types\/post"}],"author":[{"embeddable":true,"href":"https:\/\/www.italiaeconomiaonline.it\/web\/wp-json\/wp\/v2\/users\/1"}],"replies":[{"embeddable":true,"href":"https:\/\/www.italiaeconomiaonline.it\/web\/wp-json\/wp\/v2\/comments?post=632"}],"version-history":[{"count":2,"href":"https:\/\/www.italiaeconomiaonline.it\/web\/wp-json\/wp\/v2\/posts\/632\/revisions"}],"predecessor-version":[{"id":637,"href":"https:\/\/www.italiaeconomiaonline.it\/web\/wp-json\/wp\/v2\/posts\/632\/revisions\/637"}],"wp:featuredmedia":[{"embeddable":true,"href":"https:\/\/www.italiaeconomiaonline.it\/web\/wp-json\/wp\/v2\/media\/635"}],"wp:attachment":[{"href":"https:\/\/www.italiaeconomiaonline.it\/web\/wp-json\/wp\/v2\/media?parent=632"}],"wp:term":[{"taxonomy":"category","embeddable":true,"href":"https:\/\/www.italiaeconomiaonline.it\/web\/wp-json\/wp\/v2\/categories?post=632"},{"taxonomy":"post_tag","embeddable":true,"href":"https:\/\/www.italiaeconomiaonline.it\/web\/wp-json\/wp\/v2\/tags?post=632"}],"curies":[{"name":"wp","href":"https:\/\/api.w.org\/{rel}","templated":true}]}}