{"id":6337,"date":"2021-10-28T10:19:55","date_gmt":"2021-10-28T08:19:55","guid":{"rendered":"http:\/\/www.italiaeconomiaonline.it\/web\/?p=6337"},"modified":"2021-10-28T10:19:55","modified_gmt":"2021-10-28T08:19:55","slug":"maltempo-coldiretti-danni-incalcolabili-alle-coltivazioni-e-alle-strutture-agricole","status":"publish","type":"post","link":"https:\/\/www.italiaeconomiaonline.it\/web\/maltempo-coldiretti-danni-incalcolabili-alle-coltivazioni-e-alle-strutture-agricole\/","title":{"rendered":"Maltempo, Coldiretti: danni incalcolabili alle coltivazioni e alle strutture agricole"},"content":{"rendered":"<p>Con l\u2019ultima ondata di maltempo che ha devastato la Sicilia sale il conto degli eventi estremi nel 2021 in Italia con il record di 1837 tra nubifragi, tornado, tempeste di vento, grandinate, ondate di calore e di gelo estremi in aumento del 40% rispetto allo stesso periodo dello scorso anno che fa segnare i record da quando sono iniziate le registrazioni. E\u2019 quanto emerge dall\u2019analisi della Coldiretti su sulla base dei dati dell\u2019European Severe Weather Database (ESWD) relativi ai primi dieci mesi dell\u2019anno, in riferimento al ciclone mediterraneo che ha colpito l\u2019Italia.<\/p>\n<p>&nbsp;<\/p>\n<p>L\u2019uragano del sud \u2013 sottolinea la Coldiretti \u2013 sta massacrando l&#8217;agricoltura siciliana distruggendo le coltivazioni di ortaggi mentre ci vorranno anni per ripiantare gli agrumeti sradicati o finiti sott\u2019acqua. E\u2019 impossibile entrare nei campi per effettuare le tradizionali semine autunnali mentre \u2013 precisa la Coldiretti &#8211; l vento ha fatto cadere a terra le olive dagli alberi e gravi danni si registrano anche alle strutture e alle infrastrutture agricole.<\/p>\n<p>&nbsp;<\/p>\n<p>Siamo di fronte \u2013 sottolinea la Coldiretti \u2013 alle conseguenze dei cambiamenti climatici anche in Italia dove l\u2019eccezionalit\u00e0 degli eventi atmosferici \u00e8 ormai la norma, con una tendenza alla tropicalizzazione che si manifesta con una pi\u00f9 elevata frequenza di manifestazioni violente, sfasamenti stagionali, precipitazioni brevi e intense ed il rapido passaggio dal sole al maltempo, che compromettono anche le coltivazioni nei campi con costi stimati che hanno gi\u00e0 superato i due miliardi quest\u2019anno tra perdite della produzione agricola nazionale e danni alle strutture e alle infrastrutture nelle campagne.<\/p>\n<p>&nbsp;<\/p>\n<p>Violenti temporali, tornado e tempeste di vento che colpiscono le citt\u00e0 e le campagne \u2013 sottolinea la Coldiretti \u2013 si abbattono su un territorio nazionale fragile dove a causa della cementificazione e dall\u2019abbandono \u2013 precisa la Coldiretti \u2013 sono saliti a 7252 i comuni italiani, ovvero il 91,3% del totale, che hanno parte del proprio territorio a rischio frane e\/o alluvioni. L\u2019agricoltura \u00e8 l\u2019attivit\u00e0 economica che pi\u00f9 di tutte le altre vive quotidianamente le conseguenze dei cambiamenti climatici, ma \u00e8 anche il settore pi\u00f9 impegnato per contrastarli \u2013 sottolinea la Coldiretti \u2013 si tratta di una nuova sfida per le imprese agricole che devono interpretare le novit\u00e0 segnalate dalla climatologia e gli effetti sui cicli delle colture, sulla gestione delle acque e sulla sicurezza del territorio. Per affrontare i danni dei cambiamenti climatici \u2013 precisa Coldiretti \u2013 servono interventi strutturali e strumenti di gestione del rischio sempre pi\u00f9 avanzati, efficaci e con meno burocrazia.<\/p>\n<p>&nbsp;<\/p>\n","protected":false},"excerpt":{"rendered":"<p>Con l\u2019ultima ondata di maltempo che ha devastato la Sicilia sale il conto degli eventi estremi nel 2021 in Italia con il record di 1837 tra nubifragi, tornado, tempeste di vento, grandinate, ondate di calore e di gelo estremi in aumento del 40% rispetto allo stesso periodo dello scorso anno che fa segnare i record [&hellip;]<\/p>\n","protected":false},"author":1,"featured_media":6094,"comment_status":"closed","ping_status":"open","sticky":false,"template":"","format":"standard","meta":{"footnotes":""},"categories":[795],"tags":[158,1789,1788],"yoast_head":"<!-- This site is optimized with the Yoast SEO plugin v22.2 - https:\/\/yoast.com\/wordpress\/plugins\/seo\/ -->\n<title>Maltempo, Coldiretti: danni incalcolabili alle coltivazioni e alle strutture agricole -<\/title>\n<meta name=\"robots\" content=\"index, follow, max-snippet:-1, max-image-preview:large, max-video-preview:-1\" \/>\n<link rel=\"canonical\" href=\"https:\/\/www.italiaeconomiaonline.it\/web\/maltempo-coldiretti-danni-incalcolabili-alle-coltivazioni-e-alle-strutture-agricole\/\" \/>\n<meta property=\"og:locale\" content=\"it_IT\" \/>\n<meta property=\"og:type\" content=\"article\" \/>\n<meta property=\"og:title\" content=\"Maltempo, Coldiretti: danni incalcolabili alle coltivazioni e alle strutture agricole -\" \/>\n<meta property=\"og:description\" content=\"Con l\u2019ultima ondata di maltempo che ha devastato la Sicilia sale il conto degli eventi estremi nel 2021 in Italia con il record di 1837 tra nubifragi, tornado, tempeste di vento, grandinate, ondate di calore e di gelo estremi in aumento del 40% rispetto allo stesso periodo dello scorso anno che fa segnare i record [&hellip;]\" \/>\n<meta property=\"og:url\" content=\"https:\/\/www.italiaeconomiaonline.it\/web\/maltempo-coldiretti-danni-incalcolabili-alle-coltivazioni-e-alle-strutture-agricole\/\" \/>\n<meta property=\"og:site_name\" content=\"ItaliaEconomiaOnline\" \/>\n<meta property=\"article:published_time\" content=\"2021-10-28T08:19:55+00:00\" \/>\n<meta property=\"og:image\" content=\"https:\/\/www.italiaeconomiaonline.it\/web\/wp-content\/uploads\/2021\/07\/Schermata-2021-07-28-alle-11.09.35.png\" \/>\n\t<meta property=\"og:image:width\" content=\"1358\" \/>\n\t<meta property=\"og:image:height\" content=\"762\" \/>\n\t<meta property=\"og:image:type\" content=\"image\/png\" \/>\n<meta name=\"author\" content=\"ladyitaliaeconomia\" \/>\n<meta name=\"twitter:card\" content=\"summary_large_image\" \/>\n<meta name=\"twitter:label1\" content=\"Scritto da\" \/>\n\t<meta name=\"twitter:data1\" content=\"ladyitaliaeconomia\" \/>\n\t<meta name=\"twitter:label2\" content=\"Tempo di lettura stimato\" \/>\n\t<meta name=\"twitter:data2\" content=\"2 minuti\" \/>\n<script type=\"application\/ld+json\" class=\"yoast-schema-graph\">{\"@context\":\"https:\/\/schema.org\",\"@graph\":[{\"@type\":\"WebPage\",\"@id\":\"https:\/\/www.italiaeconomiaonline.it\/web\/maltempo-coldiretti-danni-incalcolabili-alle-coltivazioni-e-alle-strutture-agricole\/\",\"url\":\"https:\/\/www.italiaeconomiaonline.it\/web\/maltempo-coldiretti-danni-incalcolabili-alle-coltivazioni-e-alle-strutture-agricole\/\",\"name\":\"Maltempo, Coldiretti: danni incalcolabili alle coltivazioni e alle strutture agricole -\",\"isPartOf\":{\"@id\":\"https:\/\/www.italiaeconomiaonline.it\/web\/#website\"},\"primaryImageOfPage\":{\"@id\":\"https:\/\/www.italiaeconomiaonline.it\/web\/maltempo-coldiretti-danni-incalcolabili-alle-coltivazioni-e-alle-strutture-agricole\/#primaryimage\"},\"image\":{\"@id\":\"https:\/\/www.italiaeconomiaonline.it\/web\/maltempo-coldiretti-danni-incalcolabili-alle-coltivazioni-e-alle-strutture-agricole\/#primaryimage\"},\"thumbnailUrl\":\"https:\/\/www.italiaeconomiaonline.it\/web\/wp-content\/uploads\/2021\/07\/Schermata-2021-07-28-alle-11.09.35.png\",\"datePublished\":\"2021-10-28T08:19:55+00:00\",\"dateModified\":\"2021-10-28T08:19:55+00:00\",\"author\":{\"@id\":\"https:\/\/www.italiaeconomiaonline.it\/web\/#\/schema\/person\/909a49cce752523b020fbc37d5ab1c31\"},\"breadcrumb\":{\"@id\":\"https:\/\/www.italiaeconomiaonline.it\/web\/maltempo-coldiretti-danni-incalcolabili-alle-coltivazioni-e-alle-strutture-agricole\/#breadcrumb\"},\"inLanguage\":\"it-IT\",\"potentialAction\":[{\"@type\":\"ReadAction\",\"target\":[\"https:\/\/www.italiaeconomiaonline.it\/web\/maltempo-coldiretti-danni-incalcolabili-alle-coltivazioni-e-alle-strutture-agricole\/\"]}]},{\"@type\":\"ImageObject\",\"inLanguage\":\"it-IT\",\"@id\":\"https:\/\/www.italiaeconomiaonline.it\/web\/maltempo-coldiretti-danni-incalcolabili-alle-coltivazioni-e-alle-strutture-agricole\/#primaryimage\",\"url\":\"https:\/\/www.italiaeconomiaonline.it\/web\/wp-content\/uploads\/2021\/07\/Schermata-2021-07-28-alle-11.09.35.png\",\"contentUrl\":\"https:\/\/www.italiaeconomiaonline.it\/web\/wp-content\/uploads\/2021\/07\/Schermata-2021-07-28-alle-11.09.35.png\",\"width\":1358,\"height\":762,\"caption\":\"Foto di repertorio\"},{\"@type\":\"BreadcrumbList\",\"@id\":\"https:\/\/www.italiaeconomiaonline.it\/web\/maltempo-coldiretti-danni-incalcolabili-alle-coltivazioni-e-alle-strutture-agricole\/#breadcrumb\",\"itemListElement\":[{\"@type\":\"ListItem\",\"position\":1,\"name\":\"Home\",\"item\":\"https:\/\/www.italiaeconomiaonline.it\/web\/\"},{\"@type\":\"ListItem\",\"position\":2,\"name\":\"Maltempo, Coldiretti: danni incalcolabili alle coltivazioni e alle strutture agricole\"}]},{\"@type\":\"WebSite\",\"@id\":\"https:\/\/www.italiaeconomiaonline.it\/web\/#website\",\"url\":\"https:\/\/www.italiaeconomiaonline.it\/web\/\",\"name\":\"ItaliaEconomiaOnline\",\"description\":\"Quotidiano Economico Online\",\"potentialAction\":[{\"@type\":\"SearchAction\",\"target\":{\"@type\":\"EntryPoint\",\"urlTemplate\":\"https:\/\/www.italiaeconomiaonline.it\/web\/?s={search_term_string}\"},\"query-input\":\"required name=search_term_string\"}],\"inLanguage\":\"it-IT\"},{\"@type\":\"Person\",\"@id\":\"https:\/\/www.italiaeconomiaonline.it\/web\/#\/schema\/person\/909a49cce752523b020fbc37d5ab1c31\",\"name\":\"ladyitaliaeconomia\",\"image\":{\"@type\":\"ImageObject\",\"inLanguage\":\"it-IT\",\"@id\":\"https:\/\/www.italiaeconomiaonline.it\/web\/#\/schema\/person\/image\/\",\"url\":\"https:\/\/secure.gravatar.com\/avatar\/cedca10ce7416a579b9fa6bce9c0a8f2?s=96&d=mm&r=g\",\"contentUrl\":\"https:\/\/secure.gravatar.com\/avatar\/cedca10ce7416a579b9fa6bce9c0a8f2?s=96&d=mm&r=g\",\"caption\":\"ladyitaliaeconomia\"},\"url\":\"https:\/\/www.italiaeconomiaonline.it\/web\/author\/ladyitaliaeconomia\/\"}]}<\/script>\n<!-- \/ Yoast SEO plugin. -->","yoast_head_json":{"title":"Maltempo, Coldiretti: danni incalcolabili alle coltivazioni e alle strutture agricole -","robots":{"index":"index","follow":"follow","max-snippet":"max-snippet:-1","max-image-preview":"max-image-preview:large","max-video-preview":"max-video-preview:-1"},"canonical":"https:\/\/www.italiaeconomiaonline.it\/web\/maltempo-coldiretti-danni-incalcolabili-alle-coltivazioni-e-alle-strutture-agricole\/","og_locale":"it_IT","og_type":"article","og_title":"Maltempo, Coldiretti: danni incalcolabili alle coltivazioni e alle strutture agricole -","og_description":"Con l\u2019ultima ondata di maltempo che ha devastato la Sicilia sale il conto degli eventi estremi nel 2021 in Italia con il record di 1837 tra nubifragi, tornado, tempeste di vento, grandinate, ondate di calore e di gelo estremi in aumento del 40% rispetto allo stesso periodo dello scorso anno che fa segnare i record [&hellip;]","og_url":"https:\/\/www.italiaeconomiaonline.it\/web\/maltempo-coldiretti-danni-incalcolabili-alle-coltivazioni-e-alle-strutture-agricole\/","og_site_name":"ItaliaEconomiaOnline","article_published_time":"2021-10-28T08:19:55+00:00","og_image":[{"width":1358,"height":762,"url":"https:\/\/www.italiaeconomiaonline.it\/web\/wp-content\/uploads\/2021\/07\/Schermata-2021-07-28-alle-11.09.35.png","type":"image\/png"}],"author":"ladyitaliaeconomia","twitter_card":"summary_large_image","twitter_misc":{"Scritto da":"ladyitaliaeconomia","Tempo di lettura stimato":"2 minuti"},"schema":{"@context":"https:\/\/schema.org","@graph":[{"@type":"WebPage","@id":"https:\/\/www.italiaeconomiaonline.it\/web\/maltempo-coldiretti-danni-incalcolabili-alle-coltivazioni-e-alle-strutture-agricole\/","url":"https:\/\/www.italiaeconomiaonline.it\/web\/maltempo-coldiretti-danni-incalcolabili-alle-coltivazioni-e-alle-strutture-agricole\/","name":"Maltempo, Coldiretti: danni incalcolabili alle coltivazioni e alle strutture agricole -","isPartOf":{"@id":"https:\/\/www.italiaeconomiaonline.it\/web\/#website"},"primaryImageOfPage":{"@id":"https:\/\/www.italiaeconomiaonline.it\/web\/maltempo-coldiretti-danni-incalcolabili-alle-coltivazioni-e-alle-strutture-agricole\/#primaryimage"},"image":{"@id":"https:\/\/www.italiaeconomiaonline.it\/web\/maltempo-coldiretti-danni-incalcolabili-alle-coltivazioni-e-alle-strutture-agricole\/#primaryimage"},"thumbnailUrl":"https:\/\/www.italiaeconomiaonline.it\/web\/wp-content\/uploads\/2021\/07\/Schermata-2021-07-28-alle-11.09.35.png","datePublished":"2021-10-28T08:19:55+00:00","dateModified":"2021-10-28T08:19:55+00:00","author":{"@id":"https:\/\/www.italiaeconomiaonline.it\/web\/#\/schema\/person\/909a49cce752523b020fbc37d5ab1c31"},"breadcrumb":{"@id":"https:\/\/www.italiaeconomiaonline.it\/web\/maltempo-coldiretti-danni-incalcolabili-alle-coltivazioni-e-alle-strutture-agricole\/#breadcrumb"},"inLanguage":"it-IT","potentialAction":[{"@type":"ReadAction","target":["https:\/\/www.italiaeconomiaonline.it\/web\/maltempo-coldiretti-danni-incalcolabili-alle-coltivazioni-e-alle-strutture-agricole\/"]}]},{"@type":"ImageObject","inLanguage":"it-IT","@id":"https:\/\/www.italiaeconomiaonline.it\/web\/maltempo-coldiretti-danni-incalcolabili-alle-coltivazioni-e-alle-strutture-agricole\/#primaryimage","url":"https:\/\/www.italiaeconomiaonline.it\/web\/wp-content\/uploads\/2021\/07\/Schermata-2021-07-28-alle-11.09.35.png","contentUrl":"https:\/\/www.italiaeconomiaonline.it\/web\/wp-content\/uploads\/2021\/07\/Schermata-2021-07-28-alle-11.09.35.png","width":1358,"height":762,"caption":"Foto di repertorio"},{"@type":"BreadcrumbList","@id":"https:\/\/www.italiaeconomiaonline.it\/web\/maltempo-coldiretti-danni-incalcolabili-alle-coltivazioni-e-alle-strutture-agricole\/#breadcrumb","itemListElement":[{"@type":"ListItem","position":1,"name":"Home","item":"https:\/\/www.italiaeconomiaonline.it\/web\/"},{"@type":"ListItem","position":2,"name":"Maltempo, Coldiretti: danni incalcolabili alle coltivazioni e alle strutture agricole"}]},{"@type":"WebSite","@id":"https:\/\/www.italiaeconomiaonline.it\/web\/#website","url":"https:\/\/www.italiaeconomiaonline.it\/web\/","name":"ItaliaEconomiaOnline","description":"Quotidiano Economico Online","potentialAction":[{"@type":"SearchAction","target":{"@type":"EntryPoint","urlTemplate":"https:\/\/www.italiaeconomiaonline.it\/web\/?s={search_term_string}"},"query-input":"required name=search_term_string"}],"inLanguage":"it-IT"},{"@type":"Person","@id":"https:\/\/www.italiaeconomiaonline.it\/web\/#\/schema\/person\/909a49cce752523b020fbc37d5ab1c31","name":"ladyitaliaeconomia","image":{"@type":"ImageObject","inLanguage":"it-IT","@id":"https:\/\/www.italiaeconomiaonline.it\/web\/#\/schema\/person\/image\/","url":"https:\/\/secure.gravatar.com\/avatar\/cedca10ce7416a579b9fa6bce9c0a8f2?s=96&d=mm&r=g","contentUrl":"https:\/\/secure.gravatar.com\/avatar\/cedca10ce7416a579b9fa6bce9c0a8f2?s=96&d=mm&r=g","caption":"ladyitaliaeconomia"},"url":"https:\/\/www.italiaeconomiaonline.it\/web\/author\/ladyitaliaeconomia\/"}]}},"_links":{"self":[{"href":"https:\/\/www.italiaeconomiaonline.it\/web\/wp-json\/wp\/v2\/posts\/6337"}],"collection":[{"href":"https:\/\/www.italiaeconomiaonline.it\/web\/wp-json\/wp\/v2\/posts"}],"about":[{"href":"https:\/\/www.italiaeconomiaonline.it\/web\/wp-json\/wp\/v2\/types\/post"}],"author":[{"embeddable":true,"href":"https:\/\/www.italiaeconomiaonline.it\/web\/wp-json\/wp\/v2\/users\/1"}],"replies":[{"embeddable":true,"href":"https:\/\/www.italiaeconomiaonline.it\/web\/wp-json\/wp\/v2\/comments?post=6337"}],"version-history":[{"count":1,"href":"https:\/\/www.italiaeconomiaonline.it\/web\/wp-json\/wp\/v2\/posts\/6337\/revisions"}],"predecessor-version":[{"id":6338,"href":"https:\/\/www.italiaeconomiaonline.it\/web\/wp-json\/wp\/v2\/posts\/6337\/revisions\/6338"}],"wp:featuredmedia":[{"embeddable":true,"href":"https:\/\/www.italiaeconomiaonline.it\/web\/wp-json\/wp\/v2\/media\/6094"}],"wp:attachment":[{"href":"https:\/\/www.italiaeconomiaonline.it\/web\/wp-json\/wp\/v2\/media?parent=6337"}],"wp:term":[{"taxonomy":"category","embeddable":true,"href":"https:\/\/www.italiaeconomiaonline.it\/web\/wp-json\/wp\/v2\/categories?post=6337"},{"taxonomy":"post_tag","embeddable":true,"href":"https:\/\/www.italiaeconomiaonline.it\/web\/wp-json\/wp\/v2\/tags?post=6337"}],"curies":[{"name":"wp","href":"https:\/\/api.w.org\/{rel}","templated":true}]}}