{"id":6347,"date":"2021-11-03T11:05:24","date_gmt":"2021-11-03T10:05:24","guid":{"rendered":"http:\/\/www.italiaeconomiaonline.it\/web\/?p=6347"},"modified":"2021-11-03T11:05:24","modified_gmt":"2021-11-03T10:05:24","slug":"maltempo-coldiretti-107-tempeste-in-un-mese-salgono-i-danni","status":"publish","type":"post","link":"https:\/\/www.italiaeconomiaonline.it\/web\/maltempo-coldiretti-107-tempeste-in-un-mese-salgono-i-danni\/","title":{"rendered":"Maltempo, Coldiretti: +107% tempeste in un mese, salgono i danni"},"content":{"rendered":"<p>Tempeste di vento, nubifragi, grandinate e tornado sono pi\u00f9 che raddoppiati (+107%) nell\u2019ultimo mese facendo salire il conto dei danni in citt\u00e0 ed in campagna. E\u2019 quanto emerge dall\u2019analisi della Coldiretti sulla base dei dati dell\u2019European Severe Weather Database (Eswd) in riferimento all\u2019allerta arancione su parte di Lazio, Campania, Molise, Abruzzo e Sardegna a causa del ciclone Poppea con l\u2019arrivo della neve in montagna.<\/p>\n<p>&nbsp;<\/p>\n<p>Sono evidenti anche in Italia \u2013 sostiene la Coldiretti \u2013 gli effetti dei cambiamenti climatici al centro della conferenza Onu di Glasgow Cop26. Siamo di fronte \u2013 precisa la Coldiretti \u2013 alle conseguenze dei cambiamenti climatici anche in Italia dove l\u2019eccezionalit\u00e0 degli eventi atmosferici \u00e8 ormai la norma, con una tendenza alla tropicalizzazione che si manifesta con una pi\u00f9 elevata frequenza di manifestazioni violente, sfasamenti stagionali, precipitazioni brevi e intense ed il rapido passaggio dal sole al maltempo, che compromettono anche le coltivazioni nei campi con danni per oltre 2 miliardi di euro nel 2021, tra perdite della produzione agricola nazionale e danni alle strutture e alle infrastrutture nelle campagne.<\/p>\n<p>&nbsp;<\/p>\n<p>Violenti temporali, tornado e tempeste di vento che colpiscono le citt\u00e0 e le campagne \u2013 sottolinea la Coldiretti \u2013 si abbattono su un territorio nazionale fragile dove a causa della cementificazione e dall\u2019abbandono \u2013 precisa la Coldiretti \u2013 sono saliti a 7252 i comuni italiani, ovvero il 91,3% del totale, che hanno parte del proprio territorio a rischio frane e\/o alluvioni. L\u2019agricoltura \u2013 evidenzia la Coldiretti &#8211; \u00e8 l\u2019attivit\u00e0 economica che pi\u00f9 di tutte le altre vive quotidianamente le conseguenze dei cambiamenti climatici, ma \u00e8 anche il settore pi\u00f9 impegnato per contrastarli.<\/p>\n<p>&nbsp;<\/p>\n<p>Si tratta \u2013 continua la Coldiretti &#8211; di una nuova sfida per le imprese agricole che devono interpretare le novit\u00e0 segnalate dalla climatologia e gli effetti sui cicli delle colture, sulla gestione delle acque e sulla sicurezza del territorio. Per affrontare i danni dei cambiamenti climatici \u2013 precisa Coldiretti \u2013 servono interventi strutturali e strumenti di gestione del rischio sempre pi\u00f9 avanzati, efficaci e con meno burocrazia.<\/p>\n<p>&nbsp;<\/p>\n<p>\u201cLe vittime e i danni causati da fenomeni meteo sempre pi\u00f9 violenti anche in Italia ci dicono che siamo entrati in una nuova fase del fenomeno dei cambiamenti climatici dinanzi alla quale servono strategie per garantire la messa in sicurezza dei territori e delle attivit\u00e0 produttive\u201d ha affermato il presidente della Coldiretti Ettore Prandini nel sottolineare che \u201cin tale ottica il Pnrr pu\u00f2 rappresentare un\u2019opportunit\u00e0 per introdurre nuove tecniche capaci di affrontare quelle situazioni di emergenza che gli strumenti della legislazione attuale non sono pi\u00f9 in grado di governare\u201d.<\/p>\n<p>&nbsp;<\/p>\n<p>&nbsp;<\/p>\n<p>&nbsp;<\/p>\n","protected":false},"excerpt":{"rendered":"<p>Tempeste di vento, nubifragi, grandinate e tornado sono pi\u00f9 che raddoppiati (+107%) nell\u2019ultimo mese facendo salire il conto dei danni in citt\u00e0 ed in campagna. E\u2019 quanto emerge dall\u2019analisi della Coldiretti sulla base dei dati dell\u2019European Severe Weather Database (Eswd) in riferimento all\u2019allerta arancione su parte di Lazio, Campania, Molise, Abruzzo e Sardegna a causa [&hellip;]<\/p>\n","protected":false},"author":1,"featured_media":6094,"comment_status":"closed","ping_status":"open","sticky":false,"template":"","format":"standard","meta":{"footnotes":""},"categories":[795],"tags":[],"yoast_head":"<!-- This site is optimized with the Yoast SEO plugin v22.2 - https:\/\/yoast.com\/wordpress\/plugins\/seo\/ -->\n<title>Maltempo, Coldiretti: +107% tempeste in un mese, salgono i danni -<\/title>\n<meta name=\"robots\" content=\"index, follow, max-snippet:-1, max-image-preview:large, max-video-preview:-1\" \/>\n<link rel=\"canonical\" href=\"https:\/\/www.italiaeconomiaonline.it\/web\/maltempo-coldiretti-107-tempeste-in-un-mese-salgono-i-danni\/\" \/>\n<meta property=\"og:locale\" content=\"it_IT\" \/>\n<meta property=\"og:type\" content=\"article\" \/>\n<meta property=\"og:title\" content=\"Maltempo, Coldiretti: +107% tempeste in un mese, salgono i danni -\" \/>\n<meta property=\"og:description\" content=\"Tempeste di vento, nubifragi, grandinate e tornado sono pi\u00f9 che raddoppiati (+107%) nell\u2019ultimo mese facendo salire il conto dei danni in citt\u00e0 ed in campagna. E\u2019 quanto emerge dall\u2019analisi della Coldiretti sulla base dei dati dell\u2019European Severe Weather Database (Eswd) in riferimento all\u2019allerta arancione su parte di Lazio, Campania, Molise, Abruzzo e Sardegna a causa [&hellip;]\" \/>\n<meta property=\"og:url\" content=\"https:\/\/www.italiaeconomiaonline.it\/web\/maltempo-coldiretti-107-tempeste-in-un-mese-salgono-i-danni\/\" \/>\n<meta property=\"og:site_name\" content=\"ItaliaEconomiaOnline\" \/>\n<meta property=\"article:published_time\" content=\"2021-11-03T10:05:24+00:00\" \/>\n<meta property=\"og:image\" content=\"https:\/\/www.italiaeconomiaonline.it\/web\/wp-content\/uploads\/2021\/07\/Schermata-2021-07-28-alle-11.09.35.png\" \/>\n\t<meta property=\"og:image:width\" content=\"1358\" \/>\n\t<meta property=\"og:image:height\" content=\"762\" \/>\n\t<meta property=\"og:image:type\" content=\"image\/png\" \/>\n<meta name=\"author\" content=\"ladyitaliaeconomia\" \/>\n<meta name=\"twitter:card\" content=\"summary_large_image\" \/>\n<meta name=\"twitter:label1\" content=\"Scritto da\" \/>\n\t<meta name=\"twitter:data1\" content=\"ladyitaliaeconomia\" \/>\n\t<meta name=\"twitter:label2\" content=\"Tempo di lettura stimato\" \/>\n\t<meta name=\"twitter:data2\" content=\"2 minuti\" \/>\n<script type=\"application\/ld+json\" class=\"yoast-schema-graph\">{\"@context\":\"https:\/\/schema.org\",\"@graph\":[{\"@type\":\"WebPage\",\"@id\":\"https:\/\/www.italiaeconomiaonline.it\/web\/maltempo-coldiretti-107-tempeste-in-un-mese-salgono-i-danni\/\",\"url\":\"https:\/\/www.italiaeconomiaonline.it\/web\/maltempo-coldiretti-107-tempeste-in-un-mese-salgono-i-danni\/\",\"name\":\"Maltempo, Coldiretti: +107% tempeste in un mese, salgono i danni -\",\"isPartOf\":{\"@id\":\"https:\/\/www.italiaeconomiaonline.it\/web\/#website\"},\"primaryImageOfPage\":{\"@id\":\"https:\/\/www.italiaeconomiaonline.it\/web\/maltempo-coldiretti-107-tempeste-in-un-mese-salgono-i-danni\/#primaryimage\"},\"image\":{\"@id\":\"https:\/\/www.italiaeconomiaonline.it\/web\/maltempo-coldiretti-107-tempeste-in-un-mese-salgono-i-danni\/#primaryimage\"},\"thumbnailUrl\":\"https:\/\/www.italiaeconomiaonline.it\/web\/wp-content\/uploads\/2021\/07\/Schermata-2021-07-28-alle-11.09.35.png\",\"datePublished\":\"2021-11-03T10:05:24+00:00\",\"dateModified\":\"2021-11-03T10:05:24+00:00\",\"author\":{\"@id\":\"https:\/\/www.italiaeconomiaonline.it\/web\/#\/schema\/person\/909a49cce752523b020fbc37d5ab1c31\"},\"breadcrumb\":{\"@id\":\"https:\/\/www.italiaeconomiaonline.it\/web\/maltempo-coldiretti-107-tempeste-in-un-mese-salgono-i-danni\/#breadcrumb\"},\"inLanguage\":\"it-IT\",\"potentialAction\":[{\"@type\":\"ReadAction\",\"target\":[\"https:\/\/www.italiaeconomiaonline.it\/web\/maltempo-coldiretti-107-tempeste-in-un-mese-salgono-i-danni\/\"]}]},{\"@type\":\"ImageObject\",\"inLanguage\":\"it-IT\",\"@id\":\"https:\/\/www.italiaeconomiaonline.it\/web\/maltempo-coldiretti-107-tempeste-in-un-mese-salgono-i-danni\/#primaryimage\",\"url\":\"https:\/\/www.italiaeconomiaonline.it\/web\/wp-content\/uploads\/2021\/07\/Schermata-2021-07-28-alle-11.09.35.png\",\"contentUrl\":\"https:\/\/www.italiaeconomiaonline.it\/web\/wp-content\/uploads\/2021\/07\/Schermata-2021-07-28-alle-11.09.35.png\",\"width\":1358,\"height\":762,\"caption\":\"Foto di repertorio\"},{\"@type\":\"BreadcrumbList\",\"@id\":\"https:\/\/www.italiaeconomiaonline.it\/web\/maltempo-coldiretti-107-tempeste-in-un-mese-salgono-i-danni\/#breadcrumb\",\"itemListElement\":[{\"@type\":\"ListItem\",\"position\":1,\"name\":\"Home\",\"item\":\"https:\/\/www.italiaeconomiaonline.it\/web\/\"},{\"@type\":\"ListItem\",\"position\":2,\"name\":\"Maltempo, Coldiretti: +107% tempeste in un mese, salgono i danni\"}]},{\"@type\":\"WebSite\",\"@id\":\"https:\/\/www.italiaeconomiaonline.it\/web\/#website\",\"url\":\"https:\/\/www.italiaeconomiaonline.it\/web\/\",\"name\":\"ItaliaEconomiaOnline\",\"description\":\"Quotidiano Economico Online\",\"potentialAction\":[{\"@type\":\"SearchAction\",\"target\":{\"@type\":\"EntryPoint\",\"urlTemplate\":\"https:\/\/www.italiaeconomiaonline.it\/web\/?s={search_term_string}\"},\"query-input\":\"required name=search_term_string\"}],\"inLanguage\":\"it-IT\"},{\"@type\":\"Person\",\"@id\":\"https:\/\/www.italiaeconomiaonline.it\/web\/#\/schema\/person\/909a49cce752523b020fbc37d5ab1c31\",\"name\":\"ladyitaliaeconomia\",\"image\":{\"@type\":\"ImageObject\",\"inLanguage\":\"it-IT\",\"@id\":\"https:\/\/www.italiaeconomiaonline.it\/web\/#\/schema\/person\/image\/\",\"url\":\"https:\/\/secure.gravatar.com\/avatar\/cedca10ce7416a579b9fa6bce9c0a8f2?s=96&d=mm&r=g\",\"contentUrl\":\"https:\/\/secure.gravatar.com\/avatar\/cedca10ce7416a579b9fa6bce9c0a8f2?s=96&d=mm&r=g\",\"caption\":\"ladyitaliaeconomia\"},\"url\":\"https:\/\/www.italiaeconomiaonline.it\/web\/author\/ladyitaliaeconomia\/\"}]}<\/script>\n<!-- \/ Yoast SEO plugin. -->","yoast_head_json":{"title":"Maltempo, Coldiretti: +107% tempeste in un mese, salgono i danni -","robots":{"index":"index","follow":"follow","max-snippet":"max-snippet:-1","max-image-preview":"max-image-preview:large","max-video-preview":"max-video-preview:-1"},"canonical":"https:\/\/www.italiaeconomiaonline.it\/web\/maltempo-coldiretti-107-tempeste-in-un-mese-salgono-i-danni\/","og_locale":"it_IT","og_type":"article","og_title":"Maltempo, Coldiretti: +107% tempeste in un mese, salgono i danni -","og_description":"Tempeste di vento, nubifragi, grandinate e tornado sono pi\u00f9 che raddoppiati (+107%) nell\u2019ultimo mese facendo salire il conto dei danni in citt\u00e0 ed in campagna. E\u2019 quanto emerge dall\u2019analisi della Coldiretti sulla base dei dati dell\u2019European Severe Weather Database (Eswd) in riferimento all\u2019allerta arancione su parte di Lazio, Campania, Molise, Abruzzo e Sardegna a causa [&hellip;]","og_url":"https:\/\/www.italiaeconomiaonline.it\/web\/maltempo-coldiretti-107-tempeste-in-un-mese-salgono-i-danni\/","og_site_name":"ItaliaEconomiaOnline","article_published_time":"2021-11-03T10:05:24+00:00","og_image":[{"width":1358,"height":762,"url":"https:\/\/www.italiaeconomiaonline.it\/web\/wp-content\/uploads\/2021\/07\/Schermata-2021-07-28-alle-11.09.35.png","type":"image\/png"}],"author":"ladyitaliaeconomia","twitter_card":"summary_large_image","twitter_misc":{"Scritto da":"ladyitaliaeconomia","Tempo di lettura stimato":"2 minuti"},"schema":{"@context":"https:\/\/schema.org","@graph":[{"@type":"WebPage","@id":"https:\/\/www.italiaeconomiaonline.it\/web\/maltempo-coldiretti-107-tempeste-in-un-mese-salgono-i-danni\/","url":"https:\/\/www.italiaeconomiaonline.it\/web\/maltempo-coldiretti-107-tempeste-in-un-mese-salgono-i-danni\/","name":"Maltempo, Coldiretti: +107% tempeste in un mese, salgono i danni -","isPartOf":{"@id":"https:\/\/www.italiaeconomiaonline.it\/web\/#website"},"primaryImageOfPage":{"@id":"https:\/\/www.italiaeconomiaonline.it\/web\/maltempo-coldiretti-107-tempeste-in-un-mese-salgono-i-danni\/#primaryimage"},"image":{"@id":"https:\/\/www.italiaeconomiaonline.it\/web\/maltempo-coldiretti-107-tempeste-in-un-mese-salgono-i-danni\/#primaryimage"},"thumbnailUrl":"https:\/\/www.italiaeconomiaonline.it\/web\/wp-content\/uploads\/2021\/07\/Schermata-2021-07-28-alle-11.09.35.png","datePublished":"2021-11-03T10:05:24+00:00","dateModified":"2021-11-03T10:05:24+00:00","author":{"@id":"https:\/\/www.italiaeconomiaonline.it\/web\/#\/schema\/person\/909a49cce752523b020fbc37d5ab1c31"},"breadcrumb":{"@id":"https:\/\/www.italiaeconomiaonline.it\/web\/maltempo-coldiretti-107-tempeste-in-un-mese-salgono-i-danni\/#breadcrumb"},"inLanguage":"it-IT","potentialAction":[{"@type":"ReadAction","target":["https:\/\/www.italiaeconomiaonline.it\/web\/maltempo-coldiretti-107-tempeste-in-un-mese-salgono-i-danni\/"]}]},{"@type":"ImageObject","inLanguage":"it-IT","@id":"https:\/\/www.italiaeconomiaonline.it\/web\/maltempo-coldiretti-107-tempeste-in-un-mese-salgono-i-danni\/#primaryimage","url":"https:\/\/www.italiaeconomiaonline.it\/web\/wp-content\/uploads\/2021\/07\/Schermata-2021-07-28-alle-11.09.35.png","contentUrl":"https:\/\/www.italiaeconomiaonline.it\/web\/wp-content\/uploads\/2021\/07\/Schermata-2021-07-28-alle-11.09.35.png","width":1358,"height":762,"caption":"Foto di repertorio"},{"@type":"BreadcrumbList","@id":"https:\/\/www.italiaeconomiaonline.it\/web\/maltempo-coldiretti-107-tempeste-in-un-mese-salgono-i-danni\/#breadcrumb","itemListElement":[{"@type":"ListItem","position":1,"name":"Home","item":"https:\/\/www.italiaeconomiaonline.it\/web\/"},{"@type":"ListItem","position":2,"name":"Maltempo, Coldiretti: +107% tempeste in un mese, salgono i danni"}]},{"@type":"WebSite","@id":"https:\/\/www.italiaeconomiaonline.it\/web\/#website","url":"https:\/\/www.italiaeconomiaonline.it\/web\/","name":"ItaliaEconomiaOnline","description":"Quotidiano Economico Online","potentialAction":[{"@type":"SearchAction","target":{"@type":"EntryPoint","urlTemplate":"https:\/\/www.italiaeconomiaonline.it\/web\/?s={search_term_string}"},"query-input":"required name=search_term_string"}],"inLanguage":"it-IT"},{"@type":"Person","@id":"https:\/\/www.italiaeconomiaonline.it\/web\/#\/schema\/person\/909a49cce752523b020fbc37d5ab1c31","name":"ladyitaliaeconomia","image":{"@type":"ImageObject","inLanguage":"it-IT","@id":"https:\/\/www.italiaeconomiaonline.it\/web\/#\/schema\/person\/image\/","url":"https:\/\/secure.gravatar.com\/avatar\/cedca10ce7416a579b9fa6bce9c0a8f2?s=96&d=mm&r=g","contentUrl":"https:\/\/secure.gravatar.com\/avatar\/cedca10ce7416a579b9fa6bce9c0a8f2?s=96&d=mm&r=g","caption":"ladyitaliaeconomia"},"url":"https:\/\/www.italiaeconomiaonline.it\/web\/author\/ladyitaliaeconomia\/"}]}},"_links":{"self":[{"href":"https:\/\/www.italiaeconomiaonline.it\/web\/wp-json\/wp\/v2\/posts\/6347"}],"collection":[{"href":"https:\/\/www.italiaeconomiaonline.it\/web\/wp-json\/wp\/v2\/posts"}],"about":[{"href":"https:\/\/www.italiaeconomiaonline.it\/web\/wp-json\/wp\/v2\/types\/post"}],"author":[{"embeddable":true,"href":"https:\/\/www.italiaeconomiaonline.it\/web\/wp-json\/wp\/v2\/users\/1"}],"replies":[{"embeddable":true,"href":"https:\/\/www.italiaeconomiaonline.it\/web\/wp-json\/wp\/v2\/comments?post=6347"}],"version-history":[{"count":1,"href":"https:\/\/www.italiaeconomiaonline.it\/web\/wp-json\/wp\/v2\/posts\/6347\/revisions"}],"predecessor-version":[{"id":6348,"href":"https:\/\/www.italiaeconomiaonline.it\/web\/wp-json\/wp\/v2\/posts\/6347\/revisions\/6348"}],"wp:featuredmedia":[{"embeddable":true,"href":"https:\/\/www.italiaeconomiaonline.it\/web\/wp-json\/wp\/v2\/media\/6094"}],"wp:attachment":[{"href":"https:\/\/www.italiaeconomiaonline.it\/web\/wp-json\/wp\/v2\/media?parent=6347"}],"wp:term":[{"taxonomy":"category","embeddable":true,"href":"https:\/\/www.italiaeconomiaonline.it\/web\/wp-json\/wp\/v2\/categories?post=6347"},{"taxonomy":"post_tag","embeddable":true,"href":"https:\/\/www.italiaeconomiaonline.it\/web\/wp-json\/wp\/v2\/tags?post=6347"}],"curies":[{"name":"wp","href":"https:\/\/api.w.org\/{rel}","templated":true}]}}