{"id":6417,"date":"2021-11-30T16:19:57","date_gmt":"2021-11-30T15:19:57","guid":{"rendered":"http:\/\/www.italiaeconomiaonline.it\/web\/?p=6417"},"modified":"2021-11-30T16:19:57","modified_gmt":"2021-11-30T15:19:57","slug":"inflazione-uecoop-balzo-record-preoccupa-3-imprese-su-4","status":"publish","type":"post","link":"https:\/\/www.italiaeconomiaonline.it\/web\/inflazione-uecoop-balzo-record-preoccupa-3-imprese-su-4\/","title":{"rendered":"Inflazione, Uecoop: balzo record preoccupa 3 imprese su 4"},"content":{"rendered":"<p>Il balzo record dell\u2019inflazione preoccupa 3 imprese su 4 (75%) alle prese con la gestione dei costi dell\u2019energia che salgono del 30,7% su base annua. E quanto emerge dall\u2019indagine dell\u2019Unione europea delle cooperative (Uecoop) in riferimento agli ultimi dati Istat sull\u2019aumento generale dei prezzi a novembre 2021 con livelli che non si vedevano dal settembre 2008.<\/p>\n<p>&nbsp;<\/p>\n<p>Fra le imprese cooperative che temono un peggioramento dei costi \u2013 spiega Uecoop &#8211; pi\u00f9 della met\u00e0 (55%) crede che l\u2019effetto sui bilanci sar\u00e0 molto rilevante, il 20% ritiene che si sentir\u00e0 abbastanza mentre 1 su 4 (25%) pensa che l\u2019impatto pur presente si sentir\u00e0, ma in misura ridotta. Il caro carburanti e il caro bollette sono per\u00f2 temuti dall\u201984% delle imprese intervistate considerato che \u2013 sottolinea Uecoop \u2013 si tratta di costi influenzati per la maggior parte dall\u2019andamento dei mercati internazionali pi\u00f9 che da una efficiente gestione delle spese all\u2019interno dell\u2019azienda.<\/p>\n<p>&nbsp;<\/p>\n<p>Il balzo record dell\u2019inflazione arriva dopo oltre un anno di pesante impatto pandemico sull\u2019economia al quale ha fatto argine la tradizionale resilienza del sistema delle imprese cooperative italiane che \u2013 conclude Uecoop &#8211; pu\u00f2 contare su quasi 80mila realt\u00e0 con oltre un milione di occupati e con una presenza trasversale su pi\u00f9 settori produttivi e servizi, dalla logistica al turismo, dall\u2019alimentare alla sanit\u00e0, dalla scuola agli spettacoli.<\/p>\n<p>&nbsp;<\/p>\n","protected":false},"excerpt":{"rendered":"<p>Il balzo record dell\u2019inflazione preoccupa 3 imprese su 4 (75%) alle prese con la gestione dei costi dell\u2019energia che salgono del 30,7% su base annua. E quanto emerge dall\u2019indagine dell\u2019Unione europea delle cooperative (Uecoop) in riferimento agli ultimi dati Istat sull\u2019aumento generale dei prezzi a novembre 2021 con livelli che non si vedevano dal settembre [&hellip;]<\/p>\n","protected":false},"author":1,"featured_media":5058,"comment_status":"closed","ping_status":"open","sticky":false,"template":"","format":"standard","meta":{"footnotes":""},"categories":[56],"tags":[],"yoast_head":"<!-- This site is optimized with the Yoast SEO plugin v22.2 - https:\/\/yoast.com\/wordpress\/plugins\/seo\/ -->\n<title>Inflazione, Uecoop: balzo record preoccupa 3 imprese su 4 -<\/title>\n<meta name=\"robots\" content=\"index, follow, max-snippet:-1, max-image-preview:large, max-video-preview:-1\" \/>\n<link rel=\"canonical\" href=\"https:\/\/www.italiaeconomiaonline.it\/web\/inflazione-uecoop-balzo-record-preoccupa-3-imprese-su-4\/\" \/>\n<meta property=\"og:locale\" content=\"it_IT\" \/>\n<meta property=\"og:type\" content=\"article\" \/>\n<meta property=\"og:title\" content=\"Inflazione, Uecoop: balzo record preoccupa 3 imprese su 4 -\" \/>\n<meta property=\"og:description\" content=\"Il balzo record dell\u2019inflazione preoccupa 3 imprese su 4 (75%) alle prese con la gestione dei costi dell\u2019energia che salgono del 30,7% su base annua. E quanto emerge dall\u2019indagine dell\u2019Unione europea delle cooperative (Uecoop) in riferimento agli ultimi dati Istat sull\u2019aumento generale dei prezzi a novembre 2021 con livelli che non si vedevano dal settembre [&hellip;]\" \/>\n<meta property=\"og:url\" content=\"https:\/\/www.italiaeconomiaonline.it\/web\/inflazione-uecoop-balzo-record-preoccupa-3-imprese-su-4\/\" \/>\n<meta property=\"og:site_name\" content=\"ItaliaEconomiaOnline\" \/>\n<meta property=\"article:published_time\" content=\"2021-11-30T15:19:57+00:00\" \/>\n<meta property=\"og:image\" content=\"https:\/\/www.italiaeconomiaonline.it\/web\/wp-content\/uploads\/2021\/01\/Schermata-2021-01-11-alle-10.26.13.png\" \/>\n\t<meta property=\"og:image:width\" content=\"1526\" \/>\n\t<meta property=\"og:image:height\" content=\"990\" \/>\n\t<meta property=\"og:image:type\" content=\"image\/png\" \/>\n<meta name=\"author\" content=\"ladyitaliaeconomia\" \/>\n<meta name=\"twitter:card\" content=\"summary_large_image\" \/>\n<meta name=\"twitter:label1\" content=\"Scritto da\" \/>\n\t<meta name=\"twitter:data1\" content=\"ladyitaliaeconomia\" \/>\n\t<meta name=\"twitter:label2\" content=\"Tempo di lettura stimato\" \/>\n\t<meta name=\"twitter:data2\" content=\"1 minuto\" \/>\n<script type=\"application\/ld+json\" class=\"yoast-schema-graph\">{\"@context\":\"https:\/\/schema.org\",\"@graph\":[{\"@type\":\"WebPage\",\"@id\":\"https:\/\/www.italiaeconomiaonline.it\/web\/inflazione-uecoop-balzo-record-preoccupa-3-imprese-su-4\/\",\"url\":\"https:\/\/www.italiaeconomiaonline.it\/web\/inflazione-uecoop-balzo-record-preoccupa-3-imprese-su-4\/\",\"name\":\"Inflazione, Uecoop: balzo record preoccupa 3 imprese su 4 -\",\"isPartOf\":{\"@id\":\"https:\/\/www.italiaeconomiaonline.it\/web\/#website\"},\"primaryImageOfPage\":{\"@id\":\"https:\/\/www.italiaeconomiaonline.it\/web\/inflazione-uecoop-balzo-record-preoccupa-3-imprese-su-4\/#primaryimage\"},\"image\":{\"@id\":\"https:\/\/www.italiaeconomiaonline.it\/web\/inflazione-uecoop-balzo-record-preoccupa-3-imprese-su-4\/#primaryimage\"},\"thumbnailUrl\":\"https:\/\/www.italiaeconomiaonline.it\/web\/wp-content\/uploads\/2021\/01\/Schermata-2021-01-11-alle-10.26.13.png\",\"datePublished\":\"2021-11-30T15:19:57+00:00\",\"dateModified\":\"2021-11-30T15:19:57+00:00\",\"author\":{\"@id\":\"https:\/\/www.italiaeconomiaonline.it\/web\/#\/schema\/person\/909a49cce752523b020fbc37d5ab1c31\"},\"breadcrumb\":{\"@id\":\"https:\/\/www.italiaeconomiaonline.it\/web\/inflazione-uecoop-balzo-record-preoccupa-3-imprese-su-4\/#breadcrumb\"},\"inLanguage\":\"it-IT\",\"potentialAction\":[{\"@type\":\"ReadAction\",\"target\":[\"https:\/\/www.italiaeconomiaonline.it\/web\/inflazione-uecoop-balzo-record-preoccupa-3-imprese-su-4\/\"]}]},{\"@type\":\"ImageObject\",\"inLanguage\":\"it-IT\",\"@id\":\"https:\/\/www.italiaeconomiaonline.it\/web\/inflazione-uecoop-balzo-record-preoccupa-3-imprese-su-4\/#primaryimage\",\"url\":\"https:\/\/www.italiaeconomiaonline.it\/web\/wp-content\/uploads\/2021\/01\/Schermata-2021-01-11-alle-10.26.13.png\",\"contentUrl\":\"https:\/\/www.italiaeconomiaonline.it\/web\/wp-content\/uploads\/2021\/01\/Schermata-2021-01-11-alle-10.26.13.png\",\"width\":1526,\"height\":990},{\"@type\":\"BreadcrumbList\",\"@id\":\"https:\/\/www.italiaeconomiaonline.it\/web\/inflazione-uecoop-balzo-record-preoccupa-3-imprese-su-4\/#breadcrumb\",\"itemListElement\":[{\"@type\":\"ListItem\",\"position\":1,\"name\":\"Home\",\"item\":\"https:\/\/www.italiaeconomiaonline.it\/web\/\"},{\"@type\":\"ListItem\",\"position\":2,\"name\":\"Inflazione, Uecoop: balzo record preoccupa 3 imprese su 4\"}]},{\"@type\":\"WebSite\",\"@id\":\"https:\/\/www.italiaeconomiaonline.it\/web\/#website\",\"url\":\"https:\/\/www.italiaeconomiaonline.it\/web\/\",\"name\":\"ItaliaEconomiaOnline\",\"description\":\"Quotidiano Economico Online\",\"potentialAction\":[{\"@type\":\"SearchAction\",\"target\":{\"@type\":\"EntryPoint\",\"urlTemplate\":\"https:\/\/www.italiaeconomiaonline.it\/web\/?s={search_term_string}\"},\"query-input\":\"required name=search_term_string\"}],\"inLanguage\":\"it-IT\"},{\"@type\":\"Person\",\"@id\":\"https:\/\/www.italiaeconomiaonline.it\/web\/#\/schema\/person\/909a49cce752523b020fbc37d5ab1c31\",\"name\":\"ladyitaliaeconomia\",\"image\":{\"@type\":\"ImageObject\",\"inLanguage\":\"it-IT\",\"@id\":\"https:\/\/www.italiaeconomiaonline.it\/web\/#\/schema\/person\/image\/\",\"url\":\"https:\/\/secure.gravatar.com\/avatar\/cedca10ce7416a579b9fa6bce9c0a8f2?s=96&d=mm&r=g\",\"contentUrl\":\"https:\/\/secure.gravatar.com\/avatar\/cedca10ce7416a579b9fa6bce9c0a8f2?s=96&d=mm&r=g\",\"caption\":\"ladyitaliaeconomia\"},\"url\":\"https:\/\/www.italiaeconomiaonline.it\/web\/author\/ladyitaliaeconomia\/\"}]}<\/script>\n<!-- \/ Yoast SEO plugin. -->","yoast_head_json":{"title":"Inflazione, Uecoop: balzo record preoccupa 3 imprese su 4 -","robots":{"index":"index","follow":"follow","max-snippet":"max-snippet:-1","max-image-preview":"max-image-preview:large","max-video-preview":"max-video-preview:-1"},"canonical":"https:\/\/www.italiaeconomiaonline.it\/web\/inflazione-uecoop-balzo-record-preoccupa-3-imprese-su-4\/","og_locale":"it_IT","og_type":"article","og_title":"Inflazione, Uecoop: balzo record preoccupa 3 imprese su 4 -","og_description":"Il balzo record dell\u2019inflazione preoccupa 3 imprese su 4 (75%) alle prese con la gestione dei costi dell\u2019energia che salgono del 30,7% su base annua. E quanto emerge dall\u2019indagine dell\u2019Unione europea delle cooperative (Uecoop) in riferimento agli ultimi dati Istat sull\u2019aumento generale dei prezzi a novembre 2021 con livelli che non si vedevano dal settembre [&hellip;]","og_url":"https:\/\/www.italiaeconomiaonline.it\/web\/inflazione-uecoop-balzo-record-preoccupa-3-imprese-su-4\/","og_site_name":"ItaliaEconomiaOnline","article_published_time":"2021-11-30T15:19:57+00:00","og_image":[{"width":1526,"height":990,"url":"https:\/\/www.italiaeconomiaonline.it\/web\/wp-content\/uploads\/2021\/01\/Schermata-2021-01-11-alle-10.26.13.png","type":"image\/png"}],"author":"ladyitaliaeconomia","twitter_card":"summary_large_image","twitter_misc":{"Scritto da":"ladyitaliaeconomia","Tempo di lettura stimato":"1 minuto"},"schema":{"@context":"https:\/\/schema.org","@graph":[{"@type":"WebPage","@id":"https:\/\/www.italiaeconomiaonline.it\/web\/inflazione-uecoop-balzo-record-preoccupa-3-imprese-su-4\/","url":"https:\/\/www.italiaeconomiaonline.it\/web\/inflazione-uecoop-balzo-record-preoccupa-3-imprese-su-4\/","name":"Inflazione, Uecoop: balzo record preoccupa 3 imprese su 4 -","isPartOf":{"@id":"https:\/\/www.italiaeconomiaonline.it\/web\/#website"},"primaryImageOfPage":{"@id":"https:\/\/www.italiaeconomiaonline.it\/web\/inflazione-uecoop-balzo-record-preoccupa-3-imprese-su-4\/#primaryimage"},"image":{"@id":"https:\/\/www.italiaeconomiaonline.it\/web\/inflazione-uecoop-balzo-record-preoccupa-3-imprese-su-4\/#primaryimage"},"thumbnailUrl":"https:\/\/www.italiaeconomiaonline.it\/web\/wp-content\/uploads\/2021\/01\/Schermata-2021-01-11-alle-10.26.13.png","datePublished":"2021-11-30T15:19:57+00:00","dateModified":"2021-11-30T15:19:57+00:00","author":{"@id":"https:\/\/www.italiaeconomiaonline.it\/web\/#\/schema\/person\/909a49cce752523b020fbc37d5ab1c31"},"breadcrumb":{"@id":"https:\/\/www.italiaeconomiaonline.it\/web\/inflazione-uecoop-balzo-record-preoccupa-3-imprese-su-4\/#breadcrumb"},"inLanguage":"it-IT","potentialAction":[{"@type":"ReadAction","target":["https:\/\/www.italiaeconomiaonline.it\/web\/inflazione-uecoop-balzo-record-preoccupa-3-imprese-su-4\/"]}]},{"@type":"ImageObject","inLanguage":"it-IT","@id":"https:\/\/www.italiaeconomiaonline.it\/web\/inflazione-uecoop-balzo-record-preoccupa-3-imprese-su-4\/#primaryimage","url":"https:\/\/www.italiaeconomiaonline.it\/web\/wp-content\/uploads\/2021\/01\/Schermata-2021-01-11-alle-10.26.13.png","contentUrl":"https:\/\/www.italiaeconomiaonline.it\/web\/wp-content\/uploads\/2021\/01\/Schermata-2021-01-11-alle-10.26.13.png","width":1526,"height":990},{"@type":"BreadcrumbList","@id":"https:\/\/www.italiaeconomiaonline.it\/web\/inflazione-uecoop-balzo-record-preoccupa-3-imprese-su-4\/#breadcrumb","itemListElement":[{"@type":"ListItem","position":1,"name":"Home","item":"https:\/\/www.italiaeconomiaonline.it\/web\/"},{"@type":"ListItem","position":2,"name":"Inflazione, Uecoop: balzo record preoccupa 3 imprese su 4"}]},{"@type":"WebSite","@id":"https:\/\/www.italiaeconomiaonline.it\/web\/#website","url":"https:\/\/www.italiaeconomiaonline.it\/web\/","name":"ItaliaEconomiaOnline","description":"Quotidiano Economico Online","potentialAction":[{"@type":"SearchAction","target":{"@type":"EntryPoint","urlTemplate":"https:\/\/www.italiaeconomiaonline.it\/web\/?s={search_term_string}"},"query-input":"required name=search_term_string"}],"inLanguage":"it-IT"},{"@type":"Person","@id":"https:\/\/www.italiaeconomiaonline.it\/web\/#\/schema\/person\/909a49cce752523b020fbc37d5ab1c31","name":"ladyitaliaeconomia","image":{"@type":"ImageObject","inLanguage":"it-IT","@id":"https:\/\/www.italiaeconomiaonline.it\/web\/#\/schema\/person\/image\/","url":"https:\/\/secure.gravatar.com\/avatar\/cedca10ce7416a579b9fa6bce9c0a8f2?s=96&d=mm&r=g","contentUrl":"https:\/\/secure.gravatar.com\/avatar\/cedca10ce7416a579b9fa6bce9c0a8f2?s=96&d=mm&r=g","caption":"ladyitaliaeconomia"},"url":"https:\/\/www.italiaeconomiaonline.it\/web\/author\/ladyitaliaeconomia\/"}]}},"_links":{"self":[{"href":"https:\/\/www.italiaeconomiaonline.it\/web\/wp-json\/wp\/v2\/posts\/6417"}],"collection":[{"href":"https:\/\/www.italiaeconomiaonline.it\/web\/wp-json\/wp\/v2\/posts"}],"about":[{"href":"https:\/\/www.italiaeconomiaonline.it\/web\/wp-json\/wp\/v2\/types\/post"}],"author":[{"embeddable":true,"href":"https:\/\/www.italiaeconomiaonline.it\/web\/wp-json\/wp\/v2\/users\/1"}],"replies":[{"embeddable":true,"href":"https:\/\/www.italiaeconomiaonline.it\/web\/wp-json\/wp\/v2\/comments?post=6417"}],"version-history":[{"count":1,"href":"https:\/\/www.italiaeconomiaonline.it\/web\/wp-json\/wp\/v2\/posts\/6417\/revisions"}],"predecessor-version":[{"id":6418,"href":"https:\/\/www.italiaeconomiaonline.it\/web\/wp-json\/wp\/v2\/posts\/6417\/revisions\/6418"}],"wp:featuredmedia":[{"embeddable":true,"href":"https:\/\/www.italiaeconomiaonline.it\/web\/wp-json\/wp\/v2\/media\/5058"}],"wp:attachment":[{"href":"https:\/\/www.italiaeconomiaonline.it\/web\/wp-json\/wp\/v2\/media?parent=6417"}],"wp:term":[{"taxonomy":"category","embeddable":true,"href":"https:\/\/www.italiaeconomiaonline.it\/web\/wp-json\/wp\/v2\/categories?post=6417"},{"taxonomy":"post_tag","embeddable":true,"href":"https:\/\/www.italiaeconomiaonline.it\/web\/wp-json\/wp\/v2\/tags?post=6417"}],"curies":[{"name":"wp","href":"https:\/\/api.w.org\/{rel}","templated":true}]}}