{"id":6431,"date":"2021-12-06T15:02:31","date_gmt":"2021-12-06T14:02:31","guid":{"rendered":"http:\/\/www.italiaeconomiaonline.it\/web\/?p=6431"},"modified":"2021-12-06T15:02:56","modified_gmt":"2021-12-06T14:02:56","slug":"limprenditore-e-il-nuovo-personaggio-del-presepe-2021","status":"publish","type":"post","link":"https:\/\/www.italiaeconomiaonline.it\/web\/limprenditore-e-il-nuovo-personaggio-del-presepe-2021\/","title":{"rendered":"L&#8217;imprenditore \u00e8 il nuovo personaggio del Presepe 2021"},"content":{"rendered":"<p style=\"text-align: left;\" align=\"center\">La statuina per il Presepe 2021 promossa dalla Fondazione Symbola, Confartigianato e\u00a0Coldiretti, nell\u2019ambito del\u00a0<a href=\"https:\/\/www.symbola.net\/manifesto\/\" target=\"_blank\" rel=\"noopener noreferrer\">Manifesto di Assisi<\/a>, \u00e8 l\u2019imprenditore che usa la tecnologia a significare la centralit\u00e0 dell\u2019impresa che affronta nuove sfide per la crescita economica e sociale del Paese.<\/p>\n<p>&nbsp;<\/p>\n<p>Il Presepe \u00e8 una delle tradizioni che trasmette speranza e serenit\u00e0 anche nei momenti difficili che stiamo attraversando. Con la spinta delle energie vere e buone raccolte sotto l\u2019egida del Manifesto di Assisi, Fondazione Symbola, Confartigianato, Coldiretti vogliono portare un loro contributo, volto a diffondere la straordinaria attualit\u00e0 e forza di questa narrazione gentile.<\/p>\n<p>&nbsp;<\/p>\n<p>Il Presepe \u00e8 la rappresentazione della nascita di Ges\u00f9, ma attraverso i suoi personaggi serve anche a raccontare la realt\u00e0 della vita di tutti i giorni e quindi insieme al Bambinello troviamo fra gli altri, artigiani, casalinghe, filatrici, agricoltori, pastori e gli animali, dal bue all\u2019asinello della Nativit\u00e0, dalle pecore alle caprette, dalle oche alle galline, fino a cani e gatti per rappresentare la multiforme dimensione del Creato che parte proprio dalla terra.<\/p>\n<p>Obiettivo dell\u2019iniziativa \u00e8 aggiungere ogni anno al presepe figure che ci parlino del presente ma anche del futuro. L\u2019anno scorso fu un\u2019infermiera a ricordare il debito che ci lega in tempo di Covid a tutti coloro che operano nella sanit\u00e0. Quest\u2019anno \u00e8 l\u2019imprenditore che ha affrontato le difficolt\u00e0 della pandemia per continuare a garantire servizi e prodotti ai cittadini nonostante le limitazioni e i lockdown. Le statuine saranno distribuite su tutto il territorio nazionale e consegnate ai Vescovi delle 226 Diocesi.<\/p>\n<p>&nbsp;<\/p>\n<p>\u201cLa tradizione del presepe \u2013 dichiara Ermete Realacci, Presidente della Fondazione Symbola \u2013 nata nel 1223 a Greccio ad opera di San Francesco, \u00e8 importantissima per le nostre comunit\u00e0. Nel piccolo abbiamo voluto aggiungere nuove attivit\u00e0, nuovi mestieri legati al vivere di tutti i giorni, per dare forza al presepe come chiave anche del futuro. Quest\u2019anno la statuina rappresenta un imprenditore con il computer immagine di un futuro che ha radici antiche. Come ha detto Papa Francesco per uscire da questa crisi dobbiamo recuperare la consapevolezza che come popolo abbiamo un destino comune\u201d.<\/p>\n<p>\u201cQuest\u2019anno \u2013 sottolinea Marco Granelli, Presidente di Confartigianato &#8211; portiamo nel Presepe il simbolo dei milioni di artigiani e piccoli imprenditori italiani che hanno saputo reagire alla crisi e <a class=\"matchTooltip\">oggi<\/a> sono pronti a contribuire alla ripartenza del Paese.\u00a0La statuina, realizzata in cartapesta dal maestro artigiano leccese Claudio Riso, \u00e8 l\u2019emblema degli uomini e delle donne di buona volont\u00e0 impegnati, con le loro aziende, a costruire un futuro nuovo, all\u2019insegna dell\u2019innovazione e della sostenibilit\u00e0. Imprenditori che usano gli strumenti digitali e tecnologici per rilanciare le radici profonde della nostra tradizione produttiva, dell\u2019eccellenza manifatturiera made in Italy. Abbiamo voluto rappresentare cos\u00ec l\u2019operosit\u00e0 e il saper fare che animano i nostri imprenditori, protagonisti dello sviluppo economico ma anche attori sociali partecipi della vita delle comunit\u00e0 territoriali. Rinnoviamo la tradizione del Presepe con un segno di speranza: la vitalit\u00e0 e l\u2019ingegno dei nostri imprenditori, il loro slancio per costruire la rinascita economica e sociale dell\u2019Italia\u201d.<\/p>\n<p>&nbsp;<\/p>\n<p>\u201cL\u2019agroalimentare italiano \u00e8 uscito dalla crisi generata dalla pandemia Covid piu\u2019 forte di prima grazie ad un esercito di quasi un milione di agricoltori e allevatori che non hanno mai smesso di lavorare per garantire le forniture alimentari ai cittadini anche con iniziative di sostegno sociale e di straordinaria solidariet\u00e0 che l\u2019agricoltura moderna \u00e8 <a class=\"matchTooltip\">oggi<\/a> in grado di offrire nonostante le difficolt\u00e0 determinate dall\u2019emergenza\u201d afferma il presidente della Coldiretti Ettore Prandini nel sottolineare che \u201csi tratta di un risultato reso possibile dalla capacit\u00e0 degli imprenditori agricoli di coniugare tradizione e innovazione facendo delle campagne italiane le piu\u2019 green d\u2019Europa anche grazie agli investimenti in droni, gps, robot, software e internet delle cose per combattere i cambiamenti climatici, salvare l\u2019ambiente e aumentare la sostenibilit\u00e0 delle produzioni\u201d.<\/p>\n","protected":false},"excerpt":{"rendered":"<p>La statuina per il Presepe 2021 promossa dalla Fondazione Symbola, Confartigianato e\u00a0Coldiretti, nell\u2019ambito del\u00a0Manifesto di Assisi, \u00e8 l\u2019imprenditore che usa la tecnologia a significare la centralit\u00e0 dell\u2019impresa che affronta nuove sfide per la crescita economica e sociale del Paese. &nbsp; Il Presepe \u00e8 una delle tradizioni che trasmette speranza e serenit\u00e0 anche nei momenti difficili [&hellip;]<\/p>\n","protected":false},"author":1,"featured_media":6433,"comment_status":"closed","ping_status":"open","sticky":false,"template":"","format":"standard","meta":{"footnotes":""},"categories":[56],"tags":[],"yoast_head":"<!-- This site is optimized with the Yoast SEO plugin v22.2 - https:\/\/yoast.com\/wordpress\/plugins\/seo\/ -->\n<title>L&#039;imprenditore \u00e8 il nuovo personaggio del Presepe 2021 -<\/title>\n<meta name=\"robots\" content=\"index, follow, max-snippet:-1, max-image-preview:large, max-video-preview:-1\" \/>\n<link rel=\"canonical\" href=\"https:\/\/www.italiaeconomiaonline.it\/web\/limprenditore-e-il-nuovo-personaggio-del-presepe-2021\/\" \/>\n<meta property=\"og:locale\" content=\"it_IT\" \/>\n<meta property=\"og:type\" content=\"article\" \/>\n<meta property=\"og:title\" content=\"L&#039;imprenditore \u00e8 il nuovo personaggio del Presepe 2021 -\" \/>\n<meta property=\"og:description\" content=\"La statuina per il Presepe 2021 promossa dalla Fondazione Symbola, Confartigianato e\u00a0Coldiretti, nell\u2019ambito del\u00a0Manifesto di Assisi, \u00e8 l\u2019imprenditore che usa la tecnologia a significare la centralit\u00e0 dell\u2019impresa che affronta nuove sfide per la crescita economica e sociale del Paese. &nbsp; Il Presepe \u00e8 una delle tradizioni che trasmette speranza e serenit\u00e0 anche nei momenti difficili [&hellip;]\" \/>\n<meta property=\"og:url\" content=\"https:\/\/www.italiaeconomiaonline.it\/web\/limprenditore-e-il-nuovo-personaggio-del-presepe-2021\/\" \/>\n<meta property=\"og:site_name\" content=\"ItaliaEconomiaOnline\" \/>\n<meta property=\"article:published_time\" content=\"2021-12-06T14:02:31+00:00\" \/>\n<meta property=\"article:modified_time\" content=\"2021-12-06T14:02:56+00:00\" \/>\n<meta property=\"og:image\" content=\"https:\/\/www.italiaeconomiaonline.it\/web\/wp-content\/uploads\/2021\/12\/Imprenditore_Statuina-Presepe_2021.jpg\" \/>\n\t<meta property=\"og:image:width\" content=\"1200\" \/>\n\t<meta property=\"og:image:height\" content=\"1600\" \/>\n\t<meta property=\"og:image:type\" content=\"image\/jpeg\" \/>\n<meta name=\"author\" content=\"ladyitaliaeconomia\" \/>\n<meta name=\"twitter:card\" content=\"summary_large_image\" \/>\n<meta name=\"twitter:label1\" content=\"Scritto da\" \/>\n\t<meta name=\"twitter:data1\" content=\"ladyitaliaeconomia\" \/>\n\t<meta name=\"twitter:label2\" content=\"Tempo di lettura stimato\" \/>\n\t<meta name=\"twitter:data2\" content=\"3 minuti\" \/>\n<script type=\"application\/ld+json\" class=\"yoast-schema-graph\">{\"@context\":\"https:\/\/schema.org\",\"@graph\":[{\"@type\":\"WebPage\",\"@id\":\"https:\/\/www.italiaeconomiaonline.it\/web\/limprenditore-e-il-nuovo-personaggio-del-presepe-2021\/\",\"url\":\"https:\/\/www.italiaeconomiaonline.it\/web\/limprenditore-e-il-nuovo-personaggio-del-presepe-2021\/\",\"name\":\"L'imprenditore \u00e8 il nuovo personaggio del Presepe 2021 -\",\"isPartOf\":{\"@id\":\"https:\/\/www.italiaeconomiaonline.it\/web\/#website\"},\"primaryImageOfPage\":{\"@id\":\"https:\/\/www.italiaeconomiaonline.it\/web\/limprenditore-e-il-nuovo-personaggio-del-presepe-2021\/#primaryimage\"},\"image\":{\"@id\":\"https:\/\/www.italiaeconomiaonline.it\/web\/limprenditore-e-il-nuovo-personaggio-del-presepe-2021\/#primaryimage\"},\"thumbnailUrl\":\"https:\/\/www.italiaeconomiaonline.it\/web\/wp-content\/uploads\/2021\/12\/Imprenditore_Statuina-Presepe_2021.jpg\",\"datePublished\":\"2021-12-06T14:02:31+00:00\",\"dateModified\":\"2021-12-06T14:02:56+00:00\",\"author\":{\"@id\":\"https:\/\/www.italiaeconomiaonline.it\/web\/#\/schema\/person\/909a49cce752523b020fbc37d5ab1c31\"},\"breadcrumb\":{\"@id\":\"https:\/\/www.italiaeconomiaonline.it\/web\/limprenditore-e-il-nuovo-personaggio-del-presepe-2021\/#breadcrumb\"},\"inLanguage\":\"it-IT\",\"potentialAction\":[{\"@type\":\"ReadAction\",\"target\":[\"https:\/\/www.italiaeconomiaonline.it\/web\/limprenditore-e-il-nuovo-personaggio-del-presepe-2021\/\"]}]},{\"@type\":\"ImageObject\",\"inLanguage\":\"it-IT\",\"@id\":\"https:\/\/www.italiaeconomiaonline.it\/web\/limprenditore-e-il-nuovo-personaggio-del-presepe-2021\/#primaryimage\",\"url\":\"https:\/\/www.italiaeconomiaonline.it\/web\/wp-content\/uploads\/2021\/12\/Imprenditore_Statuina-Presepe_2021.jpg\",\"contentUrl\":\"https:\/\/www.italiaeconomiaonline.it\/web\/wp-content\/uploads\/2021\/12\/Imprenditore_Statuina-Presepe_2021.jpg\",\"width\":1200,\"height\":1600},{\"@type\":\"BreadcrumbList\",\"@id\":\"https:\/\/www.italiaeconomiaonline.it\/web\/limprenditore-e-il-nuovo-personaggio-del-presepe-2021\/#breadcrumb\",\"itemListElement\":[{\"@type\":\"ListItem\",\"position\":1,\"name\":\"Home\",\"item\":\"https:\/\/www.italiaeconomiaonline.it\/web\/\"},{\"@type\":\"ListItem\",\"position\":2,\"name\":\"L&#8217;imprenditore \u00e8 il nuovo personaggio del Presepe 2021\"}]},{\"@type\":\"WebSite\",\"@id\":\"https:\/\/www.italiaeconomiaonline.it\/web\/#website\",\"url\":\"https:\/\/www.italiaeconomiaonline.it\/web\/\",\"name\":\"ItaliaEconomiaOnline\",\"description\":\"Quotidiano Economico Online\",\"potentialAction\":[{\"@type\":\"SearchAction\",\"target\":{\"@type\":\"EntryPoint\",\"urlTemplate\":\"https:\/\/www.italiaeconomiaonline.it\/web\/?s={search_term_string}\"},\"query-input\":\"required name=search_term_string\"}],\"inLanguage\":\"it-IT\"},{\"@type\":\"Person\",\"@id\":\"https:\/\/www.italiaeconomiaonline.it\/web\/#\/schema\/person\/909a49cce752523b020fbc37d5ab1c31\",\"name\":\"ladyitaliaeconomia\",\"image\":{\"@type\":\"ImageObject\",\"inLanguage\":\"it-IT\",\"@id\":\"https:\/\/www.italiaeconomiaonline.it\/web\/#\/schema\/person\/image\/\",\"url\":\"https:\/\/secure.gravatar.com\/avatar\/cedca10ce7416a579b9fa6bce9c0a8f2?s=96&d=mm&r=g\",\"contentUrl\":\"https:\/\/secure.gravatar.com\/avatar\/cedca10ce7416a579b9fa6bce9c0a8f2?s=96&d=mm&r=g\",\"caption\":\"ladyitaliaeconomia\"},\"url\":\"https:\/\/www.italiaeconomiaonline.it\/web\/author\/ladyitaliaeconomia\/\"}]}<\/script>\n<!-- \/ Yoast SEO plugin. -->","yoast_head_json":{"title":"L'imprenditore \u00e8 il nuovo personaggio del Presepe 2021 -","robots":{"index":"index","follow":"follow","max-snippet":"max-snippet:-1","max-image-preview":"max-image-preview:large","max-video-preview":"max-video-preview:-1"},"canonical":"https:\/\/www.italiaeconomiaonline.it\/web\/limprenditore-e-il-nuovo-personaggio-del-presepe-2021\/","og_locale":"it_IT","og_type":"article","og_title":"L'imprenditore \u00e8 il nuovo personaggio del Presepe 2021 -","og_description":"La statuina per il Presepe 2021 promossa dalla Fondazione Symbola, Confartigianato e\u00a0Coldiretti, nell\u2019ambito del\u00a0Manifesto di Assisi, \u00e8 l\u2019imprenditore che usa la tecnologia a significare la centralit\u00e0 dell\u2019impresa che affronta nuove sfide per la crescita economica e sociale del Paese. &nbsp; Il Presepe \u00e8 una delle tradizioni che trasmette speranza e serenit\u00e0 anche nei momenti difficili [&hellip;]","og_url":"https:\/\/www.italiaeconomiaonline.it\/web\/limprenditore-e-il-nuovo-personaggio-del-presepe-2021\/","og_site_name":"ItaliaEconomiaOnline","article_published_time":"2021-12-06T14:02:31+00:00","article_modified_time":"2021-12-06T14:02:56+00:00","og_image":[{"width":1200,"height":1600,"url":"https:\/\/www.italiaeconomiaonline.it\/web\/wp-content\/uploads\/2021\/12\/Imprenditore_Statuina-Presepe_2021.jpg","type":"image\/jpeg"}],"author":"ladyitaliaeconomia","twitter_card":"summary_large_image","twitter_misc":{"Scritto da":"ladyitaliaeconomia","Tempo di lettura stimato":"3 minuti"},"schema":{"@context":"https:\/\/schema.org","@graph":[{"@type":"WebPage","@id":"https:\/\/www.italiaeconomiaonline.it\/web\/limprenditore-e-il-nuovo-personaggio-del-presepe-2021\/","url":"https:\/\/www.italiaeconomiaonline.it\/web\/limprenditore-e-il-nuovo-personaggio-del-presepe-2021\/","name":"L'imprenditore \u00e8 il nuovo personaggio del Presepe 2021 -","isPartOf":{"@id":"https:\/\/www.italiaeconomiaonline.it\/web\/#website"},"primaryImageOfPage":{"@id":"https:\/\/www.italiaeconomiaonline.it\/web\/limprenditore-e-il-nuovo-personaggio-del-presepe-2021\/#primaryimage"},"image":{"@id":"https:\/\/www.italiaeconomiaonline.it\/web\/limprenditore-e-il-nuovo-personaggio-del-presepe-2021\/#primaryimage"},"thumbnailUrl":"https:\/\/www.italiaeconomiaonline.it\/web\/wp-content\/uploads\/2021\/12\/Imprenditore_Statuina-Presepe_2021.jpg","datePublished":"2021-12-06T14:02:31+00:00","dateModified":"2021-12-06T14:02:56+00:00","author":{"@id":"https:\/\/www.italiaeconomiaonline.it\/web\/#\/schema\/person\/909a49cce752523b020fbc37d5ab1c31"},"breadcrumb":{"@id":"https:\/\/www.italiaeconomiaonline.it\/web\/limprenditore-e-il-nuovo-personaggio-del-presepe-2021\/#breadcrumb"},"inLanguage":"it-IT","potentialAction":[{"@type":"ReadAction","target":["https:\/\/www.italiaeconomiaonline.it\/web\/limprenditore-e-il-nuovo-personaggio-del-presepe-2021\/"]}]},{"@type":"ImageObject","inLanguage":"it-IT","@id":"https:\/\/www.italiaeconomiaonline.it\/web\/limprenditore-e-il-nuovo-personaggio-del-presepe-2021\/#primaryimage","url":"https:\/\/www.italiaeconomiaonline.it\/web\/wp-content\/uploads\/2021\/12\/Imprenditore_Statuina-Presepe_2021.jpg","contentUrl":"https:\/\/www.italiaeconomiaonline.it\/web\/wp-content\/uploads\/2021\/12\/Imprenditore_Statuina-Presepe_2021.jpg","width":1200,"height":1600},{"@type":"BreadcrumbList","@id":"https:\/\/www.italiaeconomiaonline.it\/web\/limprenditore-e-il-nuovo-personaggio-del-presepe-2021\/#breadcrumb","itemListElement":[{"@type":"ListItem","position":1,"name":"Home","item":"https:\/\/www.italiaeconomiaonline.it\/web\/"},{"@type":"ListItem","position":2,"name":"L&#8217;imprenditore \u00e8 il nuovo personaggio del Presepe 2021"}]},{"@type":"WebSite","@id":"https:\/\/www.italiaeconomiaonline.it\/web\/#website","url":"https:\/\/www.italiaeconomiaonline.it\/web\/","name":"ItaliaEconomiaOnline","description":"Quotidiano Economico Online","potentialAction":[{"@type":"SearchAction","target":{"@type":"EntryPoint","urlTemplate":"https:\/\/www.italiaeconomiaonline.it\/web\/?s={search_term_string}"},"query-input":"required name=search_term_string"}],"inLanguage":"it-IT"},{"@type":"Person","@id":"https:\/\/www.italiaeconomiaonline.it\/web\/#\/schema\/person\/909a49cce752523b020fbc37d5ab1c31","name":"ladyitaliaeconomia","image":{"@type":"ImageObject","inLanguage":"it-IT","@id":"https:\/\/www.italiaeconomiaonline.it\/web\/#\/schema\/person\/image\/","url":"https:\/\/secure.gravatar.com\/avatar\/cedca10ce7416a579b9fa6bce9c0a8f2?s=96&d=mm&r=g","contentUrl":"https:\/\/secure.gravatar.com\/avatar\/cedca10ce7416a579b9fa6bce9c0a8f2?s=96&d=mm&r=g","caption":"ladyitaliaeconomia"},"url":"https:\/\/www.italiaeconomiaonline.it\/web\/author\/ladyitaliaeconomia\/"}]}},"_links":{"self":[{"href":"https:\/\/www.italiaeconomiaonline.it\/web\/wp-json\/wp\/v2\/posts\/6431"}],"collection":[{"href":"https:\/\/www.italiaeconomiaonline.it\/web\/wp-json\/wp\/v2\/posts"}],"about":[{"href":"https:\/\/www.italiaeconomiaonline.it\/web\/wp-json\/wp\/v2\/types\/post"}],"author":[{"embeddable":true,"href":"https:\/\/www.italiaeconomiaonline.it\/web\/wp-json\/wp\/v2\/users\/1"}],"replies":[{"embeddable":true,"href":"https:\/\/www.italiaeconomiaonline.it\/web\/wp-json\/wp\/v2\/comments?post=6431"}],"version-history":[{"count":1,"href":"https:\/\/www.italiaeconomiaonline.it\/web\/wp-json\/wp\/v2\/posts\/6431\/revisions"}],"predecessor-version":[{"id":6434,"href":"https:\/\/www.italiaeconomiaonline.it\/web\/wp-json\/wp\/v2\/posts\/6431\/revisions\/6434"}],"wp:featuredmedia":[{"embeddable":true,"href":"https:\/\/www.italiaeconomiaonline.it\/web\/wp-json\/wp\/v2\/media\/6433"}],"wp:attachment":[{"href":"https:\/\/www.italiaeconomiaonline.it\/web\/wp-json\/wp\/v2\/media?parent=6431"}],"wp:term":[{"taxonomy":"category","embeddable":true,"href":"https:\/\/www.italiaeconomiaonline.it\/web\/wp-json\/wp\/v2\/categories?post=6431"},{"taxonomy":"post_tag","embeddable":true,"href":"https:\/\/www.italiaeconomiaonline.it\/web\/wp-json\/wp\/v2\/tags?post=6431"}],"curies":[{"name":"wp","href":"https:\/\/api.w.org\/{rel}","templated":true}]}}