{"id":6448,"date":"2021-12-15T11:42:12","date_gmt":"2021-12-15T10:42:12","guid":{"rendered":"http:\/\/www.italiaeconomiaonline.it\/web\/?p=6448"},"modified":"2021-12-15T11:42:12","modified_gmt":"2021-12-15T10:42:12","slug":"natale-2021-confesercenti-swg-omicron-non-ferma-la-voglia-di-festeggiare","status":"publish","type":"post","link":"https:\/\/www.italiaeconomiaonline.it\/web\/natale-2021-confesercenti-swg-omicron-non-ferma-la-voglia-di-festeggiare\/","title":{"rendered":"Natale 2021, Confesercenti Swg: Omicron non ferma la voglia di festeggiare"},"content":{"rendered":"<p class=\"xmsonormal\">L\u2019incertezza generata dalla quarta ondata \u2013 e in particolare dalla variante Omicron del Covid \u2013 non cancella la voglia di festa degli italiani. Che, ondata o meno, quest\u2019anno non rinunceranno a mettere i doni sotto l\u2019albero, con una spesa media complessiva per i regali stimata in 238 euro per persona. \u00c8 quanto emerge dal consueto sondaggio condotto da SWG per l\u2019associazione sulle intenzioni di acquisto dei consumatori in vista delle prossime feste invernali.<span class=\"xxxapple-converted-space\">\u00a0<\/span><\/p>\n<p class=\"xmsonormal\"><b>L\u2019emergenza \u00e8 pi\u00f9 normale, ma preoccupano i prezzi. <\/b>Dopo lo stop dello scorso anno, gli italiani non vogliono rinunciare nuovamente al Natale. E sebbene non ignorino sanitaria l\u2019emergenza, sono meno in ansia rispetto allo scorso anno: nel 2020 il 60% segnalava la prosecuzione della pandemia tra i problemi pi\u00f9 preoccupanti, mentre nel 2021 la quota scende al 47%. Diminuiscono anche i timori per la situazione economica dell\u2019Italia (dal 46% al 34%), segnale di una progressiva \u2018normalizzazione\u2019 dello stato di emergenza che viviamo. In compenso, cresce la preoccupazione per l\u2019aumento dei prezzi, segnalata quest\u2019anno dal 38%, contro il 13% dello scorso anno.<\/p>\n<p class=\"xmsonormal\"><b>Ritorno nei i negozi.<\/b> Una normalizzazione evidente dalle scelte di acquisto dei consumatori che, dopo lo stop imposto da Covid e restrizioni nel 2020, quest\u2019anno tornano nelle attivit\u00e0 commerciali \u2018fisiche\u2019. Sebbene l\u2019online sia ancora il canale d\u2019acquisto pi\u00f9 gettonato \u2013 lo sceglie il 55%, in lieve calo dal 59% del 2020 \u2013 esplode la voglia di tornare a servirsi in un negozio di vicinato, intenzione manifestata dal 44% contro il 17% dello scorso anno. Aumenta il movimento anche nei centri commerciali (38% dal 19% dello scorso anno) e nei mercati\/mercatini di Natale (14% contro il 2% del 2020).<\/p>\n<p class=\"xmsonormal\"><b>Il budget per i regali. <\/b>La voglia di un Natale \u2018normale\u2019 si riflette anche sul budget per i regali. Quest\u2019anno gli italiani faranno sei doni a testa, per una spesa media complessiva di 238 euro. Una cifra che nasconde andamenti differenziati tra loro: il 17% conterr\u00e0 le spese per i doni sotto i 100 euro, mentre un altro 16% tra i 100 e 200 euro. Una quota uguale si orienter\u00e0 tra i 200 ed i 300, mentre a fare regali per pi\u00f9 di 300 euro sar\u00e0 solo il 20%. Ma c\u2019\u00e8 anche un 11% che non far\u00e0 doni e un ulteriore 20% che non ha ancora fissato un budget.<\/p>\n<p class=\"xmsonormal\"><b>I doni. <\/b>Ancora una volta sono i libri i doni pi\u00f9 gettonati, scelti come regalo dal 32%. Ma il vero boom \u00e8 della moda: il 31% metter\u00e0 sotto l\u2019albero un capo d\u2019abbigliamento, il 18% un accessorio e il 7% un paio di scarpe, per un totale del 56% delle indicazioni. Lo scorso anno le stesse tre categorie erano state segnalate \u2018solo\u2019 dal 40% degli intervistati. In terza posizione il regalo gastronomico, scelto dal 24% &#8211; una quota simile al 26% dello scorso anno. Mini-crescita invece per i vini \u2013 che passano dal 16 al 17% delle risposte degli intervistati \u2013 e per giochi\/videogiochi e prodotti tecnologici, entrambi saliti al 16% dal 15% dello scorso anno.<\/p>\n<p class=\"xmsonormal\">\u201cIl quadro che emerge d\u00e0 un\u2019iniezione di fiducia: gli italiani stanno imparando a gestire l\u2019emergenza, ed i consumatori quest\u2019anno affrontano il periodo delle feste di fine anno con la consapevolezza delle difficolt\u00e0 ma anche con la voglia di passare un Natale normale\u201d, spiega la Presidente di Confesercenti Patrizia De Luise. \u201cMerito dell\u2019assenza di restrizioni, a sua volta dovuta all\u2019introduzione del green pass, che garantisce sicurezza nello shopping. Questo non vuole dire che la crisi sia finita: rispetto al periodo pre-pandemia, si tratta ancora di un Natale sottotono, ma i segnali sono incoraggianti. Ora \u00e8 fondamentale non dissipare il tesoretto di fiducia accumulato per le feste, evitando nuove restrizioni e accelerando i richiami vaccinali\u201d.<\/p>\n","protected":false},"excerpt":{"rendered":"<p>L\u2019incertezza generata dalla quarta ondata \u2013 e in particolare dalla variante Omicron del Covid \u2013 non cancella la voglia di festa degli italiani. Che, ondata o meno, quest\u2019anno non rinunceranno a mettere i doni sotto l\u2019albero, con una spesa media complessiva per i regali stimata in 238 euro per persona. \u00c8 quanto emerge dal consueto [&hellip;]<\/p>\n","protected":false},"author":1,"featured_media":4825,"comment_status":"closed","ping_status":"open","sticky":false,"template":"","format":"standard","meta":{"footnotes":""},"categories":[56],"tags":[185,1813,1810,1814],"yoast_head":"<!-- This site is optimized with the Yoast SEO plugin v22.2 - https:\/\/yoast.com\/wordpress\/plugins\/seo\/ -->\n<title>Natale 2021, Confesercenti Swg: Omicron non ferma la voglia di festeggiare -<\/title>\n<meta name=\"robots\" content=\"index, follow, max-snippet:-1, max-image-preview:large, max-video-preview:-1\" \/>\n<link rel=\"canonical\" href=\"https:\/\/www.italiaeconomiaonline.it\/web\/natale-2021-confesercenti-swg-omicron-non-ferma-la-voglia-di-festeggiare\/\" \/>\n<meta property=\"og:locale\" content=\"it_IT\" \/>\n<meta property=\"og:type\" content=\"article\" \/>\n<meta property=\"og:title\" content=\"Natale 2021, Confesercenti Swg: Omicron non ferma la voglia di festeggiare -\" \/>\n<meta property=\"og:description\" content=\"L\u2019incertezza generata dalla quarta ondata \u2013 e in particolare dalla variante Omicron del Covid \u2013 non cancella la voglia di festa degli italiani. Che, ondata o meno, quest\u2019anno non rinunceranno a mettere i doni sotto l\u2019albero, con una spesa media complessiva per i regali stimata in 238 euro per persona. \u00c8 quanto emerge dal consueto [&hellip;]\" \/>\n<meta property=\"og:url\" content=\"https:\/\/www.italiaeconomiaonline.it\/web\/natale-2021-confesercenti-swg-omicron-non-ferma-la-voglia-di-festeggiare\/\" \/>\n<meta property=\"og:site_name\" content=\"ItaliaEconomiaOnline\" \/>\n<meta property=\"article:published_time\" content=\"2021-12-15T10:42:12+00:00\" \/>\n<meta property=\"og:image\" content=\"https:\/\/www.italiaeconomiaonline.it\/web\/wp-content\/uploads\/2020\/12\/Schermata-2020-12-07-alle-12.34.27.png\" \/>\n\t<meta property=\"og:image:width\" content=\"1228\" \/>\n\t<meta property=\"og:image:height\" content=\"756\" \/>\n\t<meta property=\"og:image:type\" content=\"image\/png\" \/>\n<meta name=\"author\" content=\"ladyitaliaeconomia\" \/>\n<meta name=\"twitter:card\" content=\"summary_large_image\" \/>\n<meta name=\"twitter:label1\" content=\"Scritto da\" \/>\n\t<meta name=\"twitter:data1\" content=\"ladyitaliaeconomia\" \/>\n\t<meta name=\"twitter:label2\" content=\"Tempo di lettura stimato\" \/>\n\t<meta name=\"twitter:data2\" content=\"3 minuti\" \/>\n<script type=\"application\/ld+json\" class=\"yoast-schema-graph\">{\"@context\":\"https:\/\/schema.org\",\"@graph\":[{\"@type\":\"WebPage\",\"@id\":\"https:\/\/www.italiaeconomiaonline.it\/web\/natale-2021-confesercenti-swg-omicron-non-ferma-la-voglia-di-festeggiare\/\",\"url\":\"https:\/\/www.italiaeconomiaonline.it\/web\/natale-2021-confesercenti-swg-omicron-non-ferma-la-voglia-di-festeggiare\/\",\"name\":\"Natale 2021, Confesercenti Swg: Omicron non ferma la voglia di festeggiare -\",\"isPartOf\":{\"@id\":\"https:\/\/www.italiaeconomiaonline.it\/web\/#website\"},\"primaryImageOfPage\":{\"@id\":\"https:\/\/www.italiaeconomiaonline.it\/web\/natale-2021-confesercenti-swg-omicron-non-ferma-la-voglia-di-festeggiare\/#primaryimage\"},\"image\":{\"@id\":\"https:\/\/www.italiaeconomiaonline.it\/web\/natale-2021-confesercenti-swg-omicron-non-ferma-la-voglia-di-festeggiare\/#primaryimage\"},\"thumbnailUrl\":\"https:\/\/www.italiaeconomiaonline.it\/web\/wp-content\/uploads\/2020\/12\/Schermata-2020-12-07-alle-12.34.27.png\",\"datePublished\":\"2021-12-15T10:42:12+00:00\",\"dateModified\":\"2021-12-15T10:42:12+00:00\",\"author\":{\"@id\":\"https:\/\/www.italiaeconomiaonline.it\/web\/#\/schema\/person\/909a49cce752523b020fbc37d5ab1c31\"},\"breadcrumb\":{\"@id\":\"https:\/\/www.italiaeconomiaonline.it\/web\/natale-2021-confesercenti-swg-omicron-non-ferma-la-voglia-di-festeggiare\/#breadcrumb\"},\"inLanguage\":\"it-IT\",\"potentialAction\":[{\"@type\":\"ReadAction\",\"target\":[\"https:\/\/www.italiaeconomiaonline.it\/web\/natale-2021-confesercenti-swg-omicron-non-ferma-la-voglia-di-festeggiare\/\"]}]},{\"@type\":\"ImageObject\",\"inLanguage\":\"it-IT\",\"@id\":\"https:\/\/www.italiaeconomiaonline.it\/web\/natale-2021-confesercenti-swg-omicron-non-ferma-la-voglia-di-festeggiare\/#primaryimage\",\"url\":\"https:\/\/www.italiaeconomiaonline.it\/web\/wp-content\/uploads\/2020\/12\/Schermata-2020-12-07-alle-12.34.27.png\",\"contentUrl\":\"https:\/\/www.italiaeconomiaonline.it\/web\/wp-content\/uploads\/2020\/12\/Schermata-2020-12-07-alle-12.34.27.png\",\"width\":1228,\"height\":756},{\"@type\":\"BreadcrumbList\",\"@id\":\"https:\/\/www.italiaeconomiaonline.it\/web\/natale-2021-confesercenti-swg-omicron-non-ferma-la-voglia-di-festeggiare\/#breadcrumb\",\"itemListElement\":[{\"@type\":\"ListItem\",\"position\":1,\"name\":\"Home\",\"item\":\"https:\/\/www.italiaeconomiaonline.it\/web\/\"},{\"@type\":\"ListItem\",\"position\":2,\"name\":\"Natale 2021, Confesercenti Swg: Omicron non ferma la voglia di festeggiare\"}]},{\"@type\":\"WebSite\",\"@id\":\"https:\/\/www.italiaeconomiaonline.it\/web\/#website\",\"url\":\"https:\/\/www.italiaeconomiaonline.it\/web\/\",\"name\":\"ItaliaEconomiaOnline\",\"description\":\"Quotidiano Economico Online\",\"potentialAction\":[{\"@type\":\"SearchAction\",\"target\":{\"@type\":\"EntryPoint\",\"urlTemplate\":\"https:\/\/www.italiaeconomiaonline.it\/web\/?s={search_term_string}\"},\"query-input\":\"required name=search_term_string\"}],\"inLanguage\":\"it-IT\"},{\"@type\":\"Person\",\"@id\":\"https:\/\/www.italiaeconomiaonline.it\/web\/#\/schema\/person\/909a49cce752523b020fbc37d5ab1c31\",\"name\":\"ladyitaliaeconomia\",\"image\":{\"@type\":\"ImageObject\",\"inLanguage\":\"it-IT\",\"@id\":\"https:\/\/www.italiaeconomiaonline.it\/web\/#\/schema\/person\/image\/\",\"url\":\"https:\/\/secure.gravatar.com\/avatar\/cedca10ce7416a579b9fa6bce9c0a8f2?s=96&d=mm&r=g\",\"contentUrl\":\"https:\/\/secure.gravatar.com\/avatar\/cedca10ce7416a579b9fa6bce9c0a8f2?s=96&d=mm&r=g\",\"caption\":\"ladyitaliaeconomia\"},\"url\":\"https:\/\/www.italiaeconomiaonline.it\/web\/author\/ladyitaliaeconomia\/\"}]}<\/script>\n<!-- \/ Yoast SEO plugin. -->","yoast_head_json":{"title":"Natale 2021, Confesercenti Swg: Omicron non ferma la voglia di festeggiare -","robots":{"index":"index","follow":"follow","max-snippet":"max-snippet:-1","max-image-preview":"max-image-preview:large","max-video-preview":"max-video-preview:-1"},"canonical":"https:\/\/www.italiaeconomiaonline.it\/web\/natale-2021-confesercenti-swg-omicron-non-ferma-la-voglia-di-festeggiare\/","og_locale":"it_IT","og_type":"article","og_title":"Natale 2021, Confesercenti Swg: Omicron non ferma la voglia di festeggiare -","og_description":"L\u2019incertezza generata dalla quarta ondata \u2013 e in particolare dalla variante Omicron del Covid \u2013 non cancella la voglia di festa degli italiani. Che, ondata o meno, quest\u2019anno non rinunceranno a mettere i doni sotto l\u2019albero, con una spesa media complessiva per i regali stimata in 238 euro per persona. \u00c8 quanto emerge dal consueto [&hellip;]","og_url":"https:\/\/www.italiaeconomiaonline.it\/web\/natale-2021-confesercenti-swg-omicron-non-ferma-la-voglia-di-festeggiare\/","og_site_name":"ItaliaEconomiaOnline","article_published_time":"2021-12-15T10:42:12+00:00","og_image":[{"width":1228,"height":756,"url":"https:\/\/www.italiaeconomiaonline.it\/web\/wp-content\/uploads\/2020\/12\/Schermata-2020-12-07-alle-12.34.27.png","type":"image\/png"}],"author":"ladyitaliaeconomia","twitter_card":"summary_large_image","twitter_misc":{"Scritto da":"ladyitaliaeconomia","Tempo di lettura stimato":"3 minuti"},"schema":{"@context":"https:\/\/schema.org","@graph":[{"@type":"WebPage","@id":"https:\/\/www.italiaeconomiaonline.it\/web\/natale-2021-confesercenti-swg-omicron-non-ferma-la-voglia-di-festeggiare\/","url":"https:\/\/www.italiaeconomiaonline.it\/web\/natale-2021-confesercenti-swg-omicron-non-ferma-la-voglia-di-festeggiare\/","name":"Natale 2021, Confesercenti Swg: Omicron non ferma la voglia di festeggiare -","isPartOf":{"@id":"https:\/\/www.italiaeconomiaonline.it\/web\/#website"},"primaryImageOfPage":{"@id":"https:\/\/www.italiaeconomiaonline.it\/web\/natale-2021-confesercenti-swg-omicron-non-ferma-la-voglia-di-festeggiare\/#primaryimage"},"image":{"@id":"https:\/\/www.italiaeconomiaonline.it\/web\/natale-2021-confesercenti-swg-omicron-non-ferma-la-voglia-di-festeggiare\/#primaryimage"},"thumbnailUrl":"https:\/\/www.italiaeconomiaonline.it\/web\/wp-content\/uploads\/2020\/12\/Schermata-2020-12-07-alle-12.34.27.png","datePublished":"2021-12-15T10:42:12+00:00","dateModified":"2021-12-15T10:42:12+00:00","author":{"@id":"https:\/\/www.italiaeconomiaonline.it\/web\/#\/schema\/person\/909a49cce752523b020fbc37d5ab1c31"},"breadcrumb":{"@id":"https:\/\/www.italiaeconomiaonline.it\/web\/natale-2021-confesercenti-swg-omicron-non-ferma-la-voglia-di-festeggiare\/#breadcrumb"},"inLanguage":"it-IT","potentialAction":[{"@type":"ReadAction","target":["https:\/\/www.italiaeconomiaonline.it\/web\/natale-2021-confesercenti-swg-omicron-non-ferma-la-voglia-di-festeggiare\/"]}]},{"@type":"ImageObject","inLanguage":"it-IT","@id":"https:\/\/www.italiaeconomiaonline.it\/web\/natale-2021-confesercenti-swg-omicron-non-ferma-la-voglia-di-festeggiare\/#primaryimage","url":"https:\/\/www.italiaeconomiaonline.it\/web\/wp-content\/uploads\/2020\/12\/Schermata-2020-12-07-alle-12.34.27.png","contentUrl":"https:\/\/www.italiaeconomiaonline.it\/web\/wp-content\/uploads\/2020\/12\/Schermata-2020-12-07-alle-12.34.27.png","width":1228,"height":756},{"@type":"BreadcrumbList","@id":"https:\/\/www.italiaeconomiaonline.it\/web\/natale-2021-confesercenti-swg-omicron-non-ferma-la-voglia-di-festeggiare\/#breadcrumb","itemListElement":[{"@type":"ListItem","position":1,"name":"Home","item":"https:\/\/www.italiaeconomiaonline.it\/web\/"},{"@type":"ListItem","position":2,"name":"Natale 2021, Confesercenti Swg: Omicron non ferma la voglia di festeggiare"}]},{"@type":"WebSite","@id":"https:\/\/www.italiaeconomiaonline.it\/web\/#website","url":"https:\/\/www.italiaeconomiaonline.it\/web\/","name":"ItaliaEconomiaOnline","description":"Quotidiano Economico Online","potentialAction":[{"@type":"SearchAction","target":{"@type":"EntryPoint","urlTemplate":"https:\/\/www.italiaeconomiaonline.it\/web\/?s={search_term_string}"},"query-input":"required name=search_term_string"}],"inLanguage":"it-IT"},{"@type":"Person","@id":"https:\/\/www.italiaeconomiaonline.it\/web\/#\/schema\/person\/909a49cce752523b020fbc37d5ab1c31","name":"ladyitaliaeconomia","image":{"@type":"ImageObject","inLanguage":"it-IT","@id":"https:\/\/www.italiaeconomiaonline.it\/web\/#\/schema\/person\/image\/","url":"https:\/\/secure.gravatar.com\/avatar\/cedca10ce7416a579b9fa6bce9c0a8f2?s=96&d=mm&r=g","contentUrl":"https:\/\/secure.gravatar.com\/avatar\/cedca10ce7416a579b9fa6bce9c0a8f2?s=96&d=mm&r=g","caption":"ladyitaliaeconomia"},"url":"https:\/\/www.italiaeconomiaonline.it\/web\/author\/ladyitaliaeconomia\/"}]}},"_links":{"self":[{"href":"https:\/\/www.italiaeconomiaonline.it\/web\/wp-json\/wp\/v2\/posts\/6448"}],"collection":[{"href":"https:\/\/www.italiaeconomiaonline.it\/web\/wp-json\/wp\/v2\/posts"}],"about":[{"href":"https:\/\/www.italiaeconomiaonline.it\/web\/wp-json\/wp\/v2\/types\/post"}],"author":[{"embeddable":true,"href":"https:\/\/www.italiaeconomiaonline.it\/web\/wp-json\/wp\/v2\/users\/1"}],"replies":[{"embeddable":true,"href":"https:\/\/www.italiaeconomiaonline.it\/web\/wp-json\/wp\/v2\/comments?post=6448"}],"version-history":[{"count":1,"href":"https:\/\/www.italiaeconomiaonline.it\/web\/wp-json\/wp\/v2\/posts\/6448\/revisions"}],"predecessor-version":[{"id":6449,"href":"https:\/\/www.italiaeconomiaonline.it\/web\/wp-json\/wp\/v2\/posts\/6448\/revisions\/6449"}],"wp:featuredmedia":[{"embeddable":true,"href":"https:\/\/www.italiaeconomiaonline.it\/web\/wp-json\/wp\/v2\/media\/4825"}],"wp:attachment":[{"href":"https:\/\/www.italiaeconomiaonline.it\/web\/wp-json\/wp\/v2\/media?parent=6448"}],"wp:term":[{"taxonomy":"category","embeddable":true,"href":"https:\/\/www.italiaeconomiaonline.it\/web\/wp-json\/wp\/v2\/categories?post=6448"},{"taxonomy":"post_tag","embeddable":true,"href":"https:\/\/www.italiaeconomiaonline.it\/web\/wp-json\/wp\/v2\/tags?post=6448"}],"curies":[{"name":"wp","href":"https:\/\/api.w.org\/{rel}","templated":true}]}}