{"id":6463,"date":"2021-12-22T11:13:32","date_gmt":"2021-12-22T10:13:32","guid":{"rendered":"http:\/\/www.italiaeconomiaonline.it\/web\/?p=6463"},"modified":"2021-12-22T11:13:32","modified_gmt":"2021-12-22T10:13:32","slug":"natale-coldiretti-niente-cenoni-per-48-mln-di-poveri-per-covid","status":"publish","type":"post","link":"https:\/\/www.italiaeconomiaonline.it\/web\/natale-coldiretti-niente-cenoni-per-48-mln-di-poveri-per-covid\/","title":{"rendered":"Natale, Coldiretti: niente cenoni per 4,8 mln di poveri per covid"},"content":{"rendered":"<p>Sono oltre 4,8 milioni i poveri in Italia che per le feste di Natale sono costretti a chiedere aiuto per il cibo da mangiare nelle mense o con la distribuzione di pacchi alimentari a causa della crisi economica legata al Covid.<\/p>\n<p>E\u2019 quanto emerge dall\u2019analisi <strong>Coldiretti\/Censis<\/strong> diffusa in occasione della distribuzione di circa mezzo milione di chili di cibi e bevande gourmet per i nuovi poveri nella settimana di Natale per offrire a tutti la possibilit\u00e0 di mettere in tavola i migliori prodotti agroalimentari Made in Italy e passare delle feste pi\u00f9 serene nonostante la pandemia Covid con l\u2019avanzare della variante Omicron torni a fare paura sia sul fronte sanitario che su quello economico ed occupazionale<\/p>\n<p>&nbsp;<\/p>\n<p>L\u2019iniziativa, promossa da Coldiretti, Filiera Italia, Campagna Amica e Codacons con la partecipazione delle pi\u00f9 rilevanti realt\u00e0 economiche e sociali del Paese, \u00e8 stata presentata insieme al Ministro della Salute Roberto Speranza con la partenza del primo carico di aiuti alimentari dal cortile di Palazzo Rospigliosi, sede della Coldiretti.<\/p>\n<p>Se la maggioranza degli italiani si \u00e8 salvata dal disagio sociale in pandemia tra sussidi statali e trasferimenti intra-familiari pi\u00f9 dell\u20198% di tutta la popolazione italiana \u2013 sottolinea Coldiretti \u2013 rischia la povert\u00e0 alimentare nei prossimi mesi, avendo budget risicati per cui la fiammata inflazionista \u00e8 sufficiente per metterli in difficolt\u00e0 nel garantirsi i pasti sempre e comunque, secondo il rapporto Coldiretti\/Censis.<\/p>\n<p>&nbsp;<\/p>\n<p>E guardando al futuro prossimo \u2013 precisa Coldiretti \u2013 oltre alle persone a rischio povert\u00e0 alimentare, vi \u00e8 un 17,4% degli italiani che per paura di non farcela dovr\u00e0 limitarsi alle sole spese\u00a0di base, tra casa e alimentazione. Una realt\u00e0 drammatica contro la quale oltre 4 italiani su 10 (43%) \u2013 continua Coldiretti\u00a0\u2013 intendono partecipare a Natale ad iniziative di solidariet\u00e0, facendo beneficienza e donazioni per aiutare le famiglie pi\u00f9 bisognose piegate dal peso della crisi causata dall\u2019emergenza sanitaria.<\/p>\n<p>&nbsp;<\/p>\n<p>Per aiutare a combattere le nuove povert\u00e0 e offrire ai pi\u00f9 bisognosi un Natale sereno gli\u00a0agricoltori di Coldiretti sono mobilitati in tutta Italia con l\u2019iniziativa la \u201cSpesa sospesa del contadino\u201d nei mercati di Campagna Amica.<strong>\u00a0\u00a0<\/strong>Tutti i cittadini che fanno la spesa nei mercati e nelle fattorie di Campagna Amica diffusi lungo la Penisola possono decidere di\u00a0donare cibo e bevande alle famiglie pi\u00f9 bisognose sul modello dell\u2019usanza campana del \u201ccaff\u00e8 sospeso\u201d, ma in questo caso si tratta per\u00f2 di frutta, verdura, farina, formaggi, salumi o altri generi alimentare Made in Italy, di qualit\u00e0 e a km zero che gli agricoltori di Campagna Amica andranno a consegnare gratuitamente alle famiglie in difficolt\u00e0.<\/p>\n<p>&nbsp;<\/p>\n<p>\u201cIl nostro impegno quotidiano \u00e8 il segno tangibile della solidariet\u00e0 della filiera agroalimentare italiana verso le fasce pi\u00f9 deboli della popolazione pi\u00f9 colpite dalle difficolt\u00e0 economiche\u201d spiega il presidente della Coldiretti Ettore Prandini nel sottolineare che \u201cdi fronte a una situazione sociale cos\u00ec pesante che non si vedeva dal dopoguerra stiamo realizzando uno sforzo corale che dimostra la capacit\u00e0 dell\u2019Italia di unirsi e mobilitare risorse per uscire insieme dalla crisi, nella consapevolezza di essere una comunit\u00e0 nazionale che ha potenzialit\u00e0 e capacit\u00e0 a tutti i livelli per far ripartire il Paese\u201d.<\/p>\n<p>&nbsp;<\/p>\n","protected":false},"excerpt":{"rendered":"<p>Sono oltre 4,8 milioni i poveri in Italia che per le feste di Natale sono costretti a chiedere aiuto per il cibo da mangiare nelle mense o con la distribuzione di pacchi alimentari a causa della crisi economica legata al Covid. E\u2019 quanto emerge dall\u2019analisi Coldiretti\/Censis diffusa in occasione della distribuzione di circa mezzo milione [&hellip;]<\/p>\n","protected":false},"author":1,"featured_media":1016,"comment_status":"closed","ping_status":"open","sticky":false,"template":"","format":"standard","meta":{"footnotes":""},"categories":[56],"tags":[1822,1821,877,1241,1406,427],"yoast_head":"<!-- This site is optimized with the Yoast SEO plugin v22.2 - https:\/\/yoast.com\/wordpress\/plugins\/seo\/ -->\n<title>Natale, Coldiretti: niente cenoni per 4,8 mln di poveri per covid -<\/title>\n<meta name=\"robots\" content=\"index, follow, max-snippet:-1, max-image-preview:large, max-video-preview:-1\" \/>\n<link rel=\"canonical\" href=\"https:\/\/www.italiaeconomiaonline.it\/web\/natale-coldiretti-niente-cenoni-per-48-mln-di-poveri-per-covid\/\" \/>\n<meta property=\"og:locale\" content=\"it_IT\" \/>\n<meta property=\"og:type\" content=\"article\" \/>\n<meta property=\"og:title\" content=\"Natale, Coldiretti: niente cenoni per 4,8 mln di poveri per covid -\" \/>\n<meta property=\"og:description\" content=\"Sono oltre 4,8 milioni i poveri in Italia che per le feste di Natale sono costretti a chiedere aiuto per il cibo da mangiare nelle mense o con la distribuzione di pacchi alimentari a causa della crisi economica legata al Covid. E\u2019 quanto emerge dall\u2019analisi Coldiretti\/Censis diffusa in occasione della distribuzione di circa mezzo milione [&hellip;]\" \/>\n<meta property=\"og:url\" content=\"https:\/\/www.italiaeconomiaonline.it\/web\/natale-coldiretti-niente-cenoni-per-48-mln-di-poveri-per-covid\/\" \/>\n<meta property=\"og:site_name\" content=\"ItaliaEconomiaOnline\" \/>\n<meta property=\"article:published_time\" content=\"2021-12-22T10:13:32+00:00\" \/>\n<meta property=\"og:image\" content=\"https:\/\/www.italiaeconomiaonline.it\/web\/wp-content\/uploads\/2019\/06\/poverta.jpg\" \/>\n\t<meta property=\"og:image:width\" content=\"960\" \/>\n\t<meta property=\"og:image:height\" content=\"640\" \/>\n\t<meta property=\"og:image:type\" content=\"image\/jpeg\" \/>\n<meta name=\"author\" content=\"ladyitaliaeconomia\" \/>\n<meta name=\"twitter:card\" content=\"summary_large_image\" \/>\n<meta name=\"twitter:label1\" content=\"Scritto da\" \/>\n\t<meta name=\"twitter:data1\" content=\"ladyitaliaeconomia\" \/>\n\t<meta name=\"twitter:label2\" content=\"Tempo di lettura stimato\" \/>\n\t<meta name=\"twitter:data2\" content=\"3 minuti\" \/>\n<script type=\"application\/ld+json\" class=\"yoast-schema-graph\">{\"@context\":\"https:\/\/schema.org\",\"@graph\":[{\"@type\":\"WebPage\",\"@id\":\"https:\/\/www.italiaeconomiaonline.it\/web\/natale-coldiretti-niente-cenoni-per-48-mln-di-poveri-per-covid\/\",\"url\":\"https:\/\/www.italiaeconomiaonline.it\/web\/natale-coldiretti-niente-cenoni-per-48-mln-di-poveri-per-covid\/\",\"name\":\"Natale, Coldiretti: niente cenoni per 4,8 mln di poveri per covid -\",\"isPartOf\":{\"@id\":\"https:\/\/www.italiaeconomiaonline.it\/web\/#website\"},\"primaryImageOfPage\":{\"@id\":\"https:\/\/www.italiaeconomiaonline.it\/web\/natale-coldiretti-niente-cenoni-per-48-mln-di-poveri-per-covid\/#primaryimage\"},\"image\":{\"@id\":\"https:\/\/www.italiaeconomiaonline.it\/web\/natale-coldiretti-niente-cenoni-per-48-mln-di-poveri-per-covid\/#primaryimage\"},\"thumbnailUrl\":\"https:\/\/www.italiaeconomiaonline.it\/web\/wp-content\/uploads\/2019\/06\/poverta.jpg\",\"datePublished\":\"2021-12-22T10:13:32+00:00\",\"dateModified\":\"2021-12-22T10:13:32+00:00\",\"author\":{\"@id\":\"https:\/\/www.italiaeconomiaonline.it\/web\/#\/schema\/person\/909a49cce752523b020fbc37d5ab1c31\"},\"breadcrumb\":{\"@id\":\"https:\/\/www.italiaeconomiaonline.it\/web\/natale-coldiretti-niente-cenoni-per-48-mln-di-poveri-per-covid\/#breadcrumb\"},\"inLanguage\":\"it-IT\",\"potentialAction\":[{\"@type\":\"ReadAction\",\"target\":[\"https:\/\/www.italiaeconomiaonline.it\/web\/natale-coldiretti-niente-cenoni-per-48-mln-di-poveri-per-covid\/\"]}]},{\"@type\":\"ImageObject\",\"inLanguage\":\"it-IT\",\"@id\":\"https:\/\/www.italiaeconomiaonline.it\/web\/natale-coldiretti-niente-cenoni-per-48-mln-di-poveri-per-covid\/#primaryimage\",\"url\":\"https:\/\/www.italiaeconomiaonline.it\/web\/wp-content\/uploads\/2019\/06\/poverta.jpg\",\"contentUrl\":\"https:\/\/www.italiaeconomiaonline.it\/web\/wp-content\/uploads\/2019\/06\/poverta.jpg\",\"width\":960,\"height\":640},{\"@type\":\"BreadcrumbList\",\"@id\":\"https:\/\/www.italiaeconomiaonline.it\/web\/natale-coldiretti-niente-cenoni-per-48-mln-di-poveri-per-covid\/#breadcrumb\",\"itemListElement\":[{\"@type\":\"ListItem\",\"position\":1,\"name\":\"Home\",\"item\":\"https:\/\/www.italiaeconomiaonline.it\/web\/\"},{\"@type\":\"ListItem\",\"position\":2,\"name\":\"Natale, Coldiretti: niente cenoni per 4,8 mln di poveri per covid\"}]},{\"@type\":\"WebSite\",\"@id\":\"https:\/\/www.italiaeconomiaonline.it\/web\/#website\",\"url\":\"https:\/\/www.italiaeconomiaonline.it\/web\/\",\"name\":\"ItaliaEconomiaOnline\",\"description\":\"Quotidiano Economico Online\",\"potentialAction\":[{\"@type\":\"SearchAction\",\"target\":{\"@type\":\"EntryPoint\",\"urlTemplate\":\"https:\/\/www.italiaeconomiaonline.it\/web\/?s={search_term_string}\"},\"query-input\":\"required name=search_term_string\"}],\"inLanguage\":\"it-IT\"},{\"@type\":\"Person\",\"@id\":\"https:\/\/www.italiaeconomiaonline.it\/web\/#\/schema\/person\/909a49cce752523b020fbc37d5ab1c31\",\"name\":\"ladyitaliaeconomia\",\"image\":{\"@type\":\"ImageObject\",\"inLanguage\":\"it-IT\",\"@id\":\"https:\/\/www.italiaeconomiaonline.it\/web\/#\/schema\/person\/image\/\",\"url\":\"https:\/\/secure.gravatar.com\/avatar\/cedca10ce7416a579b9fa6bce9c0a8f2?s=96&d=mm&r=g\",\"contentUrl\":\"https:\/\/secure.gravatar.com\/avatar\/cedca10ce7416a579b9fa6bce9c0a8f2?s=96&d=mm&r=g\",\"caption\":\"ladyitaliaeconomia\"},\"url\":\"https:\/\/www.italiaeconomiaonline.it\/web\/author\/ladyitaliaeconomia\/\"}]}<\/script>\n<!-- \/ Yoast SEO plugin. -->","yoast_head_json":{"title":"Natale, Coldiretti: niente cenoni per 4,8 mln di poveri per covid -","robots":{"index":"index","follow":"follow","max-snippet":"max-snippet:-1","max-image-preview":"max-image-preview:large","max-video-preview":"max-video-preview:-1"},"canonical":"https:\/\/www.italiaeconomiaonline.it\/web\/natale-coldiretti-niente-cenoni-per-48-mln-di-poveri-per-covid\/","og_locale":"it_IT","og_type":"article","og_title":"Natale, Coldiretti: niente cenoni per 4,8 mln di poveri per covid -","og_description":"Sono oltre 4,8 milioni i poveri in Italia che per le feste di Natale sono costretti a chiedere aiuto per il cibo da mangiare nelle mense o con la distribuzione di pacchi alimentari a causa della crisi economica legata al Covid. E\u2019 quanto emerge dall\u2019analisi Coldiretti\/Censis diffusa in occasione della distribuzione di circa mezzo milione [&hellip;]","og_url":"https:\/\/www.italiaeconomiaonline.it\/web\/natale-coldiretti-niente-cenoni-per-48-mln-di-poveri-per-covid\/","og_site_name":"ItaliaEconomiaOnline","article_published_time":"2021-12-22T10:13:32+00:00","og_image":[{"width":960,"height":640,"url":"https:\/\/www.italiaeconomiaonline.it\/web\/wp-content\/uploads\/2019\/06\/poverta.jpg","type":"image\/jpeg"}],"author":"ladyitaliaeconomia","twitter_card":"summary_large_image","twitter_misc":{"Scritto da":"ladyitaliaeconomia","Tempo di lettura stimato":"3 minuti"},"schema":{"@context":"https:\/\/schema.org","@graph":[{"@type":"WebPage","@id":"https:\/\/www.italiaeconomiaonline.it\/web\/natale-coldiretti-niente-cenoni-per-48-mln-di-poveri-per-covid\/","url":"https:\/\/www.italiaeconomiaonline.it\/web\/natale-coldiretti-niente-cenoni-per-48-mln-di-poveri-per-covid\/","name":"Natale, Coldiretti: niente cenoni per 4,8 mln di poveri per covid -","isPartOf":{"@id":"https:\/\/www.italiaeconomiaonline.it\/web\/#website"},"primaryImageOfPage":{"@id":"https:\/\/www.italiaeconomiaonline.it\/web\/natale-coldiretti-niente-cenoni-per-48-mln-di-poveri-per-covid\/#primaryimage"},"image":{"@id":"https:\/\/www.italiaeconomiaonline.it\/web\/natale-coldiretti-niente-cenoni-per-48-mln-di-poveri-per-covid\/#primaryimage"},"thumbnailUrl":"https:\/\/www.italiaeconomiaonline.it\/web\/wp-content\/uploads\/2019\/06\/poverta.jpg","datePublished":"2021-12-22T10:13:32+00:00","dateModified":"2021-12-22T10:13:32+00:00","author":{"@id":"https:\/\/www.italiaeconomiaonline.it\/web\/#\/schema\/person\/909a49cce752523b020fbc37d5ab1c31"},"breadcrumb":{"@id":"https:\/\/www.italiaeconomiaonline.it\/web\/natale-coldiretti-niente-cenoni-per-48-mln-di-poveri-per-covid\/#breadcrumb"},"inLanguage":"it-IT","potentialAction":[{"@type":"ReadAction","target":["https:\/\/www.italiaeconomiaonline.it\/web\/natale-coldiretti-niente-cenoni-per-48-mln-di-poveri-per-covid\/"]}]},{"@type":"ImageObject","inLanguage":"it-IT","@id":"https:\/\/www.italiaeconomiaonline.it\/web\/natale-coldiretti-niente-cenoni-per-48-mln-di-poveri-per-covid\/#primaryimage","url":"https:\/\/www.italiaeconomiaonline.it\/web\/wp-content\/uploads\/2019\/06\/poverta.jpg","contentUrl":"https:\/\/www.italiaeconomiaonline.it\/web\/wp-content\/uploads\/2019\/06\/poverta.jpg","width":960,"height":640},{"@type":"BreadcrumbList","@id":"https:\/\/www.italiaeconomiaonline.it\/web\/natale-coldiretti-niente-cenoni-per-48-mln-di-poveri-per-covid\/#breadcrumb","itemListElement":[{"@type":"ListItem","position":1,"name":"Home","item":"https:\/\/www.italiaeconomiaonline.it\/web\/"},{"@type":"ListItem","position":2,"name":"Natale, Coldiretti: niente cenoni per 4,8 mln di poveri per covid"}]},{"@type":"WebSite","@id":"https:\/\/www.italiaeconomiaonline.it\/web\/#website","url":"https:\/\/www.italiaeconomiaonline.it\/web\/","name":"ItaliaEconomiaOnline","description":"Quotidiano Economico Online","potentialAction":[{"@type":"SearchAction","target":{"@type":"EntryPoint","urlTemplate":"https:\/\/www.italiaeconomiaonline.it\/web\/?s={search_term_string}"},"query-input":"required name=search_term_string"}],"inLanguage":"it-IT"},{"@type":"Person","@id":"https:\/\/www.italiaeconomiaonline.it\/web\/#\/schema\/person\/909a49cce752523b020fbc37d5ab1c31","name":"ladyitaliaeconomia","image":{"@type":"ImageObject","inLanguage":"it-IT","@id":"https:\/\/www.italiaeconomiaonline.it\/web\/#\/schema\/person\/image\/","url":"https:\/\/secure.gravatar.com\/avatar\/cedca10ce7416a579b9fa6bce9c0a8f2?s=96&d=mm&r=g","contentUrl":"https:\/\/secure.gravatar.com\/avatar\/cedca10ce7416a579b9fa6bce9c0a8f2?s=96&d=mm&r=g","caption":"ladyitaliaeconomia"},"url":"https:\/\/www.italiaeconomiaonline.it\/web\/author\/ladyitaliaeconomia\/"}]}},"_links":{"self":[{"href":"https:\/\/www.italiaeconomiaonline.it\/web\/wp-json\/wp\/v2\/posts\/6463"}],"collection":[{"href":"https:\/\/www.italiaeconomiaonline.it\/web\/wp-json\/wp\/v2\/posts"}],"about":[{"href":"https:\/\/www.italiaeconomiaonline.it\/web\/wp-json\/wp\/v2\/types\/post"}],"author":[{"embeddable":true,"href":"https:\/\/www.italiaeconomiaonline.it\/web\/wp-json\/wp\/v2\/users\/1"}],"replies":[{"embeddable":true,"href":"https:\/\/www.italiaeconomiaonline.it\/web\/wp-json\/wp\/v2\/comments?post=6463"}],"version-history":[{"count":1,"href":"https:\/\/www.italiaeconomiaonline.it\/web\/wp-json\/wp\/v2\/posts\/6463\/revisions"}],"predecessor-version":[{"id":6464,"href":"https:\/\/www.italiaeconomiaonline.it\/web\/wp-json\/wp\/v2\/posts\/6463\/revisions\/6464"}],"wp:featuredmedia":[{"embeddable":true,"href":"https:\/\/www.italiaeconomiaonline.it\/web\/wp-json\/wp\/v2\/media\/1016"}],"wp:attachment":[{"href":"https:\/\/www.italiaeconomiaonline.it\/web\/wp-json\/wp\/v2\/media?parent=6463"}],"wp:term":[{"taxonomy":"category","embeddable":true,"href":"https:\/\/www.italiaeconomiaonline.it\/web\/wp-json\/wp\/v2\/categories?post=6463"},{"taxonomy":"post_tag","embeddable":true,"href":"https:\/\/www.italiaeconomiaonline.it\/web\/wp-json\/wp\/v2\/tags?post=6463"}],"curies":[{"name":"wp","href":"https:\/\/api.w.org\/{rel}","templated":true}]}}