{"id":6472,"date":"2021-12-27T10:57:09","date_gmt":"2021-12-27T09:57:09","guid":{"rendered":"http:\/\/www.italiaeconomiaonline.it\/web\/?p=6472"},"modified":"2021-12-27T10:57:09","modified_gmt":"2021-12-27T09:57:09","slug":"legambiente-bene-lallungamento-di-sei-mesi-del-superbonus","status":"publish","type":"post","link":"https:\/\/www.italiaeconomiaonline.it\/web\/legambiente-bene-lallungamento-di-sei-mesi-del-superbonus\/","title":{"rendered":"Legambiente: &#8220;Bene l&#8217;allungamento di sei mesi del superbonus&#8221;"},"content":{"rendered":"<p>Per Legambiente il compromesso trovato in Senato per allungare di sei mesi l\u2019inizio della chiusura del Superbonus allungando al 31\/12\/2022 la scadenza per le case unifamiliari \u00e8 un primo segnale che va nella giusta direzione, ma non cambia nella sostanza l\u2019approccio con il quale si \u00e8 svolta la discussione su questo strumento. Per questo l&#8217;associazione ambientalista ribadisce la necessit\u00e0 di un completo cambio di paradigma.<\/p>\n<p>&nbsp;<\/p>\n<p>&#8221; Questa misura &#8211; <strong>spiega il Presidente di Legambiente Stefano Ciafani <\/strong>&#8211; deve diventare la pi\u00f9 importante (ad oggi \u00e8 tristemente l\u2019unica) nel percorso che il nostro Paese deve fare per raggiungere gli obiettivi di riduzione dei gas climalteranti al 2030. Per fare ci\u00f2 deve essere percepita come una politica ambientale e non semplicemente come una politica di sostegno economico al settore edilizio, in grave crisi da vent\u2019anni. Deve essere significativamente semplificata, resa giusta ed equa con una reale e concreta attenzione verso i ceti pi\u00f9 deboli che sono gli stessi che si trovano in condizioni di povert\u00e0 energetica, deve rendere pi\u00f9 facili ed economicamente convenienti gli interventi pi\u00f9 performanti dal punto di vista dell&#8217;efficienza energetica e deve essere corretta negli errori pi\u00f9 evidenti come l&#8217;incentivo all&#8217;acquisto delle caldaie a gas\u201d.<\/p>\n<p>&nbsp;<\/p>\n<p>\u201cAlcuni di questi risultati \u2013 aggiunge <strong>Ciafani<\/strong> &#8211; si potrebbero gi\u00e0 ottenere con interventi di reale semplificazione da inserire nel prossimo Decreto in fase di redazione in queste settimane, ma la vera svolta si potr\u00e0 avere solo con una riscrittura complessiva dell&#8217;intera normativa sui bonus edilizi. Una riscrittura nell\u2019ambito della quale si potr\u00e0 anche prevedere una diversa modulazione delle intensit\u00e0 di aiuto sulla base dell\u2019efficienza degli interventi e del reddito&#8221;.<\/p>\n<p>&nbsp;<\/p>\n","protected":false},"excerpt":{"rendered":"<p>Per Legambiente il compromesso trovato in Senato per allungare di sei mesi l\u2019inizio della chiusura del Superbonus allungando al 31\/12\/2022 la scadenza per le case unifamiliari \u00e8 un primo segnale che va nella giusta direzione, ma non cambia nella sostanza l\u2019approccio con il quale si \u00e8 svolta la discussione su questo strumento. Per questo l&#8217;associazione [&hellip;]<\/p>\n","protected":false},"author":1,"featured_media":4533,"comment_status":"closed","ping_status":"open","sticky":false,"template":"","format":"standard","meta":{"footnotes":""},"categories":[56],"tags":[1234],"yoast_head":"<!-- This site is optimized with the Yoast SEO plugin v22.2 - https:\/\/yoast.com\/wordpress\/plugins\/seo\/ -->\n<title>Legambiente: &quot;Bene l&#039;allungamento di sei mesi del superbonus&quot; -<\/title>\n<meta name=\"robots\" content=\"index, follow, max-snippet:-1, max-image-preview:large, max-video-preview:-1\" \/>\n<link rel=\"canonical\" href=\"https:\/\/www.italiaeconomiaonline.it\/web\/legambiente-bene-lallungamento-di-sei-mesi-del-superbonus\/\" \/>\n<meta property=\"og:locale\" content=\"it_IT\" \/>\n<meta property=\"og:type\" content=\"article\" \/>\n<meta property=\"og:title\" content=\"Legambiente: &quot;Bene l&#039;allungamento di sei mesi del superbonus&quot; -\" \/>\n<meta property=\"og:description\" content=\"Per Legambiente il compromesso trovato in Senato per allungare di sei mesi l\u2019inizio della chiusura del Superbonus allungando al 31\/12\/2022 la scadenza per le case unifamiliari \u00e8 un primo segnale che va nella giusta direzione, ma non cambia nella sostanza l\u2019approccio con il quale si \u00e8 svolta la discussione su questo strumento. Per questo l&#8217;associazione [&hellip;]\" \/>\n<meta property=\"og:url\" content=\"https:\/\/www.italiaeconomiaonline.it\/web\/legambiente-bene-lallungamento-di-sei-mesi-del-superbonus\/\" \/>\n<meta property=\"og:site_name\" content=\"ItaliaEconomiaOnline\" \/>\n<meta property=\"article:published_time\" content=\"2021-12-27T09:57:09+00:00\" \/>\n<meta property=\"og:image\" content=\"https:\/\/www.italiaeconomiaonline.it\/web\/wp-content\/uploads\/2020\/11\/Schermata-2020-11-02-alle-16.10.44.png\" \/>\n\t<meta property=\"og:image:width\" content=\"1160\" \/>\n\t<meta property=\"og:image:height\" content=\"786\" \/>\n\t<meta property=\"og:image:type\" content=\"image\/png\" \/>\n<meta name=\"author\" content=\"ladyitaliaeconomia\" \/>\n<meta name=\"twitter:card\" content=\"summary_large_image\" \/>\n<meta name=\"twitter:label1\" content=\"Scritto da\" \/>\n\t<meta name=\"twitter:data1\" content=\"ladyitaliaeconomia\" \/>\n\t<meta name=\"twitter:label2\" content=\"Tempo di lettura stimato\" \/>\n\t<meta name=\"twitter:data2\" content=\"2 minuti\" \/>\n<script type=\"application\/ld+json\" class=\"yoast-schema-graph\">{\"@context\":\"https:\/\/schema.org\",\"@graph\":[{\"@type\":\"WebPage\",\"@id\":\"https:\/\/www.italiaeconomiaonline.it\/web\/legambiente-bene-lallungamento-di-sei-mesi-del-superbonus\/\",\"url\":\"https:\/\/www.italiaeconomiaonline.it\/web\/legambiente-bene-lallungamento-di-sei-mesi-del-superbonus\/\",\"name\":\"Legambiente: \\\"Bene l'allungamento di sei mesi del superbonus\\\" -\",\"isPartOf\":{\"@id\":\"https:\/\/www.italiaeconomiaonline.it\/web\/#website\"},\"primaryImageOfPage\":{\"@id\":\"https:\/\/www.italiaeconomiaonline.it\/web\/legambiente-bene-lallungamento-di-sei-mesi-del-superbonus\/#primaryimage\"},\"image\":{\"@id\":\"https:\/\/www.italiaeconomiaonline.it\/web\/legambiente-bene-lallungamento-di-sei-mesi-del-superbonus\/#primaryimage\"},\"thumbnailUrl\":\"https:\/\/www.italiaeconomiaonline.it\/web\/wp-content\/uploads\/2020\/11\/Schermata-2020-11-02-alle-16.10.44.png\",\"datePublished\":\"2021-12-27T09:57:09+00:00\",\"dateModified\":\"2021-12-27T09:57:09+00:00\",\"author\":{\"@id\":\"https:\/\/www.italiaeconomiaonline.it\/web\/#\/schema\/person\/909a49cce752523b020fbc37d5ab1c31\"},\"breadcrumb\":{\"@id\":\"https:\/\/www.italiaeconomiaonline.it\/web\/legambiente-bene-lallungamento-di-sei-mesi-del-superbonus\/#breadcrumb\"},\"inLanguage\":\"it-IT\",\"potentialAction\":[{\"@type\":\"ReadAction\",\"target\":[\"https:\/\/www.italiaeconomiaonline.it\/web\/legambiente-bene-lallungamento-di-sei-mesi-del-superbonus\/\"]}]},{\"@type\":\"ImageObject\",\"inLanguage\":\"it-IT\",\"@id\":\"https:\/\/www.italiaeconomiaonline.it\/web\/legambiente-bene-lallungamento-di-sei-mesi-del-superbonus\/#primaryimage\",\"url\":\"https:\/\/www.italiaeconomiaonline.it\/web\/wp-content\/uploads\/2020\/11\/Schermata-2020-11-02-alle-16.10.44.png\",\"contentUrl\":\"https:\/\/www.italiaeconomiaonline.it\/web\/wp-content\/uploads\/2020\/11\/Schermata-2020-11-02-alle-16.10.44.png\",\"width\":1160,\"height\":786},{\"@type\":\"BreadcrumbList\",\"@id\":\"https:\/\/www.italiaeconomiaonline.it\/web\/legambiente-bene-lallungamento-di-sei-mesi-del-superbonus\/#breadcrumb\",\"itemListElement\":[{\"@type\":\"ListItem\",\"position\":1,\"name\":\"Home\",\"item\":\"https:\/\/www.italiaeconomiaonline.it\/web\/\"},{\"@type\":\"ListItem\",\"position\":2,\"name\":\"Legambiente: &#8220;Bene l&#8217;allungamento di sei mesi del superbonus&#8221;\"}]},{\"@type\":\"WebSite\",\"@id\":\"https:\/\/www.italiaeconomiaonline.it\/web\/#website\",\"url\":\"https:\/\/www.italiaeconomiaonline.it\/web\/\",\"name\":\"ItaliaEconomiaOnline\",\"description\":\"Quotidiano Economico Online\",\"potentialAction\":[{\"@type\":\"SearchAction\",\"target\":{\"@type\":\"EntryPoint\",\"urlTemplate\":\"https:\/\/www.italiaeconomiaonline.it\/web\/?s={search_term_string}\"},\"query-input\":\"required name=search_term_string\"}],\"inLanguage\":\"it-IT\"},{\"@type\":\"Person\",\"@id\":\"https:\/\/www.italiaeconomiaonline.it\/web\/#\/schema\/person\/909a49cce752523b020fbc37d5ab1c31\",\"name\":\"ladyitaliaeconomia\",\"image\":{\"@type\":\"ImageObject\",\"inLanguage\":\"it-IT\",\"@id\":\"https:\/\/www.italiaeconomiaonline.it\/web\/#\/schema\/person\/image\/\",\"url\":\"https:\/\/secure.gravatar.com\/avatar\/cedca10ce7416a579b9fa6bce9c0a8f2?s=96&d=mm&r=g\",\"contentUrl\":\"https:\/\/secure.gravatar.com\/avatar\/cedca10ce7416a579b9fa6bce9c0a8f2?s=96&d=mm&r=g\",\"caption\":\"ladyitaliaeconomia\"},\"url\":\"https:\/\/www.italiaeconomiaonline.it\/web\/author\/ladyitaliaeconomia\/\"}]}<\/script>\n<!-- \/ Yoast SEO plugin. -->","yoast_head_json":{"title":"Legambiente: \"Bene l'allungamento di sei mesi del superbonus\" -","robots":{"index":"index","follow":"follow","max-snippet":"max-snippet:-1","max-image-preview":"max-image-preview:large","max-video-preview":"max-video-preview:-1"},"canonical":"https:\/\/www.italiaeconomiaonline.it\/web\/legambiente-bene-lallungamento-di-sei-mesi-del-superbonus\/","og_locale":"it_IT","og_type":"article","og_title":"Legambiente: \"Bene l'allungamento di sei mesi del superbonus\" -","og_description":"Per Legambiente il compromesso trovato in Senato per allungare di sei mesi l\u2019inizio della chiusura del Superbonus allungando al 31\/12\/2022 la scadenza per le case unifamiliari \u00e8 un primo segnale che va nella giusta direzione, ma non cambia nella sostanza l\u2019approccio con il quale si \u00e8 svolta la discussione su questo strumento. Per questo l&#8217;associazione [&hellip;]","og_url":"https:\/\/www.italiaeconomiaonline.it\/web\/legambiente-bene-lallungamento-di-sei-mesi-del-superbonus\/","og_site_name":"ItaliaEconomiaOnline","article_published_time":"2021-12-27T09:57:09+00:00","og_image":[{"width":1160,"height":786,"url":"https:\/\/www.italiaeconomiaonline.it\/web\/wp-content\/uploads\/2020\/11\/Schermata-2020-11-02-alle-16.10.44.png","type":"image\/png"}],"author":"ladyitaliaeconomia","twitter_card":"summary_large_image","twitter_misc":{"Scritto da":"ladyitaliaeconomia","Tempo di lettura stimato":"2 minuti"},"schema":{"@context":"https:\/\/schema.org","@graph":[{"@type":"WebPage","@id":"https:\/\/www.italiaeconomiaonline.it\/web\/legambiente-bene-lallungamento-di-sei-mesi-del-superbonus\/","url":"https:\/\/www.italiaeconomiaonline.it\/web\/legambiente-bene-lallungamento-di-sei-mesi-del-superbonus\/","name":"Legambiente: \"Bene l'allungamento di sei mesi del superbonus\" -","isPartOf":{"@id":"https:\/\/www.italiaeconomiaonline.it\/web\/#website"},"primaryImageOfPage":{"@id":"https:\/\/www.italiaeconomiaonline.it\/web\/legambiente-bene-lallungamento-di-sei-mesi-del-superbonus\/#primaryimage"},"image":{"@id":"https:\/\/www.italiaeconomiaonline.it\/web\/legambiente-bene-lallungamento-di-sei-mesi-del-superbonus\/#primaryimage"},"thumbnailUrl":"https:\/\/www.italiaeconomiaonline.it\/web\/wp-content\/uploads\/2020\/11\/Schermata-2020-11-02-alle-16.10.44.png","datePublished":"2021-12-27T09:57:09+00:00","dateModified":"2021-12-27T09:57:09+00:00","author":{"@id":"https:\/\/www.italiaeconomiaonline.it\/web\/#\/schema\/person\/909a49cce752523b020fbc37d5ab1c31"},"breadcrumb":{"@id":"https:\/\/www.italiaeconomiaonline.it\/web\/legambiente-bene-lallungamento-di-sei-mesi-del-superbonus\/#breadcrumb"},"inLanguage":"it-IT","potentialAction":[{"@type":"ReadAction","target":["https:\/\/www.italiaeconomiaonline.it\/web\/legambiente-bene-lallungamento-di-sei-mesi-del-superbonus\/"]}]},{"@type":"ImageObject","inLanguage":"it-IT","@id":"https:\/\/www.italiaeconomiaonline.it\/web\/legambiente-bene-lallungamento-di-sei-mesi-del-superbonus\/#primaryimage","url":"https:\/\/www.italiaeconomiaonline.it\/web\/wp-content\/uploads\/2020\/11\/Schermata-2020-11-02-alle-16.10.44.png","contentUrl":"https:\/\/www.italiaeconomiaonline.it\/web\/wp-content\/uploads\/2020\/11\/Schermata-2020-11-02-alle-16.10.44.png","width":1160,"height":786},{"@type":"BreadcrumbList","@id":"https:\/\/www.italiaeconomiaonline.it\/web\/legambiente-bene-lallungamento-di-sei-mesi-del-superbonus\/#breadcrumb","itemListElement":[{"@type":"ListItem","position":1,"name":"Home","item":"https:\/\/www.italiaeconomiaonline.it\/web\/"},{"@type":"ListItem","position":2,"name":"Legambiente: &#8220;Bene l&#8217;allungamento di sei mesi del superbonus&#8221;"}]},{"@type":"WebSite","@id":"https:\/\/www.italiaeconomiaonline.it\/web\/#website","url":"https:\/\/www.italiaeconomiaonline.it\/web\/","name":"ItaliaEconomiaOnline","description":"Quotidiano Economico Online","potentialAction":[{"@type":"SearchAction","target":{"@type":"EntryPoint","urlTemplate":"https:\/\/www.italiaeconomiaonline.it\/web\/?s={search_term_string}"},"query-input":"required name=search_term_string"}],"inLanguage":"it-IT"},{"@type":"Person","@id":"https:\/\/www.italiaeconomiaonline.it\/web\/#\/schema\/person\/909a49cce752523b020fbc37d5ab1c31","name":"ladyitaliaeconomia","image":{"@type":"ImageObject","inLanguage":"it-IT","@id":"https:\/\/www.italiaeconomiaonline.it\/web\/#\/schema\/person\/image\/","url":"https:\/\/secure.gravatar.com\/avatar\/cedca10ce7416a579b9fa6bce9c0a8f2?s=96&d=mm&r=g","contentUrl":"https:\/\/secure.gravatar.com\/avatar\/cedca10ce7416a579b9fa6bce9c0a8f2?s=96&d=mm&r=g","caption":"ladyitaliaeconomia"},"url":"https:\/\/www.italiaeconomiaonline.it\/web\/author\/ladyitaliaeconomia\/"}]}},"_links":{"self":[{"href":"https:\/\/www.italiaeconomiaonline.it\/web\/wp-json\/wp\/v2\/posts\/6472"}],"collection":[{"href":"https:\/\/www.italiaeconomiaonline.it\/web\/wp-json\/wp\/v2\/posts"}],"about":[{"href":"https:\/\/www.italiaeconomiaonline.it\/web\/wp-json\/wp\/v2\/types\/post"}],"author":[{"embeddable":true,"href":"https:\/\/www.italiaeconomiaonline.it\/web\/wp-json\/wp\/v2\/users\/1"}],"replies":[{"embeddable":true,"href":"https:\/\/www.italiaeconomiaonline.it\/web\/wp-json\/wp\/v2\/comments?post=6472"}],"version-history":[{"count":1,"href":"https:\/\/www.italiaeconomiaonline.it\/web\/wp-json\/wp\/v2\/posts\/6472\/revisions"}],"predecessor-version":[{"id":6473,"href":"https:\/\/www.italiaeconomiaonline.it\/web\/wp-json\/wp\/v2\/posts\/6472\/revisions\/6473"}],"wp:featuredmedia":[{"embeddable":true,"href":"https:\/\/www.italiaeconomiaonline.it\/web\/wp-json\/wp\/v2\/media\/4533"}],"wp:attachment":[{"href":"https:\/\/www.italiaeconomiaonline.it\/web\/wp-json\/wp\/v2\/media?parent=6472"}],"wp:term":[{"taxonomy":"category","embeddable":true,"href":"https:\/\/www.italiaeconomiaonline.it\/web\/wp-json\/wp\/v2\/categories?post=6472"},{"taxonomy":"post_tag","embeddable":true,"href":"https:\/\/www.italiaeconomiaonline.it\/web\/wp-json\/wp\/v2\/tags?post=6472"}],"curies":[{"name":"wp","href":"https:\/\/api.w.org\/{rel}","templated":true}]}}