{"id":6479,"date":"2022-01-03T15:39:53","date_gmt":"2022-01-03T14:39:53","guid":{"rendered":"http:\/\/www.italiaeconomiaonline.it\/web\/?p=6479"},"modified":"2022-01-03T15:39:53","modified_gmt":"2022-01-03T14:39:53","slug":"ursula-von-der-leyen-20-anni-con-leuro-in-tasca","status":"publish","type":"post","link":"https:\/\/www.italiaeconomiaonline.it\/web\/ursula-von-der-leyen-20-anni-con-leuro-in-tasca\/","title":{"rendered":"Ursula von der Leyen: 20 anni con l&#8217;euro in tasca"},"content":{"rendered":"<p>20 anni fa, il 1\u00ba gennaio 2002, 12 paesi dell&#8217;UE davano l\u2019addio alle proprie banconote e monete nazionali per passare all\u2019euro, dando vita al maggior cambio di valuta di tutti i tempi. In questi due decenni l&#8217;euro ha contribuito alla stabilit\u00e0, alla competitivit\u00e0 e alla prosperit\u00e0 delle economie europee. Ma soprattutto ha migliorato la vita delle persone e ha agevolato le attivit\u00e0 commerciali in tutta Europa e oltre. Grazie all&#8217;euro \u00e8 diventato molto pi\u00f9 facile risparmiare, investire, viaggiare ed esercitare attivit\u00e0 imprenditoriali.<\/p>\n<p>Ursula <strong>von der Leyen<\/strong>, presidente della Commissione europea, ha dichiarato: &#8220;<em>Sono ormai 20 anni che<\/em> <em>noi europei ci portiamo l&#8217;Europa in tasca. L&#8217;euro non \u00e8 solo una delle valute pi\u00f9 solide al mondo. \u00c8 soprattutto un simbolo dell&#8217;unit\u00e0 europea. Le nostre banconote raffigurano su un lato dei ponti e dall&#8217;altro una porta: \u00e8 proprio quello che l&#8217;euro simboleggia. L&#8217;euro \u00e8 la valuta del futuro, e nei prossimi anni diventer\u00e0 anche una moneta digitale. Inoltre l&#8217;euro rispecchia i nostri valori, il mondo in cui vogliamo vivere. \u00c8 la valuta globale degli investimenti sostenibili. Ne possiamo andare tutti orgogliosi<\/em>.<em>\u201d<\/em><\/p>\n","protected":false},"excerpt":{"rendered":"<p>20 anni fa, il 1\u00ba gennaio 2002, 12 paesi dell&#8217;UE davano l\u2019addio alle proprie banconote e monete nazionali per passare all\u2019euro, dando vita al maggior cambio di valuta di tutti i tempi. In questi due decenni l&#8217;euro ha contribuito alla stabilit\u00e0, alla competitivit\u00e0 e alla prosperit\u00e0 delle economie europee. Ma soprattutto ha migliorato la vita [&hellip;]<\/p>\n","protected":false},"author":1,"featured_media":2513,"comment_status":"closed","ping_status":"open","sticky":false,"template":"","format":"standard","meta":{"footnotes":""},"categories":[56],"tags":[1827],"yoast_head":"<!-- This site is optimized with the Yoast SEO plugin v22.2 - https:\/\/yoast.com\/wordpress\/plugins\/seo\/ -->\n<title>Ursula von der Leyen: 20 anni con l&#039;euro in tasca -<\/title>\n<meta name=\"robots\" content=\"index, follow, max-snippet:-1, max-image-preview:large, max-video-preview:-1\" \/>\n<link rel=\"canonical\" href=\"https:\/\/www.italiaeconomiaonline.it\/web\/ursula-von-der-leyen-20-anni-con-leuro-in-tasca\/\" \/>\n<meta property=\"og:locale\" content=\"it_IT\" \/>\n<meta property=\"og:type\" content=\"article\" \/>\n<meta property=\"og:title\" content=\"Ursula von der Leyen: 20 anni con l&#039;euro in tasca -\" \/>\n<meta property=\"og:description\" content=\"20 anni fa, il 1\u00ba gennaio 2002, 12 paesi dell&#8217;UE davano l\u2019addio alle proprie banconote e monete nazionali per passare all\u2019euro, dando vita al maggior cambio di valuta di tutti i tempi. In questi due decenni l&#8217;euro ha contribuito alla stabilit\u00e0, alla competitivit\u00e0 e alla prosperit\u00e0 delle economie europee. Ma soprattutto ha migliorato la vita [&hellip;]\" \/>\n<meta property=\"og:url\" content=\"https:\/\/www.italiaeconomiaonline.it\/web\/ursula-von-der-leyen-20-anni-con-leuro-in-tasca\/\" \/>\n<meta property=\"og:site_name\" content=\"ItaliaEconomiaOnline\" \/>\n<meta property=\"article:published_time\" content=\"2022-01-03T14:39:53+00:00\" \/>\n<meta property=\"og:image\" content=\"https:\/\/www.italiaeconomiaonline.it\/web\/wp-content\/uploads\/2020\/02\/Schermata-2020-02-13-alle-10.24.47.png\" \/>\n\t<meta property=\"og:image:width\" content=\"744\" \/>\n\t<meta property=\"og:image:height\" content=\"424\" \/>\n\t<meta property=\"og:image:type\" content=\"image\/png\" \/>\n<meta name=\"author\" content=\"ladyitaliaeconomia\" \/>\n<meta name=\"twitter:card\" content=\"summary_large_image\" \/>\n<meta name=\"twitter:label1\" content=\"Scritto da\" \/>\n\t<meta name=\"twitter:data1\" content=\"ladyitaliaeconomia\" \/>\n\t<meta name=\"twitter:label2\" content=\"Tempo di lettura stimato\" \/>\n\t<meta name=\"twitter:data2\" content=\"1 minuto\" \/>\n<script type=\"application\/ld+json\" class=\"yoast-schema-graph\">{\"@context\":\"https:\/\/schema.org\",\"@graph\":[{\"@type\":\"WebPage\",\"@id\":\"https:\/\/www.italiaeconomiaonline.it\/web\/ursula-von-der-leyen-20-anni-con-leuro-in-tasca\/\",\"url\":\"https:\/\/www.italiaeconomiaonline.it\/web\/ursula-von-der-leyen-20-anni-con-leuro-in-tasca\/\",\"name\":\"Ursula von der Leyen: 20 anni con l'euro in tasca -\",\"isPartOf\":{\"@id\":\"https:\/\/www.italiaeconomiaonline.it\/web\/#website\"},\"primaryImageOfPage\":{\"@id\":\"https:\/\/www.italiaeconomiaonline.it\/web\/ursula-von-der-leyen-20-anni-con-leuro-in-tasca\/#primaryimage\"},\"image\":{\"@id\":\"https:\/\/www.italiaeconomiaonline.it\/web\/ursula-von-der-leyen-20-anni-con-leuro-in-tasca\/#primaryimage\"},\"thumbnailUrl\":\"https:\/\/www.italiaeconomiaonline.it\/web\/wp-content\/uploads\/2020\/02\/Schermata-2020-02-13-alle-10.24.47.png\",\"datePublished\":\"2022-01-03T14:39:53+00:00\",\"dateModified\":\"2022-01-03T14:39:53+00:00\",\"author\":{\"@id\":\"https:\/\/www.italiaeconomiaonline.it\/web\/#\/schema\/person\/909a49cce752523b020fbc37d5ab1c31\"},\"breadcrumb\":{\"@id\":\"https:\/\/www.italiaeconomiaonline.it\/web\/ursula-von-der-leyen-20-anni-con-leuro-in-tasca\/#breadcrumb\"},\"inLanguage\":\"it-IT\",\"potentialAction\":[{\"@type\":\"ReadAction\",\"target\":[\"https:\/\/www.italiaeconomiaonline.it\/web\/ursula-von-der-leyen-20-anni-con-leuro-in-tasca\/\"]}]},{\"@type\":\"ImageObject\",\"inLanguage\":\"it-IT\",\"@id\":\"https:\/\/www.italiaeconomiaonline.it\/web\/ursula-von-der-leyen-20-anni-con-leuro-in-tasca\/#primaryimage\",\"url\":\"https:\/\/www.italiaeconomiaonline.it\/web\/wp-content\/uploads\/2020\/02\/Schermata-2020-02-13-alle-10.24.47.png\",\"contentUrl\":\"https:\/\/www.italiaeconomiaonline.it\/web\/wp-content\/uploads\/2020\/02\/Schermata-2020-02-13-alle-10.24.47.png\",\"width\":744,\"height\":424,\"caption\":\"europa parlamento\"},{\"@type\":\"BreadcrumbList\",\"@id\":\"https:\/\/www.italiaeconomiaonline.it\/web\/ursula-von-der-leyen-20-anni-con-leuro-in-tasca\/#breadcrumb\",\"itemListElement\":[{\"@type\":\"ListItem\",\"position\":1,\"name\":\"Home\",\"item\":\"https:\/\/www.italiaeconomiaonline.it\/web\/\"},{\"@type\":\"ListItem\",\"position\":2,\"name\":\"Ursula von der Leyen: 20 anni con l&#8217;euro in tasca\"}]},{\"@type\":\"WebSite\",\"@id\":\"https:\/\/www.italiaeconomiaonline.it\/web\/#website\",\"url\":\"https:\/\/www.italiaeconomiaonline.it\/web\/\",\"name\":\"ItaliaEconomiaOnline\",\"description\":\"Quotidiano Economico Online\",\"potentialAction\":[{\"@type\":\"SearchAction\",\"target\":{\"@type\":\"EntryPoint\",\"urlTemplate\":\"https:\/\/www.italiaeconomiaonline.it\/web\/?s={search_term_string}\"},\"query-input\":\"required name=search_term_string\"}],\"inLanguage\":\"it-IT\"},{\"@type\":\"Person\",\"@id\":\"https:\/\/www.italiaeconomiaonline.it\/web\/#\/schema\/person\/909a49cce752523b020fbc37d5ab1c31\",\"name\":\"ladyitaliaeconomia\",\"image\":{\"@type\":\"ImageObject\",\"inLanguage\":\"it-IT\",\"@id\":\"https:\/\/www.italiaeconomiaonline.it\/web\/#\/schema\/person\/image\/\",\"url\":\"https:\/\/secure.gravatar.com\/avatar\/cedca10ce7416a579b9fa6bce9c0a8f2?s=96&d=mm&r=g\",\"contentUrl\":\"https:\/\/secure.gravatar.com\/avatar\/cedca10ce7416a579b9fa6bce9c0a8f2?s=96&d=mm&r=g\",\"caption\":\"ladyitaliaeconomia\"},\"url\":\"https:\/\/www.italiaeconomiaonline.it\/web\/author\/ladyitaliaeconomia\/\"}]}<\/script>\n<!-- \/ Yoast SEO plugin. -->","yoast_head_json":{"title":"Ursula von der Leyen: 20 anni con l'euro in tasca -","robots":{"index":"index","follow":"follow","max-snippet":"max-snippet:-1","max-image-preview":"max-image-preview:large","max-video-preview":"max-video-preview:-1"},"canonical":"https:\/\/www.italiaeconomiaonline.it\/web\/ursula-von-der-leyen-20-anni-con-leuro-in-tasca\/","og_locale":"it_IT","og_type":"article","og_title":"Ursula von der Leyen: 20 anni con l'euro in tasca -","og_description":"20 anni fa, il 1\u00ba gennaio 2002, 12 paesi dell&#8217;UE davano l\u2019addio alle proprie banconote e monete nazionali per passare all\u2019euro, dando vita al maggior cambio di valuta di tutti i tempi. In questi due decenni l&#8217;euro ha contribuito alla stabilit\u00e0, alla competitivit\u00e0 e alla prosperit\u00e0 delle economie europee. Ma soprattutto ha migliorato la vita [&hellip;]","og_url":"https:\/\/www.italiaeconomiaonline.it\/web\/ursula-von-der-leyen-20-anni-con-leuro-in-tasca\/","og_site_name":"ItaliaEconomiaOnline","article_published_time":"2022-01-03T14:39:53+00:00","og_image":[{"width":744,"height":424,"url":"https:\/\/www.italiaeconomiaonline.it\/web\/wp-content\/uploads\/2020\/02\/Schermata-2020-02-13-alle-10.24.47.png","type":"image\/png"}],"author":"ladyitaliaeconomia","twitter_card":"summary_large_image","twitter_misc":{"Scritto da":"ladyitaliaeconomia","Tempo di lettura stimato":"1 minuto"},"schema":{"@context":"https:\/\/schema.org","@graph":[{"@type":"WebPage","@id":"https:\/\/www.italiaeconomiaonline.it\/web\/ursula-von-der-leyen-20-anni-con-leuro-in-tasca\/","url":"https:\/\/www.italiaeconomiaonline.it\/web\/ursula-von-der-leyen-20-anni-con-leuro-in-tasca\/","name":"Ursula von der Leyen: 20 anni con l'euro in tasca -","isPartOf":{"@id":"https:\/\/www.italiaeconomiaonline.it\/web\/#website"},"primaryImageOfPage":{"@id":"https:\/\/www.italiaeconomiaonline.it\/web\/ursula-von-der-leyen-20-anni-con-leuro-in-tasca\/#primaryimage"},"image":{"@id":"https:\/\/www.italiaeconomiaonline.it\/web\/ursula-von-der-leyen-20-anni-con-leuro-in-tasca\/#primaryimage"},"thumbnailUrl":"https:\/\/www.italiaeconomiaonline.it\/web\/wp-content\/uploads\/2020\/02\/Schermata-2020-02-13-alle-10.24.47.png","datePublished":"2022-01-03T14:39:53+00:00","dateModified":"2022-01-03T14:39:53+00:00","author":{"@id":"https:\/\/www.italiaeconomiaonline.it\/web\/#\/schema\/person\/909a49cce752523b020fbc37d5ab1c31"},"breadcrumb":{"@id":"https:\/\/www.italiaeconomiaonline.it\/web\/ursula-von-der-leyen-20-anni-con-leuro-in-tasca\/#breadcrumb"},"inLanguage":"it-IT","potentialAction":[{"@type":"ReadAction","target":["https:\/\/www.italiaeconomiaonline.it\/web\/ursula-von-der-leyen-20-anni-con-leuro-in-tasca\/"]}]},{"@type":"ImageObject","inLanguage":"it-IT","@id":"https:\/\/www.italiaeconomiaonline.it\/web\/ursula-von-der-leyen-20-anni-con-leuro-in-tasca\/#primaryimage","url":"https:\/\/www.italiaeconomiaonline.it\/web\/wp-content\/uploads\/2020\/02\/Schermata-2020-02-13-alle-10.24.47.png","contentUrl":"https:\/\/www.italiaeconomiaonline.it\/web\/wp-content\/uploads\/2020\/02\/Schermata-2020-02-13-alle-10.24.47.png","width":744,"height":424,"caption":"europa parlamento"},{"@type":"BreadcrumbList","@id":"https:\/\/www.italiaeconomiaonline.it\/web\/ursula-von-der-leyen-20-anni-con-leuro-in-tasca\/#breadcrumb","itemListElement":[{"@type":"ListItem","position":1,"name":"Home","item":"https:\/\/www.italiaeconomiaonline.it\/web\/"},{"@type":"ListItem","position":2,"name":"Ursula von der Leyen: 20 anni con l&#8217;euro in tasca"}]},{"@type":"WebSite","@id":"https:\/\/www.italiaeconomiaonline.it\/web\/#website","url":"https:\/\/www.italiaeconomiaonline.it\/web\/","name":"ItaliaEconomiaOnline","description":"Quotidiano Economico Online","potentialAction":[{"@type":"SearchAction","target":{"@type":"EntryPoint","urlTemplate":"https:\/\/www.italiaeconomiaonline.it\/web\/?s={search_term_string}"},"query-input":"required name=search_term_string"}],"inLanguage":"it-IT"},{"@type":"Person","@id":"https:\/\/www.italiaeconomiaonline.it\/web\/#\/schema\/person\/909a49cce752523b020fbc37d5ab1c31","name":"ladyitaliaeconomia","image":{"@type":"ImageObject","inLanguage":"it-IT","@id":"https:\/\/www.italiaeconomiaonline.it\/web\/#\/schema\/person\/image\/","url":"https:\/\/secure.gravatar.com\/avatar\/cedca10ce7416a579b9fa6bce9c0a8f2?s=96&d=mm&r=g","contentUrl":"https:\/\/secure.gravatar.com\/avatar\/cedca10ce7416a579b9fa6bce9c0a8f2?s=96&d=mm&r=g","caption":"ladyitaliaeconomia"},"url":"https:\/\/www.italiaeconomiaonline.it\/web\/author\/ladyitaliaeconomia\/"}]}},"_links":{"self":[{"href":"https:\/\/www.italiaeconomiaonline.it\/web\/wp-json\/wp\/v2\/posts\/6479"}],"collection":[{"href":"https:\/\/www.italiaeconomiaonline.it\/web\/wp-json\/wp\/v2\/posts"}],"about":[{"href":"https:\/\/www.italiaeconomiaonline.it\/web\/wp-json\/wp\/v2\/types\/post"}],"author":[{"embeddable":true,"href":"https:\/\/www.italiaeconomiaonline.it\/web\/wp-json\/wp\/v2\/users\/1"}],"replies":[{"embeddable":true,"href":"https:\/\/www.italiaeconomiaonline.it\/web\/wp-json\/wp\/v2\/comments?post=6479"}],"version-history":[{"count":1,"href":"https:\/\/www.italiaeconomiaonline.it\/web\/wp-json\/wp\/v2\/posts\/6479\/revisions"}],"predecessor-version":[{"id":6480,"href":"https:\/\/www.italiaeconomiaonline.it\/web\/wp-json\/wp\/v2\/posts\/6479\/revisions\/6480"}],"wp:featuredmedia":[{"embeddable":true,"href":"https:\/\/www.italiaeconomiaonline.it\/web\/wp-json\/wp\/v2\/media\/2513"}],"wp:attachment":[{"href":"https:\/\/www.italiaeconomiaonline.it\/web\/wp-json\/wp\/v2\/media?parent=6479"}],"wp:term":[{"taxonomy":"category","embeddable":true,"href":"https:\/\/www.italiaeconomiaonline.it\/web\/wp-json\/wp\/v2\/categories?post=6479"},{"taxonomy":"post_tag","embeddable":true,"href":"https:\/\/www.italiaeconomiaonline.it\/web\/wp-json\/wp\/v2\/tags?post=6479"}],"curies":[{"name":"wp","href":"https:\/\/api.w.org\/{rel}","templated":true}]}}