{"id":6483,"date":"2022-01-10T09:25:38","date_gmt":"2022-01-10T08:25:38","guid":{"rendered":"http:\/\/www.italiaeconomiaonline.it\/web\/?p=6483"},"modified":"2022-01-17T11:51:25","modified_gmt":"2022-01-17T10:51:25","slug":"unimpresa-quarantena-covid-non-equiparata-a-malattina","status":"publish","type":"post","link":"https:\/\/www.italiaeconomiaonline.it\/web\/unimpresa-quarantena-covid-non-equiparata-a-malattina\/","title":{"rendered":"Unimpresa: quarantena covid non equiparata a malattina"},"content":{"rendered":"<p>\u00abPer i lavoratori fragili non \u00e8 stata prorogata l&#8217;equiparazione dell&#8217;assenza dal lavoro al ricovero ospedaliero con relativa indennit\u00e0 cos\u00ec come non \u00e8 stata prorogata la misura per l&#8217;equiparazione dei lavoratori privati della quarantena alla malattia.<\/p>\n<p>Pertanto, con le nuove regole che prevedono per le persone in possesso del\u00a0Green Pass rafforzato\u00a0da\u00a0oltre 120 giorni (4 mesi), l&#8217;obbligo di\u00a0quarantena\u00a0di\u00a0minimo 5 giorni\u00a0in attesa, poi, del\u00a0tampone con esito negativo al termine di questo periodo e per i\u00a0non vaccinati l&#8217;obbligo di quarantena di 10 giorni, questi lavoratori saranno scoperti con danno economico per imprese e lavoratori che gi\u00e0 da oggi non sapranno se e chi dovr\u00e0 pagare queste assenze\u00bb.<\/p>\n<p>\u00c8 quanto segnala il Centro studi di <strong>Unimpresa<\/strong>. \u00abNonostante i dati riferiti ai contagi da Covid 19 siano in costante crescita e nonostante l&#8217;avvenuta proroga dello stato di emergenza fino al 31 marzo 2022, qualcuno al Governo si \u00e8 nuovamente dimenticato il problema che Unimpresa aveva sollevato questa estate al ministro Orlando sull\u2019equiparazione dell&#8217;assenza dal lavoro per quarantena alla malattia nel settore privato. Sembra di rivivere un incubo, pertanto si chiede che il ministro del lavoro intervenga a chiarire tale aspetto, senza far ripiombare nel caos di non pi\u00f9 di 4 mesi fa e poi risolto con grave ritardo tra non pochi disagi tra gli operatori economici. Non esistono lavoratori di serie A e lavoratori si serie B, esiste solo una maledetta pandemia da cui tutti i lavoratori e le imprese debbono essere tutelate\u00bb commenta il consigliere nazionale di Unimpresa, Giovanni Assi.<\/p>\n","protected":false},"excerpt":{"rendered":"<p>\u00abPer i lavoratori fragili non \u00e8 stata prorogata l&#8217;equiparazione dell&#8217;assenza dal lavoro al ricovero ospedaliero con relativa indennit\u00e0 cos\u00ec come non \u00e8 stata prorogata la misura per l&#8217;equiparazione dei lavoratori privati della quarantena alla malattia. Pertanto, con le nuove regole che prevedono per le persone in possesso del\u00a0Green Pass rafforzato\u00a0da\u00a0oltre 120 giorni (4 mesi), l&#8217;obbligo [&hellip;]<\/p>\n","protected":false},"author":1,"featured_media":3914,"comment_status":"closed","ping_status":"open","sticky":false,"template":"","format":"standard","meta":{"footnotes":""},"categories":[28],"tags":[],"yoast_head":"<!-- This site is optimized with the Yoast SEO plugin v22.2 - https:\/\/yoast.com\/wordpress\/plugins\/seo\/ -->\n<title>Unimpresa: quarantena covid non equiparata a malattina -<\/title>\n<meta name=\"robots\" content=\"index, follow, max-snippet:-1, max-image-preview:large, max-video-preview:-1\" \/>\n<link rel=\"canonical\" href=\"https:\/\/www.italiaeconomiaonline.it\/web\/unimpresa-quarantena-covid-non-equiparata-a-malattina\/\" \/>\n<meta property=\"og:locale\" content=\"it_IT\" \/>\n<meta property=\"og:type\" content=\"article\" \/>\n<meta property=\"og:title\" content=\"Unimpresa: quarantena covid non equiparata a malattina -\" \/>\n<meta property=\"og:description\" content=\"\u00abPer i lavoratori fragili non \u00e8 stata prorogata l&#8217;equiparazione dell&#8217;assenza dal lavoro al ricovero ospedaliero con relativa indennit\u00e0 cos\u00ec come non \u00e8 stata prorogata la misura per l&#8217;equiparazione dei lavoratori privati della quarantena alla malattia. Pertanto, con le nuove regole che prevedono per le persone in possesso del\u00a0Green Pass rafforzato\u00a0da\u00a0oltre 120 giorni (4 mesi), l&#8217;obbligo [&hellip;]\" \/>\n<meta property=\"og:url\" content=\"https:\/\/www.italiaeconomiaonline.it\/web\/unimpresa-quarantena-covid-non-equiparata-a-malattina\/\" \/>\n<meta property=\"og:site_name\" content=\"ItaliaEconomiaOnline\" \/>\n<meta property=\"article:published_time\" content=\"2022-01-10T08:25:38+00:00\" \/>\n<meta property=\"article:modified_time\" content=\"2022-01-17T10:51:25+00:00\" \/>\n<meta property=\"og:image\" content=\"https:\/\/www.italiaeconomiaonline.it\/web\/wp-content\/uploads\/2020\/08\/Schermata-2020-08-13-alle-12.08.30-1024x657.png\" \/>\n\t<meta property=\"og:image:width\" content=\"1024\" \/>\n\t<meta property=\"og:image:height\" content=\"657\" \/>\n\t<meta property=\"og:image:type\" content=\"image\/png\" \/>\n<meta name=\"author\" content=\"ladyitaliaeconomia\" \/>\n<meta name=\"twitter:card\" content=\"summary_large_image\" \/>\n<meta name=\"twitter:label1\" content=\"Scritto da\" \/>\n\t<meta name=\"twitter:data1\" content=\"ladyitaliaeconomia\" \/>\n\t<meta name=\"twitter:label2\" content=\"Tempo di lettura stimato\" \/>\n\t<meta name=\"twitter:data2\" content=\"1 minuto\" \/>\n<script type=\"application\/ld+json\" class=\"yoast-schema-graph\">{\"@context\":\"https:\/\/schema.org\",\"@graph\":[{\"@type\":\"WebPage\",\"@id\":\"https:\/\/www.italiaeconomiaonline.it\/web\/unimpresa-quarantena-covid-non-equiparata-a-malattina\/\",\"url\":\"https:\/\/www.italiaeconomiaonline.it\/web\/unimpresa-quarantena-covid-non-equiparata-a-malattina\/\",\"name\":\"Unimpresa: quarantena covid non equiparata a malattina -\",\"isPartOf\":{\"@id\":\"https:\/\/www.italiaeconomiaonline.it\/web\/#website\"},\"primaryImageOfPage\":{\"@id\":\"https:\/\/www.italiaeconomiaonline.it\/web\/unimpresa-quarantena-covid-non-equiparata-a-malattina\/#primaryimage\"},\"image\":{\"@id\":\"https:\/\/www.italiaeconomiaonline.it\/web\/unimpresa-quarantena-covid-non-equiparata-a-malattina\/#primaryimage\"},\"thumbnailUrl\":\"https:\/\/www.italiaeconomiaonline.it\/web\/wp-content\/uploads\/2020\/08\/Schermata-2020-08-13-alle-12.08.30.png\",\"datePublished\":\"2022-01-10T08:25:38+00:00\",\"dateModified\":\"2022-01-17T10:51:25+00:00\",\"author\":{\"@id\":\"https:\/\/www.italiaeconomiaonline.it\/web\/#\/schema\/person\/909a49cce752523b020fbc37d5ab1c31\"},\"breadcrumb\":{\"@id\":\"https:\/\/www.italiaeconomiaonline.it\/web\/unimpresa-quarantena-covid-non-equiparata-a-malattina\/#breadcrumb\"},\"inLanguage\":\"it-IT\",\"potentialAction\":[{\"@type\":\"ReadAction\",\"target\":[\"https:\/\/www.italiaeconomiaonline.it\/web\/unimpresa-quarantena-covid-non-equiparata-a-malattina\/\"]}]},{\"@type\":\"ImageObject\",\"inLanguage\":\"it-IT\",\"@id\":\"https:\/\/www.italiaeconomiaonline.it\/web\/unimpresa-quarantena-covid-non-equiparata-a-malattina\/#primaryimage\",\"url\":\"https:\/\/www.italiaeconomiaonline.it\/web\/wp-content\/uploads\/2020\/08\/Schermata-2020-08-13-alle-12.08.30.png\",\"contentUrl\":\"https:\/\/www.italiaeconomiaonline.it\/web\/wp-content\/uploads\/2020\/08\/Schermata-2020-08-13-alle-12.08.30.png\",\"width\":1670,\"height\":1072},{\"@type\":\"BreadcrumbList\",\"@id\":\"https:\/\/www.italiaeconomiaonline.it\/web\/unimpresa-quarantena-covid-non-equiparata-a-malattina\/#breadcrumb\",\"itemListElement\":[{\"@type\":\"ListItem\",\"position\":1,\"name\":\"Home\",\"item\":\"https:\/\/www.italiaeconomiaonline.it\/web\/\"},{\"@type\":\"ListItem\",\"position\":2,\"name\":\"Unimpresa: quarantena covid non equiparata a malattina\"}]},{\"@type\":\"WebSite\",\"@id\":\"https:\/\/www.italiaeconomiaonline.it\/web\/#website\",\"url\":\"https:\/\/www.italiaeconomiaonline.it\/web\/\",\"name\":\"ItaliaEconomiaOnline\",\"description\":\"Quotidiano Economico Online\",\"potentialAction\":[{\"@type\":\"SearchAction\",\"target\":{\"@type\":\"EntryPoint\",\"urlTemplate\":\"https:\/\/www.italiaeconomiaonline.it\/web\/?s={search_term_string}\"},\"query-input\":\"required name=search_term_string\"}],\"inLanguage\":\"it-IT\"},{\"@type\":\"Person\",\"@id\":\"https:\/\/www.italiaeconomiaonline.it\/web\/#\/schema\/person\/909a49cce752523b020fbc37d5ab1c31\",\"name\":\"ladyitaliaeconomia\",\"image\":{\"@type\":\"ImageObject\",\"inLanguage\":\"it-IT\",\"@id\":\"https:\/\/www.italiaeconomiaonline.it\/web\/#\/schema\/person\/image\/\",\"url\":\"https:\/\/secure.gravatar.com\/avatar\/cedca10ce7416a579b9fa6bce9c0a8f2?s=96&d=mm&r=g\",\"contentUrl\":\"https:\/\/secure.gravatar.com\/avatar\/cedca10ce7416a579b9fa6bce9c0a8f2?s=96&d=mm&r=g\",\"caption\":\"ladyitaliaeconomia\"},\"url\":\"https:\/\/www.italiaeconomiaonline.it\/web\/author\/ladyitaliaeconomia\/\"}]}<\/script>\n<!-- \/ Yoast SEO plugin. -->","yoast_head_json":{"title":"Unimpresa: quarantena covid non equiparata a malattina -","robots":{"index":"index","follow":"follow","max-snippet":"max-snippet:-1","max-image-preview":"max-image-preview:large","max-video-preview":"max-video-preview:-1"},"canonical":"https:\/\/www.italiaeconomiaonline.it\/web\/unimpresa-quarantena-covid-non-equiparata-a-malattina\/","og_locale":"it_IT","og_type":"article","og_title":"Unimpresa: quarantena covid non equiparata a malattina -","og_description":"\u00abPer i lavoratori fragili non \u00e8 stata prorogata l&#8217;equiparazione dell&#8217;assenza dal lavoro al ricovero ospedaliero con relativa indennit\u00e0 cos\u00ec come non \u00e8 stata prorogata la misura per l&#8217;equiparazione dei lavoratori privati della quarantena alla malattia. Pertanto, con le nuove regole che prevedono per le persone in possesso del\u00a0Green Pass rafforzato\u00a0da\u00a0oltre 120 giorni (4 mesi), l&#8217;obbligo [&hellip;]","og_url":"https:\/\/www.italiaeconomiaonline.it\/web\/unimpresa-quarantena-covid-non-equiparata-a-malattina\/","og_site_name":"ItaliaEconomiaOnline","article_published_time":"2022-01-10T08:25:38+00:00","article_modified_time":"2022-01-17T10:51:25+00:00","og_image":[{"width":1024,"height":657,"url":"https:\/\/www.italiaeconomiaonline.it\/web\/wp-content\/uploads\/2020\/08\/Schermata-2020-08-13-alle-12.08.30-1024x657.png","type":"image\/png"}],"author":"ladyitaliaeconomia","twitter_card":"summary_large_image","twitter_misc":{"Scritto da":"ladyitaliaeconomia","Tempo di lettura stimato":"1 minuto"},"schema":{"@context":"https:\/\/schema.org","@graph":[{"@type":"WebPage","@id":"https:\/\/www.italiaeconomiaonline.it\/web\/unimpresa-quarantena-covid-non-equiparata-a-malattina\/","url":"https:\/\/www.italiaeconomiaonline.it\/web\/unimpresa-quarantena-covid-non-equiparata-a-malattina\/","name":"Unimpresa: quarantena covid non equiparata a malattina -","isPartOf":{"@id":"https:\/\/www.italiaeconomiaonline.it\/web\/#website"},"primaryImageOfPage":{"@id":"https:\/\/www.italiaeconomiaonline.it\/web\/unimpresa-quarantena-covid-non-equiparata-a-malattina\/#primaryimage"},"image":{"@id":"https:\/\/www.italiaeconomiaonline.it\/web\/unimpresa-quarantena-covid-non-equiparata-a-malattina\/#primaryimage"},"thumbnailUrl":"https:\/\/www.italiaeconomiaonline.it\/web\/wp-content\/uploads\/2020\/08\/Schermata-2020-08-13-alle-12.08.30.png","datePublished":"2022-01-10T08:25:38+00:00","dateModified":"2022-01-17T10:51:25+00:00","author":{"@id":"https:\/\/www.italiaeconomiaonline.it\/web\/#\/schema\/person\/909a49cce752523b020fbc37d5ab1c31"},"breadcrumb":{"@id":"https:\/\/www.italiaeconomiaonline.it\/web\/unimpresa-quarantena-covid-non-equiparata-a-malattina\/#breadcrumb"},"inLanguage":"it-IT","potentialAction":[{"@type":"ReadAction","target":["https:\/\/www.italiaeconomiaonline.it\/web\/unimpresa-quarantena-covid-non-equiparata-a-malattina\/"]}]},{"@type":"ImageObject","inLanguage":"it-IT","@id":"https:\/\/www.italiaeconomiaonline.it\/web\/unimpresa-quarantena-covid-non-equiparata-a-malattina\/#primaryimage","url":"https:\/\/www.italiaeconomiaonline.it\/web\/wp-content\/uploads\/2020\/08\/Schermata-2020-08-13-alle-12.08.30.png","contentUrl":"https:\/\/www.italiaeconomiaonline.it\/web\/wp-content\/uploads\/2020\/08\/Schermata-2020-08-13-alle-12.08.30.png","width":1670,"height":1072},{"@type":"BreadcrumbList","@id":"https:\/\/www.italiaeconomiaonline.it\/web\/unimpresa-quarantena-covid-non-equiparata-a-malattina\/#breadcrumb","itemListElement":[{"@type":"ListItem","position":1,"name":"Home","item":"https:\/\/www.italiaeconomiaonline.it\/web\/"},{"@type":"ListItem","position":2,"name":"Unimpresa: quarantena covid non equiparata a malattina"}]},{"@type":"WebSite","@id":"https:\/\/www.italiaeconomiaonline.it\/web\/#website","url":"https:\/\/www.italiaeconomiaonline.it\/web\/","name":"ItaliaEconomiaOnline","description":"Quotidiano Economico Online","potentialAction":[{"@type":"SearchAction","target":{"@type":"EntryPoint","urlTemplate":"https:\/\/www.italiaeconomiaonline.it\/web\/?s={search_term_string}"},"query-input":"required name=search_term_string"}],"inLanguage":"it-IT"},{"@type":"Person","@id":"https:\/\/www.italiaeconomiaonline.it\/web\/#\/schema\/person\/909a49cce752523b020fbc37d5ab1c31","name":"ladyitaliaeconomia","image":{"@type":"ImageObject","inLanguage":"it-IT","@id":"https:\/\/www.italiaeconomiaonline.it\/web\/#\/schema\/person\/image\/","url":"https:\/\/secure.gravatar.com\/avatar\/cedca10ce7416a579b9fa6bce9c0a8f2?s=96&d=mm&r=g","contentUrl":"https:\/\/secure.gravatar.com\/avatar\/cedca10ce7416a579b9fa6bce9c0a8f2?s=96&d=mm&r=g","caption":"ladyitaliaeconomia"},"url":"https:\/\/www.italiaeconomiaonline.it\/web\/author\/ladyitaliaeconomia\/"}]}},"_links":{"self":[{"href":"https:\/\/www.italiaeconomiaonline.it\/web\/wp-json\/wp\/v2\/posts\/6483"}],"collection":[{"href":"https:\/\/www.italiaeconomiaonline.it\/web\/wp-json\/wp\/v2\/posts"}],"about":[{"href":"https:\/\/www.italiaeconomiaonline.it\/web\/wp-json\/wp\/v2\/types\/post"}],"author":[{"embeddable":true,"href":"https:\/\/www.italiaeconomiaonline.it\/web\/wp-json\/wp\/v2\/users\/1"}],"replies":[{"embeddable":true,"href":"https:\/\/www.italiaeconomiaonline.it\/web\/wp-json\/wp\/v2\/comments?post=6483"}],"version-history":[{"count":1,"href":"https:\/\/www.italiaeconomiaonline.it\/web\/wp-json\/wp\/v2\/posts\/6483\/revisions"}],"predecessor-version":[{"id":6484,"href":"https:\/\/www.italiaeconomiaonline.it\/web\/wp-json\/wp\/v2\/posts\/6483\/revisions\/6484"}],"wp:featuredmedia":[{"embeddable":true,"href":"https:\/\/www.italiaeconomiaonline.it\/web\/wp-json\/wp\/v2\/media\/3914"}],"wp:attachment":[{"href":"https:\/\/www.italiaeconomiaonline.it\/web\/wp-json\/wp\/v2\/media?parent=6483"}],"wp:term":[{"taxonomy":"category","embeddable":true,"href":"https:\/\/www.italiaeconomiaonline.it\/web\/wp-json\/wp\/v2\/categories?post=6483"},{"taxonomy":"post_tag","embeddable":true,"href":"https:\/\/www.italiaeconomiaonline.it\/web\/wp-json\/wp\/v2\/tags?post=6483"}],"curies":[{"name":"wp","href":"https:\/\/api.w.org\/{rel}","templated":true}]}}