{"id":6485,"date":"2022-01-10T09:27:06","date_gmt":"2022-01-10T08:27:06","guid":{"rendered":"http:\/\/www.italiaeconomiaonline.it\/web\/?p=6485"},"modified":"2022-01-10T09:27:06","modified_gmt":"2022-01-10T08:27:06","slug":"maltempo-coldiretti-allarme-al-sud-per-verdure-e-ortaggi","status":"publish","type":"post","link":"https:\/\/www.italiaeconomiaonline.it\/web\/maltempo-coldiretti-allarme-al-sud-per-verdure-e-ortaggi\/","title":{"rendered":"Maltempo, Coldiretti: allarme al sud per verdure e ortaggi"},"content":{"rendered":"<p>Dopo le temperature primaverili fuori della norma che hanno accompagnato le festivit\u00e0 natalizie e di fine anno, nel sud Italia \u00e8 arrivato un forte e repentino abbassamento della colonnina di mercurio, accompagnato dalla neve e da gelate mattutine che mettono a rischio verdure e ortaggi coltivati in pieno campo.<\/p>\n<p>E\u2019 l\u2019allarme lanciato dalla Coldiretti, per l\u2019ondata di maltempo con l&#8217;irruzione di aria artica che colpisce le produzioni pi\u00f9 sensibili. L\u2019arrivo del grande freddo \u2013 sottolinea la Coldiretti \u2013 colpisce le coltivazioni invernali in campo come cavoli, verze, cicorie, e broccoli.<\/p>\n<p>Questi ultimi reggono anche temperature di qualche grado sotto lo zero ma se la colonnina di mercurio scende repentinamente o se le gelate sono troppo lunghe si verificano danni. A preoccupare \u2013 continua la Coldiretti &#8211; \u00e8 anche il balzo dei costi per il riscaldamento delle serre per la coltivazione di ortaggi e fiori che risente dell\u2019impennata dei prezzi dei beni energetici.<\/p>\n<p>L\u2019aumento record dei costi energetici, infatti, spegne le serre e mette a rischio il futuro di alcune delle produzioni pi\u00f9 tipiche del florovivaismo come tra gli altri il ciclamino, il lilium o il ranuncolo, con il caro bollette che ha un doppio effetto negativo \u2013 denuncia Coldiretti &#8211; perch\u00e9 riduce il potere di acquisto dei cittadini e delle famiglie, ma aumenta anche i costi delle imprese particolarmente rilevanti per l\u2019agroalimentare con l\u2019arrivo del freddo e dell\u2019inverno. Il costo dell\u2019energia \u2013 continua la Coldiretti \u2013 si riflette infatti in tutta la filiera agroalimentare e riguarda sia le attivit\u00e0 agricole ma anche la trasformazione, la distribuzione ed i trasporti. Non mancano disagi per la viabilit\u00e0 nelle aree rurali dove sono stati mobilitati\u00a0i trattori degli agricoltori della Coldiretti per intervenire nella pulizia delle strade come spalaneve e per la distribuzione del sale contro il gelo.<\/p>\n<p>I mezzi agricoli sono necessari\u00a0 \u2013 sottolinea la Coldiretti \u2013 per consentire la circolazione anche nelle aree pi\u00f9 interne e difficili. La possibilit\u00e0 di utilizzare anche i trattori messi a disposizione dagli imprenditori delle campagne garantisce \u2013 precisa la Coldiretti \u2013 la viabilit\u00e0 e scongiura il rischio di isolamento delle abitazioni soprattutto nelle aree pi\u00f9 impervie interne e montane, grazie alla maggiore tempestivit\u00e0 di intervento. Una attivit\u00e0 importante \u2013 conclude la Coldiretti \u2013 soprattutto per garantire gli approvvigionamenti alimentari agli animali nelle stalle e per consegnare il latte raccolto quotidianamente in una situazione in cui l\u2019improvviso cambiamento delle condizioni climatiche crea difficolt\u00e0 soprattutto alle aziende situate nelle aree rurali.<\/p>\n<p>&nbsp;<\/p>\n<p>&nbsp;<\/p>\n<p>&nbsp;<\/p>\n","protected":false},"excerpt":{"rendered":"<p>Dopo le temperature primaverili fuori della norma che hanno accompagnato le festivit\u00e0 natalizie e di fine anno, nel sud Italia \u00e8 arrivato un forte e repentino abbassamento della colonnina di mercurio, accompagnato dalla neve e da gelate mattutine che mettono a rischio verdure e ortaggi coltivati in pieno campo. E\u2019 l\u2019allarme lanciato dalla Coldiretti, per [&hellip;]<\/p>\n","protected":false},"author":1,"featured_media":6094,"comment_status":"closed","ping_status":"open","sticky":false,"template":"","format":"standard","meta":{"footnotes":""},"categories":[795],"tags":[158,796],"yoast_head":"<!-- This site is optimized with the Yoast SEO plugin v22.2 - https:\/\/yoast.com\/wordpress\/plugins\/seo\/ -->\n<title>Maltempo, Coldiretti: allarme al sud per verdure e ortaggi -<\/title>\n<meta name=\"robots\" content=\"index, follow, max-snippet:-1, max-image-preview:large, max-video-preview:-1\" \/>\n<link rel=\"canonical\" href=\"https:\/\/www.italiaeconomiaonline.it\/web\/maltempo-coldiretti-allarme-al-sud-per-verdure-e-ortaggi\/\" \/>\n<meta property=\"og:locale\" content=\"it_IT\" \/>\n<meta property=\"og:type\" content=\"article\" \/>\n<meta property=\"og:title\" content=\"Maltempo, Coldiretti: allarme al sud per verdure e ortaggi -\" \/>\n<meta property=\"og:description\" content=\"Dopo le temperature primaverili fuori della norma che hanno accompagnato le festivit\u00e0 natalizie e di fine anno, nel sud Italia \u00e8 arrivato un forte e repentino abbassamento della colonnina di mercurio, accompagnato dalla neve e da gelate mattutine che mettono a rischio verdure e ortaggi coltivati in pieno campo. E\u2019 l\u2019allarme lanciato dalla Coldiretti, per [&hellip;]\" \/>\n<meta property=\"og:url\" content=\"https:\/\/www.italiaeconomiaonline.it\/web\/maltempo-coldiretti-allarme-al-sud-per-verdure-e-ortaggi\/\" \/>\n<meta property=\"og:site_name\" content=\"ItaliaEconomiaOnline\" \/>\n<meta property=\"article:published_time\" content=\"2022-01-10T08:27:06+00:00\" \/>\n<meta property=\"og:image\" content=\"https:\/\/www.italiaeconomiaonline.it\/web\/wp-content\/uploads\/2021\/07\/Schermata-2021-07-28-alle-11.09.35.png\" \/>\n\t<meta property=\"og:image:width\" content=\"1358\" \/>\n\t<meta property=\"og:image:height\" content=\"762\" \/>\n\t<meta property=\"og:image:type\" content=\"image\/png\" \/>\n<meta name=\"author\" content=\"ladyitaliaeconomia\" \/>\n<meta name=\"twitter:card\" content=\"summary_large_image\" \/>\n<meta name=\"twitter:label1\" content=\"Scritto da\" \/>\n\t<meta name=\"twitter:data1\" content=\"ladyitaliaeconomia\" \/>\n\t<meta name=\"twitter:label2\" content=\"Tempo di lettura stimato\" \/>\n\t<meta name=\"twitter:data2\" content=\"2 minuti\" \/>\n<script type=\"application\/ld+json\" class=\"yoast-schema-graph\">{\"@context\":\"https:\/\/schema.org\",\"@graph\":[{\"@type\":\"WebPage\",\"@id\":\"https:\/\/www.italiaeconomiaonline.it\/web\/maltempo-coldiretti-allarme-al-sud-per-verdure-e-ortaggi\/\",\"url\":\"https:\/\/www.italiaeconomiaonline.it\/web\/maltempo-coldiretti-allarme-al-sud-per-verdure-e-ortaggi\/\",\"name\":\"Maltempo, Coldiretti: allarme al sud per verdure e ortaggi -\",\"isPartOf\":{\"@id\":\"https:\/\/www.italiaeconomiaonline.it\/web\/#website\"},\"primaryImageOfPage\":{\"@id\":\"https:\/\/www.italiaeconomiaonline.it\/web\/maltempo-coldiretti-allarme-al-sud-per-verdure-e-ortaggi\/#primaryimage\"},\"image\":{\"@id\":\"https:\/\/www.italiaeconomiaonline.it\/web\/maltempo-coldiretti-allarme-al-sud-per-verdure-e-ortaggi\/#primaryimage\"},\"thumbnailUrl\":\"https:\/\/www.italiaeconomiaonline.it\/web\/wp-content\/uploads\/2021\/07\/Schermata-2021-07-28-alle-11.09.35.png\",\"datePublished\":\"2022-01-10T08:27:06+00:00\",\"dateModified\":\"2022-01-10T08:27:06+00:00\",\"author\":{\"@id\":\"https:\/\/www.italiaeconomiaonline.it\/web\/#\/schema\/person\/909a49cce752523b020fbc37d5ab1c31\"},\"breadcrumb\":{\"@id\":\"https:\/\/www.italiaeconomiaonline.it\/web\/maltempo-coldiretti-allarme-al-sud-per-verdure-e-ortaggi\/#breadcrumb\"},\"inLanguage\":\"it-IT\",\"potentialAction\":[{\"@type\":\"ReadAction\",\"target\":[\"https:\/\/www.italiaeconomiaonline.it\/web\/maltempo-coldiretti-allarme-al-sud-per-verdure-e-ortaggi\/\"]}]},{\"@type\":\"ImageObject\",\"inLanguage\":\"it-IT\",\"@id\":\"https:\/\/www.italiaeconomiaonline.it\/web\/maltempo-coldiretti-allarme-al-sud-per-verdure-e-ortaggi\/#primaryimage\",\"url\":\"https:\/\/www.italiaeconomiaonline.it\/web\/wp-content\/uploads\/2021\/07\/Schermata-2021-07-28-alle-11.09.35.png\",\"contentUrl\":\"https:\/\/www.italiaeconomiaonline.it\/web\/wp-content\/uploads\/2021\/07\/Schermata-2021-07-28-alle-11.09.35.png\",\"width\":1358,\"height\":762,\"caption\":\"Foto di repertorio\"},{\"@type\":\"BreadcrumbList\",\"@id\":\"https:\/\/www.italiaeconomiaonline.it\/web\/maltempo-coldiretti-allarme-al-sud-per-verdure-e-ortaggi\/#breadcrumb\",\"itemListElement\":[{\"@type\":\"ListItem\",\"position\":1,\"name\":\"Home\",\"item\":\"https:\/\/www.italiaeconomiaonline.it\/web\/\"},{\"@type\":\"ListItem\",\"position\":2,\"name\":\"Maltempo, Coldiretti: allarme al sud per verdure e ortaggi\"}]},{\"@type\":\"WebSite\",\"@id\":\"https:\/\/www.italiaeconomiaonline.it\/web\/#website\",\"url\":\"https:\/\/www.italiaeconomiaonline.it\/web\/\",\"name\":\"ItaliaEconomiaOnline\",\"description\":\"Quotidiano Economico Online\",\"potentialAction\":[{\"@type\":\"SearchAction\",\"target\":{\"@type\":\"EntryPoint\",\"urlTemplate\":\"https:\/\/www.italiaeconomiaonline.it\/web\/?s={search_term_string}\"},\"query-input\":\"required name=search_term_string\"}],\"inLanguage\":\"it-IT\"},{\"@type\":\"Person\",\"@id\":\"https:\/\/www.italiaeconomiaonline.it\/web\/#\/schema\/person\/909a49cce752523b020fbc37d5ab1c31\",\"name\":\"ladyitaliaeconomia\",\"image\":{\"@type\":\"ImageObject\",\"inLanguage\":\"it-IT\",\"@id\":\"https:\/\/www.italiaeconomiaonline.it\/web\/#\/schema\/person\/image\/\",\"url\":\"https:\/\/secure.gravatar.com\/avatar\/cedca10ce7416a579b9fa6bce9c0a8f2?s=96&d=mm&r=g\",\"contentUrl\":\"https:\/\/secure.gravatar.com\/avatar\/cedca10ce7416a579b9fa6bce9c0a8f2?s=96&d=mm&r=g\",\"caption\":\"ladyitaliaeconomia\"},\"url\":\"https:\/\/www.italiaeconomiaonline.it\/web\/author\/ladyitaliaeconomia\/\"}]}<\/script>\n<!-- \/ Yoast SEO plugin. -->","yoast_head_json":{"title":"Maltempo, Coldiretti: allarme al sud per verdure e ortaggi -","robots":{"index":"index","follow":"follow","max-snippet":"max-snippet:-1","max-image-preview":"max-image-preview:large","max-video-preview":"max-video-preview:-1"},"canonical":"https:\/\/www.italiaeconomiaonline.it\/web\/maltempo-coldiretti-allarme-al-sud-per-verdure-e-ortaggi\/","og_locale":"it_IT","og_type":"article","og_title":"Maltempo, Coldiretti: allarme al sud per verdure e ortaggi -","og_description":"Dopo le temperature primaverili fuori della norma che hanno accompagnato le festivit\u00e0 natalizie e di fine anno, nel sud Italia \u00e8 arrivato un forte e repentino abbassamento della colonnina di mercurio, accompagnato dalla neve e da gelate mattutine che mettono a rischio verdure e ortaggi coltivati in pieno campo. E\u2019 l\u2019allarme lanciato dalla Coldiretti, per [&hellip;]","og_url":"https:\/\/www.italiaeconomiaonline.it\/web\/maltempo-coldiretti-allarme-al-sud-per-verdure-e-ortaggi\/","og_site_name":"ItaliaEconomiaOnline","article_published_time":"2022-01-10T08:27:06+00:00","og_image":[{"width":1358,"height":762,"url":"https:\/\/www.italiaeconomiaonline.it\/web\/wp-content\/uploads\/2021\/07\/Schermata-2021-07-28-alle-11.09.35.png","type":"image\/png"}],"author":"ladyitaliaeconomia","twitter_card":"summary_large_image","twitter_misc":{"Scritto da":"ladyitaliaeconomia","Tempo di lettura stimato":"2 minuti"},"schema":{"@context":"https:\/\/schema.org","@graph":[{"@type":"WebPage","@id":"https:\/\/www.italiaeconomiaonline.it\/web\/maltempo-coldiretti-allarme-al-sud-per-verdure-e-ortaggi\/","url":"https:\/\/www.italiaeconomiaonline.it\/web\/maltempo-coldiretti-allarme-al-sud-per-verdure-e-ortaggi\/","name":"Maltempo, Coldiretti: allarme al sud per verdure e ortaggi -","isPartOf":{"@id":"https:\/\/www.italiaeconomiaonline.it\/web\/#website"},"primaryImageOfPage":{"@id":"https:\/\/www.italiaeconomiaonline.it\/web\/maltempo-coldiretti-allarme-al-sud-per-verdure-e-ortaggi\/#primaryimage"},"image":{"@id":"https:\/\/www.italiaeconomiaonline.it\/web\/maltempo-coldiretti-allarme-al-sud-per-verdure-e-ortaggi\/#primaryimage"},"thumbnailUrl":"https:\/\/www.italiaeconomiaonline.it\/web\/wp-content\/uploads\/2021\/07\/Schermata-2021-07-28-alle-11.09.35.png","datePublished":"2022-01-10T08:27:06+00:00","dateModified":"2022-01-10T08:27:06+00:00","author":{"@id":"https:\/\/www.italiaeconomiaonline.it\/web\/#\/schema\/person\/909a49cce752523b020fbc37d5ab1c31"},"breadcrumb":{"@id":"https:\/\/www.italiaeconomiaonline.it\/web\/maltempo-coldiretti-allarme-al-sud-per-verdure-e-ortaggi\/#breadcrumb"},"inLanguage":"it-IT","potentialAction":[{"@type":"ReadAction","target":["https:\/\/www.italiaeconomiaonline.it\/web\/maltempo-coldiretti-allarme-al-sud-per-verdure-e-ortaggi\/"]}]},{"@type":"ImageObject","inLanguage":"it-IT","@id":"https:\/\/www.italiaeconomiaonline.it\/web\/maltempo-coldiretti-allarme-al-sud-per-verdure-e-ortaggi\/#primaryimage","url":"https:\/\/www.italiaeconomiaonline.it\/web\/wp-content\/uploads\/2021\/07\/Schermata-2021-07-28-alle-11.09.35.png","contentUrl":"https:\/\/www.italiaeconomiaonline.it\/web\/wp-content\/uploads\/2021\/07\/Schermata-2021-07-28-alle-11.09.35.png","width":1358,"height":762,"caption":"Foto di repertorio"},{"@type":"BreadcrumbList","@id":"https:\/\/www.italiaeconomiaonline.it\/web\/maltempo-coldiretti-allarme-al-sud-per-verdure-e-ortaggi\/#breadcrumb","itemListElement":[{"@type":"ListItem","position":1,"name":"Home","item":"https:\/\/www.italiaeconomiaonline.it\/web\/"},{"@type":"ListItem","position":2,"name":"Maltempo, Coldiretti: allarme al sud per verdure e ortaggi"}]},{"@type":"WebSite","@id":"https:\/\/www.italiaeconomiaonline.it\/web\/#website","url":"https:\/\/www.italiaeconomiaonline.it\/web\/","name":"ItaliaEconomiaOnline","description":"Quotidiano Economico Online","potentialAction":[{"@type":"SearchAction","target":{"@type":"EntryPoint","urlTemplate":"https:\/\/www.italiaeconomiaonline.it\/web\/?s={search_term_string}"},"query-input":"required name=search_term_string"}],"inLanguage":"it-IT"},{"@type":"Person","@id":"https:\/\/www.italiaeconomiaonline.it\/web\/#\/schema\/person\/909a49cce752523b020fbc37d5ab1c31","name":"ladyitaliaeconomia","image":{"@type":"ImageObject","inLanguage":"it-IT","@id":"https:\/\/www.italiaeconomiaonline.it\/web\/#\/schema\/person\/image\/","url":"https:\/\/secure.gravatar.com\/avatar\/cedca10ce7416a579b9fa6bce9c0a8f2?s=96&d=mm&r=g","contentUrl":"https:\/\/secure.gravatar.com\/avatar\/cedca10ce7416a579b9fa6bce9c0a8f2?s=96&d=mm&r=g","caption":"ladyitaliaeconomia"},"url":"https:\/\/www.italiaeconomiaonline.it\/web\/author\/ladyitaliaeconomia\/"}]}},"_links":{"self":[{"href":"https:\/\/www.italiaeconomiaonline.it\/web\/wp-json\/wp\/v2\/posts\/6485"}],"collection":[{"href":"https:\/\/www.italiaeconomiaonline.it\/web\/wp-json\/wp\/v2\/posts"}],"about":[{"href":"https:\/\/www.italiaeconomiaonline.it\/web\/wp-json\/wp\/v2\/types\/post"}],"author":[{"embeddable":true,"href":"https:\/\/www.italiaeconomiaonline.it\/web\/wp-json\/wp\/v2\/users\/1"}],"replies":[{"embeddable":true,"href":"https:\/\/www.italiaeconomiaonline.it\/web\/wp-json\/wp\/v2\/comments?post=6485"}],"version-history":[{"count":1,"href":"https:\/\/www.italiaeconomiaonline.it\/web\/wp-json\/wp\/v2\/posts\/6485\/revisions"}],"predecessor-version":[{"id":6486,"href":"https:\/\/www.italiaeconomiaonline.it\/web\/wp-json\/wp\/v2\/posts\/6485\/revisions\/6486"}],"wp:featuredmedia":[{"embeddable":true,"href":"https:\/\/www.italiaeconomiaonline.it\/web\/wp-json\/wp\/v2\/media\/6094"}],"wp:attachment":[{"href":"https:\/\/www.italiaeconomiaonline.it\/web\/wp-json\/wp\/v2\/media?parent=6485"}],"wp:term":[{"taxonomy":"category","embeddable":true,"href":"https:\/\/www.italiaeconomiaonline.it\/web\/wp-json\/wp\/v2\/categories?post=6485"},{"taxonomy":"post_tag","embeddable":true,"href":"https:\/\/www.italiaeconomiaonline.it\/web\/wp-json\/wp\/v2\/tags?post=6485"}],"curies":[{"name":"wp","href":"https:\/\/api.w.org\/{rel}","templated":true}]}}