{"id":6489,"date":"2022-01-12T12:19:13","date_gmt":"2022-01-12T11:19:13","guid":{"rendered":"http:\/\/www.italiaeconomiaonline.it\/web\/?p=6489"},"modified":"2022-01-12T12:19:13","modified_gmt":"2022-01-12T11:19:13","slug":"confesercenti-primi-effetti-sulle-vendite-da-risalita-contagi-e-aumento-bollette","status":"publish","type":"post","link":"https:\/\/www.italiaeconomiaonline.it\/web\/confesercenti-primi-effetti-sulle-vendite-da-risalita-contagi-e-aumento-bollette\/","title":{"rendered":"Confesercenti: primi effetti sulle vendite da risalita contagi e aumento bollette"},"content":{"rendered":"<p>La risalita dei contagi, insieme all\u2019impennata dei beni energetici, sembrano mostrare i primi effetti sulle vendite. La\u00a0frenata (-0,6% in volume) rispetto ad ottobre va monitorata, per rendersi conto se sia un dato occasionale o registri le prime conseguenze negative sia del riacutizzarsi della pandemia che del rialzo dell\u2019inflazione che peserebbero sui comportamenti di spesa dei consumatori.<\/p>\n<p>&nbsp;<\/p>\n<p>Cos\u00ec l\u2019Ufficio economico Confesercenti commenta i dati diffusi oggi da Istat.<\/p>\n<p>&nbsp;<\/p>\n<p>Le rilevazioni sul commercio al dettaglio di novembre ci restituiscono, infatti, un quadro con alcune ombre: mentre i dati tendenziali, riferiti allo scorso anno, sono molto positivi in quanto si riferiscono a novembre 2020, particolarmente negativo soprattutto per il non alimentare, e dunque segnano un netto recupero, la flessione congiunturale registrata, invece, rispetto ad ottobre di quest\u2019anno \u00e8 di un certo rilievo (-0,6% in volume): l\u2019incertezza torna a pesare su famiglie ed imprese. Alcuni comparti, inoltre, iniziano a risentire degli effetti legati sia alle nuove progressive restrizioni\u00a0&#8211; \u00e8 il caso dei pubblici esercizi e parzialmente della ricettivit\u00e0 turistica &#8211; che al riemergere di comportamenti che hanno gi\u00e0 quasi riportato ai livelli di marzo 2020 il numero di lavoratori in smart working.<\/p>\n<p>&nbsp;<\/p>\n<p>Bisogna accelerare, dunque, da un lato con nuovi interventi\u00a0\u00a0a favore del \u2018taglia-bollette\u2019 &#8211; bene il premier Draghi che ha sottolineato come il Governo stia pensando di mettere in campo nuove risorse per contenere i rincari di gas ed energia oltre a quelle gi\u00e0 stanziate nella Legge di bilancio &#8211; dall\u2019altro con la campagna di vaccinazione, per scongiurare nuove limitazioni delle attivit\u00e0 che avrebbero una ricaduta economica pesantissima sul 2022 in termini di perdita di Pil, pensando comunque a sostegni per i settori che gi\u00e0 avvertono l\u2019impatto negativo.<\/p>\n<p>&nbsp;<\/p>\n","protected":false},"excerpt":{"rendered":"<p>La risalita dei contagi, insieme all\u2019impennata dei beni energetici, sembrano mostrare i primi effetti sulle vendite. La\u00a0frenata (-0,6% in volume) rispetto ad ottobre va monitorata, per rendersi conto se sia un dato occasionale o registri le prime conseguenze negative sia del riacutizzarsi della pandemia che del rialzo dell\u2019inflazione che peserebbero sui comportamenti di spesa dei [&hellip;]<\/p>\n","protected":false},"author":1,"featured_media":4173,"comment_status":"closed","ping_status":"open","sticky":false,"template":"","format":"standard","meta":{"footnotes":""},"categories":[612],"tags":[],"yoast_head":"<!-- This site is optimized with the Yoast SEO plugin v22.2 - https:\/\/yoast.com\/wordpress\/plugins\/seo\/ -->\n<title>Confesercenti: primi effetti sulle vendite da risalita contagi e aumento bollette -<\/title>\n<meta name=\"robots\" content=\"index, follow, max-snippet:-1, max-image-preview:large, max-video-preview:-1\" \/>\n<link rel=\"canonical\" href=\"https:\/\/www.italiaeconomiaonline.it\/web\/confesercenti-primi-effetti-sulle-vendite-da-risalita-contagi-e-aumento-bollette\/\" \/>\n<meta property=\"og:locale\" content=\"it_IT\" \/>\n<meta property=\"og:type\" content=\"article\" \/>\n<meta property=\"og:title\" content=\"Confesercenti: primi effetti sulle vendite da risalita contagi e aumento bollette -\" \/>\n<meta property=\"og:description\" content=\"La risalita dei contagi, insieme all\u2019impennata dei beni energetici, sembrano mostrare i primi effetti sulle vendite. La\u00a0frenata (-0,6% in volume) rispetto ad ottobre va monitorata, per rendersi conto se sia un dato occasionale o registri le prime conseguenze negative sia del riacutizzarsi della pandemia che del rialzo dell\u2019inflazione che peserebbero sui comportamenti di spesa dei [&hellip;]\" \/>\n<meta property=\"og:url\" content=\"https:\/\/www.italiaeconomiaonline.it\/web\/confesercenti-primi-effetti-sulle-vendite-da-risalita-contagi-e-aumento-bollette\/\" \/>\n<meta property=\"og:site_name\" content=\"ItaliaEconomiaOnline\" \/>\n<meta property=\"article:published_time\" content=\"2022-01-12T11:19:13+00:00\" \/>\n<meta property=\"og:image\" content=\"https:\/\/www.italiaeconomiaonline.it\/web\/wp-content\/uploads\/2020\/09\/Schermata-2020-09-22-alle-11.30.55.png\" \/>\n\t<meta property=\"og:image:width\" content=\"1406\" \/>\n\t<meta property=\"og:image:height\" content=\"848\" \/>\n\t<meta property=\"og:image:type\" content=\"image\/png\" \/>\n<meta name=\"author\" content=\"ladyitaliaeconomia\" \/>\n<meta name=\"twitter:card\" content=\"summary_large_image\" \/>\n<meta name=\"twitter:label1\" content=\"Scritto da\" \/>\n\t<meta name=\"twitter:data1\" content=\"ladyitaliaeconomia\" \/>\n\t<meta name=\"twitter:label2\" content=\"Tempo di lettura stimato\" \/>\n\t<meta name=\"twitter:data2\" content=\"2 minuti\" \/>\n<script type=\"application\/ld+json\" class=\"yoast-schema-graph\">{\"@context\":\"https:\/\/schema.org\",\"@graph\":[{\"@type\":\"WebPage\",\"@id\":\"https:\/\/www.italiaeconomiaonline.it\/web\/confesercenti-primi-effetti-sulle-vendite-da-risalita-contagi-e-aumento-bollette\/\",\"url\":\"https:\/\/www.italiaeconomiaonline.it\/web\/confesercenti-primi-effetti-sulle-vendite-da-risalita-contagi-e-aumento-bollette\/\",\"name\":\"Confesercenti: primi effetti sulle vendite da risalita contagi e aumento bollette -\",\"isPartOf\":{\"@id\":\"https:\/\/www.italiaeconomiaonline.it\/web\/#website\"},\"primaryImageOfPage\":{\"@id\":\"https:\/\/www.italiaeconomiaonline.it\/web\/confesercenti-primi-effetti-sulle-vendite-da-risalita-contagi-e-aumento-bollette\/#primaryimage\"},\"image\":{\"@id\":\"https:\/\/www.italiaeconomiaonline.it\/web\/confesercenti-primi-effetti-sulle-vendite-da-risalita-contagi-e-aumento-bollette\/#primaryimage\"},\"thumbnailUrl\":\"https:\/\/www.italiaeconomiaonline.it\/web\/wp-content\/uploads\/2020\/09\/Schermata-2020-09-22-alle-11.30.55.png\",\"datePublished\":\"2022-01-12T11:19:13+00:00\",\"dateModified\":\"2022-01-12T11:19:13+00:00\",\"author\":{\"@id\":\"https:\/\/www.italiaeconomiaonline.it\/web\/#\/schema\/person\/909a49cce752523b020fbc37d5ab1c31\"},\"breadcrumb\":{\"@id\":\"https:\/\/www.italiaeconomiaonline.it\/web\/confesercenti-primi-effetti-sulle-vendite-da-risalita-contagi-e-aumento-bollette\/#breadcrumb\"},\"inLanguage\":\"it-IT\",\"potentialAction\":[{\"@type\":\"ReadAction\",\"target\":[\"https:\/\/www.italiaeconomiaonline.it\/web\/confesercenti-primi-effetti-sulle-vendite-da-risalita-contagi-e-aumento-bollette\/\"]}]},{\"@type\":\"ImageObject\",\"inLanguage\":\"it-IT\",\"@id\":\"https:\/\/www.italiaeconomiaonline.it\/web\/confesercenti-primi-effetti-sulle-vendite-da-risalita-contagi-e-aumento-bollette\/#primaryimage\",\"url\":\"https:\/\/www.italiaeconomiaonline.it\/web\/wp-content\/uploads\/2020\/09\/Schermata-2020-09-22-alle-11.30.55.png\",\"contentUrl\":\"https:\/\/www.italiaeconomiaonline.it\/web\/wp-content\/uploads\/2020\/09\/Schermata-2020-09-22-alle-11.30.55.png\",\"width\":1406,\"height\":848},{\"@type\":\"BreadcrumbList\",\"@id\":\"https:\/\/www.italiaeconomiaonline.it\/web\/confesercenti-primi-effetti-sulle-vendite-da-risalita-contagi-e-aumento-bollette\/#breadcrumb\",\"itemListElement\":[{\"@type\":\"ListItem\",\"position\":1,\"name\":\"Home\",\"item\":\"https:\/\/www.italiaeconomiaonline.it\/web\/\"},{\"@type\":\"ListItem\",\"position\":2,\"name\":\"Confesercenti: primi effetti sulle vendite da risalita contagi e aumento bollette\"}]},{\"@type\":\"WebSite\",\"@id\":\"https:\/\/www.italiaeconomiaonline.it\/web\/#website\",\"url\":\"https:\/\/www.italiaeconomiaonline.it\/web\/\",\"name\":\"ItaliaEconomiaOnline\",\"description\":\"Quotidiano Economico Online\",\"potentialAction\":[{\"@type\":\"SearchAction\",\"target\":{\"@type\":\"EntryPoint\",\"urlTemplate\":\"https:\/\/www.italiaeconomiaonline.it\/web\/?s={search_term_string}\"},\"query-input\":\"required name=search_term_string\"}],\"inLanguage\":\"it-IT\"},{\"@type\":\"Person\",\"@id\":\"https:\/\/www.italiaeconomiaonline.it\/web\/#\/schema\/person\/909a49cce752523b020fbc37d5ab1c31\",\"name\":\"ladyitaliaeconomia\",\"image\":{\"@type\":\"ImageObject\",\"inLanguage\":\"it-IT\",\"@id\":\"https:\/\/www.italiaeconomiaonline.it\/web\/#\/schema\/person\/image\/\",\"url\":\"https:\/\/secure.gravatar.com\/avatar\/cedca10ce7416a579b9fa6bce9c0a8f2?s=96&d=mm&r=g\",\"contentUrl\":\"https:\/\/secure.gravatar.com\/avatar\/cedca10ce7416a579b9fa6bce9c0a8f2?s=96&d=mm&r=g\",\"caption\":\"ladyitaliaeconomia\"},\"url\":\"https:\/\/www.italiaeconomiaonline.it\/web\/author\/ladyitaliaeconomia\/\"}]}<\/script>\n<!-- \/ Yoast SEO plugin. -->","yoast_head_json":{"title":"Confesercenti: primi effetti sulle vendite da risalita contagi e aumento bollette -","robots":{"index":"index","follow":"follow","max-snippet":"max-snippet:-1","max-image-preview":"max-image-preview:large","max-video-preview":"max-video-preview:-1"},"canonical":"https:\/\/www.italiaeconomiaonline.it\/web\/confesercenti-primi-effetti-sulle-vendite-da-risalita-contagi-e-aumento-bollette\/","og_locale":"it_IT","og_type":"article","og_title":"Confesercenti: primi effetti sulle vendite da risalita contagi e aumento bollette -","og_description":"La risalita dei contagi, insieme all\u2019impennata dei beni energetici, sembrano mostrare i primi effetti sulle vendite. La\u00a0frenata (-0,6% in volume) rispetto ad ottobre va monitorata, per rendersi conto se sia un dato occasionale o registri le prime conseguenze negative sia del riacutizzarsi della pandemia che del rialzo dell\u2019inflazione che peserebbero sui comportamenti di spesa dei [&hellip;]","og_url":"https:\/\/www.italiaeconomiaonline.it\/web\/confesercenti-primi-effetti-sulle-vendite-da-risalita-contagi-e-aumento-bollette\/","og_site_name":"ItaliaEconomiaOnline","article_published_time":"2022-01-12T11:19:13+00:00","og_image":[{"width":1406,"height":848,"url":"https:\/\/www.italiaeconomiaonline.it\/web\/wp-content\/uploads\/2020\/09\/Schermata-2020-09-22-alle-11.30.55.png","type":"image\/png"}],"author":"ladyitaliaeconomia","twitter_card":"summary_large_image","twitter_misc":{"Scritto da":"ladyitaliaeconomia","Tempo di lettura stimato":"2 minuti"},"schema":{"@context":"https:\/\/schema.org","@graph":[{"@type":"WebPage","@id":"https:\/\/www.italiaeconomiaonline.it\/web\/confesercenti-primi-effetti-sulle-vendite-da-risalita-contagi-e-aumento-bollette\/","url":"https:\/\/www.italiaeconomiaonline.it\/web\/confesercenti-primi-effetti-sulle-vendite-da-risalita-contagi-e-aumento-bollette\/","name":"Confesercenti: primi effetti sulle vendite da risalita contagi e aumento bollette -","isPartOf":{"@id":"https:\/\/www.italiaeconomiaonline.it\/web\/#website"},"primaryImageOfPage":{"@id":"https:\/\/www.italiaeconomiaonline.it\/web\/confesercenti-primi-effetti-sulle-vendite-da-risalita-contagi-e-aumento-bollette\/#primaryimage"},"image":{"@id":"https:\/\/www.italiaeconomiaonline.it\/web\/confesercenti-primi-effetti-sulle-vendite-da-risalita-contagi-e-aumento-bollette\/#primaryimage"},"thumbnailUrl":"https:\/\/www.italiaeconomiaonline.it\/web\/wp-content\/uploads\/2020\/09\/Schermata-2020-09-22-alle-11.30.55.png","datePublished":"2022-01-12T11:19:13+00:00","dateModified":"2022-01-12T11:19:13+00:00","author":{"@id":"https:\/\/www.italiaeconomiaonline.it\/web\/#\/schema\/person\/909a49cce752523b020fbc37d5ab1c31"},"breadcrumb":{"@id":"https:\/\/www.italiaeconomiaonline.it\/web\/confesercenti-primi-effetti-sulle-vendite-da-risalita-contagi-e-aumento-bollette\/#breadcrumb"},"inLanguage":"it-IT","potentialAction":[{"@type":"ReadAction","target":["https:\/\/www.italiaeconomiaonline.it\/web\/confesercenti-primi-effetti-sulle-vendite-da-risalita-contagi-e-aumento-bollette\/"]}]},{"@type":"ImageObject","inLanguage":"it-IT","@id":"https:\/\/www.italiaeconomiaonline.it\/web\/confesercenti-primi-effetti-sulle-vendite-da-risalita-contagi-e-aumento-bollette\/#primaryimage","url":"https:\/\/www.italiaeconomiaonline.it\/web\/wp-content\/uploads\/2020\/09\/Schermata-2020-09-22-alle-11.30.55.png","contentUrl":"https:\/\/www.italiaeconomiaonline.it\/web\/wp-content\/uploads\/2020\/09\/Schermata-2020-09-22-alle-11.30.55.png","width":1406,"height":848},{"@type":"BreadcrumbList","@id":"https:\/\/www.italiaeconomiaonline.it\/web\/confesercenti-primi-effetti-sulle-vendite-da-risalita-contagi-e-aumento-bollette\/#breadcrumb","itemListElement":[{"@type":"ListItem","position":1,"name":"Home","item":"https:\/\/www.italiaeconomiaonline.it\/web\/"},{"@type":"ListItem","position":2,"name":"Confesercenti: primi effetti sulle vendite da risalita contagi e aumento bollette"}]},{"@type":"WebSite","@id":"https:\/\/www.italiaeconomiaonline.it\/web\/#website","url":"https:\/\/www.italiaeconomiaonline.it\/web\/","name":"ItaliaEconomiaOnline","description":"Quotidiano Economico Online","potentialAction":[{"@type":"SearchAction","target":{"@type":"EntryPoint","urlTemplate":"https:\/\/www.italiaeconomiaonline.it\/web\/?s={search_term_string}"},"query-input":"required name=search_term_string"}],"inLanguage":"it-IT"},{"@type":"Person","@id":"https:\/\/www.italiaeconomiaonline.it\/web\/#\/schema\/person\/909a49cce752523b020fbc37d5ab1c31","name":"ladyitaliaeconomia","image":{"@type":"ImageObject","inLanguage":"it-IT","@id":"https:\/\/www.italiaeconomiaonline.it\/web\/#\/schema\/person\/image\/","url":"https:\/\/secure.gravatar.com\/avatar\/cedca10ce7416a579b9fa6bce9c0a8f2?s=96&d=mm&r=g","contentUrl":"https:\/\/secure.gravatar.com\/avatar\/cedca10ce7416a579b9fa6bce9c0a8f2?s=96&d=mm&r=g","caption":"ladyitaliaeconomia"},"url":"https:\/\/www.italiaeconomiaonline.it\/web\/author\/ladyitaliaeconomia\/"}]}},"_links":{"self":[{"href":"https:\/\/www.italiaeconomiaonline.it\/web\/wp-json\/wp\/v2\/posts\/6489"}],"collection":[{"href":"https:\/\/www.italiaeconomiaonline.it\/web\/wp-json\/wp\/v2\/posts"}],"about":[{"href":"https:\/\/www.italiaeconomiaonline.it\/web\/wp-json\/wp\/v2\/types\/post"}],"author":[{"embeddable":true,"href":"https:\/\/www.italiaeconomiaonline.it\/web\/wp-json\/wp\/v2\/users\/1"}],"replies":[{"embeddable":true,"href":"https:\/\/www.italiaeconomiaonline.it\/web\/wp-json\/wp\/v2\/comments?post=6489"}],"version-history":[{"count":1,"href":"https:\/\/www.italiaeconomiaonline.it\/web\/wp-json\/wp\/v2\/posts\/6489\/revisions"}],"predecessor-version":[{"id":6490,"href":"https:\/\/www.italiaeconomiaonline.it\/web\/wp-json\/wp\/v2\/posts\/6489\/revisions\/6490"}],"wp:featuredmedia":[{"embeddable":true,"href":"https:\/\/www.italiaeconomiaonline.it\/web\/wp-json\/wp\/v2\/media\/4173"}],"wp:attachment":[{"href":"https:\/\/www.italiaeconomiaonline.it\/web\/wp-json\/wp\/v2\/media?parent=6489"}],"wp:term":[{"taxonomy":"category","embeddable":true,"href":"https:\/\/www.italiaeconomiaonline.it\/web\/wp-json\/wp\/v2\/categories?post=6489"},{"taxonomy":"post_tag","embeddable":true,"href":"https:\/\/www.italiaeconomiaonline.it\/web\/wp-json\/wp\/v2\/tags?post=6489"}],"curies":[{"name":"wp","href":"https:\/\/api.w.org\/{rel}","templated":true}]}}