{"id":653,"date":"2019-05-07T12:34:21","date_gmt":"2019-05-07T10:34:21","guid":{"rendered":"http:\/\/www.italiaeconomiaonline.it\/web\/?p=653"},"modified":"2019-05-07T12:34:21","modified_gmt":"2019-05-07T10:34:21","slug":"gruppo-ebano-chiude-il-2018-a-18-milioni-e-punta-su-sostenibilita-e-innovazione","status":"publish","type":"post","link":"https:\/\/www.italiaeconomiaonline.it\/web\/gruppo-ebano-chiude-il-2018-a-18-milioni-e-punta-su-sostenibilita-e-innovazione\/","title":{"rendered":"Gruppo Ebano chiude il 2018 a 18 milioni e punta su sostenibilit\u00e0 e innovazione"},"content":{"rendered":"<p>8 societ\u00e0 controllate, 15 partnership produttive, pi\u00f9 di 250 dipendenti e collaboratori, oltre 18 milioni di fatturato aggregato, una clientela media annuale che ormai supera le seimila unit\u00e0 per il solo business della Formazione a distanza: sono alcuni dei numeri del <strong>Gruppo Ebano<\/strong>, la holding fondata dall\u2019imprenditore di prima generazione<strong> Carlo Robiglio<\/strong>, che emergono dall\u2019Annual Report presentato <a class=\"matchTooltip\">oggi<\/a> agli investitori istituzionali e agli stakeholder.<\/p>\n<p>La holding, che ha visto crescere in sei anni i ricavi complessivi del 250%, ha supportato un piano di crescita per linee interne ed esterne con investimenti nel solo 2018 di oltre 500 mila euro, importo confermato anche nel piano 2019.<\/p>\n<p>I tre principali filoni di attivit\u00e0 del gruppo sono \u201ceditoria e formazione\u201d, \u201ccomunicazione e marketing\u201d e \u201cinnovazione\u201d.<\/p>\n<p>Tra i punti di forza c\u2019\u00e8 la controllata Cef Publishing, leader di mercato in Italia nella progettazione, realizzazione ed erogazione di corsi professionali attraverso modalit\u00e0 Fad (formazione a distanza) ed e-learning in ambiti come il socio assistenziale, l\u2019animal care, il food, l\u2019estetica e il benessere. <\/p>\n<p>\u00a0Docenti dei suoi corsi sono tra gli altri lo Chef stellato <strong>Antonino Cannavacciuolo<\/strong> per il corso \u201cCuoco professionista CHEFuoriclasse\u201d e il truccatore e imprenditore nel mondo della cosmetica <strong>Diego Dalla Palma<\/strong> per il corso &#8220;Professionista della Bellezza e del Benessere. Percorso Immagine&#8221;.<\/p>\n<p>La politica aziendale del Gruppo Ebano, volta a perseguire alti standard in termini di sostenibilit\u00e0 e impatto sociale, ha adottato il modello organizzativo L.231 per se e la controllata Cef. E Cef dal 2018 anche B Corp\u00ae, certificazione rilasciata dalla <a href=\"http:\/\/r.media.theghostteam.com\/mk\/cl\/f\/nrIbnm_YrWIhSkwsE3JxMzpbs4S7mnpG-ZqzX5DRgHBiRwvvnpI7ug1W4uj3GA7LFkF8v647yhsXW1xmtwCT9xn_TrMEeceoFXkBG_yDo_uxULTmaxwPTl_fxvYeugxC5jM2FVfyrGIshoxj1XaZaNItv0HoJqXVxP5VsKGNux2uwT4Ue0gXNpAWIXUMqNLvQOToZxuYwp0anToCvL09n6KCs_DkamBzfAknuq48AuRpvWpSlkdbTwES-lnZUONkvAHVjIoQSAe3Kd84V2VR0tJW9jfhYAqy0FAb5fYKtJ1XfhBTrgRYIbLcM6I-TQUe7-57y4qoaWiCjAKf3ui0-8sFi1jfVRRYDm4uja7-5er2rNw\" target=\"_blank\" rel=\"noopener noreferrer\">B Corporation<\/a>, l\u2019ente non-profit americano.<\/p>\n<p>Ebano, sempre tramite Cef Publishing, fa parte di Elite, il programma internazionale di Borsa italiana, nato nel 2012 in collaborazione con Confindustria, dedicato alle aziende ad alto potenziale di crescita, con un modello di business solido ed una chiara strategia di sviluppo.<\/p>\n<p>\u201cLa storia di Ebano &#8211; spiega Carlo Robiglio &#8211; ha radici profonde e ha inizio, intorno ai primi anni novanta, con l\u2019idea di dar vita a una iniziativa imprenditoriale nel mondo dell\u2019editoria e della cultura che potesse, in primo luogo, valorizzare la storia, le tradizioni e i valori di un territorio. La formazione continua, insieme agli investimenti in ricerca e innovazione, rappresentano i pilastri strategici per la nostra crescita\u201d.<\/p>\n<p>\u201cEspandiamo il nostro raggio d\u2019azione secondo un modello verticale, sviluppando le competenze acquisite\u201d, continua Robiglio. \u201cCos\u00ec, dopo la realizzazione di corsi di cucina, siamo passati al social eating, dalla formazione per addestratori di cani abbiamo ampliato l\u2019attivit\u00e0 alla vendita e-commerce di prodotti pet e alla gestione di un\u2019apposita piattaforma per promuovere modelli di sharing economy per i possessori di animali da compagnia\u201d.<\/p>\n<p>\u201cEbano &#8211; spiega il direttore generale<strong> Silvano Mottura<\/strong> &#8211; si offre come interlocutore dell\u2019azienda partner per progettare e gestire a 360 gradi servizi in outsourcing, portando efficienza e profitto all\u2019insieme di attivit\u00e0 che, nella catena del valore di un\u2019impresa, coinvolgono il rapporto con i propri stakeholders.\u201d<\/p>\n<p><\/span><\/p>\n","protected":false},"excerpt":{"rendered":"<p>8 societ\u00e0 controllate, 15 partnership produttive, pi\u00f9 di 250 dipendenti e collaboratori, oltre 18 milioni di fatturato aggregato, una clientela media annuale che ormai supera le seimila unit\u00e0 per il solo business della Formazione a distanza: sono alcuni dei numeri del Gruppo Ebano, la holding fondata dall\u2019imprenditore di prima generazione Carlo Robiglio, che emergono dall\u2019Annual [&hellip;]<\/p>\n","protected":false},"author":1,"featured_media":654,"comment_status":"closed","ping_status":"open","sticky":false,"template":"","format":"standard","meta":{"footnotes":""},"categories":[56],"tags":[307,251,308,306,250],"yoast_head":"<!-- This site is optimized with the Yoast SEO plugin v22.2 - https:\/\/yoast.com\/wordpress\/plugins\/seo\/ -->\n<title>Gruppo Ebano chiude il 2018 a 18 milioni e punta su sostenibilit\u00e0 e innovazione -<\/title>\n<meta name=\"robots\" content=\"index, follow, max-snippet:-1, max-image-preview:large, max-video-preview:-1\" \/>\n<link rel=\"canonical\" href=\"https:\/\/www.italiaeconomiaonline.it\/web\/gruppo-ebano-chiude-il-2018-a-18-milioni-e-punta-su-sostenibilita-e-innovazione\/\" \/>\n<meta property=\"og:locale\" content=\"it_IT\" \/>\n<meta property=\"og:type\" content=\"article\" \/>\n<meta property=\"og:title\" content=\"Gruppo Ebano chiude il 2018 a 18 milioni e punta su sostenibilit\u00e0 e innovazione -\" \/>\n<meta property=\"og:description\" content=\"8 societ\u00e0 controllate, 15 partnership produttive, pi\u00f9 di 250 dipendenti e collaboratori, oltre 18 milioni di fatturato aggregato, una clientela media annuale che ormai supera le seimila unit\u00e0 per il solo business della Formazione a distanza: sono alcuni dei numeri del Gruppo Ebano, la holding fondata dall\u2019imprenditore di prima generazione Carlo Robiglio, che emergono dall\u2019Annual [&hellip;]\" \/>\n<meta property=\"og:url\" content=\"https:\/\/www.italiaeconomiaonline.it\/web\/gruppo-ebano-chiude-il-2018-a-18-milioni-e-punta-su-sostenibilita-e-innovazione\/\" \/>\n<meta property=\"og:site_name\" content=\"ItaliaEconomiaOnline\" \/>\n<meta property=\"article:published_time\" content=\"2019-05-07T10:34:21+00:00\" \/>\n<meta property=\"og:image\" content=\"https:\/\/www.italiaeconomiaonline.it\/web\/wp-content\/uploads\/2019\/05\/Carlo-Robbiglio-a-Connext--1024x682.jpg\" \/>\n\t<meta property=\"og:image:width\" content=\"1024\" \/>\n\t<meta property=\"og:image:height\" content=\"682\" \/>\n\t<meta property=\"og:image:type\" content=\"image\/jpeg\" \/>\n<meta name=\"author\" content=\"ladyitaliaeconomia\" \/>\n<meta name=\"twitter:card\" content=\"summary_large_image\" \/>\n<meta name=\"twitter:label1\" content=\"Scritto da\" \/>\n\t<meta name=\"twitter:data1\" content=\"ladyitaliaeconomia\" \/>\n\t<meta name=\"twitter:label2\" content=\"Tempo di lettura stimato\" \/>\n\t<meta name=\"twitter:data2\" content=\"2 minuti\" \/>\n<script type=\"application\/ld+json\" class=\"yoast-schema-graph\">{\"@context\":\"https:\/\/schema.org\",\"@graph\":[{\"@type\":\"WebPage\",\"@id\":\"https:\/\/www.italiaeconomiaonline.it\/web\/gruppo-ebano-chiude-il-2018-a-18-milioni-e-punta-su-sostenibilita-e-innovazione\/\",\"url\":\"https:\/\/www.italiaeconomiaonline.it\/web\/gruppo-ebano-chiude-il-2018-a-18-milioni-e-punta-su-sostenibilita-e-innovazione\/\",\"name\":\"Gruppo Ebano chiude il 2018 a 18 milioni e punta su sostenibilit\u00e0 e innovazione -\",\"isPartOf\":{\"@id\":\"https:\/\/www.italiaeconomiaonline.it\/web\/#website\"},\"primaryImageOfPage\":{\"@id\":\"https:\/\/www.italiaeconomiaonline.it\/web\/gruppo-ebano-chiude-il-2018-a-18-milioni-e-punta-su-sostenibilita-e-innovazione\/#primaryimage\"},\"image\":{\"@id\":\"https:\/\/www.italiaeconomiaonline.it\/web\/gruppo-ebano-chiude-il-2018-a-18-milioni-e-punta-su-sostenibilita-e-innovazione\/#primaryimage\"},\"thumbnailUrl\":\"https:\/\/www.italiaeconomiaonline.it\/web\/wp-content\/uploads\/2019\/05\/Carlo-Robbiglio-a-Connext-.jpg\",\"datePublished\":\"2019-05-07T10:34:21+00:00\",\"dateModified\":\"2019-05-07T10:34:21+00:00\",\"author\":{\"@id\":\"https:\/\/www.italiaeconomiaonline.it\/web\/#\/schema\/person\/909a49cce752523b020fbc37d5ab1c31\"},\"breadcrumb\":{\"@id\":\"https:\/\/www.italiaeconomiaonline.it\/web\/gruppo-ebano-chiude-il-2018-a-18-milioni-e-punta-su-sostenibilita-e-innovazione\/#breadcrumb\"},\"inLanguage\":\"it-IT\",\"potentialAction\":[{\"@type\":\"ReadAction\",\"target\":[\"https:\/\/www.italiaeconomiaonline.it\/web\/gruppo-ebano-chiude-il-2018-a-18-milioni-e-punta-su-sostenibilita-e-innovazione\/\"]}]},{\"@type\":\"ImageObject\",\"inLanguage\":\"it-IT\",\"@id\":\"https:\/\/www.italiaeconomiaonline.it\/web\/gruppo-ebano-chiude-il-2018-a-18-milioni-e-punta-su-sostenibilita-e-innovazione\/#primaryimage\",\"url\":\"https:\/\/www.italiaeconomiaonline.it\/web\/wp-content\/uploads\/2019\/05\/Carlo-Robbiglio-a-Connext-.jpg\",\"contentUrl\":\"https:\/\/www.italiaeconomiaonline.it\/web\/wp-content\/uploads\/2019\/05\/Carlo-Robbiglio-a-Connext-.jpg\",\"width\":4928,\"height\":3280},{\"@type\":\"BreadcrumbList\",\"@id\":\"https:\/\/www.italiaeconomiaonline.it\/web\/gruppo-ebano-chiude-il-2018-a-18-milioni-e-punta-su-sostenibilita-e-innovazione\/#breadcrumb\",\"itemListElement\":[{\"@type\":\"ListItem\",\"position\":1,\"name\":\"Home\",\"item\":\"https:\/\/www.italiaeconomiaonline.it\/web\/\"},{\"@type\":\"ListItem\",\"position\":2,\"name\":\"Gruppo Ebano chiude il 2018 a 18 milioni e punta su sostenibilit\u00e0 e innovazione\"}]},{\"@type\":\"WebSite\",\"@id\":\"https:\/\/www.italiaeconomiaonline.it\/web\/#website\",\"url\":\"https:\/\/www.italiaeconomiaonline.it\/web\/\",\"name\":\"ItaliaEconomiaOnline\",\"description\":\"Quotidiano Economico Online\",\"potentialAction\":[{\"@type\":\"SearchAction\",\"target\":{\"@type\":\"EntryPoint\",\"urlTemplate\":\"https:\/\/www.italiaeconomiaonline.it\/web\/?s={search_term_string}\"},\"query-input\":\"required name=search_term_string\"}],\"inLanguage\":\"it-IT\"},{\"@type\":\"Person\",\"@id\":\"https:\/\/www.italiaeconomiaonline.it\/web\/#\/schema\/person\/909a49cce752523b020fbc37d5ab1c31\",\"name\":\"ladyitaliaeconomia\",\"image\":{\"@type\":\"ImageObject\",\"inLanguage\":\"it-IT\",\"@id\":\"https:\/\/www.italiaeconomiaonline.it\/web\/#\/schema\/person\/image\/\",\"url\":\"https:\/\/secure.gravatar.com\/avatar\/cedca10ce7416a579b9fa6bce9c0a8f2?s=96&d=mm&r=g\",\"contentUrl\":\"https:\/\/secure.gravatar.com\/avatar\/cedca10ce7416a579b9fa6bce9c0a8f2?s=96&d=mm&r=g\",\"caption\":\"ladyitaliaeconomia\"},\"url\":\"https:\/\/www.italiaeconomiaonline.it\/web\/author\/ladyitaliaeconomia\/\"}]}<\/script>\n<!-- \/ Yoast SEO plugin. -->","yoast_head_json":{"title":"Gruppo Ebano chiude il 2018 a 18 milioni e punta su sostenibilit\u00e0 e innovazione -","robots":{"index":"index","follow":"follow","max-snippet":"max-snippet:-1","max-image-preview":"max-image-preview:large","max-video-preview":"max-video-preview:-1"},"canonical":"https:\/\/www.italiaeconomiaonline.it\/web\/gruppo-ebano-chiude-il-2018-a-18-milioni-e-punta-su-sostenibilita-e-innovazione\/","og_locale":"it_IT","og_type":"article","og_title":"Gruppo Ebano chiude il 2018 a 18 milioni e punta su sostenibilit\u00e0 e innovazione -","og_description":"8 societ\u00e0 controllate, 15 partnership produttive, pi\u00f9 di 250 dipendenti e collaboratori, oltre 18 milioni di fatturato aggregato, una clientela media annuale che ormai supera le seimila unit\u00e0 per il solo business della Formazione a distanza: sono alcuni dei numeri del Gruppo Ebano, la holding fondata dall\u2019imprenditore di prima generazione Carlo Robiglio, che emergono dall\u2019Annual [&hellip;]","og_url":"https:\/\/www.italiaeconomiaonline.it\/web\/gruppo-ebano-chiude-il-2018-a-18-milioni-e-punta-su-sostenibilita-e-innovazione\/","og_site_name":"ItaliaEconomiaOnline","article_published_time":"2019-05-07T10:34:21+00:00","og_image":[{"width":1024,"height":682,"url":"https:\/\/www.italiaeconomiaonline.it\/web\/wp-content\/uploads\/2019\/05\/Carlo-Robbiglio-a-Connext--1024x682.jpg","type":"image\/jpeg"}],"author":"ladyitaliaeconomia","twitter_card":"summary_large_image","twitter_misc":{"Scritto da":"ladyitaliaeconomia","Tempo di lettura stimato":"2 minuti"},"schema":{"@context":"https:\/\/schema.org","@graph":[{"@type":"WebPage","@id":"https:\/\/www.italiaeconomiaonline.it\/web\/gruppo-ebano-chiude-il-2018-a-18-milioni-e-punta-su-sostenibilita-e-innovazione\/","url":"https:\/\/www.italiaeconomiaonline.it\/web\/gruppo-ebano-chiude-il-2018-a-18-milioni-e-punta-su-sostenibilita-e-innovazione\/","name":"Gruppo Ebano chiude il 2018 a 18 milioni e punta su sostenibilit\u00e0 e innovazione -","isPartOf":{"@id":"https:\/\/www.italiaeconomiaonline.it\/web\/#website"},"primaryImageOfPage":{"@id":"https:\/\/www.italiaeconomiaonline.it\/web\/gruppo-ebano-chiude-il-2018-a-18-milioni-e-punta-su-sostenibilita-e-innovazione\/#primaryimage"},"image":{"@id":"https:\/\/www.italiaeconomiaonline.it\/web\/gruppo-ebano-chiude-il-2018-a-18-milioni-e-punta-su-sostenibilita-e-innovazione\/#primaryimage"},"thumbnailUrl":"https:\/\/www.italiaeconomiaonline.it\/web\/wp-content\/uploads\/2019\/05\/Carlo-Robbiglio-a-Connext-.jpg","datePublished":"2019-05-07T10:34:21+00:00","dateModified":"2019-05-07T10:34:21+00:00","author":{"@id":"https:\/\/www.italiaeconomiaonline.it\/web\/#\/schema\/person\/909a49cce752523b020fbc37d5ab1c31"},"breadcrumb":{"@id":"https:\/\/www.italiaeconomiaonline.it\/web\/gruppo-ebano-chiude-il-2018-a-18-milioni-e-punta-su-sostenibilita-e-innovazione\/#breadcrumb"},"inLanguage":"it-IT","potentialAction":[{"@type":"ReadAction","target":["https:\/\/www.italiaeconomiaonline.it\/web\/gruppo-ebano-chiude-il-2018-a-18-milioni-e-punta-su-sostenibilita-e-innovazione\/"]}]},{"@type":"ImageObject","inLanguage":"it-IT","@id":"https:\/\/www.italiaeconomiaonline.it\/web\/gruppo-ebano-chiude-il-2018-a-18-milioni-e-punta-su-sostenibilita-e-innovazione\/#primaryimage","url":"https:\/\/www.italiaeconomiaonline.it\/web\/wp-content\/uploads\/2019\/05\/Carlo-Robbiglio-a-Connext-.jpg","contentUrl":"https:\/\/www.italiaeconomiaonline.it\/web\/wp-content\/uploads\/2019\/05\/Carlo-Robbiglio-a-Connext-.jpg","width":4928,"height":3280},{"@type":"BreadcrumbList","@id":"https:\/\/www.italiaeconomiaonline.it\/web\/gruppo-ebano-chiude-il-2018-a-18-milioni-e-punta-su-sostenibilita-e-innovazione\/#breadcrumb","itemListElement":[{"@type":"ListItem","position":1,"name":"Home","item":"https:\/\/www.italiaeconomiaonline.it\/web\/"},{"@type":"ListItem","position":2,"name":"Gruppo Ebano chiude il 2018 a 18 milioni e punta su sostenibilit\u00e0 e innovazione"}]},{"@type":"WebSite","@id":"https:\/\/www.italiaeconomiaonline.it\/web\/#website","url":"https:\/\/www.italiaeconomiaonline.it\/web\/","name":"ItaliaEconomiaOnline","description":"Quotidiano Economico Online","potentialAction":[{"@type":"SearchAction","target":{"@type":"EntryPoint","urlTemplate":"https:\/\/www.italiaeconomiaonline.it\/web\/?s={search_term_string}"},"query-input":"required name=search_term_string"}],"inLanguage":"it-IT"},{"@type":"Person","@id":"https:\/\/www.italiaeconomiaonline.it\/web\/#\/schema\/person\/909a49cce752523b020fbc37d5ab1c31","name":"ladyitaliaeconomia","image":{"@type":"ImageObject","inLanguage":"it-IT","@id":"https:\/\/www.italiaeconomiaonline.it\/web\/#\/schema\/person\/image\/","url":"https:\/\/secure.gravatar.com\/avatar\/cedca10ce7416a579b9fa6bce9c0a8f2?s=96&d=mm&r=g","contentUrl":"https:\/\/secure.gravatar.com\/avatar\/cedca10ce7416a579b9fa6bce9c0a8f2?s=96&d=mm&r=g","caption":"ladyitaliaeconomia"},"url":"https:\/\/www.italiaeconomiaonline.it\/web\/author\/ladyitaliaeconomia\/"}]}},"_links":{"self":[{"href":"https:\/\/www.italiaeconomiaonline.it\/web\/wp-json\/wp\/v2\/posts\/653"}],"collection":[{"href":"https:\/\/www.italiaeconomiaonline.it\/web\/wp-json\/wp\/v2\/posts"}],"about":[{"href":"https:\/\/www.italiaeconomiaonline.it\/web\/wp-json\/wp\/v2\/types\/post"}],"author":[{"embeddable":true,"href":"https:\/\/www.italiaeconomiaonline.it\/web\/wp-json\/wp\/v2\/users\/1"}],"replies":[{"embeddable":true,"href":"https:\/\/www.italiaeconomiaonline.it\/web\/wp-json\/wp\/v2\/comments?post=653"}],"version-history":[{"count":1,"href":"https:\/\/www.italiaeconomiaonline.it\/web\/wp-json\/wp\/v2\/posts\/653\/revisions"}],"predecessor-version":[{"id":655,"href":"https:\/\/www.italiaeconomiaonline.it\/web\/wp-json\/wp\/v2\/posts\/653\/revisions\/655"}],"wp:featuredmedia":[{"embeddable":true,"href":"https:\/\/www.italiaeconomiaonline.it\/web\/wp-json\/wp\/v2\/media\/654"}],"wp:attachment":[{"href":"https:\/\/www.italiaeconomiaonline.it\/web\/wp-json\/wp\/v2\/media?parent=653"}],"wp:term":[{"taxonomy":"category","embeddable":true,"href":"https:\/\/www.italiaeconomiaonline.it\/web\/wp-json\/wp\/v2\/categories?post=653"},{"taxonomy":"post_tag","embeddable":true,"href":"https:\/\/www.italiaeconomiaonline.it\/web\/wp-json\/wp\/v2\/tags?post=653"}],"curies":[{"name":"wp","href":"https:\/\/api.w.org\/{rel}","templated":true}]}}