{"id":6694,"date":"2022-04-21T19:42:48","date_gmt":"2022-04-21T17:42:48","guid":{"rendered":"http:\/\/www.italiaeconomiaonline.it\/web\/?p=6694"},"modified":"2022-04-21T19:42:48","modified_gmt":"2022-04-21T17:42:48","slug":"caro-energia-accordo-tra-confcommercio-milano-e-filcams-cgil-fisascat-cisl-uiltucs","status":"publish","type":"post","link":"https:\/\/www.italiaeconomiaonline.it\/web\/caro-energia-accordo-tra-confcommercio-milano-e-filcams-cgil-fisascat-cisl-uiltucs\/","title":{"rendered":"Caro Energia: Accordo tra Confcommercio Milano e Filcams\u2013Cgil, Fisascat\u2013Cisl, Uiltucs"},"content":{"rendered":"<p>Confcommercio Milano e le organizzazioni sindacali dei lavoratori Filcams-Cgil, Fisascat-Cisl e Uiltucs hanno sottoscritto un verbale di accordo per l\u2019assunzione immediata di un\u2019iniziativa di carattere straordinario per sostenere i maggiori costi energetici a carico delle lavoratrici e dei lavoratori. Considerata l\u2019attuale situazione di crisi internazionale derivante dalla guerra in Ucraina con i concreti rischi per la ripresa economica, le Parti Sociali si sono fatte portavoce delle istanze per rafforzare il potere d\u2019acquisto dei dipendenti delle imprese.<\/p>\n<p>Le Parti sociali, responsabilmente, in considerazione dei rincari, hanno perci\u00f2 dato mandato agli organismi direttivi degli Enti Bilaterali di predisporre un avviso per l\u2019erogazione di un contributo per il \u201cCaro Energia\u201d.<\/p>\n<p>L\u2019iniziativa, che riguarder\u00e0 in tempi brevi il territorio di Milano e Monza Brianza, valorizza il dialogo tra le Parti Sociali e conferma il ruolo centrale degli Enti Bilaterali in materia di welfare.<\/p>\n<p>Impegno della Bilateralit\u00e0 che, durante la pandemia, si \u00e8 concretizzato nell\u2019erogazione in favore di aziende e lavoratori in un contributo per emergenza sanitaria Covid-19 e per l\u2019acquisto di beni di prima necessit\u00e0, affiancando iniziative pi\u00f9 strutturali, quali il contributo per la genitorialit\u00e0, il sostegno agli oneri di frequenza centri estivi e il contributo per i costi tragitto casa-lavoro.<\/p>\n","protected":false},"excerpt":{"rendered":"<p>Confcommercio Milano e le organizzazioni sindacali dei lavoratori Filcams-Cgil, Fisascat-Cisl e Uiltucs hanno sottoscritto un verbale di accordo per l\u2019assunzione immediata di un\u2019iniziativa di carattere straordinario per sostenere i maggiori costi energetici a carico delle lavoratrici e dei lavoratori. Considerata l\u2019attuale situazione di crisi internazionale derivante dalla guerra in Ucraina con i concreti rischi per [&hellip;]<\/p>\n","protected":false},"author":1,"featured_media":902,"comment_status":"closed","ping_status":"open","sticky":false,"template":"","format":"standard","meta":{"footnotes":""},"categories":[56],"tags":[],"yoast_head":"<!-- This site is optimized with the Yoast SEO plugin v22.2 - https:\/\/yoast.com\/wordpress\/plugins\/seo\/ -->\n<title>Caro Energia: Accordo tra Confcommercio Milano e Filcams\u2013Cgil, Fisascat\u2013Cisl, Uiltucs -<\/title>\n<meta name=\"robots\" content=\"index, follow, max-snippet:-1, max-image-preview:large, max-video-preview:-1\" \/>\n<link rel=\"canonical\" href=\"https:\/\/www.italiaeconomiaonline.it\/web\/caro-energia-accordo-tra-confcommercio-milano-e-filcams-cgil-fisascat-cisl-uiltucs\/\" \/>\n<meta property=\"og:locale\" content=\"it_IT\" \/>\n<meta property=\"og:type\" content=\"article\" \/>\n<meta property=\"og:title\" content=\"Caro Energia: Accordo tra Confcommercio Milano e Filcams\u2013Cgil, Fisascat\u2013Cisl, Uiltucs -\" \/>\n<meta property=\"og:description\" content=\"Confcommercio Milano e le organizzazioni sindacali dei lavoratori Filcams-Cgil, Fisascat-Cisl e Uiltucs hanno sottoscritto un verbale di accordo per l\u2019assunzione immediata di un\u2019iniziativa di carattere straordinario per sostenere i maggiori costi energetici a carico delle lavoratrici e dei lavoratori. Considerata l\u2019attuale situazione di crisi internazionale derivante dalla guerra in Ucraina con i concreti rischi per [&hellip;]\" \/>\n<meta property=\"og:url\" content=\"https:\/\/www.italiaeconomiaonline.it\/web\/caro-energia-accordo-tra-confcommercio-milano-e-filcams-cgil-fisascat-cisl-uiltucs\/\" \/>\n<meta property=\"og:site_name\" content=\"ItaliaEconomiaOnline\" \/>\n<meta property=\"article:published_time\" content=\"2022-04-21T17:42:48+00:00\" \/>\n<meta property=\"og:image\" content=\"https:\/\/www.italiaeconomiaonline.it\/web\/wp-content\/uploads\/2019\/06\/lavoro.jpg\" \/>\n\t<meta property=\"og:image:width\" content=\"960\" \/>\n\t<meta property=\"og:image:height\" content=\"640\" \/>\n\t<meta property=\"og:image:type\" content=\"image\/jpeg\" \/>\n<meta name=\"author\" content=\"ladyitaliaeconomia\" \/>\n<meta name=\"twitter:card\" content=\"summary_large_image\" \/>\n<meta name=\"twitter:label1\" content=\"Scritto da\" \/>\n\t<meta name=\"twitter:data1\" content=\"ladyitaliaeconomia\" \/>\n\t<meta name=\"twitter:label2\" content=\"Tempo di lettura stimato\" \/>\n\t<meta name=\"twitter:data2\" content=\"1 minuto\" \/>\n<script type=\"application\/ld+json\" class=\"yoast-schema-graph\">{\"@context\":\"https:\/\/schema.org\",\"@graph\":[{\"@type\":\"WebPage\",\"@id\":\"https:\/\/www.italiaeconomiaonline.it\/web\/caro-energia-accordo-tra-confcommercio-milano-e-filcams-cgil-fisascat-cisl-uiltucs\/\",\"url\":\"https:\/\/www.italiaeconomiaonline.it\/web\/caro-energia-accordo-tra-confcommercio-milano-e-filcams-cgil-fisascat-cisl-uiltucs\/\",\"name\":\"Caro Energia: Accordo tra Confcommercio Milano e Filcams\u2013Cgil, Fisascat\u2013Cisl, Uiltucs -\",\"isPartOf\":{\"@id\":\"https:\/\/www.italiaeconomiaonline.it\/web\/#website\"},\"primaryImageOfPage\":{\"@id\":\"https:\/\/www.italiaeconomiaonline.it\/web\/caro-energia-accordo-tra-confcommercio-milano-e-filcams-cgil-fisascat-cisl-uiltucs\/#primaryimage\"},\"image\":{\"@id\":\"https:\/\/www.italiaeconomiaonline.it\/web\/caro-energia-accordo-tra-confcommercio-milano-e-filcams-cgil-fisascat-cisl-uiltucs\/#primaryimage\"},\"thumbnailUrl\":\"https:\/\/www.italiaeconomiaonline.it\/web\/wp-content\/uploads\/2019\/06\/lavoro.jpg\",\"datePublished\":\"2022-04-21T17:42:48+00:00\",\"dateModified\":\"2022-04-21T17:42:48+00:00\",\"author\":{\"@id\":\"https:\/\/www.italiaeconomiaonline.it\/web\/#\/schema\/person\/909a49cce752523b020fbc37d5ab1c31\"},\"breadcrumb\":{\"@id\":\"https:\/\/www.italiaeconomiaonline.it\/web\/caro-energia-accordo-tra-confcommercio-milano-e-filcams-cgil-fisascat-cisl-uiltucs\/#breadcrumb\"},\"inLanguage\":\"it-IT\",\"potentialAction\":[{\"@type\":\"ReadAction\",\"target\":[\"https:\/\/www.italiaeconomiaonline.it\/web\/caro-energia-accordo-tra-confcommercio-milano-e-filcams-cgil-fisascat-cisl-uiltucs\/\"]}]},{\"@type\":\"ImageObject\",\"inLanguage\":\"it-IT\",\"@id\":\"https:\/\/www.italiaeconomiaonline.it\/web\/caro-energia-accordo-tra-confcommercio-milano-e-filcams-cgil-fisascat-cisl-uiltucs\/#primaryimage\",\"url\":\"https:\/\/www.italiaeconomiaonline.it\/web\/wp-content\/uploads\/2019\/06\/lavoro.jpg\",\"contentUrl\":\"https:\/\/www.italiaeconomiaonline.it\/web\/wp-content\/uploads\/2019\/06\/lavoro.jpg\",\"width\":960,\"height\":640},{\"@type\":\"BreadcrumbList\",\"@id\":\"https:\/\/www.italiaeconomiaonline.it\/web\/caro-energia-accordo-tra-confcommercio-milano-e-filcams-cgil-fisascat-cisl-uiltucs\/#breadcrumb\",\"itemListElement\":[{\"@type\":\"ListItem\",\"position\":1,\"name\":\"Home\",\"item\":\"https:\/\/www.italiaeconomiaonline.it\/web\/\"},{\"@type\":\"ListItem\",\"position\":2,\"name\":\"Caro Energia: Accordo tra Confcommercio Milano e Filcams\u2013Cgil, Fisascat\u2013Cisl, Uiltucs\"}]},{\"@type\":\"WebSite\",\"@id\":\"https:\/\/www.italiaeconomiaonline.it\/web\/#website\",\"url\":\"https:\/\/www.italiaeconomiaonline.it\/web\/\",\"name\":\"ItaliaEconomiaOnline\",\"description\":\"Quotidiano Economico Online\",\"potentialAction\":[{\"@type\":\"SearchAction\",\"target\":{\"@type\":\"EntryPoint\",\"urlTemplate\":\"https:\/\/www.italiaeconomiaonline.it\/web\/?s={search_term_string}\"},\"query-input\":\"required name=search_term_string\"}],\"inLanguage\":\"it-IT\"},{\"@type\":\"Person\",\"@id\":\"https:\/\/www.italiaeconomiaonline.it\/web\/#\/schema\/person\/909a49cce752523b020fbc37d5ab1c31\",\"name\":\"ladyitaliaeconomia\",\"image\":{\"@type\":\"ImageObject\",\"inLanguage\":\"it-IT\",\"@id\":\"https:\/\/www.italiaeconomiaonline.it\/web\/#\/schema\/person\/image\/\",\"url\":\"https:\/\/secure.gravatar.com\/avatar\/cedca10ce7416a579b9fa6bce9c0a8f2?s=96&d=mm&r=g\",\"contentUrl\":\"https:\/\/secure.gravatar.com\/avatar\/cedca10ce7416a579b9fa6bce9c0a8f2?s=96&d=mm&r=g\",\"caption\":\"ladyitaliaeconomia\"},\"url\":\"https:\/\/www.italiaeconomiaonline.it\/web\/author\/ladyitaliaeconomia\/\"}]}<\/script>\n<!-- \/ Yoast SEO plugin. -->","yoast_head_json":{"title":"Caro Energia: Accordo tra Confcommercio Milano e Filcams\u2013Cgil, Fisascat\u2013Cisl, Uiltucs -","robots":{"index":"index","follow":"follow","max-snippet":"max-snippet:-1","max-image-preview":"max-image-preview:large","max-video-preview":"max-video-preview:-1"},"canonical":"https:\/\/www.italiaeconomiaonline.it\/web\/caro-energia-accordo-tra-confcommercio-milano-e-filcams-cgil-fisascat-cisl-uiltucs\/","og_locale":"it_IT","og_type":"article","og_title":"Caro Energia: Accordo tra Confcommercio Milano e Filcams\u2013Cgil, Fisascat\u2013Cisl, Uiltucs -","og_description":"Confcommercio Milano e le organizzazioni sindacali dei lavoratori Filcams-Cgil, Fisascat-Cisl e Uiltucs hanno sottoscritto un verbale di accordo per l\u2019assunzione immediata di un\u2019iniziativa di carattere straordinario per sostenere i maggiori costi energetici a carico delle lavoratrici e dei lavoratori. Considerata l\u2019attuale situazione di crisi internazionale derivante dalla guerra in Ucraina con i concreti rischi per [&hellip;]","og_url":"https:\/\/www.italiaeconomiaonline.it\/web\/caro-energia-accordo-tra-confcommercio-milano-e-filcams-cgil-fisascat-cisl-uiltucs\/","og_site_name":"ItaliaEconomiaOnline","article_published_time":"2022-04-21T17:42:48+00:00","og_image":[{"width":960,"height":640,"url":"https:\/\/www.italiaeconomiaonline.it\/web\/wp-content\/uploads\/2019\/06\/lavoro.jpg","type":"image\/jpeg"}],"author":"ladyitaliaeconomia","twitter_card":"summary_large_image","twitter_misc":{"Scritto da":"ladyitaliaeconomia","Tempo di lettura stimato":"1 minuto"},"schema":{"@context":"https:\/\/schema.org","@graph":[{"@type":"WebPage","@id":"https:\/\/www.italiaeconomiaonline.it\/web\/caro-energia-accordo-tra-confcommercio-milano-e-filcams-cgil-fisascat-cisl-uiltucs\/","url":"https:\/\/www.italiaeconomiaonline.it\/web\/caro-energia-accordo-tra-confcommercio-milano-e-filcams-cgil-fisascat-cisl-uiltucs\/","name":"Caro Energia: Accordo tra Confcommercio Milano e Filcams\u2013Cgil, Fisascat\u2013Cisl, Uiltucs -","isPartOf":{"@id":"https:\/\/www.italiaeconomiaonline.it\/web\/#website"},"primaryImageOfPage":{"@id":"https:\/\/www.italiaeconomiaonline.it\/web\/caro-energia-accordo-tra-confcommercio-milano-e-filcams-cgil-fisascat-cisl-uiltucs\/#primaryimage"},"image":{"@id":"https:\/\/www.italiaeconomiaonline.it\/web\/caro-energia-accordo-tra-confcommercio-milano-e-filcams-cgil-fisascat-cisl-uiltucs\/#primaryimage"},"thumbnailUrl":"https:\/\/www.italiaeconomiaonline.it\/web\/wp-content\/uploads\/2019\/06\/lavoro.jpg","datePublished":"2022-04-21T17:42:48+00:00","dateModified":"2022-04-21T17:42:48+00:00","author":{"@id":"https:\/\/www.italiaeconomiaonline.it\/web\/#\/schema\/person\/909a49cce752523b020fbc37d5ab1c31"},"breadcrumb":{"@id":"https:\/\/www.italiaeconomiaonline.it\/web\/caro-energia-accordo-tra-confcommercio-milano-e-filcams-cgil-fisascat-cisl-uiltucs\/#breadcrumb"},"inLanguage":"it-IT","potentialAction":[{"@type":"ReadAction","target":["https:\/\/www.italiaeconomiaonline.it\/web\/caro-energia-accordo-tra-confcommercio-milano-e-filcams-cgil-fisascat-cisl-uiltucs\/"]}]},{"@type":"ImageObject","inLanguage":"it-IT","@id":"https:\/\/www.italiaeconomiaonline.it\/web\/caro-energia-accordo-tra-confcommercio-milano-e-filcams-cgil-fisascat-cisl-uiltucs\/#primaryimage","url":"https:\/\/www.italiaeconomiaonline.it\/web\/wp-content\/uploads\/2019\/06\/lavoro.jpg","contentUrl":"https:\/\/www.italiaeconomiaonline.it\/web\/wp-content\/uploads\/2019\/06\/lavoro.jpg","width":960,"height":640},{"@type":"BreadcrumbList","@id":"https:\/\/www.italiaeconomiaonline.it\/web\/caro-energia-accordo-tra-confcommercio-milano-e-filcams-cgil-fisascat-cisl-uiltucs\/#breadcrumb","itemListElement":[{"@type":"ListItem","position":1,"name":"Home","item":"https:\/\/www.italiaeconomiaonline.it\/web\/"},{"@type":"ListItem","position":2,"name":"Caro Energia: Accordo tra Confcommercio Milano e Filcams\u2013Cgil, Fisascat\u2013Cisl, Uiltucs"}]},{"@type":"WebSite","@id":"https:\/\/www.italiaeconomiaonline.it\/web\/#website","url":"https:\/\/www.italiaeconomiaonline.it\/web\/","name":"ItaliaEconomiaOnline","description":"Quotidiano Economico Online","potentialAction":[{"@type":"SearchAction","target":{"@type":"EntryPoint","urlTemplate":"https:\/\/www.italiaeconomiaonline.it\/web\/?s={search_term_string}"},"query-input":"required name=search_term_string"}],"inLanguage":"it-IT"},{"@type":"Person","@id":"https:\/\/www.italiaeconomiaonline.it\/web\/#\/schema\/person\/909a49cce752523b020fbc37d5ab1c31","name":"ladyitaliaeconomia","image":{"@type":"ImageObject","inLanguage":"it-IT","@id":"https:\/\/www.italiaeconomiaonline.it\/web\/#\/schema\/person\/image\/","url":"https:\/\/secure.gravatar.com\/avatar\/cedca10ce7416a579b9fa6bce9c0a8f2?s=96&d=mm&r=g","contentUrl":"https:\/\/secure.gravatar.com\/avatar\/cedca10ce7416a579b9fa6bce9c0a8f2?s=96&d=mm&r=g","caption":"ladyitaliaeconomia"},"url":"https:\/\/www.italiaeconomiaonline.it\/web\/author\/ladyitaliaeconomia\/"}]}},"_links":{"self":[{"href":"https:\/\/www.italiaeconomiaonline.it\/web\/wp-json\/wp\/v2\/posts\/6694"}],"collection":[{"href":"https:\/\/www.italiaeconomiaonline.it\/web\/wp-json\/wp\/v2\/posts"}],"about":[{"href":"https:\/\/www.italiaeconomiaonline.it\/web\/wp-json\/wp\/v2\/types\/post"}],"author":[{"embeddable":true,"href":"https:\/\/www.italiaeconomiaonline.it\/web\/wp-json\/wp\/v2\/users\/1"}],"replies":[{"embeddable":true,"href":"https:\/\/www.italiaeconomiaonline.it\/web\/wp-json\/wp\/v2\/comments?post=6694"}],"version-history":[{"count":1,"href":"https:\/\/www.italiaeconomiaonline.it\/web\/wp-json\/wp\/v2\/posts\/6694\/revisions"}],"predecessor-version":[{"id":6695,"href":"https:\/\/www.italiaeconomiaonline.it\/web\/wp-json\/wp\/v2\/posts\/6694\/revisions\/6695"}],"wp:featuredmedia":[{"embeddable":true,"href":"https:\/\/www.italiaeconomiaonline.it\/web\/wp-json\/wp\/v2\/media\/902"}],"wp:attachment":[{"href":"https:\/\/www.italiaeconomiaonline.it\/web\/wp-json\/wp\/v2\/media?parent=6694"}],"wp:term":[{"taxonomy":"category","embeddable":true,"href":"https:\/\/www.italiaeconomiaonline.it\/web\/wp-json\/wp\/v2\/categories?post=6694"},{"taxonomy":"post_tag","embeddable":true,"href":"https:\/\/www.italiaeconomiaonline.it\/web\/wp-json\/wp\/v2\/tags?post=6694"}],"curies":[{"name":"wp","href":"https:\/\/api.w.org\/{rel}","templated":true}]}}