{"id":6696,"date":"2022-04-21T19:45:02","date_gmt":"2022-04-21T17:45:02","guid":{"rendered":"http:\/\/www.italiaeconomiaonline.it\/web\/?p=6696"},"modified":"2022-04-21T19:45:02","modified_gmt":"2022-04-21T17:45:02","slug":"lavoro-uecoop-1-mln-occupati-sos-fase-coop","status":"publish","type":"post","link":"https:\/\/www.italiaeconomiaonline.it\/web\/lavoro-uecoop-1-mln-occupati-sos-fase-coop\/","title":{"rendered":"Lavoro, Uecoop: 1 mln occupati, sos fase Coop"},"content":{"rendered":"<p class=\"xmprfx_MsoNormal\">Con oltre un milione di addetti le cooperative rappresentano uno straordinario bacino occupazionale per il Paese da difendere contro il proliferare di false cooperative il cui unico scopo \u00e8 scaricare in modo fraudolento i costi di qualche grande azienda, partecipare a sub-appalti \u201csotto costo\u201d, risparmiare sulla sicurezza e al tempo stesso frodare il fisco. E\u2019 l\u2019allarme lanciato dall\u2019Unione europea delle cooperative (Uecoop) in occasione della partenza della prima serie di sette incontri on line per tutto il 2022 organizzati insieme all\u2019Ispettorato Nazionale del Lavoro che in Italia esercita e coordina la funzione di vigilanza in materia di contribuzione, assicurazione obbligatoria, legislazione sociale, tutela della salute e della sicurezza nei luoghi di lavoro.<\/p>\n<p class=\"xmprfx_MsoNormal\">\n<p class=\"xmprfx_MsoNormal\">Proprio in merito alla sicurezza sul lavoro \u2013 spiega Uecoop &#8211; pi\u00f9 di 3 persone sono morte ogni giorno nell&#8217;esercizio della propria attivit\u00e0 lavorativa (1221 in totale) e 555 mila gli infortuni sono stati segnalati nel 2021 in base a dati INAIL. Gli incontri organizzati Uecoop, con la partecipazione di Marco Bellumore dell\u2019Ispettorato Nazionale del Lavoro, sono momenti formativi con approfondimenti su lavoro irregolare e sfruttamento della manodopera, controllo e tutela dei lavoratori, prevenzione in materia di sicurezza, ruolo del Socio lavoratore, rapporto tra socio e cooperativa e gestione degli appalti. L\u2019intero percorso informativo sar\u00e0 poi pubblicato anche online su e diffuso tramite i canali social di Uecoop.<\/p>\n<p class=\"xmprfx_MsoNormal\">\n<p class=\"xmprfx_MsoNormal\">La cooperativa \u00e8 una impresa vocata a tutelare ciascun socio, che ha come scopo principale \u2013 afferma Uecoop &#8211; di garantire la continuit\u00e0 occupazionale alle migliori condizioni economiche, sociali e professionali, promuovendone il coinvolgimento e la responsabilit\u00e0 oltre a creare nuove opportunit\u00e0 occupazionali e di affermazione sociale. Grazie alla disponibilit\u00e0 dell\u2019INL e del suo Direttore Bruno Giordano con questo ciclo di webinar vogliamo promuovere \u2013 conclude Uecoop &#8211; la sicurezza in un\u2019ottica di tutela e rispetto delle persone.<\/p>\n<p class=\"xmprfx_MsoNormal\">\n<p class=\"xmprfx_MsoNormal\">\n","protected":false},"excerpt":{"rendered":"<p>Con oltre un milione di addetti le cooperative rappresentano uno straordinario bacino occupazionale per il Paese da difendere contro il proliferare di false cooperative il cui unico scopo \u00e8 scaricare in modo fraudolento i costi di qualche grande azienda, partecipare a sub-appalti \u201csotto costo\u201d, risparmiare sulla sicurezza e al tempo stesso frodare il fisco. E\u2019 [&hellip;]<\/p>\n","protected":false},"author":1,"featured_media":5058,"comment_status":"closed","ping_status":"open","sticky":false,"template":"","format":"standard","meta":{"footnotes":""},"categories":[28],"tags":[],"yoast_head":"<!-- This site is optimized with the Yoast SEO plugin v22.2 - https:\/\/yoast.com\/wordpress\/plugins\/seo\/ -->\n<title>Lavoro, Uecoop: 1 mln occupati, sos fase Coop -<\/title>\n<meta name=\"robots\" content=\"index, follow, max-snippet:-1, max-image-preview:large, max-video-preview:-1\" \/>\n<link rel=\"canonical\" href=\"https:\/\/www.italiaeconomiaonline.it\/web\/lavoro-uecoop-1-mln-occupati-sos-fase-coop\/\" \/>\n<meta property=\"og:locale\" content=\"it_IT\" \/>\n<meta property=\"og:type\" content=\"article\" \/>\n<meta property=\"og:title\" content=\"Lavoro, Uecoop: 1 mln occupati, sos fase Coop -\" \/>\n<meta property=\"og:description\" content=\"Con oltre un milione di addetti le cooperative rappresentano uno straordinario bacino occupazionale per il Paese da difendere contro il proliferare di false cooperative il cui unico scopo \u00e8 scaricare in modo fraudolento i costi di qualche grande azienda, partecipare a sub-appalti \u201csotto costo\u201d, risparmiare sulla sicurezza e al tempo stesso frodare il fisco. E\u2019 [&hellip;]\" \/>\n<meta property=\"og:url\" content=\"https:\/\/www.italiaeconomiaonline.it\/web\/lavoro-uecoop-1-mln-occupati-sos-fase-coop\/\" \/>\n<meta property=\"og:site_name\" content=\"ItaliaEconomiaOnline\" \/>\n<meta property=\"article:published_time\" content=\"2022-04-21T17:45:02+00:00\" \/>\n<meta property=\"og:image\" content=\"https:\/\/www.italiaeconomiaonline.it\/web\/wp-content\/uploads\/2021\/01\/Schermata-2021-01-11-alle-10.26.13.png\" \/>\n\t<meta property=\"og:image:width\" content=\"1526\" \/>\n\t<meta property=\"og:image:height\" content=\"990\" \/>\n\t<meta property=\"og:image:type\" content=\"image\/png\" \/>\n<meta name=\"author\" content=\"ladyitaliaeconomia\" \/>\n<meta name=\"twitter:card\" content=\"summary_large_image\" \/>\n<meta name=\"twitter:label1\" content=\"Scritto da\" \/>\n\t<meta name=\"twitter:data1\" content=\"ladyitaliaeconomia\" \/>\n\t<meta name=\"twitter:label2\" content=\"Tempo di lettura stimato\" \/>\n\t<meta name=\"twitter:data2\" content=\"2 minuti\" \/>\n<script type=\"application\/ld+json\" class=\"yoast-schema-graph\">{\"@context\":\"https:\/\/schema.org\",\"@graph\":[{\"@type\":\"WebPage\",\"@id\":\"https:\/\/www.italiaeconomiaonline.it\/web\/lavoro-uecoop-1-mln-occupati-sos-fase-coop\/\",\"url\":\"https:\/\/www.italiaeconomiaonline.it\/web\/lavoro-uecoop-1-mln-occupati-sos-fase-coop\/\",\"name\":\"Lavoro, Uecoop: 1 mln occupati, sos fase Coop -\",\"isPartOf\":{\"@id\":\"https:\/\/www.italiaeconomiaonline.it\/web\/#website\"},\"primaryImageOfPage\":{\"@id\":\"https:\/\/www.italiaeconomiaonline.it\/web\/lavoro-uecoop-1-mln-occupati-sos-fase-coop\/#primaryimage\"},\"image\":{\"@id\":\"https:\/\/www.italiaeconomiaonline.it\/web\/lavoro-uecoop-1-mln-occupati-sos-fase-coop\/#primaryimage\"},\"thumbnailUrl\":\"https:\/\/www.italiaeconomiaonline.it\/web\/wp-content\/uploads\/2021\/01\/Schermata-2021-01-11-alle-10.26.13.png\",\"datePublished\":\"2022-04-21T17:45:02+00:00\",\"dateModified\":\"2022-04-21T17:45:02+00:00\",\"author\":{\"@id\":\"https:\/\/www.italiaeconomiaonline.it\/web\/#\/schema\/person\/909a49cce752523b020fbc37d5ab1c31\"},\"breadcrumb\":{\"@id\":\"https:\/\/www.italiaeconomiaonline.it\/web\/lavoro-uecoop-1-mln-occupati-sos-fase-coop\/#breadcrumb\"},\"inLanguage\":\"it-IT\",\"potentialAction\":[{\"@type\":\"ReadAction\",\"target\":[\"https:\/\/www.italiaeconomiaonline.it\/web\/lavoro-uecoop-1-mln-occupati-sos-fase-coop\/\"]}]},{\"@type\":\"ImageObject\",\"inLanguage\":\"it-IT\",\"@id\":\"https:\/\/www.italiaeconomiaonline.it\/web\/lavoro-uecoop-1-mln-occupati-sos-fase-coop\/#primaryimage\",\"url\":\"https:\/\/www.italiaeconomiaonline.it\/web\/wp-content\/uploads\/2021\/01\/Schermata-2021-01-11-alle-10.26.13.png\",\"contentUrl\":\"https:\/\/www.italiaeconomiaonline.it\/web\/wp-content\/uploads\/2021\/01\/Schermata-2021-01-11-alle-10.26.13.png\",\"width\":1526,\"height\":990},{\"@type\":\"BreadcrumbList\",\"@id\":\"https:\/\/www.italiaeconomiaonline.it\/web\/lavoro-uecoop-1-mln-occupati-sos-fase-coop\/#breadcrumb\",\"itemListElement\":[{\"@type\":\"ListItem\",\"position\":1,\"name\":\"Home\",\"item\":\"https:\/\/www.italiaeconomiaonline.it\/web\/\"},{\"@type\":\"ListItem\",\"position\":2,\"name\":\"Lavoro, Uecoop: 1 mln occupati, sos fase Coop\"}]},{\"@type\":\"WebSite\",\"@id\":\"https:\/\/www.italiaeconomiaonline.it\/web\/#website\",\"url\":\"https:\/\/www.italiaeconomiaonline.it\/web\/\",\"name\":\"ItaliaEconomiaOnline\",\"description\":\"Quotidiano Economico Online\",\"potentialAction\":[{\"@type\":\"SearchAction\",\"target\":{\"@type\":\"EntryPoint\",\"urlTemplate\":\"https:\/\/www.italiaeconomiaonline.it\/web\/?s={search_term_string}\"},\"query-input\":\"required name=search_term_string\"}],\"inLanguage\":\"it-IT\"},{\"@type\":\"Person\",\"@id\":\"https:\/\/www.italiaeconomiaonline.it\/web\/#\/schema\/person\/909a49cce752523b020fbc37d5ab1c31\",\"name\":\"ladyitaliaeconomia\",\"image\":{\"@type\":\"ImageObject\",\"inLanguage\":\"it-IT\",\"@id\":\"https:\/\/www.italiaeconomiaonline.it\/web\/#\/schema\/person\/image\/\",\"url\":\"https:\/\/secure.gravatar.com\/avatar\/cedca10ce7416a579b9fa6bce9c0a8f2?s=96&d=mm&r=g\",\"contentUrl\":\"https:\/\/secure.gravatar.com\/avatar\/cedca10ce7416a579b9fa6bce9c0a8f2?s=96&d=mm&r=g\",\"caption\":\"ladyitaliaeconomia\"},\"url\":\"https:\/\/www.italiaeconomiaonline.it\/web\/author\/ladyitaliaeconomia\/\"}]}<\/script>\n<!-- \/ Yoast SEO plugin. -->","yoast_head_json":{"title":"Lavoro, Uecoop: 1 mln occupati, sos fase Coop -","robots":{"index":"index","follow":"follow","max-snippet":"max-snippet:-1","max-image-preview":"max-image-preview:large","max-video-preview":"max-video-preview:-1"},"canonical":"https:\/\/www.italiaeconomiaonline.it\/web\/lavoro-uecoop-1-mln-occupati-sos-fase-coop\/","og_locale":"it_IT","og_type":"article","og_title":"Lavoro, Uecoop: 1 mln occupati, sos fase Coop -","og_description":"Con oltre un milione di addetti le cooperative rappresentano uno straordinario bacino occupazionale per il Paese da difendere contro il proliferare di false cooperative il cui unico scopo \u00e8 scaricare in modo fraudolento i costi di qualche grande azienda, partecipare a sub-appalti \u201csotto costo\u201d, risparmiare sulla sicurezza e al tempo stesso frodare il fisco. E\u2019 [&hellip;]","og_url":"https:\/\/www.italiaeconomiaonline.it\/web\/lavoro-uecoop-1-mln-occupati-sos-fase-coop\/","og_site_name":"ItaliaEconomiaOnline","article_published_time":"2022-04-21T17:45:02+00:00","og_image":[{"width":1526,"height":990,"url":"https:\/\/www.italiaeconomiaonline.it\/web\/wp-content\/uploads\/2021\/01\/Schermata-2021-01-11-alle-10.26.13.png","type":"image\/png"}],"author":"ladyitaliaeconomia","twitter_card":"summary_large_image","twitter_misc":{"Scritto da":"ladyitaliaeconomia","Tempo di lettura stimato":"2 minuti"},"schema":{"@context":"https:\/\/schema.org","@graph":[{"@type":"WebPage","@id":"https:\/\/www.italiaeconomiaonline.it\/web\/lavoro-uecoop-1-mln-occupati-sos-fase-coop\/","url":"https:\/\/www.italiaeconomiaonline.it\/web\/lavoro-uecoop-1-mln-occupati-sos-fase-coop\/","name":"Lavoro, Uecoop: 1 mln occupati, sos fase Coop -","isPartOf":{"@id":"https:\/\/www.italiaeconomiaonline.it\/web\/#website"},"primaryImageOfPage":{"@id":"https:\/\/www.italiaeconomiaonline.it\/web\/lavoro-uecoop-1-mln-occupati-sos-fase-coop\/#primaryimage"},"image":{"@id":"https:\/\/www.italiaeconomiaonline.it\/web\/lavoro-uecoop-1-mln-occupati-sos-fase-coop\/#primaryimage"},"thumbnailUrl":"https:\/\/www.italiaeconomiaonline.it\/web\/wp-content\/uploads\/2021\/01\/Schermata-2021-01-11-alle-10.26.13.png","datePublished":"2022-04-21T17:45:02+00:00","dateModified":"2022-04-21T17:45:02+00:00","author":{"@id":"https:\/\/www.italiaeconomiaonline.it\/web\/#\/schema\/person\/909a49cce752523b020fbc37d5ab1c31"},"breadcrumb":{"@id":"https:\/\/www.italiaeconomiaonline.it\/web\/lavoro-uecoop-1-mln-occupati-sos-fase-coop\/#breadcrumb"},"inLanguage":"it-IT","potentialAction":[{"@type":"ReadAction","target":["https:\/\/www.italiaeconomiaonline.it\/web\/lavoro-uecoop-1-mln-occupati-sos-fase-coop\/"]}]},{"@type":"ImageObject","inLanguage":"it-IT","@id":"https:\/\/www.italiaeconomiaonline.it\/web\/lavoro-uecoop-1-mln-occupati-sos-fase-coop\/#primaryimage","url":"https:\/\/www.italiaeconomiaonline.it\/web\/wp-content\/uploads\/2021\/01\/Schermata-2021-01-11-alle-10.26.13.png","contentUrl":"https:\/\/www.italiaeconomiaonline.it\/web\/wp-content\/uploads\/2021\/01\/Schermata-2021-01-11-alle-10.26.13.png","width":1526,"height":990},{"@type":"BreadcrumbList","@id":"https:\/\/www.italiaeconomiaonline.it\/web\/lavoro-uecoop-1-mln-occupati-sos-fase-coop\/#breadcrumb","itemListElement":[{"@type":"ListItem","position":1,"name":"Home","item":"https:\/\/www.italiaeconomiaonline.it\/web\/"},{"@type":"ListItem","position":2,"name":"Lavoro, Uecoop: 1 mln occupati, sos fase Coop"}]},{"@type":"WebSite","@id":"https:\/\/www.italiaeconomiaonline.it\/web\/#website","url":"https:\/\/www.italiaeconomiaonline.it\/web\/","name":"ItaliaEconomiaOnline","description":"Quotidiano Economico Online","potentialAction":[{"@type":"SearchAction","target":{"@type":"EntryPoint","urlTemplate":"https:\/\/www.italiaeconomiaonline.it\/web\/?s={search_term_string}"},"query-input":"required name=search_term_string"}],"inLanguage":"it-IT"},{"@type":"Person","@id":"https:\/\/www.italiaeconomiaonline.it\/web\/#\/schema\/person\/909a49cce752523b020fbc37d5ab1c31","name":"ladyitaliaeconomia","image":{"@type":"ImageObject","inLanguage":"it-IT","@id":"https:\/\/www.italiaeconomiaonline.it\/web\/#\/schema\/person\/image\/","url":"https:\/\/secure.gravatar.com\/avatar\/cedca10ce7416a579b9fa6bce9c0a8f2?s=96&d=mm&r=g","contentUrl":"https:\/\/secure.gravatar.com\/avatar\/cedca10ce7416a579b9fa6bce9c0a8f2?s=96&d=mm&r=g","caption":"ladyitaliaeconomia"},"url":"https:\/\/www.italiaeconomiaonline.it\/web\/author\/ladyitaliaeconomia\/"}]}},"_links":{"self":[{"href":"https:\/\/www.italiaeconomiaonline.it\/web\/wp-json\/wp\/v2\/posts\/6696"}],"collection":[{"href":"https:\/\/www.italiaeconomiaonline.it\/web\/wp-json\/wp\/v2\/posts"}],"about":[{"href":"https:\/\/www.italiaeconomiaonline.it\/web\/wp-json\/wp\/v2\/types\/post"}],"author":[{"embeddable":true,"href":"https:\/\/www.italiaeconomiaonline.it\/web\/wp-json\/wp\/v2\/users\/1"}],"replies":[{"embeddable":true,"href":"https:\/\/www.italiaeconomiaonline.it\/web\/wp-json\/wp\/v2\/comments?post=6696"}],"version-history":[{"count":1,"href":"https:\/\/www.italiaeconomiaonline.it\/web\/wp-json\/wp\/v2\/posts\/6696\/revisions"}],"predecessor-version":[{"id":6697,"href":"https:\/\/www.italiaeconomiaonline.it\/web\/wp-json\/wp\/v2\/posts\/6696\/revisions\/6697"}],"wp:featuredmedia":[{"embeddable":true,"href":"https:\/\/www.italiaeconomiaonline.it\/web\/wp-json\/wp\/v2\/media\/5058"}],"wp:attachment":[{"href":"https:\/\/www.italiaeconomiaonline.it\/web\/wp-json\/wp\/v2\/media?parent=6696"}],"wp:term":[{"taxonomy":"category","embeddable":true,"href":"https:\/\/www.italiaeconomiaonline.it\/web\/wp-json\/wp\/v2\/categories?post=6696"},{"taxonomy":"post_tag","embeddable":true,"href":"https:\/\/www.italiaeconomiaonline.it\/web\/wp-json\/wp\/v2\/tags?post=6696"}],"curies":[{"name":"wp","href":"https:\/\/api.w.org\/{rel}","templated":true}]}}