{"id":6857,"date":"2022-08-12T10:55:18","date_gmt":"2022-08-12T08:55:18","guid":{"rendered":"http:\/\/www.italiaeconomiaonline.it\/web\/?p=6857"},"modified":"2022-08-12T10:56:52","modified_gmt":"2022-08-12T08:56:52","slug":"elezioni-2022-che-ne-sara-dellitalia","status":"publish","type":"post","link":"https:\/\/www.italiaeconomiaonline.it\/web\/elezioni-2022-che-ne-sara-dellitalia\/","title":{"rendered":"Elezioni 2022: che ne sar\u00e0 dell\u2019Italia?"},"content":{"rendered":"<p class=\"xmprfx_x_x_x_MsoNormal\">Quella che nei fatti \u00e8 gi\u00e0 iniziata si prospetta una campagna elettorale aspra e senza esclusione di colpi. Sar\u00e0 velocissima, la pi\u00f9 veloce credo della storia parlamentare italiana, questo dato incider\u00e0 moltissimo sull\u2019organizzazione e gestione dei comitati elettorali e di tutta la campagna in generale.\u00a0\u00a0Si ambienter\u00e0 in un Paese che vive una crisi che ha pochi precedenti: pandemia che ancora perversa; crisi economica, la reazione dei mercati alla crisi di Governo era prevedibile ma le cose non sarebbero andate bene per l&#8217;Italia nemmeno se Draghi fosse stato confermato a palazzo Chigi.<\/p>\n<p class=\"xmprfx_x_x_x_MsoNormal\">L\u2019Italia, dopo la guerra di Putin e le sanzioni europee, \u00e8 l\u2019anello debole dell\u2019Europa: ha tanto debito, una burocrazia disfunzionale con una spesa fuori controllo, e un sistema industriale sul punto di morire per mancanza di energia.<\/p>\n<p class=\"xmprfx_x_x_x_MsoNormal\">La crescita sostenuta ipotizzata per il 2022 sembra un lontano miraggio: l&#8217;effetto guerra si fa sentire sul Vecchio Continente ed \u00e8 solo l&#8217;inizio.<\/p>\n<p class=\"xmprfx_x_x_x_MsoNormal\">Chi il 25 settembre uscir\u00e0 vincitore dalle urne ricever\u00e0 una pesante eredit\u00e0, ci sar\u00e0 bisogno di un lavoro concreto, forte, certosino. Ci sar\u00e0 bisogno delle persone giuste ai posti giusti di comando, non dei soliti noti professionisti occupanti di poltrone di governi di ogni sorta, ma di capacit\u00e0 pervasa di passione e di voglia vera di migliorare lo stato delle cose e soprattutto di amore viscerale per la nostra Italia e i suoi figli, i nostri figli.<\/p>\n<p class=\"xmprfx_x_x_x_MsoNormal\">Ed io sono fiduciosa: si pu\u00f2 fare, siamo italiani!<\/p>\n","protected":false},"excerpt":{"rendered":"<p>Quella che nei fatti \u00e8 gi\u00e0 iniziata si prospetta una campagna elettorale aspra e senza esclusione di colpi. Sar\u00e0 velocissima, la pi\u00f9 veloce credo della storia parlamentare italiana, questo dato incider\u00e0 moltissimo sull\u2019organizzazione e gestione dei comitati elettorali e di tutta la campagna in generale.\u00a0\u00a0Si ambienter\u00e0 in un Paese che vive una crisi che ha [&hellip;]<\/p>\n","protected":false},"author":1,"featured_media":6858,"comment_status":"closed","ping_status":"open","sticky":false,"template":"","format":"standard","meta":{"footnotes":""},"categories":[56],"tags":[],"yoast_head":"<!-- This site is optimized with the Yoast SEO plugin v22.2 - https:\/\/yoast.com\/wordpress\/plugins\/seo\/ -->\n<title>Elezioni 2022: che ne sar\u00e0 dell\u2019Italia? -<\/title>\n<meta name=\"robots\" content=\"index, follow, max-snippet:-1, max-image-preview:large, max-video-preview:-1\" \/>\n<link rel=\"canonical\" href=\"https:\/\/www.italiaeconomiaonline.it\/web\/elezioni-2022-che-ne-sara-dellitalia\/\" \/>\n<meta property=\"og:locale\" content=\"it_IT\" \/>\n<meta property=\"og:type\" content=\"article\" \/>\n<meta property=\"og:title\" content=\"Elezioni 2022: che ne sar\u00e0 dell\u2019Italia? -\" \/>\n<meta property=\"og:description\" content=\"Quella che nei fatti \u00e8 gi\u00e0 iniziata si prospetta una campagna elettorale aspra e senza esclusione di colpi. Sar\u00e0 velocissima, la pi\u00f9 veloce credo della storia parlamentare italiana, questo dato incider\u00e0 moltissimo sull\u2019organizzazione e gestione dei comitati elettorali e di tutta la campagna in generale.\u00a0\u00a0Si ambienter\u00e0 in un Paese che vive una crisi che ha [&hellip;]\" \/>\n<meta property=\"og:url\" content=\"https:\/\/www.italiaeconomiaonline.it\/web\/elezioni-2022-che-ne-sara-dellitalia\/\" \/>\n<meta property=\"og:site_name\" content=\"ItaliaEconomiaOnline\" \/>\n<meta property=\"article:published_time\" content=\"2022-08-12T08:55:18+00:00\" \/>\n<meta property=\"article:modified_time\" content=\"2022-08-12T08:56:52+00:00\" \/>\n<meta property=\"og:image\" content=\"https:\/\/www.italiaeconomiaonline.it\/web\/wp-content\/uploads\/2022\/08\/Rosangela-Cesareo.jpeg\" \/>\n\t<meta property=\"og:image:width\" content=\"1024\" \/>\n\t<meta property=\"og:image:height\" content=\"783\" \/>\n\t<meta property=\"og:image:type\" content=\"image\/jpeg\" \/>\n<meta name=\"author\" content=\"ladyitaliaeconomia\" \/>\n<meta name=\"twitter:card\" content=\"summary_large_image\" \/>\n<meta name=\"twitter:label1\" content=\"Scritto da\" \/>\n\t<meta name=\"twitter:data1\" content=\"ladyitaliaeconomia\" \/>\n\t<meta name=\"twitter:label2\" content=\"Tempo di lettura stimato\" \/>\n\t<meta name=\"twitter:data2\" content=\"2 minuti\" \/>\n<script type=\"application\/ld+json\" class=\"yoast-schema-graph\">{\"@context\":\"https:\/\/schema.org\",\"@graph\":[{\"@type\":\"WebPage\",\"@id\":\"https:\/\/www.italiaeconomiaonline.it\/web\/elezioni-2022-che-ne-sara-dellitalia\/\",\"url\":\"https:\/\/www.italiaeconomiaonline.it\/web\/elezioni-2022-che-ne-sara-dellitalia\/\",\"name\":\"Elezioni 2022: che ne sar\u00e0 dell\u2019Italia? -\",\"isPartOf\":{\"@id\":\"https:\/\/www.italiaeconomiaonline.it\/web\/#website\"},\"primaryImageOfPage\":{\"@id\":\"https:\/\/www.italiaeconomiaonline.it\/web\/elezioni-2022-che-ne-sara-dellitalia\/#primaryimage\"},\"image\":{\"@id\":\"https:\/\/www.italiaeconomiaonline.it\/web\/elezioni-2022-che-ne-sara-dellitalia\/#primaryimage\"},\"thumbnailUrl\":\"https:\/\/www.italiaeconomiaonline.it\/web\/wp-content\/uploads\/2022\/08\/Rosangela-Cesareo.jpeg\",\"datePublished\":\"2022-08-12T08:55:18+00:00\",\"dateModified\":\"2022-08-12T08:56:52+00:00\",\"author\":{\"@id\":\"https:\/\/www.italiaeconomiaonline.it\/web\/#\/schema\/person\/909a49cce752523b020fbc37d5ab1c31\"},\"breadcrumb\":{\"@id\":\"https:\/\/www.italiaeconomiaonline.it\/web\/elezioni-2022-che-ne-sara-dellitalia\/#breadcrumb\"},\"inLanguage\":\"it-IT\",\"potentialAction\":[{\"@type\":\"ReadAction\",\"target\":[\"https:\/\/www.italiaeconomiaonline.it\/web\/elezioni-2022-che-ne-sara-dellitalia\/\"]}]},{\"@type\":\"ImageObject\",\"inLanguage\":\"it-IT\",\"@id\":\"https:\/\/www.italiaeconomiaonline.it\/web\/elezioni-2022-che-ne-sara-dellitalia\/#primaryimage\",\"url\":\"https:\/\/www.italiaeconomiaonline.it\/web\/wp-content\/uploads\/2022\/08\/Rosangela-Cesareo.jpeg\",\"contentUrl\":\"https:\/\/www.italiaeconomiaonline.it\/web\/wp-content\/uploads\/2022\/08\/Rosangela-Cesareo.jpeg\",\"width\":1024,\"height\":783},{\"@type\":\"BreadcrumbList\",\"@id\":\"https:\/\/www.italiaeconomiaonline.it\/web\/elezioni-2022-che-ne-sara-dellitalia\/#breadcrumb\",\"itemListElement\":[{\"@type\":\"ListItem\",\"position\":1,\"name\":\"Home\",\"item\":\"https:\/\/www.italiaeconomiaonline.it\/web\/\"},{\"@type\":\"ListItem\",\"position\":2,\"name\":\"Elezioni 2022: che ne sar\u00e0 dell\u2019Italia?\"}]},{\"@type\":\"WebSite\",\"@id\":\"https:\/\/www.italiaeconomiaonline.it\/web\/#website\",\"url\":\"https:\/\/www.italiaeconomiaonline.it\/web\/\",\"name\":\"ItaliaEconomiaOnline\",\"description\":\"Quotidiano Economico Online\",\"potentialAction\":[{\"@type\":\"SearchAction\",\"target\":{\"@type\":\"EntryPoint\",\"urlTemplate\":\"https:\/\/www.italiaeconomiaonline.it\/web\/?s={search_term_string}\"},\"query-input\":\"required name=search_term_string\"}],\"inLanguage\":\"it-IT\"},{\"@type\":\"Person\",\"@id\":\"https:\/\/www.italiaeconomiaonline.it\/web\/#\/schema\/person\/909a49cce752523b020fbc37d5ab1c31\",\"name\":\"ladyitaliaeconomia\",\"image\":{\"@type\":\"ImageObject\",\"inLanguage\":\"it-IT\",\"@id\":\"https:\/\/www.italiaeconomiaonline.it\/web\/#\/schema\/person\/image\/\",\"url\":\"https:\/\/secure.gravatar.com\/avatar\/cedca10ce7416a579b9fa6bce9c0a8f2?s=96&d=mm&r=g\",\"contentUrl\":\"https:\/\/secure.gravatar.com\/avatar\/cedca10ce7416a579b9fa6bce9c0a8f2?s=96&d=mm&r=g\",\"caption\":\"ladyitaliaeconomia\"},\"url\":\"https:\/\/www.italiaeconomiaonline.it\/web\/author\/ladyitaliaeconomia\/\"}]}<\/script>\n<!-- \/ Yoast SEO plugin. -->","yoast_head_json":{"title":"Elezioni 2022: che ne sar\u00e0 dell\u2019Italia? -","robots":{"index":"index","follow":"follow","max-snippet":"max-snippet:-1","max-image-preview":"max-image-preview:large","max-video-preview":"max-video-preview:-1"},"canonical":"https:\/\/www.italiaeconomiaonline.it\/web\/elezioni-2022-che-ne-sara-dellitalia\/","og_locale":"it_IT","og_type":"article","og_title":"Elezioni 2022: che ne sar\u00e0 dell\u2019Italia? -","og_description":"Quella che nei fatti \u00e8 gi\u00e0 iniziata si prospetta una campagna elettorale aspra e senza esclusione di colpi. Sar\u00e0 velocissima, la pi\u00f9 veloce credo della storia parlamentare italiana, questo dato incider\u00e0 moltissimo sull\u2019organizzazione e gestione dei comitati elettorali e di tutta la campagna in generale.\u00a0\u00a0Si ambienter\u00e0 in un Paese che vive una crisi che ha [&hellip;]","og_url":"https:\/\/www.italiaeconomiaonline.it\/web\/elezioni-2022-che-ne-sara-dellitalia\/","og_site_name":"ItaliaEconomiaOnline","article_published_time":"2022-08-12T08:55:18+00:00","article_modified_time":"2022-08-12T08:56:52+00:00","og_image":[{"width":1024,"height":783,"url":"https:\/\/www.italiaeconomiaonline.it\/web\/wp-content\/uploads\/2022\/08\/Rosangela-Cesareo.jpeg","type":"image\/jpeg"}],"author":"ladyitaliaeconomia","twitter_card":"summary_large_image","twitter_misc":{"Scritto da":"ladyitaliaeconomia","Tempo di lettura stimato":"2 minuti"},"schema":{"@context":"https:\/\/schema.org","@graph":[{"@type":"WebPage","@id":"https:\/\/www.italiaeconomiaonline.it\/web\/elezioni-2022-che-ne-sara-dellitalia\/","url":"https:\/\/www.italiaeconomiaonline.it\/web\/elezioni-2022-che-ne-sara-dellitalia\/","name":"Elezioni 2022: che ne sar\u00e0 dell\u2019Italia? -","isPartOf":{"@id":"https:\/\/www.italiaeconomiaonline.it\/web\/#website"},"primaryImageOfPage":{"@id":"https:\/\/www.italiaeconomiaonline.it\/web\/elezioni-2022-che-ne-sara-dellitalia\/#primaryimage"},"image":{"@id":"https:\/\/www.italiaeconomiaonline.it\/web\/elezioni-2022-che-ne-sara-dellitalia\/#primaryimage"},"thumbnailUrl":"https:\/\/www.italiaeconomiaonline.it\/web\/wp-content\/uploads\/2022\/08\/Rosangela-Cesareo.jpeg","datePublished":"2022-08-12T08:55:18+00:00","dateModified":"2022-08-12T08:56:52+00:00","author":{"@id":"https:\/\/www.italiaeconomiaonline.it\/web\/#\/schema\/person\/909a49cce752523b020fbc37d5ab1c31"},"breadcrumb":{"@id":"https:\/\/www.italiaeconomiaonline.it\/web\/elezioni-2022-che-ne-sara-dellitalia\/#breadcrumb"},"inLanguage":"it-IT","potentialAction":[{"@type":"ReadAction","target":["https:\/\/www.italiaeconomiaonline.it\/web\/elezioni-2022-che-ne-sara-dellitalia\/"]}]},{"@type":"ImageObject","inLanguage":"it-IT","@id":"https:\/\/www.italiaeconomiaonline.it\/web\/elezioni-2022-che-ne-sara-dellitalia\/#primaryimage","url":"https:\/\/www.italiaeconomiaonline.it\/web\/wp-content\/uploads\/2022\/08\/Rosangela-Cesareo.jpeg","contentUrl":"https:\/\/www.italiaeconomiaonline.it\/web\/wp-content\/uploads\/2022\/08\/Rosangela-Cesareo.jpeg","width":1024,"height":783},{"@type":"BreadcrumbList","@id":"https:\/\/www.italiaeconomiaonline.it\/web\/elezioni-2022-che-ne-sara-dellitalia\/#breadcrumb","itemListElement":[{"@type":"ListItem","position":1,"name":"Home","item":"https:\/\/www.italiaeconomiaonline.it\/web\/"},{"@type":"ListItem","position":2,"name":"Elezioni 2022: che ne sar\u00e0 dell\u2019Italia?"}]},{"@type":"WebSite","@id":"https:\/\/www.italiaeconomiaonline.it\/web\/#website","url":"https:\/\/www.italiaeconomiaonline.it\/web\/","name":"ItaliaEconomiaOnline","description":"Quotidiano Economico Online","potentialAction":[{"@type":"SearchAction","target":{"@type":"EntryPoint","urlTemplate":"https:\/\/www.italiaeconomiaonline.it\/web\/?s={search_term_string}"},"query-input":"required name=search_term_string"}],"inLanguage":"it-IT"},{"@type":"Person","@id":"https:\/\/www.italiaeconomiaonline.it\/web\/#\/schema\/person\/909a49cce752523b020fbc37d5ab1c31","name":"ladyitaliaeconomia","image":{"@type":"ImageObject","inLanguage":"it-IT","@id":"https:\/\/www.italiaeconomiaonline.it\/web\/#\/schema\/person\/image\/","url":"https:\/\/secure.gravatar.com\/avatar\/cedca10ce7416a579b9fa6bce9c0a8f2?s=96&d=mm&r=g","contentUrl":"https:\/\/secure.gravatar.com\/avatar\/cedca10ce7416a579b9fa6bce9c0a8f2?s=96&d=mm&r=g","caption":"ladyitaliaeconomia"},"url":"https:\/\/www.italiaeconomiaonline.it\/web\/author\/ladyitaliaeconomia\/"}]}},"_links":{"self":[{"href":"https:\/\/www.italiaeconomiaonline.it\/web\/wp-json\/wp\/v2\/posts\/6857"}],"collection":[{"href":"https:\/\/www.italiaeconomiaonline.it\/web\/wp-json\/wp\/v2\/posts"}],"about":[{"href":"https:\/\/www.italiaeconomiaonline.it\/web\/wp-json\/wp\/v2\/types\/post"}],"author":[{"embeddable":true,"href":"https:\/\/www.italiaeconomiaonline.it\/web\/wp-json\/wp\/v2\/users\/1"}],"replies":[{"embeddable":true,"href":"https:\/\/www.italiaeconomiaonline.it\/web\/wp-json\/wp\/v2\/comments?post=6857"}],"version-history":[{"count":2,"href":"https:\/\/www.italiaeconomiaonline.it\/web\/wp-json\/wp\/v2\/posts\/6857\/revisions"}],"predecessor-version":[{"id":6860,"href":"https:\/\/www.italiaeconomiaonline.it\/web\/wp-json\/wp\/v2\/posts\/6857\/revisions\/6860"}],"wp:featuredmedia":[{"embeddable":true,"href":"https:\/\/www.italiaeconomiaonline.it\/web\/wp-json\/wp\/v2\/media\/6858"}],"wp:attachment":[{"href":"https:\/\/www.italiaeconomiaonline.it\/web\/wp-json\/wp\/v2\/media?parent=6857"}],"wp:term":[{"taxonomy":"category","embeddable":true,"href":"https:\/\/www.italiaeconomiaonline.it\/web\/wp-json\/wp\/v2\/categories?post=6857"},{"taxonomy":"post_tag","embeddable":true,"href":"https:\/\/www.italiaeconomiaonline.it\/web\/wp-json\/wp\/v2\/tags?post=6857"}],"curies":[{"name":"wp","href":"https:\/\/api.w.org\/{rel}","templated":true}]}}