{"id":6861,"date":"2022-08-13T10:33:36","date_gmt":"2022-08-13T08:33:36","guid":{"rendered":"http:\/\/www.italiaeconomiaonline.it\/web\/?p=6861"},"modified":"2022-08-13T10:33:36","modified_gmt":"2022-08-13T08:33:36","slug":"turismo-assoturismo-cst-per-il-ponte-di-ferragosto-riservato-il-91-delle-camere-disponibili","status":"publish","type":"post","link":"https:\/\/www.italiaeconomiaonline.it\/web\/turismo-assoturismo-cst-per-il-ponte-di-ferragosto-riservato-il-91-delle-camere-disponibili\/","title":{"rendered":"Turismo, Assoturismo-Cst: Per il ponte di ferragosto riservato il 91% delle camere disponibili"},"content":{"rendered":"<div class=\"xmprfx_x_x_elementToProof xmprfx_x_elementToProof\">\n<p class=\"xmprfx_x_x_MsoNormal\">Il weekend lungo di Ferragosto fa accelerare il turismo. Per il ponte di quattro notti tra il 12 ed il 16 agosto \u00e8 stato riservato il 91% delle camere disponibili sulle principali piattaforme online, con punte del 96% per le localit\u00e0 balneari e del 95% dei laghi. Un tasso di occupazione superiore a quello registrato nel 2019 (86%). Ma il sorpasso \u00e8 aiutato dal calendario con il Ferragosto che quest\u2019anno cade di luned\u00ec.<\/p>\n<p class=\"xmprfx_x_x_MsoNormal\">\u00c8 quanto emerge dall\u2019indagine del Centro Studi Turistici di Firenze per Assoturismo Confesercenti sulla saturazione dell\u2019Offerta Ricettiva Nazionale Online per i giorni centrali di agosto.<\/p>\n<p class=\"xmprfx_x_x_MsoNormal\">Ad essere prese d\u2019assalto soprattutto le riviere, in particolare quelle di Ponente e Levante liguri e Costiera Amalfitana (al 98% di tasso di occupazione). Buoni risultati sono attesi anche per le localit\u00e0 di montagna, con il 92% dell\u2019occupazione, e per le localit\u00e0 collinari e del turismo rurale che raggiungono valori medi del 91%. Prosegue la tendenza positiva per le citt\u00e0\/centri d\u2019arte con una saturazione media dell\u201984%: sono soprattutto le piccole e medie citt\u00e0 d\u2019arte italiane a registrare i valori pi\u00f9 elevati, a differenza delle \u201cgrandi\u201d citt\u00e0 d\u2019arte che talvolta si attestano sui livelli medi o leggermente inferiori.<\/p>\n<p class=\"xmprfx_x_x_MsoNormal\">Infine, un buon recupero di prenotazioni \u00e8 stato rilevato anche per le strutture delle localit\u00e0 termali e del benessere, con tassi di saturazione del 79% (71% il valore medio del 2019). Tra le regioni con i tassi di occupazioni pi\u00f9 elevati si segnalano la Sardegna (97%), la Liguria (97%), il Trentino-Alto Adige e la Valle d\u2019Aosta (entrambe al 96%). A seguire troviamo le Marche (95% di saturazione della disponibilit\u00e0 online), la Puglia e la Sicilia, entrambe con il 94% di saturazione.<\/p>\n<p class=\"xmprfx_x_x_MsoNormal\">\u201cAnche a Ferragosto si conferma il dinamismo del comparto turistico, forse quello che ha dato il maggior contributo alla tenuta del Pil italiano in questa fase difficile\u201d commenta Vittorio Messina, Presidente di Assoturismo Confesercenti. \u201cAnche se il ritorno ai livelli precrisi riguarda, per ora, solo le presenze: la spesa dei viaggiatori \u00e8 ancora inferiore a quella del 2019, e manca il turismo di lungo raggio. Senza contare che l\u2019aumento dei costi energetici sta erodendo i margini delle attivit\u00e0\u201d.<\/p>\n<p class=\"xmprfx_x_x_MsoNormal\">\u201cL\u2019importante \u2013 conclude Messina &#8211; \u00e8 che adesso non ci siano pi\u00f9 stop: lavoriamo anzi perch\u00e9 la spinta della stagione estiva non si esaurisca a fine mese e prosegua anche in autunno. Occorre un piano per aiutare le imprese a sostenere il previsto shock dei costi energetici, e investimenti straordinari in destagionalizzazione e promozione: a partire dalle piccole e medie citt\u00e0 d\u2019arte, che sono un attrattore sia per il turismo domestico che per quello straniero\u201d.<\/p>\n<\/div>\n","protected":false},"excerpt":{"rendered":"<p>Il weekend lungo di Ferragosto fa accelerare il turismo. Per il ponte di quattro notti tra il 12 ed il 16 agosto \u00e8 stato riservato il 91% delle camere disponibili sulle principali piattaforme online, con punte del 96% per le localit\u00e0 balneari e del 95% dei laghi. Un tasso di occupazione superiore a quello registrato [&hellip;]<\/p>\n","protected":false},"author":1,"featured_media":3549,"comment_status":"closed","ping_status":"open","sticky":false,"template":"","format":"standard","meta":{"footnotes":""},"categories":[23],"tags":[],"yoast_head":"<!-- This site is optimized with the Yoast SEO plugin v22.2 - https:\/\/yoast.com\/wordpress\/plugins\/seo\/ -->\n<title>Turismo, Assoturismo-Cst: Per il ponte di ferragosto riservato il 91% delle camere disponibili -<\/title>\n<meta name=\"robots\" content=\"index, follow, max-snippet:-1, max-image-preview:large, max-video-preview:-1\" \/>\n<link rel=\"canonical\" href=\"https:\/\/www.italiaeconomiaonline.it\/web\/turismo-assoturismo-cst-per-il-ponte-di-ferragosto-riservato-il-91-delle-camere-disponibili\/\" \/>\n<meta property=\"og:locale\" content=\"it_IT\" \/>\n<meta property=\"og:type\" content=\"article\" \/>\n<meta property=\"og:title\" content=\"Turismo, Assoturismo-Cst: Per il ponte di ferragosto riservato il 91% delle camere disponibili -\" \/>\n<meta property=\"og:description\" content=\"Il weekend lungo di Ferragosto fa accelerare il turismo. Per il ponte di quattro notti tra il 12 ed il 16 agosto \u00e8 stato riservato il 91% delle camere disponibili sulle principali piattaforme online, con punte del 96% per le localit\u00e0 balneari e del 95% dei laghi. Un tasso di occupazione superiore a quello registrato [&hellip;]\" \/>\n<meta property=\"og:url\" content=\"https:\/\/www.italiaeconomiaonline.it\/web\/turismo-assoturismo-cst-per-il-ponte-di-ferragosto-riservato-il-91-delle-camere-disponibili\/\" \/>\n<meta property=\"og:site_name\" content=\"ItaliaEconomiaOnline\" \/>\n<meta property=\"article:published_time\" content=\"2022-08-13T08:33:36+00:00\" \/>\n<meta property=\"og:image\" content=\"https:\/\/www.italiaeconomiaonline.it\/web\/wp-content\/uploads\/2020\/07\/Schermata-2020-07-01-alle-10.27.10.png\" \/>\n\t<meta property=\"og:image:width\" content=\"1376\" \/>\n\t<meta property=\"og:image:height\" content=\"708\" \/>\n\t<meta property=\"og:image:type\" content=\"image\/png\" \/>\n<meta name=\"author\" content=\"ladyitaliaeconomia\" \/>\n<meta name=\"twitter:card\" content=\"summary_large_image\" \/>\n<meta name=\"twitter:label1\" content=\"Scritto da\" \/>\n\t<meta name=\"twitter:data1\" content=\"ladyitaliaeconomia\" \/>\n\t<meta name=\"twitter:label2\" content=\"Tempo di lettura stimato\" \/>\n\t<meta name=\"twitter:data2\" content=\"2 minuti\" \/>\n<script type=\"application\/ld+json\" class=\"yoast-schema-graph\">{\"@context\":\"https:\/\/schema.org\",\"@graph\":[{\"@type\":\"WebPage\",\"@id\":\"https:\/\/www.italiaeconomiaonline.it\/web\/turismo-assoturismo-cst-per-il-ponte-di-ferragosto-riservato-il-91-delle-camere-disponibili\/\",\"url\":\"https:\/\/www.italiaeconomiaonline.it\/web\/turismo-assoturismo-cst-per-il-ponte-di-ferragosto-riservato-il-91-delle-camere-disponibili\/\",\"name\":\"Turismo, Assoturismo-Cst: Per il ponte di ferragosto riservato il 91% delle camere disponibili -\",\"isPartOf\":{\"@id\":\"https:\/\/www.italiaeconomiaonline.it\/web\/#website\"},\"primaryImageOfPage\":{\"@id\":\"https:\/\/www.italiaeconomiaonline.it\/web\/turismo-assoturismo-cst-per-il-ponte-di-ferragosto-riservato-il-91-delle-camere-disponibili\/#primaryimage\"},\"image\":{\"@id\":\"https:\/\/www.italiaeconomiaonline.it\/web\/turismo-assoturismo-cst-per-il-ponte-di-ferragosto-riservato-il-91-delle-camere-disponibili\/#primaryimage\"},\"thumbnailUrl\":\"https:\/\/www.italiaeconomiaonline.it\/web\/wp-content\/uploads\/2020\/07\/Schermata-2020-07-01-alle-10.27.10.png\",\"datePublished\":\"2022-08-13T08:33:36+00:00\",\"dateModified\":\"2022-08-13T08:33:36+00:00\",\"author\":{\"@id\":\"https:\/\/www.italiaeconomiaonline.it\/web\/#\/schema\/person\/909a49cce752523b020fbc37d5ab1c31\"},\"breadcrumb\":{\"@id\":\"https:\/\/www.italiaeconomiaonline.it\/web\/turismo-assoturismo-cst-per-il-ponte-di-ferragosto-riservato-il-91-delle-camere-disponibili\/#breadcrumb\"},\"inLanguage\":\"it-IT\",\"potentialAction\":[{\"@type\":\"ReadAction\",\"target\":[\"https:\/\/www.italiaeconomiaonline.it\/web\/turismo-assoturismo-cst-per-il-ponte-di-ferragosto-riservato-il-91-delle-camere-disponibili\/\"]}]},{\"@type\":\"ImageObject\",\"inLanguage\":\"it-IT\",\"@id\":\"https:\/\/www.italiaeconomiaonline.it\/web\/turismo-assoturismo-cst-per-il-ponte-di-ferragosto-riservato-il-91-delle-camere-disponibili\/#primaryimage\",\"url\":\"https:\/\/www.italiaeconomiaonline.it\/web\/wp-content\/uploads\/2020\/07\/Schermata-2020-07-01-alle-10.27.10.png\",\"contentUrl\":\"https:\/\/www.italiaeconomiaonline.it\/web\/wp-content\/uploads\/2020\/07\/Schermata-2020-07-01-alle-10.27.10.png\",\"width\":1376,\"height\":708},{\"@type\":\"BreadcrumbList\",\"@id\":\"https:\/\/www.italiaeconomiaonline.it\/web\/turismo-assoturismo-cst-per-il-ponte-di-ferragosto-riservato-il-91-delle-camere-disponibili\/#breadcrumb\",\"itemListElement\":[{\"@type\":\"ListItem\",\"position\":1,\"name\":\"Home\",\"item\":\"https:\/\/www.italiaeconomiaonline.it\/web\/\"},{\"@type\":\"ListItem\",\"position\":2,\"name\":\"Turismo, Assoturismo-Cst: Per il ponte di ferragosto riservato il 91% delle camere disponibili\"}]},{\"@type\":\"WebSite\",\"@id\":\"https:\/\/www.italiaeconomiaonline.it\/web\/#website\",\"url\":\"https:\/\/www.italiaeconomiaonline.it\/web\/\",\"name\":\"ItaliaEconomiaOnline\",\"description\":\"Quotidiano Economico Online\",\"potentialAction\":[{\"@type\":\"SearchAction\",\"target\":{\"@type\":\"EntryPoint\",\"urlTemplate\":\"https:\/\/www.italiaeconomiaonline.it\/web\/?s={search_term_string}\"},\"query-input\":\"required name=search_term_string\"}],\"inLanguage\":\"it-IT\"},{\"@type\":\"Person\",\"@id\":\"https:\/\/www.italiaeconomiaonline.it\/web\/#\/schema\/person\/909a49cce752523b020fbc37d5ab1c31\",\"name\":\"ladyitaliaeconomia\",\"image\":{\"@type\":\"ImageObject\",\"inLanguage\":\"it-IT\",\"@id\":\"https:\/\/www.italiaeconomiaonline.it\/web\/#\/schema\/person\/image\/\",\"url\":\"https:\/\/secure.gravatar.com\/avatar\/cedca10ce7416a579b9fa6bce9c0a8f2?s=96&d=mm&r=g\",\"contentUrl\":\"https:\/\/secure.gravatar.com\/avatar\/cedca10ce7416a579b9fa6bce9c0a8f2?s=96&d=mm&r=g\",\"caption\":\"ladyitaliaeconomia\"},\"url\":\"https:\/\/www.italiaeconomiaonline.it\/web\/author\/ladyitaliaeconomia\/\"}]}<\/script>\n<!-- \/ Yoast SEO plugin. -->","yoast_head_json":{"title":"Turismo, Assoturismo-Cst: Per il ponte di ferragosto riservato il 91% delle camere disponibili -","robots":{"index":"index","follow":"follow","max-snippet":"max-snippet:-1","max-image-preview":"max-image-preview:large","max-video-preview":"max-video-preview:-1"},"canonical":"https:\/\/www.italiaeconomiaonline.it\/web\/turismo-assoturismo-cst-per-il-ponte-di-ferragosto-riservato-il-91-delle-camere-disponibili\/","og_locale":"it_IT","og_type":"article","og_title":"Turismo, Assoturismo-Cst: Per il ponte di ferragosto riservato il 91% delle camere disponibili -","og_description":"Il weekend lungo di Ferragosto fa accelerare il turismo. Per il ponte di quattro notti tra il 12 ed il 16 agosto \u00e8 stato riservato il 91% delle camere disponibili sulle principali piattaforme online, con punte del 96% per le localit\u00e0 balneari e del 95% dei laghi. Un tasso di occupazione superiore a quello registrato [&hellip;]","og_url":"https:\/\/www.italiaeconomiaonline.it\/web\/turismo-assoturismo-cst-per-il-ponte-di-ferragosto-riservato-il-91-delle-camere-disponibili\/","og_site_name":"ItaliaEconomiaOnline","article_published_time":"2022-08-13T08:33:36+00:00","og_image":[{"width":1376,"height":708,"url":"https:\/\/www.italiaeconomiaonline.it\/web\/wp-content\/uploads\/2020\/07\/Schermata-2020-07-01-alle-10.27.10.png","type":"image\/png"}],"author":"ladyitaliaeconomia","twitter_card":"summary_large_image","twitter_misc":{"Scritto da":"ladyitaliaeconomia","Tempo di lettura stimato":"2 minuti"},"schema":{"@context":"https:\/\/schema.org","@graph":[{"@type":"WebPage","@id":"https:\/\/www.italiaeconomiaonline.it\/web\/turismo-assoturismo-cst-per-il-ponte-di-ferragosto-riservato-il-91-delle-camere-disponibili\/","url":"https:\/\/www.italiaeconomiaonline.it\/web\/turismo-assoturismo-cst-per-il-ponte-di-ferragosto-riservato-il-91-delle-camere-disponibili\/","name":"Turismo, Assoturismo-Cst: Per il ponte di ferragosto riservato il 91% delle camere disponibili -","isPartOf":{"@id":"https:\/\/www.italiaeconomiaonline.it\/web\/#website"},"primaryImageOfPage":{"@id":"https:\/\/www.italiaeconomiaonline.it\/web\/turismo-assoturismo-cst-per-il-ponte-di-ferragosto-riservato-il-91-delle-camere-disponibili\/#primaryimage"},"image":{"@id":"https:\/\/www.italiaeconomiaonline.it\/web\/turismo-assoturismo-cst-per-il-ponte-di-ferragosto-riservato-il-91-delle-camere-disponibili\/#primaryimage"},"thumbnailUrl":"https:\/\/www.italiaeconomiaonline.it\/web\/wp-content\/uploads\/2020\/07\/Schermata-2020-07-01-alle-10.27.10.png","datePublished":"2022-08-13T08:33:36+00:00","dateModified":"2022-08-13T08:33:36+00:00","author":{"@id":"https:\/\/www.italiaeconomiaonline.it\/web\/#\/schema\/person\/909a49cce752523b020fbc37d5ab1c31"},"breadcrumb":{"@id":"https:\/\/www.italiaeconomiaonline.it\/web\/turismo-assoturismo-cst-per-il-ponte-di-ferragosto-riservato-il-91-delle-camere-disponibili\/#breadcrumb"},"inLanguage":"it-IT","potentialAction":[{"@type":"ReadAction","target":["https:\/\/www.italiaeconomiaonline.it\/web\/turismo-assoturismo-cst-per-il-ponte-di-ferragosto-riservato-il-91-delle-camere-disponibili\/"]}]},{"@type":"ImageObject","inLanguage":"it-IT","@id":"https:\/\/www.italiaeconomiaonline.it\/web\/turismo-assoturismo-cst-per-il-ponte-di-ferragosto-riservato-il-91-delle-camere-disponibili\/#primaryimage","url":"https:\/\/www.italiaeconomiaonline.it\/web\/wp-content\/uploads\/2020\/07\/Schermata-2020-07-01-alle-10.27.10.png","contentUrl":"https:\/\/www.italiaeconomiaonline.it\/web\/wp-content\/uploads\/2020\/07\/Schermata-2020-07-01-alle-10.27.10.png","width":1376,"height":708},{"@type":"BreadcrumbList","@id":"https:\/\/www.italiaeconomiaonline.it\/web\/turismo-assoturismo-cst-per-il-ponte-di-ferragosto-riservato-il-91-delle-camere-disponibili\/#breadcrumb","itemListElement":[{"@type":"ListItem","position":1,"name":"Home","item":"https:\/\/www.italiaeconomiaonline.it\/web\/"},{"@type":"ListItem","position":2,"name":"Turismo, Assoturismo-Cst: Per il ponte di ferragosto riservato il 91% delle camere disponibili"}]},{"@type":"WebSite","@id":"https:\/\/www.italiaeconomiaonline.it\/web\/#website","url":"https:\/\/www.italiaeconomiaonline.it\/web\/","name":"ItaliaEconomiaOnline","description":"Quotidiano Economico Online","potentialAction":[{"@type":"SearchAction","target":{"@type":"EntryPoint","urlTemplate":"https:\/\/www.italiaeconomiaonline.it\/web\/?s={search_term_string}"},"query-input":"required name=search_term_string"}],"inLanguage":"it-IT"},{"@type":"Person","@id":"https:\/\/www.italiaeconomiaonline.it\/web\/#\/schema\/person\/909a49cce752523b020fbc37d5ab1c31","name":"ladyitaliaeconomia","image":{"@type":"ImageObject","inLanguage":"it-IT","@id":"https:\/\/www.italiaeconomiaonline.it\/web\/#\/schema\/person\/image\/","url":"https:\/\/secure.gravatar.com\/avatar\/cedca10ce7416a579b9fa6bce9c0a8f2?s=96&d=mm&r=g","contentUrl":"https:\/\/secure.gravatar.com\/avatar\/cedca10ce7416a579b9fa6bce9c0a8f2?s=96&d=mm&r=g","caption":"ladyitaliaeconomia"},"url":"https:\/\/www.italiaeconomiaonline.it\/web\/author\/ladyitaliaeconomia\/"}]}},"_links":{"self":[{"href":"https:\/\/www.italiaeconomiaonline.it\/web\/wp-json\/wp\/v2\/posts\/6861"}],"collection":[{"href":"https:\/\/www.italiaeconomiaonline.it\/web\/wp-json\/wp\/v2\/posts"}],"about":[{"href":"https:\/\/www.italiaeconomiaonline.it\/web\/wp-json\/wp\/v2\/types\/post"}],"author":[{"embeddable":true,"href":"https:\/\/www.italiaeconomiaonline.it\/web\/wp-json\/wp\/v2\/users\/1"}],"replies":[{"embeddable":true,"href":"https:\/\/www.italiaeconomiaonline.it\/web\/wp-json\/wp\/v2\/comments?post=6861"}],"version-history":[{"count":1,"href":"https:\/\/www.italiaeconomiaonline.it\/web\/wp-json\/wp\/v2\/posts\/6861\/revisions"}],"predecessor-version":[{"id":6862,"href":"https:\/\/www.italiaeconomiaonline.it\/web\/wp-json\/wp\/v2\/posts\/6861\/revisions\/6862"}],"wp:featuredmedia":[{"embeddable":true,"href":"https:\/\/www.italiaeconomiaonline.it\/web\/wp-json\/wp\/v2\/media\/3549"}],"wp:attachment":[{"href":"https:\/\/www.italiaeconomiaonline.it\/web\/wp-json\/wp\/v2\/media?parent=6861"}],"wp:term":[{"taxonomy":"category","embeddable":true,"href":"https:\/\/www.italiaeconomiaonline.it\/web\/wp-json\/wp\/v2\/categories?post=6861"},{"taxonomy":"post_tag","embeddable":true,"href":"https:\/\/www.italiaeconomiaonline.it\/web\/wp-json\/wp\/v2\/tags?post=6861"}],"curies":[{"name":"wp","href":"https:\/\/api.w.org\/{rel}","templated":true}]}}