{"id":6865,"date":"2022-08-17T11:08:50","date_gmt":"2022-08-17T09:08:50","guid":{"rendered":"http:\/\/www.italiaeconomiaonline.it\/web\/?p=6865"},"modified":"2022-08-17T11:08:50","modified_gmt":"2022-08-17T09:08:50","slug":"maltempo-coldiretti-gravi-danni-nelle-campagne","status":"publish","type":"post","link":"https:\/\/www.italiaeconomiaonline.it\/web\/maltempo-coldiretti-gravi-danni-nelle-campagne\/","title":{"rendered":"Maltempo, Coldiretti: Gravi danni nelle campagne"},"content":{"rendered":"<p>Il maltempo con trombe d\u2019aria, nubifragi, grandinate e precipitazioni violente si \u00e8 abbattuto a macchia di leopardo su citt\u00e0 e campagne distruggendo interi raccolti, di frutta e verdura, vigneti, oliveti ma anche le serre.<\/p>\n<p>E\u2019 quanto emerge dal monitoraggio della Coldiretti sugli effetti dell\u2019ultima ondata di clima impazzito sull\u2019Italia. Devastanti gli effetti \u2013 sottolinea la Coldiretti &#8211; della grandine che \u00e8 stata l\u2019evento climatico pi\u00f9 grave per i danni irreversibili che ha provocato ai raccolti, visto che in una manciata di minuti \u00e8 in grado di distruggere il lavoro di un anno intero. Quella del 2022 \u00e8 la peggior estate del decennio con in media ben 16 fra grandinate e bufere di acqua e vento ogni giorno, con l\u2019ultima ondata di maltempo che ha colpito duramente le regioni del centro sud sulla base dell\u2019analisi della Coldiretti sulla base dei dati dell\u2019European Severe Weather Database (Eswd), dalla Romagna alla Toscana, dal Lazio alla Puglia.<\/p>\n<p>Siamo di fronte \u2013 conclude la Coldiretti \u2013 a un impatto devastante con danni all\u2019agricoltura che per il maltempo e la siccit\u00e0 superano i 6 miliardi di euro, pari al 10% della produzione nazionale.<\/p>\n","protected":false},"excerpt":{"rendered":"<p>Il maltempo con trombe d\u2019aria, nubifragi, grandinate e precipitazioni violente si \u00e8 abbattuto a macchia di leopardo su citt\u00e0 e campagne distruggendo interi raccolti, di frutta e verdura, vigneti, oliveti ma anche le serre. E\u2019 quanto emerge dal monitoraggio della Coldiretti sugli effetti dell\u2019ultima ondata di clima impazzito sull\u2019Italia. Devastanti gli effetti \u2013 sottolinea la [&hellip;]<\/p>\n","protected":false},"author":1,"featured_media":6094,"comment_status":"closed","ping_status":"open","sticky":false,"template":"","format":"standard","meta":{"footnotes":""},"categories":[795],"tags":[158],"yoast_head":"<!-- This site is optimized with the Yoast SEO plugin v22.2 - https:\/\/yoast.com\/wordpress\/plugins\/seo\/ -->\n<title>Maltempo, Coldiretti: Gravi danni nelle campagne -<\/title>\n<meta name=\"robots\" content=\"index, follow, max-snippet:-1, max-image-preview:large, max-video-preview:-1\" \/>\n<link rel=\"canonical\" href=\"https:\/\/www.italiaeconomiaonline.it\/web\/maltempo-coldiretti-gravi-danni-nelle-campagne\/\" \/>\n<meta property=\"og:locale\" content=\"it_IT\" \/>\n<meta property=\"og:type\" content=\"article\" \/>\n<meta property=\"og:title\" content=\"Maltempo, Coldiretti: Gravi danni nelle campagne -\" \/>\n<meta property=\"og:description\" content=\"Il maltempo con trombe d\u2019aria, nubifragi, grandinate e precipitazioni violente si \u00e8 abbattuto a macchia di leopardo su citt\u00e0 e campagne distruggendo interi raccolti, di frutta e verdura, vigneti, oliveti ma anche le serre. E\u2019 quanto emerge dal monitoraggio della Coldiretti sugli effetti dell\u2019ultima ondata di clima impazzito sull\u2019Italia. Devastanti gli effetti \u2013 sottolinea la [&hellip;]\" \/>\n<meta property=\"og:url\" content=\"https:\/\/www.italiaeconomiaonline.it\/web\/maltempo-coldiretti-gravi-danni-nelle-campagne\/\" \/>\n<meta property=\"og:site_name\" content=\"ItaliaEconomiaOnline\" \/>\n<meta property=\"article:published_time\" content=\"2022-08-17T09:08:50+00:00\" \/>\n<meta property=\"og:image\" content=\"https:\/\/www.italiaeconomiaonline.it\/web\/wp-content\/uploads\/2021\/07\/Schermata-2021-07-28-alle-11.09.35.png\" \/>\n\t<meta property=\"og:image:width\" content=\"1358\" \/>\n\t<meta property=\"og:image:height\" content=\"762\" \/>\n\t<meta property=\"og:image:type\" content=\"image\/png\" \/>\n<meta name=\"author\" content=\"ladyitaliaeconomia\" \/>\n<meta name=\"twitter:card\" content=\"summary_large_image\" \/>\n<meta name=\"twitter:label1\" content=\"Scritto da\" \/>\n\t<meta name=\"twitter:data1\" content=\"ladyitaliaeconomia\" \/>\n\t<meta name=\"twitter:label2\" content=\"Tempo di lettura stimato\" \/>\n\t<meta name=\"twitter:data2\" content=\"1 minuto\" \/>\n<script type=\"application\/ld+json\" class=\"yoast-schema-graph\">{\"@context\":\"https:\/\/schema.org\",\"@graph\":[{\"@type\":\"WebPage\",\"@id\":\"https:\/\/www.italiaeconomiaonline.it\/web\/maltempo-coldiretti-gravi-danni-nelle-campagne\/\",\"url\":\"https:\/\/www.italiaeconomiaonline.it\/web\/maltempo-coldiretti-gravi-danni-nelle-campagne\/\",\"name\":\"Maltempo, Coldiretti: Gravi danni nelle campagne -\",\"isPartOf\":{\"@id\":\"https:\/\/www.italiaeconomiaonline.it\/web\/#website\"},\"primaryImageOfPage\":{\"@id\":\"https:\/\/www.italiaeconomiaonline.it\/web\/maltempo-coldiretti-gravi-danni-nelle-campagne\/#primaryimage\"},\"image\":{\"@id\":\"https:\/\/www.italiaeconomiaonline.it\/web\/maltempo-coldiretti-gravi-danni-nelle-campagne\/#primaryimage\"},\"thumbnailUrl\":\"https:\/\/www.italiaeconomiaonline.it\/web\/wp-content\/uploads\/2021\/07\/Schermata-2021-07-28-alle-11.09.35.png\",\"datePublished\":\"2022-08-17T09:08:50+00:00\",\"dateModified\":\"2022-08-17T09:08:50+00:00\",\"author\":{\"@id\":\"https:\/\/www.italiaeconomiaonline.it\/web\/#\/schema\/person\/909a49cce752523b020fbc37d5ab1c31\"},\"breadcrumb\":{\"@id\":\"https:\/\/www.italiaeconomiaonline.it\/web\/maltempo-coldiretti-gravi-danni-nelle-campagne\/#breadcrumb\"},\"inLanguage\":\"it-IT\",\"potentialAction\":[{\"@type\":\"ReadAction\",\"target\":[\"https:\/\/www.italiaeconomiaonline.it\/web\/maltempo-coldiretti-gravi-danni-nelle-campagne\/\"]}]},{\"@type\":\"ImageObject\",\"inLanguage\":\"it-IT\",\"@id\":\"https:\/\/www.italiaeconomiaonline.it\/web\/maltempo-coldiretti-gravi-danni-nelle-campagne\/#primaryimage\",\"url\":\"https:\/\/www.italiaeconomiaonline.it\/web\/wp-content\/uploads\/2021\/07\/Schermata-2021-07-28-alle-11.09.35.png\",\"contentUrl\":\"https:\/\/www.italiaeconomiaonline.it\/web\/wp-content\/uploads\/2021\/07\/Schermata-2021-07-28-alle-11.09.35.png\",\"width\":1358,\"height\":762,\"caption\":\"Foto di repertorio\"},{\"@type\":\"BreadcrumbList\",\"@id\":\"https:\/\/www.italiaeconomiaonline.it\/web\/maltempo-coldiretti-gravi-danni-nelle-campagne\/#breadcrumb\",\"itemListElement\":[{\"@type\":\"ListItem\",\"position\":1,\"name\":\"Home\",\"item\":\"https:\/\/www.italiaeconomiaonline.it\/web\/\"},{\"@type\":\"ListItem\",\"position\":2,\"name\":\"Maltempo, Coldiretti: Gravi danni nelle campagne\"}]},{\"@type\":\"WebSite\",\"@id\":\"https:\/\/www.italiaeconomiaonline.it\/web\/#website\",\"url\":\"https:\/\/www.italiaeconomiaonline.it\/web\/\",\"name\":\"ItaliaEconomiaOnline\",\"description\":\"Quotidiano Economico Online\",\"potentialAction\":[{\"@type\":\"SearchAction\",\"target\":{\"@type\":\"EntryPoint\",\"urlTemplate\":\"https:\/\/www.italiaeconomiaonline.it\/web\/?s={search_term_string}\"},\"query-input\":\"required name=search_term_string\"}],\"inLanguage\":\"it-IT\"},{\"@type\":\"Person\",\"@id\":\"https:\/\/www.italiaeconomiaonline.it\/web\/#\/schema\/person\/909a49cce752523b020fbc37d5ab1c31\",\"name\":\"ladyitaliaeconomia\",\"image\":{\"@type\":\"ImageObject\",\"inLanguage\":\"it-IT\",\"@id\":\"https:\/\/www.italiaeconomiaonline.it\/web\/#\/schema\/person\/image\/\",\"url\":\"https:\/\/secure.gravatar.com\/avatar\/cedca10ce7416a579b9fa6bce9c0a8f2?s=96&d=mm&r=g\",\"contentUrl\":\"https:\/\/secure.gravatar.com\/avatar\/cedca10ce7416a579b9fa6bce9c0a8f2?s=96&d=mm&r=g\",\"caption\":\"ladyitaliaeconomia\"},\"url\":\"https:\/\/www.italiaeconomiaonline.it\/web\/author\/ladyitaliaeconomia\/\"}]}<\/script>\n<!-- \/ Yoast SEO plugin. -->","yoast_head_json":{"title":"Maltempo, Coldiretti: Gravi danni nelle campagne -","robots":{"index":"index","follow":"follow","max-snippet":"max-snippet:-1","max-image-preview":"max-image-preview:large","max-video-preview":"max-video-preview:-1"},"canonical":"https:\/\/www.italiaeconomiaonline.it\/web\/maltempo-coldiretti-gravi-danni-nelle-campagne\/","og_locale":"it_IT","og_type":"article","og_title":"Maltempo, Coldiretti: Gravi danni nelle campagne -","og_description":"Il maltempo con trombe d\u2019aria, nubifragi, grandinate e precipitazioni violente si \u00e8 abbattuto a macchia di leopardo su citt\u00e0 e campagne distruggendo interi raccolti, di frutta e verdura, vigneti, oliveti ma anche le serre. E\u2019 quanto emerge dal monitoraggio della Coldiretti sugli effetti dell\u2019ultima ondata di clima impazzito sull\u2019Italia. Devastanti gli effetti \u2013 sottolinea la [&hellip;]","og_url":"https:\/\/www.italiaeconomiaonline.it\/web\/maltempo-coldiretti-gravi-danni-nelle-campagne\/","og_site_name":"ItaliaEconomiaOnline","article_published_time":"2022-08-17T09:08:50+00:00","og_image":[{"width":1358,"height":762,"url":"https:\/\/www.italiaeconomiaonline.it\/web\/wp-content\/uploads\/2021\/07\/Schermata-2021-07-28-alle-11.09.35.png","type":"image\/png"}],"author":"ladyitaliaeconomia","twitter_card":"summary_large_image","twitter_misc":{"Scritto da":"ladyitaliaeconomia","Tempo di lettura stimato":"1 minuto"},"schema":{"@context":"https:\/\/schema.org","@graph":[{"@type":"WebPage","@id":"https:\/\/www.italiaeconomiaonline.it\/web\/maltempo-coldiretti-gravi-danni-nelle-campagne\/","url":"https:\/\/www.italiaeconomiaonline.it\/web\/maltempo-coldiretti-gravi-danni-nelle-campagne\/","name":"Maltempo, Coldiretti: Gravi danni nelle campagne -","isPartOf":{"@id":"https:\/\/www.italiaeconomiaonline.it\/web\/#website"},"primaryImageOfPage":{"@id":"https:\/\/www.italiaeconomiaonline.it\/web\/maltempo-coldiretti-gravi-danni-nelle-campagne\/#primaryimage"},"image":{"@id":"https:\/\/www.italiaeconomiaonline.it\/web\/maltempo-coldiretti-gravi-danni-nelle-campagne\/#primaryimage"},"thumbnailUrl":"https:\/\/www.italiaeconomiaonline.it\/web\/wp-content\/uploads\/2021\/07\/Schermata-2021-07-28-alle-11.09.35.png","datePublished":"2022-08-17T09:08:50+00:00","dateModified":"2022-08-17T09:08:50+00:00","author":{"@id":"https:\/\/www.italiaeconomiaonline.it\/web\/#\/schema\/person\/909a49cce752523b020fbc37d5ab1c31"},"breadcrumb":{"@id":"https:\/\/www.italiaeconomiaonline.it\/web\/maltempo-coldiretti-gravi-danni-nelle-campagne\/#breadcrumb"},"inLanguage":"it-IT","potentialAction":[{"@type":"ReadAction","target":["https:\/\/www.italiaeconomiaonline.it\/web\/maltempo-coldiretti-gravi-danni-nelle-campagne\/"]}]},{"@type":"ImageObject","inLanguage":"it-IT","@id":"https:\/\/www.italiaeconomiaonline.it\/web\/maltempo-coldiretti-gravi-danni-nelle-campagne\/#primaryimage","url":"https:\/\/www.italiaeconomiaonline.it\/web\/wp-content\/uploads\/2021\/07\/Schermata-2021-07-28-alle-11.09.35.png","contentUrl":"https:\/\/www.italiaeconomiaonline.it\/web\/wp-content\/uploads\/2021\/07\/Schermata-2021-07-28-alle-11.09.35.png","width":1358,"height":762,"caption":"Foto di repertorio"},{"@type":"BreadcrumbList","@id":"https:\/\/www.italiaeconomiaonline.it\/web\/maltempo-coldiretti-gravi-danni-nelle-campagne\/#breadcrumb","itemListElement":[{"@type":"ListItem","position":1,"name":"Home","item":"https:\/\/www.italiaeconomiaonline.it\/web\/"},{"@type":"ListItem","position":2,"name":"Maltempo, Coldiretti: Gravi danni nelle campagne"}]},{"@type":"WebSite","@id":"https:\/\/www.italiaeconomiaonline.it\/web\/#website","url":"https:\/\/www.italiaeconomiaonline.it\/web\/","name":"ItaliaEconomiaOnline","description":"Quotidiano Economico Online","potentialAction":[{"@type":"SearchAction","target":{"@type":"EntryPoint","urlTemplate":"https:\/\/www.italiaeconomiaonline.it\/web\/?s={search_term_string}"},"query-input":"required name=search_term_string"}],"inLanguage":"it-IT"},{"@type":"Person","@id":"https:\/\/www.italiaeconomiaonline.it\/web\/#\/schema\/person\/909a49cce752523b020fbc37d5ab1c31","name":"ladyitaliaeconomia","image":{"@type":"ImageObject","inLanguage":"it-IT","@id":"https:\/\/www.italiaeconomiaonline.it\/web\/#\/schema\/person\/image\/","url":"https:\/\/secure.gravatar.com\/avatar\/cedca10ce7416a579b9fa6bce9c0a8f2?s=96&d=mm&r=g","contentUrl":"https:\/\/secure.gravatar.com\/avatar\/cedca10ce7416a579b9fa6bce9c0a8f2?s=96&d=mm&r=g","caption":"ladyitaliaeconomia"},"url":"https:\/\/www.italiaeconomiaonline.it\/web\/author\/ladyitaliaeconomia\/"}]}},"_links":{"self":[{"href":"https:\/\/www.italiaeconomiaonline.it\/web\/wp-json\/wp\/v2\/posts\/6865"}],"collection":[{"href":"https:\/\/www.italiaeconomiaonline.it\/web\/wp-json\/wp\/v2\/posts"}],"about":[{"href":"https:\/\/www.italiaeconomiaonline.it\/web\/wp-json\/wp\/v2\/types\/post"}],"author":[{"embeddable":true,"href":"https:\/\/www.italiaeconomiaonline.it\/web\/wp-json\/wp\/v2\/users\/1"}],"replies":[{"embeddable":true,"href":"https:\/\/www.italiaeconomiaonline.it\/web\/wp-json\/wp\/v2\/comments?post=6865"}],"version-history":[{"count":1,"href":"https:\/\/www.italiaeconomiaonline.it\/web\/wp-json\/wp\/v2\/posts\/6865\/revisions"}],"predecessor-version":[{"id":6866,"href":"https:\/\/www.italiaeconomiaonline.it\/web\/wp-json\/wp\/v2\/posts\/6865\/revisions\/6866"}],"wp:featuredmedia":[{"embeddable":true,"href":"https:\/\/www.italiaeconomiaonline.it\/web\/wp-json\/wp\/v2\/media\/6094"}],"wp:attachment":[{"href":"https:\/\/www.italiaeconomiaonline.it\/web\/wp-json\/wp\/v2\/media?parent=6865"}],"wp:term":[{"taxonomy":"category","embeddable":true,"href":"https:\/\/www.italiaeconomiaonline.it\/web\/wp-json\/wp\/v2\/categories?post=6865"},{"taxonomy":"post_tag","embeddable":true,"href":"https:\/\/www.italiaeconomiaonline.it\/web\/wp-json\/wp\/v2\/tags?post=6865"}],"curies":[{"name":"wp","href":"https:\/\/api.w.org\/{rel}","templated":true}]}}