{"id":6885,"date":"2022-08-30T17:46:52","date_gmt":"2022-08-30T15:46:52","guid":{"rendered":"http:\/\/www.italiaeconomiaonline.it\/web\/?p=6885"},"modified":"2022-08-30T17:46:52","modified_gmt":"2022-08-30T15:46:52","slug":"consumi-confesercenti-con-inflazione-e-caro-bollette-34-miliardi-di-minore-spesa-in-due-anni","status":"publish","type":"post","link":"https:\/\/www.italiaeconomiaonline.it\/web\/consumi-confesercenti-con-inflazione-e-caro-bollette-34-miliardi-di-minore-spesa-in-due-anni\/","title":{"rendered":"Consumi, Confesercenti: Con inflazione e caro bollette 34 miliardi di minore spesa in due anni"},"content":{"rendered":"<p class=\"xmprfx_MsoNormal\">La corsa di inflazione e bollette taglia la ripresa dei consumi. Senza un\u2019inversione di tendenza, l\u2019aumento di prezzi e utenze \u2013 e l\u2019incertezza che ne consegue &#8211; porter\u00e0 a una minore spesa delle famiglie di 34 miliardi di euro in due anni: -21 miliardi \u2013 pari a -2,3 punti percentuali rispetto alle previsioni \u2013 nel 2022, e -13 miliardi nel 2023. Un rallentamento che avr\u00e0 un forte impatto su tutta l\u2019economia: la frenata dei consumi determiner\u00e0 infatti anche una minore crescita del Pil dell\u20191,3% nel 2022 e dello 0,8% nel 2023.<\/p>\n<p class=\"xmprfx_MsoNormal\">A lanciare l\u2019allarme \u00e8 Confesercenti.<\/p>\n<p class=\"xmprfx_MsoNormal\">A pesare, oltre gli aumenti, anche l\u2019incertezza da questi generata, che peser\u00e0 per -1,8 miliardi nel 2022 e per -5,1 miliardi nel 2023, per una minore spesa nel biennio di 6,9 miliardi di euro.<\/p>\n<p class=\"xmprfx_MsoNormal\">Una prospettiva pesante anche per le piccole imprese del turismo e del terziario, che dipendono dal mercato interno. E che rischiano di rimanere schiacciate tra il rallentamento dei consumi e l\u2019aumento dei propri costi fissi. Senza un intervento immediato per attutire l\u2019impatto degli aumenti di energia e gas, infatti, le piccole imprese di turismo e terziario si troveranno a pagare nei prossimi 12 mesi una maxi-bolletta da 11 miliardi di euro, circa 8 miliardi in pi\u00f9 rispetto ai 12 mesi precedenti.<\/p>\n<p class=\"xmprfx_MsoNormal\">\u201cLo spiraglio che si \u00e8 aperto sulla possibilit\u00e0 di un tetto europeo ai prezzi del gas \u00e8 assolutamente positivo: adesso la Ue acceleri e trovi l\u2019accordo, non possiamo permetterci di perdere altro tempo\u201d, commenta Confesercenti. \u201cFamiglie ed imprese sono gi\u00e0 in grave difficolt\u00e0, le bollette che stanno arrivando in questo periodo hanno importi quadruplicati rispetto allo scorso anno e rischiano di vanificare i buoni risultati della stagione estiva. Per questo, occorre comunque intervenire a sostegno delle attivit\u00e0 economiche, anche quelle di minori dimensioni: senza misure per attutire lo shock, il caro-bollette rischia di spingere fuori mercato decine di migliaia di imprese e centinaia di migliaia di lavoratori. Si lavori per recuperare quanto dovuto sugli extraprofitti per finanziare gli aiuti\u201d.<\/p>\n<p class=\"xmprfx_MsoNormal\">\n","protected":false},"excerpt":{"rendered":"<p>La corsa di inflazione e bollette taglia la ripresa dei consumi. Senza un\u2019inversione di tendenza, l\u2019aumento di prezzi e utenze \u2013 e l\u2019incertezza che ne consegue &#8211; porter\u00e0 a una minore spesa delle famiglie di 34 miliardi di euro in due anni: -21 miliardi \u2013 pari a -2,3 punti percentuali rispetto alle previsioni \u2013 nel [&hellip;]<\/p>\n","protected":false},"author":1,"featured_media":6466,"comment_status":"closed","ping_status":"open","sticky":false,"template":"","format":"standard","meta":{"footnotes":""},"categories":[1868],"tags":[],"yoast_head":"<!-- This site is optimized with the Yoast SEO plugin v22.2 - https:\/\/yoast.com\/wordpress\/plugins\/seo\/ -->\n<title>Consumi, Confesercenti: Con inflazione e caro bollette 34 miliardi di minore spesa in due anni -<\/title>\n<meta name=\"robots\" content=\"index, follow, max-snippet:-1, max-image-preview:large, max-video-preview:-1\" \/>\n<link rel=\"canonical\" href=\"https:\/\/www.italiaeconomiaonline.it\/web\/consumi-confesercenti-con-inflazione-e-caro-bollette-34-miliardi-di-minore-spesa-in-due-anni\/\" \/>\n<meta property=\"og:locale\" content=\"it_IT\" \/>\n<meta property=\"og:type\" content=\"article\" \/>\n<meta property=\"og:title\" content=\"Consumi, Confesercenti: Con inflazione e caro bollette 34 miliardi di minore spesa in due anni -\" \/>\n<meta property=\"og:description\" content=\"La corsa di inflazione e bollette taglia la ripresa dei consumi. Senza un\u2019inversione di tendenza, l\u2019aumento di prezzi e utenze \u2013 e l\u2019incertezza che ne consegue &#8211; porter\u00e0 a una minore spesa delle famiglie di 34 miliardi di euro in due anni: -21 miliardi \u2013 pari a -2,3 punti percentuali rispetto alle previsioni \u2013 nel [&hellip;]\" \/>\n<meta property=\"og:url\" content=\"https:\/\/www.italiaeconomiaonline.it\/web\/consumi-confesercenti-con-inflazione-e-caro-bollette-34-miliardi-di-minore-spesa-in-due-anni\/\" \/>\n<meta property=\"og:site_name\" content=\"ItaliaEconomiaOnline\" \/>\n<meta property=\"article:published_time\" content=\"2022-08-30T15:46:52+00:00\" \/>\n<meta property=\"og:image\" content=\"https:\/\/www.italiaeconomiaonline.it\/web\/wp-content\/uploads\/2021\/12\/Schermata-2021-12-22-alle-11.24.51.png\" \/>\n\t<meta property=\"og:image:width\" content=\"622\" \/>\n\t<meta property=\"og:image:height\" content=\"375\" \/>\n\t<meta property=\"og:image:type\" content=\"image\/png\" \/>\n<meta name=\"author\" content=\"ladyitaliaeconomia\" \/>\n<meta name=\"twitter:card\" content=\"summary_large_image\" \/>\n<meta name=\"twitter:label1\" content=\"Scritto da\" \/>\n\t<meta name=\"twitter:data1\" content=\"ladyitaliaeconomia\" \/>\n\t<meta name=\"twitter:label2\" content=\"Tempo di lettura stimato\" \/>\n\t<meta name=\"twitter:data2\" content=\"2 minuti\" \/>\n<script type=\"application\/ld+json\" class=\"yoast-schema-graph\">{\"@context\":\"https:\/\/schema.org\",\"@graph\":[{\"@type\":\"WebPage\",\"@id\":\"https:\/\/www.italiaeconomiaonline.it\/web\/consumi-confesercenti-con-inflazione-e-caro-bollette-34-miliardi-di-minore-spesa-in-due-anni\/\",\"url\":\"https:\/\/www.italiaeconomiaonline.it\/web\/consumi-confesercenti-con-inflazione-e-caro-bollette-34-miliardi-di-minore-spesa-in-due-anni\/\",\"name\":\"Consumi, Confesercenti: Con inflazione e caro bollette 34 miliardi di minore spesa in due anni -\",\"isPartOf\":{\"@id\":\"https:\/\/www.italiaeconomiaonline.it\/web\/#website\"},\"primaryImageOfPage\":{\"@id\":\"https:\/\/www.italiaeconomiaonline.it\/web\/consumi-confesercenti-con-inflazione-e-caro-bollette-34-miliardi-di-minore-spesa-in-due-anni\/#primaryimage\"},\"image\":{\"@id\":\"https:\/\/www.italiaeconomiaonline.it\/web\/consumi-confesercenti-con-inflazione-e-caro-bollette-34-miliardi-di-minore-spesa-in-due-anni\/#primaryimage\"},\"thumbnailUrl\":\"https:\/\/www.italiaeconomiaonline.it\/web\/wp-content\/uploads\/2021\/12\/Schermata-2021-12-22-alle-11.24.51.png\",\"datePublished\":\"2022-08-30T15:46:52+00:00\",\"dateModified\":\"2022-08-30T15:46:52+00:00\",\"author\":{\"@id\":\"https:\/\/www.italiaeconomiaonline.it\/web\/#\/schema\/person\/909a49cce752523b020fbc37d5ab1c31\"},\"breadcrumb\":{\"@id\":\"https:\/\/www.italiaeconomiaonline.it\/web\/consumi-confesercenti-con-inflazione-e-caro-bollette-34-miliardi-di-minore-spesa-in-due-anni\/#breadcrumb\"},\"inLanguage\":\"it-IT\",\"potentialAction\":[{\"@type\":\"ReadAction\",\"target\":[\"https:\/\/www.italiaeconomiaonline.it\/web\/consumi-confesercenti-con-inflazione-e-caro-bollette-34-miliardi-di-minore-spesa-in-due-anni\/\"]}]},{\"@type\":\"ImageObject\",\"inLanguage\":\"it-IT\",\"@id\":\"https:\/\/www.italiaeconomiaonline.it\/web\/consumi-confesercenti-con-inflazione-e-caro-bollette-34-miliardi-di-minore-spesa-in-due-anni\/#primaryimage\",\"url\":\"https:\/\/www.italiaeconomiaonline.it\/web\/wp-content\/uploads\/2021\/12\/Schermata-2021-12-22-alle-11.24.51.png\",\"contentUrl\":\"https:\/\/www.italiaeconomiaonline.it\/web\/wp-content\/uploads\/2021\/12\/Schermata-2021-12-22-alle-11.24.51.png\",\"width\":622,\"height\":375},{\"@type\":\"BreadcrumbList\",\"@id\":\"https:\/\/www.italiaeconomiaonline.it\/web\/consumi-confesercenti-con-inflazione-e-caro-bollette-34-miliardi-di-minore-spesa-in-due-anni\/#breadcrumb\",\"itemListElement\":[{\"@type\":\"ListItem\",\"position\":1,\"name\":\"Home\",\"item\":\"https:\/\/www.italiaeconomiaonline.it\/web\/\"},{\"@type\":\"ListItem\",\"position\":2,\"name\":\"Consumi, Confesercenti: Con inflazione e caro bollette 34 miliardi di minore spesa in due anni\"}]},{\"@type\":\"WebSite\",\"@id\":\"https:\/\/www.italiaeconomiaonline.it\/web\/#website\",\"url\":\"https:\/\/www.italiaeconomiaonline.it\/web\/\",\"name\":\"ItaliaEconomiaOnline\",\"description\":\"Quotidiano Economico Online\",\"potentialAction\":[{\"@type\":\"SearchAction\",\"target\":{\"@type\":\"EntryPoint\",\"urlTemplate\":\"https:\/\/www.italiaeconomiaonline.it\/web\/?s={search_term_string}\"},\"query-input\":\"required name=search_term_string\"}],\"inLanguage\":\"it-IT\"},{\"@type\":\"Person\",\"@id\":\"https:\/\/www.italiaeconomiaonline.it\/web\/#\/schema\/person\/909a49cce752523b020fbc37d5ab1c31\",\"name\":\"ladyitaliaeconomia\",\"image\":{\"@type\":\"ImageObject\",\"inLanguage\":\"it-IT\",\"@id\":\"https:\/\/www.italiaeconomiaonline.it\/web\/#\/schema\/person\/image\/\",\"url\":\"https:\/\/secure.gravatar.com\/avatar\/cedca10ce7416a579b9fa6bce9c0a8f2?s=96&d=mm&r=g\",\"contentUrl\":\"https:\/\/secure.gravatar.com\/avatar\/cedca10ce7416a579b9fa6bce9c0a8f2?s=96&d=mm&r=g\",\"caption\":\"ladyitaliaeconomia\"},\"url\":\"https:\/\/www.italiaeconomiaonline.it\/web\/author\/ladyitaliaeconomia\/\"}]}<\/script>\n<!-- \/ Yoast SEO plugin. -->","yoast_head_json":{"title":"Consumi, Confesercenti: Con inflazione e caro bollette 34 miliardi di minore spesa in due anni -","robots":{"index":"index","follow":"follow","max-snippet":"max-snippet:-1","max-image-preview":"max-image-preview:large","max-video-preview":"max-video-preview:-1"},"canonical":"https:\/\/www.italiaeconomiaonline.it\/web\/consumi-confesercenti-con-inflazione-e-caro-bollette-34-miliardi-di-minore-spesa-in-due-anni\/","og_locale":"it_IT","og_type":"article","og_title":"Consumi, Confesercenti: Con inflazione e caro bollette 34 miliardi di minore spesa in due anni -","og_description":"La corsa di inflazione e bollette taglia la ripresa dei consumi. Senza un\u2019inversione di tendenza, l\u2019aumento di prezzi e utenze \u2013 e l\u2019incertezza che ne consegue &#8211; porter\u00e0 a una minore spesa delle famiglie di 34 miliardi di euro in due anni: -21 miliardi \u2013 pari a -2,3 punti percentuali rispetto alle previsioni \u2013 nel [&hellip;]","og_url":"https:\/\/www.italiaeconomiaonline.it\/web\/consumi-confesercenti-con-inflazione-e-caro-bollette-34-miliardi-di-minore-spesa-in-due-anni\/","og_site_name":"ItaliaEconomiaOnline","article_published_time":"2022-08-30T15:46:52+00:00","og_image":[{"width":622,"height":375,"url":"https:\/\/www.italiaeconomiaonline.it\/web\/wp-content\/uploads\/2021\/12\/Schermata-2021-12-22-alle-11.24.51.png","type":"image\/png"}],"author":"ladyitaliaeconomia","twitter_card":"summary_large_image","twitter_misc":{"Scritto da":"ladyitaliaeconomia","Tempo di lettura stimato":"2 minuti"},"schema":{"@context":"https:\/\/schema.org","@graph":[{"@type":"WebPage","@id":"https:\/\/www.italiaeconomiaonline.it\/web\/consumi-confesercenti-con-inflazione-e-caro-bollette-34-miliardi-di-minore-spesa-in-due-anni\/","url":"https:\/\/www.italiaeconomiaonline.it\/web\/consumi-confesercenti-con-inflazione-e-caro-bollette-34-miliardi-di-minore-spesa-in-due-anni\/","name":"Consumi, Confesercenti: Con inflazione e caro bollette 34 miliardi di minore spesa in due anni -","isPartOf":{"@id":"https:\/\/www.italiaeconomiaonline.it\/web\/#website"},"primaryImageOfPage":{"@id":"https:\/\/www.italiaeconomiaonline.it\/web\/consumi-confesercenti-con-inflazione-e-caro-bollette-34-miliardi-di-minore-spesa-in-due-anni\/#primaryimage"},"image":{"@id":"https:\/\/www.italiaeconomiaonline.it\/web\/consumi-confesercenti-con-inflazione-e-caro-bollette-34-miliardi-di-minore-spesa-in-due-anni\/#primaryimage"},"thumbnailUrl":"https:\/\/www.italiaeconomiaonline.it\/web\/wp-content\/uploads\/2021\/12\/Schermata-2021-12-22-alle-11.24.51.png","datePublished":"2022-08-30T15:46:52+00:00","dateModified":"2022-08-30T15:46:52+00:00","author":{"@id":"https:\/\/www.italiaeconomiaonline.it\/web\/#\/schema\/person\/909a49cce752523b020fbc37d5ab1c31"},"breadcrumb":{"@id":"https:\/\/www.italiaeconomiaonline.it\/web\/consumi-confesercenti-con-inflazione-e-caro-bollette-34-miliardi-di-minore-spesa-in-due-anni\/#breadcrumb"},"inLanguage":"it-IT","potentialAction":[{"@type":"ReadAction","target":["https:\/\/www.italiaeconomiaonline.it\/web\/consumi-confesercenti-con-inflazione-e-caro-bollette-34-miliardi-di-minore-spesa-in-due-anni\/"]}]},{"@type":"ImageObject","inLanguage":"it-IT","@id":"https:\/\/www.italiaeconomiaonline.it\/web\/consumi-confesercenti-con-inflazione-e-caro-bollette-34-miliardi-di-minore-spesa-in-due-anni\/#primaryimage","url":"https:\/\/www.italiaeconomiaonline.it\/web\/wp-content\/uploads\/2021\/12\/Schermata-2021-12-22-alle-11.24.51.png","contentUrl":"https:\/\/www.italiaeconomiaonline.it\/web\/wp-content\/uploads\/2021\/12\/Schermata-2021-12-22-alle-11.24.51.png","width":622,"height":375},{"@type":"BreadcrumbList","@id":"https:\/\/www.italiaeconomiaonline.it\/web\/consumi-confesercenti-con-inflazione-e-caro-bollette-34-miliardi-di-minore-spesa-in-due-anni\/#breadcrumb","itemListElement":[{"@type":"ListItem","position":1,"name":"Home","item":"https:\/\/www.italiaeconomiaonline.it\/web\/"},{"@type":"ListItem","position":2,"name":"Consumi, Confesercenti: Con inflazione e caro bollette 34 miliardi di minore spesa in due anni"}]},{"@type":"WebSite","@id":"https:\/\/www.italiaeconomiaonline.it\/web\/#website","url":"https:\/\/www.italiaeconomiaonline.it\/web\/","name":"ItaliaEconomiaOnline","description":"Quotidiano Economico Online","potentialAction":[{"@type":"SearchAction","target":{"@type":"EntryPoint","urlTemplate":"https:\/\/www.italiaeconomiaonline.it\/web\/?s={search_term_string}"},"query-input":"required name=search_term_string"}],"inLanguage":"it-IT"},{"@type":"Person","@id":"https:\/\/www.italiaeconomiaonline.it\/web\/#\/schema\/person\/909a49cce752523b020fbc37d5ab1c31","name":"ladyitaliaeconomia","image":{"@type":"ImageObject","inLanguage":"it-IT","@id":"https:\/\/www.italiaeconomiaonline.it\/web\/#\/schema\/person\/image\/","url":"https:\/\/secure.gravatar.com\/avatar\/cedca10ce7416a579b9fa6bce9c0a8f2?s=96&d=mm&r=g","contentUrl":"https:\/\/secure.gravatar.com\/avatar\/cedca10ce7416a579b9fa6bce9c0a8f2?s=96&d=mm&r=g","caption":"ladyitaliaeconomia"},"url":"https:\/\/www.italiaeconomiaonline.it\/web\/author\/ladyitaliaeconomia\/"}]}},"_links":{"self":[{"href":"https:\/\/www.italiaeconomiaonline.it\/web\/wp-json\/wp\/v2\/posts\/6885"}],"collection":[{"href":"https:\/\/www.italiaeconomiaonline.it\/web\/wp-json\/wp\/v2\/posts"}],"about":[{"href":"https:\/\/www.italiaeconomiaonline.it\/web\/wp-json\/wp\/v2\/types\/post"}],"author":[{"embeddable":true,"href":"https:\/\/www.italiaeconomiaonline.it\/web\/wp-json\/wp\/v2\/users\/1"}],"replies":[{"embeddable":true,"href":"https:\/\/www.italiaeconomiaonline.it\/web\/wp-json\/wp\/v2\/comments?post=6885"}],"version-history":[{"count":1,"href":"https:\/\/www.italiaeconomiaonline.it\/web\/wp-json\/wp\/v2\/posts\/6885\/revisions"}],"predecessor-version":[{"id":6886,"href":"https:\/\/www.italiaeconomiaonline.it\/web\/wp-json\/wp\/v2\/posts\/6885\/revisions\/6886"}],"wp:featuredmedia":[{"embeddable":true,"href":"https:\/\/www.italiaeconomiaonline.it\/web\/wp-json\/wp\/v2\/media\/6466"}],"wp:attachment":[{"href":"https:\/\/www.italiaeconomiaonline.it\/web\/wp-json\/wp\/v2\/media?parent=6885"}],"wp:term":[{"taxonomy":"category","embeddable":true,"href":"https:\/\/www.italiaeconomiaonline.it\/web\/wp-json\/wp\/v2\/categories?post=6885"},{"taxonomy":"post_tag","embeddable":true,"href":"https:\/\/www.italiaeconomiaonline.it\/web\/wp-json\/wp\/v2\/tags?post=6885"}],"curies":[{"name":"wp","href":"https:\/\/api.w.org\/{rel}","templated":true}]}}