{"id":6891,"date":"2022-09-08T16:36:21","date_gmt":"2022-09-08T14:36:21","guid":{"rendered":"http:\/\/www.italiaeconomiaonline.it\/web\/?p=6891"},"modified":"2022-09-08T16:36:21","modified_gmt":"2022-09-08T14:36:21","slug":"caro-energia-mattioli-confindustria-servizi-hcfs-comparto-servizi-sempre-piu-in-crisi-serve-tavolo-interministeriale","status":"publish","type":"post","link":"https:\/\/www.italiaeconomiaonline.it\/web\/caro-energia-mattioli-confindustria-servizi-hcfs-comparto-servizi-sempre-piu-in-crisi-serve-tavolo-interministeriale\/","title":{"rendered":"Caro Energia, \u00a0Mattioli (Confindustria Servizi HCFS): Comparto Servizi sempre pi\u00f9 in crisi, serve tavolo interministeriale"},"content":{"rendered":"<p>\u00abIl comparto dei servizi sta vivendo un momento di enorme difficolt\u00e0 per via del caro bollette. Siamo il settore che non solo soffre per gli aumenti energetici e delle materie prime (pensiamo alla ristorazione collettiva oppure le lavanderie industriali): la nostra preoccupazione \u00e8 \u00a0per <strong>l\u2019effetto domino<\/strong>.<\/p>\n<p>Se chiudono le pmi, se il commercio e l\u2019artigianato vanno in sofferenza per via degli aumenti insostenibili, automaticamente non si avvarranno pi\u00f9 dei servizi erogati dalle nostre imprese.<\/p>\n<p>La dimensione del danno sar\u00e0 incalcolabile e serve una immediata azione, concertata tra tutti i soggetti interessati. Servono, al pi\u00f9 presto la possibilit\u00e0 di vedere subito <strong>riconosciuti gli aumenti \u00a0negli appalti in essere<\/strong> e un tavolo interministeriale per valutare la situazione e, innazitutto, scongiurare l\u2019interruzione dei servizi in settori chiave come la sanit\u00e0 e la scuola\u00bb. Lo dichiara <strong>Lorenzo Mattioli,<\/strong> presidente di <strong>Confindustria Servizi Hcfs<\/strong> e dell\u2019associazione europea dei servizi Efci.<\/p>\n<p>\u00ad<\/p>\n<table class=\"xmprfx_r17-o\" role=\"presentation\" border=\"0\" width=\"570\" cellspacing=\"0\" cellpadding=\"0\">\n<tbody>\n<tr class=\"xmprfx_nl2go-responsive-hide\">\n<td height=\"15\">\u00ad<\/td>\n<\/tr>\n<tr>\n<td class=\"xmprfx_r18-i\"><\/td>\n<\/tr>\n<tr class=\"xmprfx_nl2go-responsive-hide\">\n<td height=\"15\">\u00ad<\/td>\n<\/tr>\n<\/tbody>\n<\/table>\n<p>\u00ad<\/p>\n<p>\u00ad<\/p>\n<table class=\"xmprfx_r9-o\" role=\"presentation\" border=\"0\" width=\"100%\" cellspacing=\"0\" cellpadding=\"0\">\n<tbody>\n<tr class=\"xmprfx_nl2go-responsive-hide\">\n<td height=\"20\"><\/td>\n<\/tr>\n<\/tbody>\n<\/table>\n","protected":false},"excerpt":{"rendered":"<p>\u00abIl comparto dei servizi sta vivendo un momento di enorme difficolt\u00e0 per via del caro bollette. Siamo il settore che non solo soffre per gli aumenti energetici e delle materie prime (pensiamo alla ristorazione collettiva oppure le lavanderie industriali): la nostra preoccupazione \u00e8 \u00a0per l\u2019effetto domino. Se chiudono le pmi, se il commercio e l\u2019artigianato [&hellip;]<\/p>\n","protected":false},"author":1,"featured_media":6872,"comment_status":"closed","ping_status":"open","sticky":false,"template":"","format":"standard","meta":{"footnotes":""},"categories":[56],"tags":[],"yoast_head":"<!-- This site is optimized with the Yoast SEO plugin v22.2 - https:\/\/yoast.com\/wordpress\/plugins\/seo\/ -->\n<title>Caro Energia, \u00a0Mattioli (Confindustria Servizi HCFS): Comparto Servizi sempre pi\u00f9 in crisi, serve tavolo interministeriale -<\/title>\n<meta name=\"robots\" content=\"index, follow, max-snippet:-1, max-image-preview:large, max-video-preview:-1\" \/>\n<link rel=\"canonical\" href=\"https:\/\/www.italiaeconomiaonline.it\/web\/caro-energia-mattioli-confindustria-servizi-hcfs-comparto-servizi-sempre-piu-in-crisi-serve-tavolo-interministeriale\/\" \/>\n<meta property=\"og:locale\" content=\"it_IT\" \/>\n<meta property=\"og:type\" content=\"article\" \/>\n<meta property=\"og:title\" content=\"Caro Energia, \u00a0Mattioli (Confindustria Servizi HCFS): Comparto Servizi sempre pi\u00f9 in crisi, serve tavolo interministeriale -\" \/>\n<meta property=\"og:description\" content=\"\u00abIl comparto dei servizi sta vivendo un momento di enorme difficolt\u00e0 per via del caro bollette. Siamo il settore che non solo soffre per gli aumenti energetici e delle materie prime (pensiamo alla ristorazione collettiva oppure le lavanderie industriali): la nostra preoccupazione \u00e8 \u00a0per l\u2019effetto domino. Se chiudono le pmi, se il commercio e l\u2019artigianato [&hellip;]\" \/>\n<meta property=\"og:url\" content=\"https:\/\/www.italiaeconomiaonline.it\/web\/caro-energia-mattioli-confindustria-servizi-hcfs-comparto-servizi-sempre-piu-in-crisi-serve-tavolo-interministeriale\/\" \/>\n<meta property=\"og:site_name\" content=\"ItaliaEconomiaOnline\" \/>\n<meta property=\"article:published_time\" content=\"2022-09-08T14:36:21+00:00\" \/>\n<meta property=\"og:image\" content=\"https:\/\/www.italiaeconomiaonline.it\/web\/wp-content\/uploads\/2022\/08\/Schermata-2022-08-22-alle-16.46.32.png\" \/>\n\t<meta property=\"og:image:width\" content=\"1136\" \/>\n\t<meta property=\"og:image:height\" content=\"718\" \/>\n\t<meta property=\"og:image:type\" content=\"image\/png\" \/>\n<meta name=\"author\" content=\"ladyitaliaeconomia\" \/>\n<meta name=\"twitter:card\" content=\"summary_large_image\" \/>\n<meta name=\"twitter:label1\" content=\"Scritto da\" \/>\n\t<meta name=\"twitter:data1\" content=\"ladyitaliaeconomia\" \/>\n\t<meta name=\"twitter:label2\" content=\"Tempo di lettura stimato\" \/>\n\t<meta name=\"twitter:data2\" content=\"1 minuto\" \/>\n<script type=\"application\/ld+json\" class=\"yoast-schema-graph\">{\"@context\":\"https:\/\/schema.org\",\"@graph\":[{\"@type\":\"WebPage\",\"@id\":\"https:\/\/www.italiaeconomiaonline.it\/web\/caro-energia-mattioli-confindustria-servizi-hcfs-comparto-servizi-sempre-piu-in-crisi-serve-tavolo-interministeriale\/\",\"url\":\"https:\/\/www.italiaeconomiaonline.it\/web\/caro-energia-mattioli-confindustria-servizi-hcfs-comparto-servizi-sempre-piu-in-crisi-serve-tavolo-interministeriale\/\",\"name\":\"Caro Energia, \u00a0Mattioli (Confindustria Servizi HCFS): Comparto Servizi sempre pi\u00f9 in crisi, serve tavolo interministeriale -\",\"isPartOf\":{\"@id\":\"https:\/\/www.italiaeconomiaonline.it\/web\/#website\"},\"primaryImageOfPage\":{\"@id\":\"https:\/\/www.italiaeconomiaonline.it\/web\/caro-energia-mattioli-confindustria-servizi-hcfs-comparto-servizi-sempre-piu-in-crisi-serve-tavolo-interministeriale\/#primaryimage\"},\"image\":{\"@id\":\"https:\/\/www.italiaeconomiaonline.it\/web\/caro-energia-mattioli-confindustria-servizi-hcfs-comparto-servizi-sempre-piu-in-crisi-serve-tavolo-interministeriale\/#primaryimage\"},\"thumbnailUrl\":\"https:\/\/www.italiaeconomiaonline.it\/web\/wp-content\/uploads\/2022\/08\/Schermata-2022-08-22-alle-16.46.32.png\",\"datePublished\":\"2022-09-08T14:36:21+00:00\",\"dateModified\":\"2022-09-08T14:36:21+00:00\",\"author\":{\"@id\":\"https:\/\/www.italiaeconomiaonline.it\/web\/#\/schema\/person\/909a49cce752523b020fbc37d5ab1c31\"},\"breadcrumb\":{\"@id\":\"https:\/\/www.italiaeconomiaonline.it\/web\/caro-energia-mattioli-confindustria-servizi-hcfs-comparto-servizi-sempre-piu-in-crisi-serve-tavolo-interministeriale\/#breadcrumb\"},\"inLanguage\":\"it-IT\",\"potentialAction\":[{\"@type\":\"ReadAction\",\"target\":[\"https:\/\/www.italiaeconomiaonline.it\/web\/caro-energia-mattioli-confindustria-servizi-hcfs-comparto-servizi-sempre-piu-in-crisi-serve-tavolo-interministeriale\/\"]}]},{\"@type\":\"ImageObject\",\"inLanguage\":\"it-IT\",\"@id\":\"https:\/\/www.italiaeconomiaonline.it\/web\/caro-energia-mattioli-confindustria-servizi-hcfs-comparto-servizi-sempre-piu-in-crisi-serve-tavolo-interministeriale\/#primaryimage\",\"url\":\"https:\/\/www.italiaeconomiaonline.it\/web\/wp-content\/uploads\/2022\/08\/Schermata-2022-08-22-alle-16.46.32.png\",\"contentUrl\":\"https:\/\/www.italiaeconomiaonline.it\/web\/wp-content\/uploads\/2022\/08\/Schermata-2022-08-22-alle-16.46.32.png\",\"width\":1136,\"height\":718},{\"@type\":\"BreadcrumbList\",\"@id\":\"https:\/\/www.italiaeconomiaonline.it\/web\/caro-energia-mattioli-confindustria-servizi-hcfs-comparto-servizi-sempre-piu-in-crisi-serve-tavolo-interministeriale\/#breadcrumb\",\"itemListElement\":[{\"@type\":\"ListItem\",\"position\":1,\"name\":\"Home\",\"item\":\"https:\/\/www.italiaeconomiaonline.it\/web\/\"},{\"@type\":\"ListItem\",\"position\":2,\"name\":\"Caro Energia, \u00a0Mattioli (Confindustria Servizi HCFS): Comparto Servizi sempre pi\u00f9 in crisi, serve tavolo interministeriale\"}]},{\"@type\":\"WebSite\",\"@id\":\"https:\/\/www.italiaeconomiaonline.it\/web\/#website\",\"url\":\"https:\/\/www.italiaeconomiaonline.it\/web\/\",\"name\":\"ItaliaEconomiaOnline\",\"description\":\"Quotidiano Economico Online\",\"potentialAction\":[{\"@type\":\"SearchAction\",\"target\":{\"@type\":\"EntryPoint\",\"urlTemplate\":\"https:\/\/www.italiaeconomiaonline.it\/web\/?s={search_term_string}\"},\"query-input\":\"required name=search_term_string\"}],\"inLanguage\":\"it-IT\"},{\"@type\":\"Person\",\"@id\":\"https:\/\/www.italiaeconomiaonline.it\/web\/#\/schema\/person\/909a49cce752523b020fbc37d5ab1c31\",\"name\":\"ladyitaliaeconomia\",\"image\":{\"@type\":\"ImageObject\",\"inLanguage\":\"it-IT\",\"@id\":\"https:\/\/www.italiaeconomiaonline.it\/web\/#\/schema\/person\/image\/\",\"url\":\"https:\/\/secure.gravatar.com\/avatar\/cedca10ce7416a579b9fa6bce9c0a8f2?s=96&d=mm&r=g\",\"contentUrl\":\"https:\/\/secure.gravatar.com\/avatar\/cedca10ce7416a579b9fa6bce9c0a8f2?s=96&d=mm&r=g\",\"caption\":\"ladyitaliaeconomia\"},\"url\":\"https:\/\/www.italiaeconomiaonline.it\/web\/author\/ladyitaliaeconomia\/\"}]}<\/script>\n<!-- \/ Yoast SEO plugin. -->","yoast_head_json":{"title":"Caro Energia, \u00a0Mattioli (Confindustria Servizi HCFS): Comparto Servizi sempre pi\u00f9 in crisi, serve tavolo interministeriale -","robots":{"index":"index","follow":"follow","max-snippet":"max-snippet:-1","max-image-preview":"max-image-preview:large","max-video-preview":"max-video-preview:-1"},"canonical":"https:\/\/www.italiaeconomiaonline.it\/web\/caro-energia-mattioli-confindustria-servizi-hcfs-comparto-servizi-sempre-piu-in-crisi-serve-tavolo-interministeriale\/","og_locale":"it_IT","og_type":"article","og_title":"Caro Energia, \u00a0Mattioli (Confindustria Servizi HCFS): Comparto Servizi sempre pi\u00f9 in crisi, serve tavolo interministeriale -","og_description":"\u00abIl comparto dei servizi sta vivendo un momento di enorme difficolt\u00e0 per via del caro bollette. Siamo il settore che non solo soffre per gli aumenti energetici e delle materie prime (pensiamo alla ristorazione collettiva oppure le lavanderie industriali): la nostra preoccupazione \u00e8 \u00a0per l\u2019effetto domino. Se chiudono le pmi, se il commercio e l\u2019artigianato [&hellip;]","og_url":"https:\/\/www.italiaeconomiaonline.it\/web\/caro-energia-mattioli-confindustria-servizi-hcfs-comparto-servizi-sempre-piu-in-crisi-serve-tavolo-interministeriale\/","og_site_name":"ItaliaEconomiaOnline","article_published_time":"2022-09-08T14:36:21+00:00","og_image":[{"width":1136,"height":718,"url":"https:\/\/www.italiaeconomiaonline.it\/web\/wp-content\/uploads\/2022\/08\/Schermata-2022-08-22-alle-16.46.32.png","type":"image\/png"}],"author":"ladyitaliaeconomia","twitter_card":"summary_large_image","twitter_misc":{"Scritto da":"ladyitaliaeconomia","Tempo di lettura stimato":"1 minuto"},"schema":{"@context":"https:\/\/schema.org","@graph":[{"@type":"WebPage","@id":"https:\/\/www.italiaeconomiaonline.it\/web\/caro-energia-mattioli-confindustria-servizi-hcfs-comparto-servizi-sempre-piu-in-crisi-serve-tavolo-interministeriale\/","url":"https:\/\/www.italiaeconomiaonline.it\/web\/caro-energia-mattioli-confindustria-servizi-hcfs-comparto-servizi-sempre-piu-in-crisi-serve-tavolo-interministeriale\/","name":"Caro Energia, \u00a0Mattioli (Confindustria Servizi HCFS): Comparto Servizi sempre pi\u00f9 in crisi, serve tavolo interministeriale -","isPartOf":{"@id":"https:\/\/www.italiaeconomiaonline.it\/web\/#website"},"primaryImageOfPage":{"@id":"https:\/\/www.italiaeconomiaonline.it\/web\/caro-energia-mattioli-confindustria-servizi-hcfs-comparto-servizi-sempre-piu-in-crisi-serve-tavolo-interministeriale\/#primaryimage"},"image":{"@id":"https:\/\/www.italiaeconomiaonline.it\/web\/caro-energia-mattioli-confindustria-servizi-hcfs-comparto-servizi-sempre-piu-in-crisi-serve-tavolo-interministeriale\/#primaryimage"},"thumbnailUrl":"https:\/\/www.italiaeconomiaonline.it\/web\/wp-content\/uploads\/2022\/08\/Schermata-2022-08-22-alle-16.46.32.png","datePublished":"2022-09-08T14:36:21+00:00","dateModified":"2022-09-08T14:36:21+00:00","author":{"@id":"https:\/\/www.italiaeconomiaonline.it\/web\/#\/schema\/person\/909a49cce752523b020fbc37d5ab1c31"},"breadcrumb":{"@id":"https:\/\/www.italiaeconomiaonline.it\/web\/caro-energia-mattioli-confindustria-servizi-hcfs-comparto-servizi-sempre-piu-in-crisi-serve-tavolo-interministeriale\/#breadcrumb"},"inLanguage":"it-IT","potentialAction":[{"@type":"ReadAction","target":["https:\/\/www.italiaeconomiaonline.it\/web\/caro-energia-mattioli-confindustria-servizi-hcfs-comparto-servizi-sempre-piu-in-crisi-serve-tavolo-interministeriale\/"]}]},{"@type":"ImageObject","inLanguage":"it-IT","@id":"https:\/\/www.italiaeconomiaonline.it\/web\/caro-energia-mattioli-confindustria-servizi-hcfs-comparto-servizi-sempre-piu-in-crisi-serve-tavolo-interministeriale\/#primaryimage","url":"https:\/\/www.italiaeconomiaonline.it\/web\/wp-content\/uploads\/2022\/08\/Schermata-2022-08-22-alle-16.46.32.png","contentUrl":"https:\/\/www.italiaeconomiaonline.it\/web\/wp-content\/uploads\/2022\/08\/Schermata-2022-08-22-alle-16.46.32.png","width":1136,"height":718},{"@type":"BreadcrumbList","@id":"https:\/\/www.italiaeconomiaonline.it\/web\/caro-energia-mattioli-confindustria-servizi-hcfs-comparto-servizi-sempre-piu-in-crisi-serve-tavolo-interministeriale\/#breadcrumb","itemListElement":[{"@type":"ListItem","position":1,"name":"Home","item":"https:\/\/www.italiaeconomiaonline.it\/web\/"},{"@type":"ListItem","position":2,"name":"Caro Energia, \u00a0Mattioli (Confindustria Servizi HCFS): Comparto Servizi sempre pi\u00f9 in crisi, serve tavolo interministeriale"}]},{"@type":"WebSite","@id":"https:\/\/www.italiaeconomiaonline.it\/web\/#website","url":"https:\/\/www.italiaeconomiaonline.it\/web\/","name":"ItaliaEconomiaOnline","description":"Quotidiano Economico Online","potentialAction":[{"@type":"SearchAction","target":{"@type":"EntryPoint","urlTemplate":"https:\/\/www.italiaeconomiaonline.it\/web\/?s={search_term_string}"},"query-input":"required name=search_term_string"}],"inLanguage":"it-IT"},{"@type":"Person","@id":"https:\/\/www.italiaeconomiaonline.it\/web\/#\/schema\/person\/909a49cce752523b020fbc37d5ab1c31","name":"ladyitaliaeconomia","image":{"@type":"ImageObject","inLanguage":"it-IT","@id":"https:\/\/www.italiaeconomiaonline.it\/web\/#\/schema\/person\/image\/","url":"https:\/\/secure.gravatar.com\/avatar\/cedca10ce7416a579b9fa6bce9c0a8f2?s=96&d=mm&r=g","contentUrl":"https:\/\/secure.gravatar.com\/avatar\/cedca10ce7416a579b9fa6bce9c0a8f2?s=96&d=mm&r=g","caption":"ladyitaliaeconomia"},"url":"https:\/\/www.italiaeconomiaonline.it\/web\/author\/ladyitaliaeconomia\/"}]}},"_links":{"self":[{"href":"https:\/\/www.italiaeconomiaonline.it\/web\/wp-json\/wp\/v2\/posts\/6891"}],"collection":[{"href":"https:\/\/www.italiaeconomiaonline.it\/web\/wp-json\/wp\/v2\/posts"}],"about":[{"href":"https:\/\/www.italiaeconomiaonline.it\/web\/wp-json\/wp\/v2\/types\/post"}],"author":[{"embeddable":true,"href":"https:\/\/www.italiaeconomiaonline.it\/web\/wp-json\/wp\/v2\/users\/1"}],"replies":[{"embeddable":true,"href":"https:\/\/www.italiaeconomiaonline.it\/web\/wp-json\/wp\/v2\/comments?post=6891"}],"version-history":[{"count":1,"href":"https:\/\/www.italiaeconomiaonline.it\/web\/wp-json\/wp\/v2\/posts\/6891\/revisions"}],"predecessor-version":[{"id":6893,"href":"https:\/\/www.italiaeconomiaonline.it\/web\/wp-json\/wp\/v2\/posts\/6891\/revisions\/6893"}],"wp:featuredmedia":[{"embeddable":true,"href":"https:\/\/www.italiaeconomiaonline.it\/web\/wp-json\/wp\/v2\/media\/6872"}],"wp:attachment":[{"href":"https:\/\/www.italiaeconomiaonline.it\/web\/wp-json\/wp\/v2\/media?parent=6891"}],"wp:term":[{"taxonomy":"category","embeddable":true,"href":"https:\/\/www.italiaeconomiaonline.it\/web\/wp-json\/wp\/v2\/categories?post=6891"},{"taxonomy":"post_tag","embeddable":true,"href":"https:\/\/www.italiaeconomiaonline.it\/web\/wp-json\/wp\/v2\/tags?post=6891"}],"curies":[{"name":"wp","href":"https:\/\/api.w.org\/{rel}","templated":true}]}}