{"id":6915,"date":"2022-10-10T07:50:22","date_gmt":"2022-10-10T05:50:22","guid":{"rendered":"http:\/\/www.italiaeconomiaonline.it\/web\/?p=6915"},"modified":"2022-10-10T07:50:22","modified_gmt":"2022-10-10T05:50:22","slug":"consumi-confesercenti-caro-energia-ed-inflazione-bruciano-il-potere-dacquisto-delle-famiglie","status":"publish","type":"post","link":"https:\/\/www.italiaeconomiaonline.it\/web\/consumi-confesercenti-caro-energia-ed-inflazione-bruciano-il-potere-dacquisto-delle-famiglie\/","title":{"rendered":"Consumi, Confesercenti: Caro energia ed inflazione bruciano il potere d&#8217;acquisto delle famiglie"},"content":{"rendered":"<p class=\"xmprfx_x_x_MsoNormal\"><b><span class=\"xmprfx_x_x_ContentPasted0\">La corsa degli energetici continua a spingere i prezzi e ad erodere la capacit\u00e0 di spesa degli italiani.<\/span><\/b><span class=\"xmprfx_x_x_ContentPasted0\"><span class=\"xmprfx_x_x_Apple-converted-space xmprfx_x_x_ContentPasted0\">\u00a0<\/span>Che si avviano a perdere, nella sola seconda met\u00e0 del 2022, -12,1 miliardi di potere d\u2019acquisto, circa 470 euro in meno a famiglia in soli sei mesi. A stimarlo l\u2019Ufficio economico Confesercenti.<span class=\"xmprfx_x_x_Apple-converted-space xmprfx_x_x_ContentPasted0\">\u00a0<\/span>\u00a0<\/span><\/p>\n<p class=\"xmprfx_x_x_MsoNormal\"><b><span class=\"xmprfx_x_x_ContentPasted0\">Inflazione a livelli massimi in autunno.<span class=\"xmprfx_x_x_Apple-converted-space xmprfx_x_x_ContentPasted0\">\u00a0<\/span><\/span><\/b><span class=\"xmprfx_x_x_ContentPasted0\">Il peggioramento \u00e8 dovuto, in primo luogo, agli aumenti record registrati dai prezzi dell\u2019energia nel corso dell\u2019estate. Aumenti che si scaricheranno proprio sulle bollette autunnali, portando l\u2019incremento dei prezzi ai livelli massimi dell\u2019anno: il tasso di inflazione salir\u00e0 nella media dei prossimi tre mesi ad almeno il 9,1%, oltre mezzo punto in pi\u00f9 rispetto al gi\u00e0 elevato dato del periodo estivo (+8,4%) e tre punti in pi\u00f9 nel confronto con il periodo primaverile.<span class=\"xmprfx_x_x_Apple-converted-space xmprfx_x_x_ContentPasted0\">\u00a0<\/span>\u00a0<\/span><\/p>\n<p class=\"xmprfx_x_x_MsoNormal\"><b><span class=\"xmprfx_x_x_ContentPasted0\">L\u2019impatto su risparmi e consumi.<span class=\"xmprfx_x_x_Apple-converted-space xmprfx_x_x_ContentPasted0\">\u00a0<\/span><\/span><\/b><span class=\"xmprfx_x_x_ContentPasted0\">Per contrastare questo prolungato aumento dei prezzi, le famiglie hanno utilizzato fino ad ora i propri risparmi, scesi gi\u00e0 nel trimestre primaverile di ben 2,3 punti in quota di Pil. Ma i margini a disposizione dei consumatori sono ormai ridotti al lumicino. Le tendenze dell\u2019occupazione, con il dato di agosto che gi\u00e0 presenta una flessione di 110mila unit\u00e0 rispetto a fine primavera, non consentono infatti di prevedere alcun aumento del reddito disponibile, e l\u2019aumento dei tassi di interesse limita le possibilit\u00e0 legate al credito.<span class=\"xmprfx_x_x_Apple-converted-space xmprfx_x_x_ContentPasted0\">\u00a0<\/span>\u00a0<\/span><\/p>\n<p class=\"xmprfx_x_x_MsoNormal\"><span class=\"xmprfx_x_x_ContentPasted0\">Anche se la tendenza ad usare la liquidit\u00e0 accumulata negli anni passati si dovesse mantenere, dunque, nel secondo semestre di quest\u2019anno gli italiani non potrebbero mettere sul piatto pi\u00f9 di 8,9 miliardi di risparmi. Una quantit\u00e0 di risorse imponente, ma insufficiente a compensare il calo di potere d\u2019acquisto, con una perdita secca di consumi stimabile in oltre 3 miliardi di euro per l\u2019ultimo trimestre dell\u2019anno. E questo nell\u2019ipotesi &#8211; ottimistica &#8211; che l\u2019occupazione non cali ulteriormente e che il tasso di inflazione continui a conservarsi al di sotto della media europea.<span class=\"xmprfx_x_x_Apple-converted-space xmprfx_x_x_ContentPasted0\">\u00a0<\/span>\u00a0<\/span><\/p>\n<p class=\"xmprfx_x_x_MsoNormal xmprfx_x_elementToProof\"><b><span class=\"xmprfx_x_x_ContentPasted0\">Fermare la corsa delle tariffe.<span class=\"xmprfx_x_x_Apple-converted-space xmprfx_x_x_ContentPasted0\">\u00a0<\/span><\/span><\/b><span class=\"xmprfx_x_x_ContentPasted0\">In questo quadro, la priorit\u00e0 rimane porre un freno alla corsa delle tariffe energetiche, in modo da preservare il potere d\u2019acquisto delle famiglie e contenere il boom dei costi fissi delle imprese, motore principale dell\u2019aumento dei prezzi. Ma il probabile crollo della spesa pone un&#8217;ulteriore criticit\u00e0 per le attivit\u00e0 della distribuzione commerciale, che si attendono di vivere il Natale pi\u00f9 freddo \u2013 dal punto di vista dei consumi \u2013 dal 2020, anno della pandemia. \u00c8 dunque necessario continuare a intervenire per attutire lo shock dovuto all\u2019aumento della crisi energetica. Le risorse ci sono: tra inflazione e l\u2019incremento dei prezzi di gas, energia e carburanti, nei primi otto mesi dell\u2019anno il gettito IVA \u00e8 aumentato di oltre 18 miliardi. Risorse destinate ad aumentare ancora nell\u2019ultima parte dell\u2019anno, e che devono essere restituite all\u2019economia sotto forma di sostegni a imprese e famiglie.<\/span><\/p>\n","protected":false},"excerpt":{"rendered":"<p>La corsa degli energetici continua a spingere i prezzi e ad erodere la capacit\u00e0 di spesa degli italiani.\u00a0Che si avviano a perdere, nella sola seconda met\u00e0 del 2022, -12,1 miliardi di potere d\u2019acquisto, circa 470 euro in meno a famiglia in soli sei mesi. A stimarlo l\u2019Ufficio economico Confesercenti.\u00a0\u00a0 Inflazione a livelli massimi in autunno.\u00a0Il [&hellip;]<\/p>\n","protected":false},"author":1,"featured_media":4173,"comment_status":"closed","ping_status":"open","sticky":false,"template":"","format":"standard","meta":{"footnotes":""},"categories":[56],"tags":[],"yoast_head":"<!-- This site is optimized with the Yoast SEO plugin v22.2 - https:\/\/yoast.com\/wordpress\/plugins\/seo\/ -->\n<title>Consumi, Confesercenti: Caro energia ed inflazione bruciano il potere d&#039;acquisto delle famiglie -<\/title>\n<meta name=\"robots\" content=\"index, follow, max-snippet:-1, max-image-preview:large, max-video-preview:-1\" \/>\n<link rel=\"canonical\" href=\"https:\/\/www.italiaeconomiaonline.it\/web\/consumi-confesercenti-caro-energia-ed-inflazione-bruciano-il-potere-dacquisto-delle-famiglie\/\" \/>\n<meta property=\"og:locale\" content=\"it_IT\" \/>\n<meta property=\"og:type\" content=\"article\" \/>\n<meta property=\"og:title\" content=\"Consumi, Confesercenti: Caro energia ed inflazione bruciano il potere d&#039;acquisto delle famiglie -\" \/>\n<meta property=\"og:description\" content=\"La corsa degli energetici continua a spingere i prezzi e ad erodere la capacit\u00e0 di spesa degli italiani.\u00a0Che si avviano a perdere, nella sola seconda met\u00e0 del 2022, -12,1 miliardi di potere d\u2019acquisto, circa 470 euro in meno a famiglia in soli sei mesi. A stimarlo l\u2019Ufficio economico Confesercenti.\u00a0\u00a0 Inflazione a livelli massimi in autunno.\u00a0Il [&hellip;]\" \/>\n<meta property=\"og:url\" content=\"https:\/\/www.italiaeconomiaonline.it\/web\/consumi-confesercenti-caro-energia-ed-inflazione-bruciano-il-potere-dacquisto-delle-famiglie\/\" \/>\n<meta property=\"og:site_name\" content=\"ItaliaEconomiaOnline\" \/>\n<meta property=\"article:published_time\" content=\"2022-10-10T05:50:22+00:00\" \/>\n<meta property=\"og:image\" content=\"https:\/\/www.italiaeconomiaonline.it\/web\/wp-content\/uploads\/2020\/09\/Schermata-2020-09-22-alle-11.30.55.png\" \/>\n\t<meta property=\"og:image:width\" content=\"1406\" \/>\n\t<meta property=\"og:image:height\" content=\"848\" \/>\n\t<meta property=\"og:image:type\" content=\"image\/png\" \/>\n<meta name=\"author\" content=\"ladyitaliaeconomia\" \/>\n<meta name=\"twitter:card\" content=\"summary_large_image\" \/>\n<meta name=\"twitter:label1\" content=\"Scritto da\" \/>\n\t<meta name=\"twitter:data1\" content=\"ladyitaliaeconomia\" \/>\n\t<meta name=\"twitter:label2\" content=\"Tempo di lettura stimato\" \/>\n\t<meta name=\"twitter:data2\" content=\"2 minuti\" \/>\n<script type=\"application\/ld+json\" class=\"yoast-schema-graph\">{\"@context\":\"https:\/\/schema.org\",\"@graph\":[{\"@type\":\"WebPage\",\"@id\":\"https:\/\/www.italiaeconomiaonline.it\/web\/consumi-confesercenti-caro-energia-ed-inflazione-bruciano-il-potere-dacquisto-delle-famiglie\/\",\"url\":\"https:\/\/www.italiaeconomiaonline.it\/web\/consumi-confesercenti-caro-energia-ed-inflazione-bruciano-il-potere-dacquisto-delle-famiglie\/\",\"name\":\"Consumi, Confesercenti: Caro energia ed inflazione bruciano il potere d'acquisto delle famiglie -\",\"isPartOf\":{\"@id\":\"https:\/\/www.italiaeconomiaonline.it\/web\/#website\"},\"primaryImageOfPage\":{\"@id\":\"https:\/\/www.italiaeconomiaonline.it\/web\/consumi-confesercenti-caro-energia-ed-inflazione-bruciano-il-potere-dacquisto-delle-famiglie\/#primaryimage\"},\"image\":{\"@id\":\"https:\/\/www.italiaeconomiaonline.it\/web\/consumi-confesercenti-caro-energia-ed-inflazione-bruciano-il-potere-dacquisto-delle-famiglie\/#primaryimage\"},\"thumbnailUrl\":\"https:\/\/www.italiaeconomiaonline.it\/web\/wp-content\/uploads\/2020\/09\/Schermata-2020-09-22-alle-11.30.55.png\",\"datePublished\":\"2022-10-10T05:50:22+00:00\",\"dateModified\":\"2022-10-10T05:50:22+00:00\",\"author\":{\"@id\":\"https:\/\/www.italiaeconomiaonline.it\/web\/#\/schema\/person\/909a49cce752523b020fbc37d5ab1c31\"},\"breadcrumb\":{\"@id\":\"https:\/\/www.italiaeconomiaonline.it\/web\/consumi-confesercenti-caro-energia-ed-inflazione-bruciano-il-potere-dacquisto-delle-famiglie\/#breadcrumb\"},\"inLanguage\":\"it-IT\",\"potentialAction\":[{\"@type\":\"ReadAction\",\"target\":[\"https:\/\/www.italiaeconomiaonline.it\/web\/consumi-confesercenti-caro-energia-ed-inflazione-bruciano-il-potere-dacquisto-delle-famiglie\/\"]}]},{\"@type\":\"ImageObject\",\"inLanguage\":\"it-IT\",\"@id\":\"https:\/\/www.italiaeconomiaonline.it\/web\/consumi-confesercenti-caro-energia-ed-inflazione-bruciano-il-potere-dacquisto-delle-famiglie\/#primaryimage\",\"url\":\"https:\/\/www.italiaeconomiaonline.it\/web\/wp-content\/uploads\/2020\/09\/Schermata-2020-09-22-alle-11.30.55.png\",\"contentUrl\":\"https:\/\/www.italiaeconomiaonline.it\/web\/wp-content\/uploads\/2020\/09\/Schermata-2020-09-22-alle-11.30.55.png\",\"width\":1406,\"height\":848},{\"@type\":\"BreadcrumbList\",\"@id\":\"https:\/\/www.italiaeconomiaonline.it\/web\/consumi-confesercenti-caro-energia-ed-inflazione-bruciano-il-potere-dacquisto-delle-famiglie\/#breadcrumb\",\"itemListElement\":[{\"@type\":\"ListItem\",\"position\":1,\"name\":\"Home\",\"item\":\"https:\/\/www.italiaeconomiaonline.it\/web\/\"},{\"@type\":\"ListItem\",\"position\":2,\"name\":\"Consumi, Confesercenti: Caro energia ed inflazione bruciano il potere d&#8217;acquisto delle famiglie\"}]},{\"@type\":\"WebSite\",\"@id\":\"https:\/\/www.italiaeconomiaonline.it\/web\/#website\",\"url\":\"https:\/\/www.italiaeconomiaonline.it\/web\/\",\"name\":\"ItaliaEconomiaOnline\",\"description\":\"Quotidiano Economico Online\",\"potentialAction\":[{\"@type\":\"SearchAction\",\"target\":{\"@type\":\"EntryPoint\",\"urlTemplate\":\"https:\/\/www.italiaeconomiaonline.it\/web\/?s={search_term_string}\"},\"query-input\":\"required name=search_term_string\"}],\"inLanguage\":\"it-IT\"},{\"@type\":\"Person\",\"@id\":\"https:\/\/www.italiaeconomiaonline.it\/web\/#\/schema\/person\/909a49cce752523b020fbc37d5ab1c31\",\"name\":\"ladyitaliaeconomia\",\"image\":{\"@type\":\"ImageObject\",\"inLanguage\":\"it-IT\",\"@id\":\"https:\/\/www.italiaeconomiaonline.it\/web\/#\/schema\/person\/image\/\",\"url\":\"https:\/\/secure.gravatar.com\/avatar\/cedca10ce7416a579b9fa6bce9c0a8f2?s=96&d=mm&r=g\",\"contentUrl\":\"https:\/\/secure.gravatar.com\/avatar\/cedca10ce7416a579b9fa6bce9c0a8f2?s=96&d=mm&r=g\",\"caption\":\"ladyitaliaeconomia\"},\"url\":\"https:\/\/www.italiaeconomiaonline.it\/web\/author\/ladyitaliaeconomia\/\"}]}<\/script>\n<!-- \/ Yoast SEO plugin. -->","yoast_head_json":{"title":"Consumi, Confesercenti: Caro energia ed inflazione bruciano il potere d'acquisto delle famiglie -","robots":{"index":"index","follow":"follow","max-snippet":"max-snippet:-1","max-image-preview":"max-image-preview:large","max-video-preview":"max-video-preview:-1"},"canonical":"https:\/\/www.italiaeconomiaonline.it\/web\/consumi-confesercenti-caro-energia-ed-inflazione-bruciano-il-potere-dacquisto-delle-famiglie\/","og_locale":"it_IT","og_type":"article","og_title":"Consumi, Confesercenti: Caro energia ed inflazione bruciano il potere d'acquisto delle famiglie -","og_description":"La corsa degli energetici continua a spingere i prezzi e ad erodere la capacit\u00e0 di spesa degli italiani.\u00a0Che si avviano a perdere, nella sola seconda met\u00e0 del 2022, -12,1 miliardi di potere d\u2019acquisto, circa 470 euro in meno a famiglia in soli sei mesi. A stimarlo l\u2019Ufficio economico Confesercenti.\u00a0\u00a0 Inflazione a livelli massimi in autunno.\u00a0Il [&hellip;]","og_url":"https:\/\/www.italiaeconomiaonline.it\/web\/consumi-confesercenti-caro-energia-ed-inflazione-bruciano-il-potere-dacquisto-delle-famiglie\/","og_site_name":"ItaliaEconomiaOnline","article_published_time":"2022-10-10T05:50:22+00:00","og_image":[{"width":1406,"height":848,"url":"https:\/\/www.italiaeconomiaonline.it\/web\/wp-content\/uploads\/2020\/09\/Schermata-2020-09-22-alle-11.30.55.png","type":"image\/png"}],"author":"ladyitaliaeconomia","twitter_card":"summary_large_image","twitter_misc":{"Scritto da":"ladyitaliaeconomia","Tempo di lettura stimato":"2 minuti"},"schema":{"@context":"https:\/\/schema.org","@graph":[{"@type":"WebPage","@id":"https:\/\/www.italiaeconomiaonline.it\/web\/consumi-confesercenti-caro-energia-ed-inflazione-bruciano-il-potere-dacquisto-delle-famiglie\/","url":"https:\/\/www.italiaeconomiaonline.it\/web\/consumi-confesercenti-caro-energia-ed-inflazione-bruciano-il-potere-dacquisto-delle-famiglie\/","name":"Consumi, Confesercenti: Caro energia ed inflazione bruciano il potere d'acquisto delle famiglie -","isPartOf":{"@id":"https:\/\/www.italiaeconomiaonline.it\/web\/#website"},"primaryImageOfPage":{"@id":"https:\/\/www.italiaeconomiaonline.it\/web\/consumi-confesercenti-caro-energia-ed-inflazione-bruciano-il-potere-dacquisto-delle-famiglie\/#primaryimage"},"image":{"@id":"https:\/\/www.italiaeconomiaonline.it\/web\/consumi-confesercenti-caro-energia-ed-inflazione-bruciano-il-potere-dacquisto-delle-famiglie\/#primaryimage"},"thumbnailUrl":"https:\/\/www.italiaeconomiaonline.it\/web\/wp-content\/uploads\/2020\/09\/Schermata-2020-09-22-alle-11.30.55.png","datePublished":"2022-10-10T05:50:22+00:00","dateModified":"2022-10-10T05:50:22+00:00","author":{"@id":"https:\/\/www.italiaeconomiaonline.it\/web\/#\/schema\/person\/909a49cce752523b020fbc37d5ab1c31"},"breadcrumb":{"@id":"https:\/\/www.italiaeconomiaonline.it\/web\/consumi-confesercenti-caro-energia-ed-inflazione-bruciano-il-potere-dacquisto-delle-famiglie\/#breadcrumb"},"inLanguage":"it-IT","potentialAction":[{"@type":"ReadAction","target":["https:\/\/www.italiaeconomiaonline.it\/web\/consumi-confesercenti-caro-energia-ed-inflazione-bruciano-il-potere-dacquisto-delle-famiglie\/"]}]},{"@type":"ImageObject","inLanguage":"it-IT","@id":"https:\/\/www.italiaeconomiaonline.it\/web\/consumi-confesercenti-caro-energia-ed-inflazione-bruciano-il-potere-dacquisto-delle-famiglie\/#primaryimage","url":"https:\/\/www.italiaeconomiaonline.it\/web\/wp-content\/uploads\/2020\/09\/Schermata-2020-09-22-alle-11.30.55.png","contentUrl":"https:\/\/www.italiaeconomiaonline.it\/web\/wp-content\/uploads\/2020\/09\/Schermata-2020-09-22-alle-11.30.55.png","width":1406,"height":848},{"@type":"BreadcrumbList","@id":"https:\/\/www.italiaeconomiaonline.it\/web\/consumi-confesercenti-caro-energia-ed-inflazione-bruciano-il-potere-dacquisto-delle-famiglie\/#breadcrumb","itemListElement":[{"@type":"ListItem","position":1,"name":"Home","item":"https:\/\/www.italiaeconomiaonline.it\/web\/"},{"@type":"ListItem","position":2,"name":"Consumi, Confesercenti: Caro energia ed inflazione bruciano il potere d&#8217;acquisto delle famiglie"}]},{"@type":"WebSite","@id":"https:\/\/www.italiaeconomiaonline.it\/web\/#website","url":"https:\/\/www.italiaeconomiaonline.it\/web\/","name":"ItaliaEconomiaOnline","description":"Quotidiano Economico Online","potentialAction":[{"@type":"SearchAction","target":{"@type":"EntryPoint","urlTemplate":"https:\/\/www.italiaeconomiaonline.it\/web\/?s={search_term_string}"},"query-input":"required name=search_term_string"}],"inLanguage":"it-IT"},{"@type":"Person","@id":"https:\/\/www.italiaeconomiaonline.it\/web\/#\/schema\/person\/909a49cce752523b020fbc37d5ab1c31","name":"ladyitaliaeconomia","image":{"@type":"ImageObject","inLanguage":"it-IT","@id":"https:\/\/www.italiaeconomiaonline.it\/web\/#\/schema\/person\/image\/","url":"https:\/\/secure.gravatar.com\/avatar\/cedca10ce7416a579b9fa6bce9c0a8f2?s=96&d=mm&r=g","contentUrl":"https:\/\/secure.gravatar.com\/avatar\/cedca10ce7416a579b9fa6bce9c0a8f2?s=96&d=mm&r=g","caption":"ladyitaliaeconomia"},"url":"https:\/\/www.italiaeconomiaonline.it\/web\/author\/ladyitaliaeconomia\/"}]}},"_links":{"self":[{"href":"https:\/\/www.italiaeconomiaonline.it\/web\/wp-json\/wp\/v2\/posts\/6915"}],"collection":[{"href":"https:\/\/www.italiaeconomiaonline.it\/web\/wp-json\/wp\/v2\/posts"}],"about":[{"href":"https:\/\/www.italiaeconomiaonline.it\/web\/wp-json\/wp\/v2\/types\/post"}],"author":[{"embeddable":true,"href":"https:\/\/www.italiaeconomiaonline.it\/web\/wp-json\/wp\/v2\/users\/1"}],"replies":[{"embeddable":true,"href":"https:\/\/www.italiaeconomiaonline.it\/web\/wp-json\/wp\/v2\/comments?post=6915"}],"version-history":[{"count":1,"href":"https:\/\/www.italiaeconomiaonline.it\/web\/wp-json\/wp\/v2\/posts\/6915\/revisions"}],"predecessor-version":[{"id":6916,"href":"https:\/\/www.italiaeconomiaonline.it\/web\/wp-json\/wp\/v2\/posts\/6915\/revisions\/6916"}],"wp:featuredmedia":[{"embeddable":true,"href":"https:\/\/www.italiaeconomiaonline.it\/web\/wp-json\/wp\/v2\/media\/4173"}],"wp:attachment":[{"href":"https:\/\/www.italiaeconomiaonline.it\/web\/wp-json\/wp\/v2\/media?parent=6915"}],"wp:term":[{"taxonomy":"category","embeddable":true,"href":"https:\/\/www.italiaeconomiaonline.it\/web\/wp-json\/wp\/v2\/categories?post=6915"},{"taxonomy":"post_tag","embeddable":true,"href":"https:\/\/www.italiaeconomiaonline.it\/web\/wp-json\/wp\/v2\/tags?post=6915"}],"curies":[{"name":"wp","href":"https:\/\/api.w.org\/{rel}","templated":true}]}}