{"id":6949,"date":"2022-11-10T17:16:01","date_gmt":"2022-11-10T16:16:01","guid":{"rendered":"http:\/\/www.italiaeconomiaonline.it\/web\/?p=6949"},"modified":"2022-11-10T17:16:01","modified_gmt":"2022-11-10T16:16:01","slug":"bollette-coldiretti-caro-vita-spegne-festa-single-day","status":"publish","type":"post","link":"https:\/\/www.italiaeconomiaonline.it\/web\/bollette-coldiretti-caro-vita-spegne-festa-single-day\/","title":{"rendered":"Bollette, Coldiretti: Caro vita spegne festa single day"},"content":{"rendered":"<p>Nel giorno del Single Day c\u2019\u00e8 poco da festeggiare per gli oltre 8,4 milioni italiani che per vivere da soli devono affrontare un costo della vita in media pi\u00f9 alto del 90% rispetto a quello pro capite di una famiglia tipo di 3 persone, con una situazione aggravata dai rincari delle bollette scatenati dalla crisi energetica.<\/p>\n<p>E\u2019 quanto emerge da una analisi della Coldiretti che, per il giorno dedicato a scapoli e nubili che si festeggia l\u201911 novembre, ha messo a confronto i costi della vita da soli con la spesa media di ogni componente di una famiglia tipo, sulla base dei dati Istat. Nato in Cina negli anni \u201990 il Giorno dei single si \u00e8 affermato come ricorrenza in tutto il mondo. Il motivo per cui si festeggia l\u201911\/11 \u00e8 il fatto che l\u20191 rappresenta il cuore solitario.<\/p>\n<p>&nbsp;<\/p>\n<p>Negli ultimi cinque anni \u2013 spiega la Coldiretti \u2013 i single sono aumentati di quasi il 5% superando gli 8,4 milioni e rappresentano 1 famiglia italiana su 3. L\u2019aumento delle famiglie composte da una sola persona si scontra per\u00f2 \u2013 continua la Coldiretti \u2013 con una vera corsa ad ostacoli nella vita quotidiana dovuta spesso alle difficolt\u00e0 per far quadrare i bilanci.\u00a0 Vivere da soli \u00e8 pi\u00f9 costoso secondo una analisi Coldiretti dalla quale si evidenzia che la spesa media per alimentari e bevande di un single \u00e8 di 298 euro al mese, il 58% superiore a quella media di ogni componente di una famiglia tipo di 3 persone che \u00e8 di 189 euro.<\/p>\n<p>&nbsp;<\/p>\n<p>Per i single \u2013 prosegue la Coldiretti \u2013 l\u2019aumento di costi \u00e8 pi\u00f9 del doppio (156%) per l\u2019abitazione rispetto alla media per persona di una famiglia tipo di tre persone. I motivi della maggiore incidenza della spesa a tavola sono certamente da ricercare \u2013 continua la Coldiretti \u2013 nella necessit\u00e0 per i single di acquistare spesso maggiori quantit\u00e0 di cibo per la mancanza di formati adeguati che comunque anche quando sono disponibili risultano molto pi\u00f9 cari di quelli tradizionali. D\u2019altra parte gli appartamenti e le case pi\u00f9 piccole hanno prezzi pi\u00f9 elevati al metro quadro sia in caso di acquisto che di affitto, usare l\u2019automobile da soli costa di pi\u00f9 come pure riscaldare un appartamento.<\/p>\n<p>&nbsp;<\/p>\n<p>La scelta di non stare in coppia \u2013 conclude la Coldiretti \u2013 non \u00e8 peraltro sempre volontaria ma \u00e8 anche determinata dall\u2019invecchiamento della popolazione con un maggior numero di anziani rimasti in casa da soli che fanno fatica ad arrivare alla fine del mese.<\/p>\n<p>&nbsp;<\/p>\n<p>&nbsp;<\/p>\n","protected":false},"excerpt":{"rendered":"<p>Nel giorno del Single Day c\u2019\u00e8 poco da festeggiare per gli oltre 8,4 milioni italiani che per vivere da soli devono affrontare un costo della vita in media pi\u00f9 alto del 90% rispetto a quello pro capite di una famiglia tipo di 3 persone, con una situazione aggravata dai rincari delle bollette scatenati dalla crisi [&hellip;]<\/p>\n","protected":false},"author":1,"featured_media":6466,"comment_status":"closed","ping_status":"open","sticky":false,"template":"","format":"standard","meta":{"footnotes":""},"categories":[1868],"tags":[],"yoast_head":"<!-- This site is optimized with the Yoast SEO plugin v22.2 - https:\/\/yoast.com\/wordpress\/plugins\/seo\/ -->\n<title>Bollette, Coldiretti: Caro vita spegne festa single day -<\/title>\n<meta name=\"robots\" content=\"index, follow, max-snippet:-1, max-image-preview:large, max-video-preview:-1\" \/>\n<link rel=\"canonical\" href=\"https:\/\/www.italiaeconomiaonline.it\/web\/bollette-coldiretti-caro-vita-spegne-festa-single-day\/\" \/>\n<meta property=\"og:locale\" content=\"it_IT\" \/>\n<meta property=\"og:type\" content=\"article\" \/>\n<meta property=\"og:title\" content=\"Bollette, Coldiretti: Caro vita spegne festa single day -\" \/>\n<meta property=\"og:description\" content=\"Nel giorno del Single Day c\u2019\u00e8 poco da festeggiare per gli oltre 8,4 milioni italiani che per vivere da soli devono affrontare un costo della vita in media pi\u00f9 alto del 90% rispetto a quello pro capite di una famiglia tipo di 3 persone, con una situazione aggravata dai rincari delle bollette scatenati dalla crisi [&hellip;]\" \/>\n<meta property=\"og:url\" content=\"https:\/\/www.italiaeconomiaonline.it\/web\/bollette-coldiretti-caro-vita-spegne-festa-single-day\/\" \/>\n<meta property=\"og:site_name\" content=\"ItaliaEconomiaOnline\" \/>\n<meta property=\"article:published_time\" content=\"2022-11-10T16:16:01+00:00\" \/>\n<meta property=\"og:image\" content=\"https:\/\/www.italiaeconomiaonline.it\/web\/wp-content\/uploads\/2021\/12\/Schermata-2021-12-22-alle-11.24.51.png\" \/>\n\t<meta property=\"og:image:width\" content=\"622\" \/>\n\t<meta property=\"og:image:height\" content=\"375\" \/>\n\t<meta property=\"og:image:type\" content=\"image\/png\" \/>\n<meta name=\"author\" content=\"ladyitaliaeconomia\" \/>\n<meta name=\"twitter:card\" content=\"summary_large_image\" \/>\n<meta name=\"twitter:label1\" content=\"Scritto da\" \/>\n\t<meta name=\"twitter:data1\" content=\"ladyitaliaeconomia\" \/>\n\t<meta name=\"twitter:label2\" content=\"Tempo di lettura stimato\" \/>\n\t<meta name=\"twitter:data2\" content=\"2 minuti\" \/>\n<script type=\"application\/ld+json\" class=\"yoast-schema-graph\">{\"@context\":\"https:\/\/schema.org\",\"@graph\":[{\"@type\":\"WebPage\",\"@id\":\"https:\/\/www.italiaeconomiaonline.it\/web\/bollette-coldiretti-caro-vita-spegne-festa-single-day\/\",\"url\":\"https:\/\/www.italiaeconomiaonline.it\/web\/bollette-coldiretti-caro-vita-spegne-festa-single-day\/\",\"name\":\"Bollette, Coldiretti: Caro vita spegne festa single day -\",\"isPartOf\":{\"@id\":\"https:\/\/www.italiaeconomiaonline.it\/web\/#website\"},\"primaryImageOfPage\":{\"@id\":\"https:\/\/www.italiaeconomiaonline.it\/web\/bollette-coldiretti-caro-vita-spegne-festa-single-day\/#primaryimage\"},\"image\":{\"@id\":\"https:\/\/www.italiaeconomiaonline.it\/web\/bollette-coldiretti-caro-vita-spegne-festa-single-day\/#primaryimage\"},\"thumbnailUrl\":\"https:\/\/www.italiaeconomiaonline.it\/web\/wp-content\/uploads\/2021\/12\/Schermata-2021-12-22-alle-11.24.51.png\",\"datePublished\":\"2022-11-10T16:16:01+00:00\",\"dateModified\":\"2022-11-10T16:16:01+00:00\",\"author\":{\"@id\":\"https:\/\/www.italiaeconomiaonline.it\/web\/#\/schema\/person\/909a49cce752523b020fbc37d5ab1c31\"},\"breadcrumb\":{\"@id\":\"https:\/\/www.italiaeconomiaonline.it\/web\/bollette-coldiretti-caro-vita-spegne-festa-single-day\/#breadcrumb\"},\"inLanguage\":\"it-IT\",\"potentialAction\":[{\"@type\":\"ReadAction\",\"target\":[\"https:\/\/www.italiaeconomiaonline.it\/web\/bollette-coldiretti-caro-vita-spegne-festa-single-day\/\"]}]},{\"@type\":\"ImageObject\",\"inLanguage\":\"it-IT\",\"@id\":\"https:\/\/www.italiaeconomiaonline.it\/web\/bollette-coldiretti-caro-vita-spegne-festa-single-day\/#primaryimage\",\"url\":\"https:\/\/www.italiaeconomiaonline.it\/web\/wp-content\/uploads\/2021\/12\/Schermata-2021-12-22-alle-11.24.51.png\",\"contentUrl\":\"https:\/\/www.italiaeconomiaonline.it\/web\/wp-content\/uploads\/2021\/12\/Schermata-2021-12-22-alle-11.24.51.png\",\"width\":622,\"height\":375},{\"@type\":\"BreadcrumbList\",\"@id\":\"https:\/\/www.italiaeconomiaonline.it\/web\/bollette-coldiretti-caro-vita-spegne-festa-single-day\/#breadcrumb\",\"itemListElement\":[{\"@type\":\"ListItem\",\"position\":1,\"name\":\"Home\",\"item\":\"https:\/\/www.italiaeconomiaonline.it\/web\/\"},{\"@type\":\"ListItem\",\"position\":2,\"name\":\"Bollette, Coldiretti: Caro vita spegne festa single day\"}]},{\"@type\":\"WebSite\",\"@id\":\"https:\/\/www.italiaeconomiaonline.it\/web\/#website\",\"url\":\"https:\/\/www.italiaeconomiaonline.it\/web\/\",\"name\":\"ItaliaEconomiaOnline\",\"description\":\"Quotidiano Economico Online\",\"potentialAction\":[{\"@type\":\"SearchAction\",\"target\":{\"@type\":\"EntryPoint\",\"urlTemplate\":\"https:\/\/www.italiaeconomiaonline.it\/web\/?s={search_term_string}\"},\"query-input\":\"required name=search_term_string\"}],\"inLanguage\":\"it-IT\"},{\"@type\":\"Person\",\"@id\":\"https:\/\/www.italiaeconomiaonline.it\/web\/#\/schema\/person\/909a49cce752523b020fbc37d5ab1c31\",\"name\":\"ladyitaliaeconomia\",\"image\":{\"@type\":\"ImageObject\",\"inLanguage\":\"it-IT\",\"@id\":\"https:\/\/www.italiaeconomiaonline.it\/web\/#\/schema\/person\/image\/\",\"url\":\"https:\/\/secure.gravatar.com\/avatar\/cedca10ce7416a579b9fa6bce9c0a8f2?s=96&d=mm&r=g\",\"contentUrl\":\"https:\/\/secure.gravatar.com\/avatar\/cedca10ce7416a579b9fa6bce9c0a8f2?s=96&d=mm&r=g\",\"caption\":\"ladyitaliaeconomia\"},\"url\":\"https:\/\/www.italiaeconomiaonline.it\/web\/author\/ladyitaliaeconomia\/\"}]}<\/script>\n<!-- \/ Yoast SEO plugin. -->","yoast_head_json":{"title":"Bollette, Coldiretti: Caro vita spegne festa single day -","robots":{"index":"index","follow":"follow","max-snippet":"max-snippet:-1","max-image-preview":"max-image-preview:large","max-video-preview":"max-video-preview:-1"},"canonical":"https:\/\/www.italiaeconomiaonline.it\/web\/bollette-coldiretti-caro-vita-spegne-festa-single-day\/","og_locale":"it_IT","og_type":"article","og_title":"Bollette, Coldiretti: Caro vita spegne festa single day -","og_description":"Nel giorno del Single Day c\u2019\u00e8 poco da festeggiare per gli oltre 8,4 milioni italiani che per vivere da soli devono affrontare un costo della vita in media pi\u00f9 alto del 90% rispetto a quello pro capite di una famiglia tipo di 3 persone, con una situazione aggravata dai rincari delle bollette scatenati dalla crisi [&hellip;]","og_url":"https:\/\/www.italiaeconomiaonline.it\/web\/bollette-coldiretti-caro-vita-spegne-festa-single-day\/","og_site_name":"ItaliaEconomiaOnline","article_published_time":"2022-11-10T16:16:01+00:00","og_image":[{"width":622,"height":375,"url":"https:\/\/www.italiaeconomiaonline.it\/web\/wp-content\/uploads\/2021\/12\/Schermata-2021-12-22-alle-11.24.51.png","type":"image\/png"}],"author":"ladyitaliaeconomia","twitter_card":"summary_large_image","twitter_misc":{"Scritto da":"ladyitaliaeconomia","Tempo di lettura stimato":"2 minuti"},"schema":{"@context":"https:\/\/schema.org","@graph":[{"@type":"WebPage","@id":"https:\/\/www.italiaeconomiaonline.it\/web\/bollette-coldiretti-caro-vita-spegne-festa-single-day\/","url":"https:\/\/www.italiaeconomiaonline.it\/web\/bollette-coldiretti-caro-vita-spegne-festa-single-day\/","name":"Bollette, Coldiretti: Caro vita spegne festa single day -","isPartOf":{"@id":"https:\/\/www.italiaeconomiaonline.it\/web\/#website"},"primaryImageOfPage":{"@id":"https:\/\/www.italiaeconomiaonline.it\/web\/bollette-coldiretti-caro-vita-spegne-festa-single-day\/#primaryimage"},"image":{"@id":"https:\/\/www.italiaeconomiaonline.it\/web\/bollette-coldiretti-caro-vita-spegne-festa-single-day\/#primaryimage"},"thumbnailUrl":"https:\/\/www.italiaeconomiaonline.it\/web\/wp-content\/uploads\/2021\/12\/Schermata-2021-12-22-alle-11.24.51.png","datePublished":"2022-11-10T16:16:01+00:00","dateModified":"2022-11-10T16:16:01+00:00","author":{"@id":"https:\/\/www.italiaeconomiaonline.it\/web\/#\/schema\/person\/909a49cce752523b020fbc37d5ab1c31"},"breadcrumb":{"@id":"https:\/\/www.italiaeconomiaonline.it\/web\/bollette-coldiretti-caro-vita-spegne-festa-single-day\/#breadcrumb"},"inLanguage":"it-IT","potentialAction":[{"@type":"ReadAction","target":["https:\/\/www.italiaeconomiaonline.it\/web\/bollette-coldiretti-caro-vita-spegne-festa-single-day\/"]}]},{"@type":"ImageObject","inLanguage":"it-IT","@id":"https:\/\/www.italiaeconomiaonline.it\/web\/bollette-coldiretti-caro-vita-spegne-festa-single-day\/#primaryimage","url":"https:\/\/www.italiaeconomiaonline.it\/web\/wp-content\/uploads\/2021\/12\/Schermata-2021-12-22-alle-11.24.51.png","contentUrl":"https:\/\/www.italiaeconomiaonline.it\/web\/wp-content\/uploads\/2021\/12\/Schermata-2021-12-22-alle-11.24.51.png","width":622,"height":375},{"@type":"BreadcrumbList","@id":"https:\/\/www.italiaeconomiaonline.it\/web\/bollette-coldiretti-caro-vita-spegne-festa-single-day\/#breadcrumb","itemListElement":[{"@type":"ListItem","position":1,"name":"Home","item":"https:\/\/www.italiaeconomiaonline.it\/web\/"},{"@type":"ListItem","position":2,"name":"Bollette, Coldiretti: Caro vita spegne festa single day"}]},{"@type":"WebSite","@id":"https:\/\/www.italiaeconomiaonline.it\/web\/#website","url":"https:\/\/www.italiaeconomiaonline.it\/web\/","name":"ItaliaEconomiaOnline","description":"Quotidiano Economico Online","potentialAction":[{"@type":"SearchAction","target":{"@type":"EntryPoint","urlTemplate":"https:\/\/www.italiaeconomiaonline.it\/web\/?s={search_term_string}"},"query-input":"required name=search_term_string"}],"inLanguage":"it-IT"},{"@type":"Person","@id":"https:\/\/www.italiaeconomiaonline.it\/web\/#\/schema\/person\/909a49cce752523b020fbc37d5ab1c31","name":"ladyitaliaeconomia","image":{"@type":"ImageObject","inLanguage":"it-IT","@id":"https:\/\/www.italiaeconomiaonline.it\/web\/#\/schema\/person\/image\/","url":"https:\/\/secure.gravatar.com\/avatar\/cedca10ce7416a579b9fa6bce9c0a8f2?s=96&d=mm&r=g","contentUrl":"https:\/\/secure.gravatar.com\/avatar\/cedca10ce7416a579b9fa6bce9c0a8f2?s=96&d=mm&r=g","caption":"ladyitaliaeconomia"},"url":"https:\/\/www.italiaeconomiaonline.it\/web\/author\/ladyitaliaeconomia\/"}]}},"_links":{"self":[{"href":"https:\/\/www.italiaeconomiaonline.it\/web\/wp-json\/wp\/v2\/posts\/6949"}],"collection":[{"href":"https:\/\/www.italiaeconomiaonline.it\/web\/wp-json\/wp\/v2\/posts"}],"about":[{"href":"https:\/\/www.italiaeconomiaonline.it\/web\/wp-json\/wp\/v2\/types\/post"}],"author":[{"embeddable":true,"href":"https:\/\/www.italiaeconomiaonline.it\/web\/wp-json\/wp\/v2\/users\/1"}],"replies":[{"embeddable":true,"href":"https:\/\/www.italiaeconomiaonline.it\/web\/wp-json\/wp\/v2\/comments?post=6949"}],"version-history":[{"count":1,"href":"https:\/\/www.italiaeconomiaonline.it\/web\/wp-json\/wp\/v2\/posts\/6949\/revisions"}],"predecessor-version":[{"id":6950,"href":"https:\/\/www.italiaeconomiaonline.it\/web\/wp-json\/wp\/v2\/posts\/6949\/revisions\/6950"}],"wp:featuredmedia":[{"embeddable":true,"href":"https:\/\/www.italiaeconomiaonline.it\/web\/wp-json\/wp\/v2\/media\/6466"}],"wp:attachment":[{"href":"https:\/\/www.italiaeconomiaonline.it\/web\/wp-json\/wp\/v2\/media?parent=6949"}],"wp:term":[{"taxonomy":"category","embeddable":true,"href":"https:\/\/www.italiaeconomiaonline.it\/web\/wp-json\/wp\/v2\/categories?post=6949"},{"taxonomy":"post_tag","embeddable":true,"href":"https:\/\/www.italiaeconomiaonline.it\/web\/wp-json\/wp\/v2\/tags?post=6949"}],"curies":[{"name":"wp","href":"https:\/\/api.w.org\/{rel}","templated":true}]}}