{"id":6954,"date":"2022-11-17T21:56:55","date_gmt":"2022-11-17T20:56:55","guid":{"rendered":"http:\/\/www.italiaeconomiaonline.it\/web\/?p=6954"},"modified":"2022-11-17T21:56:55","modified_gmt":"2022-11-17T20:56:55","slug":"maltempo-coldiretti-pioggia-e-manna-ma-sos-temporali","status":"publish","type":"post","link":"https:\/\/www.italiaeconomiaonline.it\/web\/maltempo-coldiretti-pioggia-e-manna-ma-sos-temporali\/","title":{"rendered":"Maltempo, Coldiretti: Pioggia \u00e8 manna ma SOS temporali"},"content":{"rendered":"<p class=\"xmprfx_MsoNormal\">II maltempo \u00e8 manna per gli agricoltori ma per essere di sollievo la pioggia deve durare a lungo, cadere in maniera costante e non troppo intensa, mentre i forti temporali, soprattutto con precipitazioni violente provocano danni.<\/p>\n<p class=\"xmprfx_MsoNormal\">E\u2019 quanto afferma la Coldiretti nel sottolineare che il 2022 ha fatto registrare fino ad ora precipitazioni ridotte di oltre 1\/3 rispetto allo scorso anno sulla base dei dati Isac Cnr, in occasione dell\u2019allerta meteo della protezione civile in molte regioni. Le precipitazioni \u2013 sottolinea la Coldiretti \u2013 sono importanti in questa fase per ripristinare le scorte di neve e acqua sulle montagne, negli invasi, nei laghi, nei fiumi e nei terreni colpiti da una grave siccit\u00e0. Gli effetti \u2013 sottolinea la Coldiretti \u2013 si fanno sentire soprattutto in campagna per il mancato accumulo di scorte idriche necessarie per le coltivazioni con le nuove semine sono a rischio.<\/p>\n<p class=\"xmprfx_MsoNormal\">In queste condizioni \u2013 continua la Coldiretti \u2013 a preoccupare \u00e8 anche il brusco abbassamento delle temperature dopo le alte temperature di ottobre, con +2,04 gradi la media storica, che hanno mantenuto verde la vegetazione, con la caduta delle foglie in ritardo e, in alcuni casi, fenomeni di fioriture fuori stagione, fatto che rende le piante pi\u00f9 sensibili al freddo con il conseguente rischio di diminuzione del potenziale produttivo delle coltivazioni, perch\u00e9 le gemme a fiore aperte non fioriranno la prossima primavera. Vi \u00e8 poi \u2013 conclude la Coldiretti &#8211; il rischio di danni a causa del peso della neve sulle piante ancora con la chioma ricca di foglie, con la possibilit\u00e0 di rotture dei rami.<\/p>\n","protected":false},"excerpt":{"rendered":"<p>II maltempo \u00e8 manna per gli agricoltori ma per essere di sollievo la pioggia deve durare a lungo, cadere in maniera costante e non troppo intensa, mentre i forti temporali, soprattutto con precipitazioni violente provocano danni. E\u2019 quanto afferma la Coldiretti nel sottolineare che il 2022 ha fatto registrare fino ad ora precipitazioni ridotte di [&hellip;]<\/p>\n","protected":false},"author":1,"featured_media":6094,"comment_status":"closed","ping_status":"open","sticky":false,"template":"","format":"standard","meta":{"footnotes":""},"categories":[795],"tags":[],"yoast_head":"<!-- This site is optimized with the Yoast SEO plugin v22.2 - https:\/\/yoast.com\/wordpress\/plugins\/seo\/ -->\n<title>Maltempo, Coldiretti: Pioggia \u00e8 manna ma SOS temporali -<\/title>\n<meta name=\"robots\" content=\"index, follow, max-snippet:-1, max-image-preview:large, max-video-preview:-1\" \/>\n<link rel=\"canonical\" href=\"https:\/\/www.italiaeconomiaonline.it\/web\/maltempo-coldiretti-pioggia-e-manna-ma-sos-temporali\/\" \/>\n<meta property=\"og:locale\" content=\"it_IT\" \/>\n<meta property=\"og:type\" content=\"article\" \/>\n<meta property=\"og:title\" content=\"Maltempo, Coldiretti: Pioggia \u00e8 manna ma SOS temporali -\" \/>\n<meta property=\"og:description\" content=\"II maltempo \u00e8 manna per gli agricoltori ma per essere di sollievo la pioggia deve durare a lungo, cadere in maniera costante e non troppo intensa, mentre i forti temporali, soprattutto con precipitazioni violente provocano danni. E\u2019 quanto afferma la Coldiretti nel sottolineare che il 2022 ha fatto registrare fino ad ora precipitazioni ridotte di [&hellip;]\" \/>\n<meta property=\"og:url\" content=\"https:\/\/www.italiaeconomiaonline.it\/web\/maltempo-coldiretti-pioggia-e-manna-ma-sos-temporali\/\" \/>\n<meta property=\"og:site_name\" content=\"ItaliaEconomiaOnline\" \/>\n<meta property=\"article:published_time\" content=\"2022-11-17T20:56:55+00:00\" \/>\n<meta property=\"og:image\" content=\"https:\/\/www.italiaeconomiaonline.it\/web\/wp-content\/uploads\/2021\/07\/Schermata-2021-07-28-alle-11.09.35.png\" \/>\n\t<meta property=\"og:image:width\" content=\"1358\" \/>\n\t<meta property=\"og:image:height\" content=\"762\" \/>\n\t<meta property=\"og:image:type\" content=\"image\/png\" \/>\n<meta name=\"author\" content=\"ladyitaliaeconomia\" \/>\n<meta name=\"twitter:card\" content=\"summary_large_image\" \/>\n<meta name=\"twitter:label1\" content=\"Scritto da\" \/>\n\t<meta name=\"twitter:data1\" content=\"ladyitaliaeconomia\" \/>\n\t<meta name=\"twitter:label2\" content=\"Tempo di lettura stimato\" \/>\n\t<meta name=\"twitter:data2\" content=\"2 minuti\" \/>\n<script type=\"application\/ld+json\" class=\"yoast-schema-graph\">{\"@context\":\"https:\/\/schema.org\",\"@graph\":[{\"@type\":\"WebPage\",\"@id\":\"https:\/\/www.italiaeconomiaonline.it\/web\/maltempo-coldiretti-pioggia-e-manna-ma-sos-temporali\/\",\"url\":\"https:\/\/www.italiaeconomiaonline.it\/web\/maltempo-coldiretti-pioggia-e-manna-ma-sos-temporali\/\",\"name\":\"Maltempo, Coldiretti: Pioggia \u00e8 manna ma SOS temporali -\",\"isPartOf\":{\"@id\":\"https:\/\/www.italiaeconomiaonline.it\/web\/#website\"},\"primaryImageOfPage\":{\"@id\":\"https:\/\/www.italiaeconomiaonline.it\/web\/maltempo-coldiretti-pioggia-e-manna-ma-sos-temporali\/#primaryimage\"},\"image\":{\"@id\":\"https:\/\/www.italiaeconomiaonline.it\/web\/maltempo-coldiretti-pioggia-e-manna-ma-sos-temporali\/#primaryimage\"},\"thumbnailUrl\":\"https:\/\/www.italiaeconomiaonline.it\/web\/wp-content\/uploads\/2021\/07\/Schermata-2021-07-28-alle-11.09.35.png\",\"datePublished\":\"2022-11-17T20:56:55+00:00\",\"dateModified\":\"2022-11-17T20:56:55+00:00\",\"author\":{\"@id\":\"https:\/\/www.italiaeconomiaonline.it\/web\/#\/schema\/person\/909a49cce752523b020fbc37d5ab1c31\"},\"breadcrumb\":{\"@id\":\"https:\/\/www.italiaeconomiaonline.it\/web\/maltempo-coldiretti-pioggia-e-manna-ma-sos-temporali\/#breadcrumb\"},\"inLanguage\":\"it-IT\",\"potentialAction\":[{\"@type\":\"ReadAction\",\"target\":[\"https:\/\/www.italiaeconomiaonline.it\/web\/maltempo-coldiretti-pioggia-e-manna-ma-sos-temporali\/\"]}]},{\"@type\":\"ImageObject\",\"inLanguage\":\"it-IT\",\"@id\":\"https:\/\/www.italiaeconomiaonline.it\/web\/maltempo-coldiretti-pioggia-e-manna-ma-sos-temporali\/#primaryimage\",\"url\":\"https:\/\/www.italiaeconomiaonline.it\/web\/wp-content\/uploads\/2021\/07\/Schermata-2021-07-28-alle-11.09.35.png\",\"contentUrl\":\"https:\/\/www.italiaeconomiaonline.it\/web\/wp-content\/uploads\/2021\/07\/Schermata-2021-07-28-alle-11.09.35.png\",\"width\":1358,\"height\":762,\"caption\":\"Foto di repertorio\"},{\"@type\":\"BreadcrumbList\",\"@id\":\"https:\/\/www.italiaeconomiaonline.it\/web\/maltempo-coldiretti-pioggia-e-manna-ma-sos-temporali\/#breadcrumb\",\"itemListElement\":[{\"@type\":\"ListItem\",\"position\":1,\"name\":\"Home\",\"item\":\"https:\/\/www.italiaeconomiaonline.it\/web\/\"},{\"@type\":\"ListItem\",\"position\":2,\"name\":\"Maltempo, Coldiretti: Pioggia \u00e8 manna ma SOS temporali\"}]},{\"@type\":\"WebSite\",\"@id\":\"https:\/\/www.italiaeconomiaonline.it\/web\/#website\",\"url\":\"https:\/\/www.italiaeconomiaonline.it\/web\/\",\"name\":\"ItaliaEconomiaOnline\",\"description\":\"Quotidiano Economico Online\",\"potentialAction\":[{\"@type\":\"SearchAction\",\"target\":{\"@type\":\"EntryPoint\",\"urlTemplate\":\"https:\/\/www.italiaeconomiaonline.it\/web\/?s={search_term_string}\"},\"query-input\":\"required name=search_term_string\"}],\"inLanguage\":\"it-IT\"},{\"@type\":\"Person\",\"@id\":\"https:\/\/www.italiaeconomiaonline.it\/web\/#\/schema\/person\/909a49cce752523b020fbc37d5ab1c31\",\"name\":\"ladyitaliaeconomia\",\"image\":{\"@type\":\"ImageObject\",\"inLanguage\":\"it-IT\",\"@id\":\"https:\/\/www.italiaeconomiaonline.it\/web\/#\/schema\/person\/image\/\",\"url\":\"https:\/\/secure.gravatar.com\/avatar\/cedca10ce7416a579b9fa6bce9c0a8f2?s=96&d=mm&r=g\",\"contentUrl\":\"https:\/\/secure.gravatar.com\/avatar\/cedca10ce7416a579b9fa6bce9c0a8f2?s=96&d=mm&r=g\",\"caption\":\"ladyitaliaeconomia\"},\"url\":\"https:\/\/www.italiaeconomiaonline.it\/web\/author\/ladyitaliaeconomia\/\"}]}<\/script>\n<!-- \/ Yoast SEO plugin. -->","yoast_head_json":{"title":"Maltempo, Coldiretti: Pioggia \u00e8 manna ma SOS temporali -","robots":{"index":"index","follow":"follow","max-snippet":"max-snippet:-1","max-image-preview":"max-image-preview:large","max-video-preview":"max-video-preview:-1"},"canonical":"https:\/\/www.italiaeconomiaonline.it\/web\/maltempo-coldiretti-pioggia-e-manna-ma-sos-temporali\/","og_locale":"it_IT","og_type":"article","og_title":"Maltempo, Coldiretti: Pioggia \u00e8 manna ma SOS temporali -","og_description":"II maltempo \u00e8 manna per gli agricoltori ma per essere di sollievo la pioggia deve durare a lungo, cadere in maniera costante e non troppo intensa, mentre i forti temporali, soprattutto con precipitazioni violente provocano danni. E\u2019 quanto afferma la Coldiretti nel sottolineare che il 2022 ha fatto registrare fino ad ora precipitazioni ridotte di [&hellip;]","og_url":"https:\/\/www.italiaeconomiaonline.it\/web\/maltempo-coldiretti-pioggia-e-manna-ma-sos-temporali\/","og_site_name":"ItaliaEconomiaOnline","article_published_time":"2022-11-17T20:56:55+00:00","og_image":[{"width":1358,"height":762,"url":"https:\/\/www.italiaeconomiaonline.it\/web\/wp-content\/uploads\/2021\/07\/Schermata-2021-07-28-alle-11.09.35.png","type":"image\/png"}],"author":"ladyitaliaeconomia","twitter_card":"summary_large_image","twitter_misc":{"Scritto da":"ladyitaliaeconomia","Tempo di lettura stimato":"2 minuti"},"schema":{"@context":"https:\/\/schema.org","@graph":[{"@type":"WebPage","@id":"https:\/\/www.italiaeconomiaonline.it\/web\/maltempo-coldiretti-pioggia-e-manna-ma-sos-temporali\/","url":"https:\/\/www.italiaeconomiaonline.it\/web\/maltempo-coldiretti-pioggia-e-manna-ma-sos-temporali\/","name":"Maltempo, Coldiretti: Pioggia \u00e8 manna ma SOS temporali -","isPartOf":{"@id":"https:\/\/www.italiaeconomiaonline.it\/web\/#website"},"primaryImageOfPage":{"@id":"https:\/\/www.italiaeconomiaonline.it\/web\/maltempo-coldiretti-pioggia-e-manna-ma-sos-temporali\/#primaryimage"},"image":{"@id":"https:\/\/www.italiaeconomiaonline.it\/web\/maltempo-coldiretti-pioggia-e-manna-ma-sos-temporali\/#primaryimage"},"thumbnailUrl":"https:\/\/www.italiaeconomiaonline.it\/web\/wp-content\/uploads\/2021\/07\/Schermata-2021-07-28-alle-11.09.35.png","datePublished":"2022-11-17T20:56:55+00:00","dateModified":"2022-11-17T20:56:55+00:00","author":{"@id":"https:\/\/www.italiaeconomiaonline.it\/web\/#\/schema\/person\/909a49cce752523b020fbc37d5ab1c31"},"breadcrumb":{"@id":"https:\/\/www.italiaeconomiaonline.it\/web\/maltempo-coldiretti-pioggia-e-manna-ma-sos-temporali\/#breadcrumb"},"inLanguage":"it-IT","potentialAction":[{"@type":"ReadAction","target":["https:\/\/www.italiaeconomiaonline.it\/web\/maltempo-coldiretti-pioggia-e-manna-ma-sos-temporali\/"]}]},{"@type":"ImageObject","inLanguage":"it-IT","@id":"https:\/\/www.italiaeconomiaonline.it\/web\/maltempo-coldiretti-pioggia-e-manna-ma-sos-temporali\/#primaryimage","url":"https:\/\/www.italiaeconomiaonline.it\/web\/wp-content\/uploads\/2021\/07\/Schermata-2021-07-28-alle-11.09.35.png","contentUrl":"https:\/\/www.italiaeconomiaonline.it\/web\/wp-content\/uploads\/2021\/07\/Schermata-2021-07-28-alle-11.09.35.png","width":1358,"height":762,"caption":"Foto di repertorio"},{"@type":"BreadcrumbList","@id":"https:\/\/www.italiaeconomiaonline.it\/web\/maltempo-coldiretti-pioggia-e-manna-ma-sos-temporali\/#breadcrumb","itemListElement":[{"@type":"ListItem","position":1,"name":"Home","item":"https:\/\/www.italiaeconomiaonline.it\/web\/"},{"@type":"ListItem","position":2,"name":"Maltempo, Coldiretti: Pioggia \u00e8 manna ma SOS temporali"}]},{"@type":"WebSite","@id":"https:\/\/www.italiaeconomiaonline.it\/web\/#website","url":"https:\/\/www.italiaeconomiaonline.it\/web\/","name":"ItaliaEconomiaOnline","description":"Quotidiano Economico Online","potentialAction":[{"@type":"SearchAction","target":{"@type":"EntryPoint","urlTemplate":"https:\/\/www.italiaeconomiaonline.it\/web\/?s={search_term_string}"},"query-input":"required name=search_term_string"}],"inLanguage":"it-IT"},{"@type":"Person","@id":"https:\/\/www.italiaeconomiaonline.it\/web\/#\/schema\/person\/909a49cce752523b020fbc37d5ab1c31","name":"ladyitaliaeconomia","image":{"@type":"ImageObject","inLanguage":"it-IT","@id":"https:\/\/www.italiaeconomiaonline.it\/web\/#\/schema\/person\/image\/","url":"https:\/\/secure.gravatar.com\/avatar\/cedca10ce7416a579b9fa6bce9c0a8f2?s=96&d=mm&r=g","contentUrl":"https:\/\/secure.gravatar.com\/avatar\/cedca10ce7416a579b9fa6bce9c0a8f2?s=96&d=mm&r=g","caption":"ladyitaliaeconomia"},"url":"https:\/\/www.italiaeconomiaonline.it\/web\/author\/ladyitaliaeconomia\/"}]}},"_links":{"self":[{"href":"https:\/\/www.italiaeconomiaonline.it\/web\/wp-json\/wp\/v2\/posts\/6954"}],"collection":[{"href":"https:\/\/www.italiaeconomiaonline.it\/web\/wp-json\/wp\/v2\/posts"}],"about":[{"href":"https:\/\/www.italiaeconomiaonline.it\/web\/wp-json\/wp\/v2\/types\/post"}],"author":[{"embeddable":true,"href":"https:\/\/www.italiaeconomiaonline.it\/web\/wp-json\/wp\/v2\/users\/1"}],"replies":[{"embeddable":true,"href":"https:\/\/www.italiaeconomiaonline.it\/web\/wp-json\/wp\/v2\/comments?post=6954"}],"version-history":[{"count":1,"href":"https:\/\/www.italiaeconomiaonline.it\/web\/wp-json\/wp\/v2\/posts\/6954\/revisions"}],"predecessor-version":[{"id":6955,"href":"https:\/\/www.italiaeconomiaonline.it\/web\/wp-json\/wp\/v2\/posts\/6954\/revisions\/6955"}],"wp:featuredmedia":[{"embeddable":true,"href":"https:\/\/www.italiaeconomiaonline.it\/web\/wp-json\/wp\/v2\/media\/6094"}],"wp:attachment":[{"href":"https:\/\/www.italiaeconomiaonline.it\/web\/wp-json\/wp\/v2\/media?parent=6954"}],"wp:term":[{"taxonomy":"category","embeddable":true,"href":"https:\/\/www.italiaeconomiaonline.it\/web\/wp-json\/wp\/v2\/categories?post=6954"},{"taxonomy":"post_tag","embeddable":true,"href":"https:\/\/www.italiaeconomiaonline.it\/web\/wp-json\/wp\/v2\/tags?post=6954"}],"curies":[{"name":"wp","href":"https:\/\/api.w.org\/{rel}","templated":true}]}}