{"id":7029,"date":"2023-01-19T11:52:12","date_gmt":"2023-01-19T10:52:12","guid":{"rendered":"http:\/\/www.italiaeconomiaonline.it\/web\/?p=7029"},"modified":"2023-01-19T11:52:12","modified_gmt":"2023-01-19T10:52:12","slug":"ue-coldiretti-da-grilli-a-vermi-le-novita-nel-piatto-del-2023","status":"publish","type":"post","link":"https:\/\/www.italiaeconomiaonline.it\/web\/ue-coldiretti-da-grilli-a-vermi-le-novita-nel-piatto-del-2023\/","title":{"rendered":"UE, Coldiretti: Da grilli a vermi le novit\u00e0 nel piatto del 2023"},"content":{"rendered":"<p class=\"xmprfx_MsoNormal\" style=\"text-align: left;\" align=\"center\">Dalle larve di verme della farina minore (<i>Alphitobius diaperinus<\/i>) al grillo domestico\u00a0(Acheta domesticus)\u00a0congelati, essiccati e in polvere sono in arrivo sulle tavole dopo l\u2019autorizzazione concessa dall\u2019Unione Europea alla loro presenza in una serie di alimenti come\u00a0pane, panini, cracker, grissini, barrette ai cereali, nei prodotti a base di pasta, pizza o cioccolato ma anche nei preparati a base di carne, di prodotti sostitutivi della carne e nelle minestre.<\/p>\n<p class=\"xmprfx_MsoNormal\" style=\"text-align: left;\" align=\"center\">E\u2019 quanto afferma la Coldiretti in riferimento alla pubblicazione\u00a0sulla Gazzetta Ufficiale dell\u2019Unione Europea dei regolamenti che consentono nel 2023\u00a0l\u2019entrata sul mercato di nuovi alimenti nell\u2019ambito della normativa comunitaria sui novel food.\u00a0Lo scorso anno \u2013 ricorda la Coldiretti &#8211; era arrivato il via libera anche alla\u00a0larva gialla della farina (<em>Tenebrio molitor<\/em>) essiccata termicamente, intera o sotto forma di farina, per il consumo umano e\u00a0alle cavallette (<i>Locusta migratoria<\/i>) per uso alimentare umano.<\/p>\n<p class=\"xmprfx_MsoNormal\">Si tratta peraltro di alimenti che hanno ricevuto l\u2019autorizzazione dall\u2019Efsa, l\u2019autorit\u00e0 alimentare Europea che per\u00f2 \u2013 precisa la Coldiretti &#8211; nel suo parere scientifico ha rilevato che il consumo di questi insetti pu\u00f2 causare reazioni allergiche nelle persone allergiche ai crostacei e agli acari della polvere.\u00a0Una accelerazione che non sembra interessare i consumatori europei e soprattutto gli italiani che, per la\u00a0grande maggioranza, non porterebbero mai a tavola gli insetti, considerati estranei alla cultura alimentare nazionale: il 54% \u00e8 infatti contrario agli insetti a tavola, mentre \u00e8 indifferente il 24%, favorevole il 16% e non risponde il 6%, secondo l\u2019indagine Coldiretti\/Ixe\u201d. Una corretta alimentazione non pu\u00f2 per\u00f2 prescindere dalla realt\u00e0 produttiva e culturale locale nei Paesi del terzo mondo come in quelli sviluppati \u2013 sostiene la Coldiretti \u2013 e a questo principio non possono sfuggire neanche bruchi, coleotteri, formiche o cavallette a scopo alimentare che, anche se iperproteici, sono molto lontani dalla realt\u00e0 culinaria nazionale italiana ed europea.\u00a0Al di l\u00e0 della normale contrariet\u00e0 degli italiani verso prodotti lontanissimi dalla cultura nazionale, l\u2019arrivo sulle tavole degli insetti \u2013 continua la Coldiretti \u2013 solleva dei precisi interrogativi di carattere sanitario e salutistico ai quali \u00e8 necessario dare risposte, facendo chiarezza sui metodi di produzione e sulla stessa provenienza e tracciabilit\u00e0 considerato che la maggior parte dei nuovi prodotti proviene da Paesi extra Ue, come il Vietnam, la Thailandia o la Cina, da anni ai vertici delle classifiche per numero di allarmi alimentari. E\u2019 necessario pertanto \u2013 secondo la Coldiretti &#8211; garantire la trasparenza dell\u2019informazione sia sulla natura delle farine contenute negli alimenti sia sul paese di provenienza. La commercializzazione di insetti a scopo alimentare \u2013 conclude la Coldiretti &#8211; \u00e8 resa possibile in Europa dall\u2019entrata in vigore dal primo gennaio 2018 del regolamento Ue sui \u201cnovel food\u201d che permette di riconoscere gli insetti interi sia come nuovi alimenti che come prodotti tradizionali da paesi terzi.<\/p>\n<p class=\"xmprfx_MsoPlainText\">\n","protected":false},"excerpt":{"rendered":"<p>Dalle larve di verme della farina minore (Alphitobius diaperinus) al grillo domestico\u00a0(Acheta domesticus)\u00a0congelati, essiccati e in polvere sono in arrivo sulle tavole dopo l\u2019autorizzazione concessa dall\u2019Unione Europea alla loro presenza in una serie di alimenti come\u00a0pane, panini, cracker, grissini, barrette ai cereali, nei prodotti a base di pasta, pizza o cioccolato ma anche nei preparati [&hellip;]<\/p>\n","protected":false},"author":1,"featured_media":2069,"comment_status":"closed","ping_status":"open","sticky":false,"template":"","format":"standard","meta":{"footnotes":""},"categories":[56],"tags":[],"yoast_head":"<!-- This site is optimized with the Yoast SEO plugin v22.2 - https:\/\/yoast.com\/wordpress\/plugins\/seo\/ -->\n<title>UE, Coldiretti: Da grilli a vermi le novit\u00e0 nel piatto del 2023 -<\/title>\n<meta name=\"robots\" content=\"index, follow, max-snippet:-1, max-image-preview:large, max-video-preview:-1\" \/>\n<link rel=\"canonical\" href=\"https:\/\/www.italiaeconomiaonline.it\/web\/ue-coldiretti-da-grilli-a-vermi-le-novita-nel-piatto-del-2023\/\" \/>\n<meta property=\"og:locale\" content=\"it_IT\" \/>\n<meta property=\"og:type\" content=\"article\" \/>\n<meta property=\"og:title\" content=\"UE, Coldiretti: Da grilli a vermi le novit\u00e0 nel piatto del 2023 -\" \/>\n<meta property=\"og:description\" content=\"Dalle larve di verme della farina minore (Alphitobius diaperinus) al grillo domestico\u00a0(Acheta domesticus)\u00a0congelati, essiccati e in polvere sono in arrivo sulle tavole dopo l\u2019autorizzazione concessa dall\u2019Unione Europea alla loro presenza in una serie di alimenti come\u00a0pane, panini, cracker, grissini, barrette ai cereali, nei prodotti a base di pasta, pizza o cioccolato ma anche nei preparati [&hellip;]\" \/>\n<meta property=\"og:url\" content=\"https:\/\/www.italiaeconomiaonline.it\/web\/ue-coldiretti-da-grilli-a-vermi-le-novita-nel-piatto-del-2023\/\" \/>\n<meta property=\"og:site_name\" content=\"ItaliaEconomiaOnline\" \/>\n<meta property=\"article:published_time\" content=\"2023-01-19T10:52:12+00:00\" \/>\n<meta property=\"og:image\" content=\"https:\/\/www.italiaeconomiaonline.it\/web\/wp-content\/uploads\/2019\/11\/alimenti-tavola-cibo.jpg\" \/>\n\t<meta property=\"og:image:width\" content=\"960\" \/>\n\t<meta property=\"og:image:height\" content=\"640\" \/>\n\t<meta property=\"og:image:type\" content=\"image\/jpeg\" \/>\n<meta name=\"author\" content=\"ladyitaliaeconomia\" \/>\n<meta name=\"twitter:card\" content=\"summary_large_image\" \/>\n<meta name=\"twitter:label1\" content=\"Scritto da\" \/>\n\t<meta name=\"twitter:data1\" content=\"ladyitaliaeconomia\" \/>\n\t<meta name=\"twitter:label2\" content=\"Tempo di lettura stimato\" \/>\n\t<meta name=\"twitter:data2\" content=\"2 minuti\" \/>\n<script type=\"application\/ld+json\" class=\"yoast-schema-graph\">{\"@context\":\"https:\/\/schema.org\",\"@graph\":[{\"@type\":\"WebPage\",\"@id\":\"https:\/\/www.italiaeconomiaonline.it\/web\/ue-coldiretti-da-grilli-a-vermi-le-novita-nel-piatto-del-2023\/\",\"url\":\"https:\/\/www.italiaeconomiaonline.it\/web\/ue-coldiretti-da-grilli-a-vermi-le-novita-nel-piatto-del-2023\/\",\"name\":\"UE, Coldiretti: Da grilli a vermi le novit\u00e0 nel piatto del 2023 -\",\"isPartOf\":{\"@id\":\"https:\/\/www.italiaeconomiaonline.it\/web\/#website\"},\"primaryImageOfPage\":{\"@id\":\"https:\/\/www.italiaeconomiaonline.it\/web\/ue-coldiretti-da-grilli-a-vermi-le-novita-nel-piatto-del-2023\/#primaryimage\"},\"image\":{\"@id\":\"https:\/\/www.italiaeconomiaonline.it\/web\/ue-coldiretti-da-grilli-a-vermi-le-novita-nel-piatto-del-2023\/#primaryimage\"},\"thumbnailUrl\":\"https:\/\/www.italiaeconomiaonline.it\/web\/wp-content\/uploads\/2019\/11\/alimenti-tavola-cibo.jpg\",\"datePublished\":\"2023-01-19T10:52:12+00:00\",\"dateModified\":\"2023-01-19T10:52:12+00:00\",\"author\":{\"@id\":\"https:\/\/www.italiaeconomiaonline.it\/web\/#\/schema\/person\/909a49cce752523b020fbc37d5ab1c31\"},\"breadcrumb\":{\"@id\":\"https:\/\/www.italiaeconomiaonline.it\/web\/ue-coldiretti-da-grilli-a-vermi-le-novita-nel-piatto-del-2023\/#breadcrumb\"},\"inLanguage\":\"it-IT\",\"potentialAction\":[{\"@type\":\"ReadAction\",\"target\":[\"https:\/\/www.italiaeconomiaonline.it\/web\/ue-coldiretti-da-grilli-a-vermi-le-novita-nel-piatto-del-2023\/\"]}]},{\"@type\":\"ImageObject\",\"inLanguage\":\"it-IT\",\"@id\":\"https:\/\/www.italiaeconomiaonline.it\/web\/ue-coldiretti-da-grilli-a-vermi-le-novita-nel-piatto-del-2023\/#primaryimage\",\"url\":\"https:\/\/www.italiaeconomiaonline.it\/web\/wp-content\/uploads\/2019\/11\/alimenti-tavola-cibo.jpg\",\"contentUrl\":\"https:\/\/www.italiaeconomiaonline.it\/web\/wp-content\/uploads\/2019\/11\/alimenti-tavola-cibo.jpg\",\"width\":960,\"height\":640},{\"@type\":\"BreadcrumbList\",\"@id\":\"https:\/\/www.italiaeconomiaonline.it\/web\/ue-coldiretti-da-grilli-a-vermi-le-novita-nel-piatto-del-2023\/#breadcrumb\",\"itemListElement\":[{\"@type\":\"ListItem\",\"position\":1,\"name\":\"Home\",\"item\":\"https:\/\/www.italiaeconomiaonline.it\/web\/\"},{\"@type\":\"ListItem\",\"position\":2,\"name\":\"UE, Coldiretti: Da grilli a vermi le novit\u00e0 nel piatto del 2023\"}]},{\"@type\":\"WebSite\",\"@id\":\"https:\/\/www.italiaeconomiaonline.it\/web\/#website\",\"url\":\"https:\/\/www.italiaeconomiaonline.it\/web\/\",\"name\":\"ItaliaEconomiaOnline\",\"description\":\"Quotidiano Economico Online\",\"potentialAction\":[{\"@type\":\"SearchAction\",\"target\":{\"@type\":\"EntryPoint\",\"urlTemplate\":\"https:\/\/www.italiaeconomiaonline.it\/web\/?s={search_term_string}\"},\"query-input\":\"required name=search_term_string\"}],\"inLanguage\":\"it-IT\"},{\"@type\":\"Person\",\"@id\":\"https:\/\/www.italiaeconomiaonline.it\/web\/#\/schema\/person\/909a49cce752523b020fbc37d5ab1c31\",\"name\":\"ladyitaliaeconomia\",\"image\":{\"@type\":\"ImageObject\",\"inLanguage\":\"it-IT\",\"@id\":\"https:\/\/www.italiaeconomiaonline.it\/web\/#\/schema\/person\/image\/\",\"url\":\"https:\/\/secure.gravatar.com\/avatar\/cedca10ce7416a579b9fa6bce9c0a8f2?s=96&d=mm&r=g\",\"contentUrl\":\"https:\/\/secure.gravatar.com\/avatar\/cedca10ce7416a579b9fa6bce9c0a8f2?s=96&d=mm&r=g\",\"caption\":\"ladyitaliaeconomia\"},\"url\":\"https:\/\/www.italiaeconomiaonline.it\/web\/author\/ladyitaliaeconomia\/\"}]}<\/script>\n<!-- \/ Yoast SEO plugin. -->","yoast_head_json":{"title":"UE, Coldiretti: Da grilli a vermi le novit\u00e0 nel piatto del 2023 -","robots":{"index":"index","follow":"follow","max-snippet":"max-snippet:-1","max-image-preview":"max-image-preview:large","max-video-preview":"max-video-preview:-1"},"canonical":"https:\/\/www.italiaeconomiaonline.it\/web\/ue-coldiretti-da-grilli-a-vermi-le-novita-nel-piatto-del-2023\/","og_locale":"it_IT","og_type":"article","og_title":"UE, Coldiretti: Da grilli a vermi le novit\u00e0 nel piatto del 2023 -","og_description":"Dalle larve di verme della farina minore (Alphitobius diaperinus) al grillo domestico\u00a0(Acheta domesticus)\u00a0congelati, essiccati e in polvere sono in arrivo sulle tavole dopo l\u2019autorizzazione concessa dall\u2019Unione Europea alla loro presenza in una serie di alimenti come\u00a0pane, panini, cracker, grissini, barrette ai cereali, nei prodotti a base di pasta, pizza o cioccolato ma anche nei preparati [&hellip;]","og_url":"https:\/\/www.italiaeconomiaonline.it\/web\/ue-coldiretti-da-grilli-a-vermi-le-novita-nel-piatto-del-2023\/","og_site_name":"ItaliaEconomiaOnline","article_published_time":"2023-01-19T10:52:12+00:00","og_image":[{"width":960,"height":640,"url":"https:\/\/www.italiaeconomiaonline.it\/web\/wp-content\/uploads\/2019\/11\/alimenti-tavola-cibo.jpg","type":"image\/jpeg"}],"author":"ladyitaliaeconomia","twitter_card":"summary_large_image","twitter_misc":{"Scritto da":"ladyitaliaeconomia","Tempo di lettura stimato":"2 minuti"},"schema":{"@context":"https:\/\/schema.org","@graph":[{"@type":"WebPage","@id":"https:\/\/www.italiaeconomiaonline.it\/web\/ue-coldiretti-da-grilli-a-vermi-le-novita-nel-piatto-del-2023\/","url":"https:\/\/www.italiaeconomiaonline.it\/web\/ue-coldiretti-da-grilli-a-vermi-le-novita-nel-piatto-del-2023\/","name":"UE, Coldiretti: Da grilli a vermi le novit\u00e0 nel piatto del 2023 -","isPartOf":{"@id":"https:\/\/www.italiaeconomiaonline.it\/web\/#website"},"primaryImageOfPage":{"@id":"https:\/\/www.italiaeconomiaonline.it\/web\/ue-coldiretti-da-grilli-a-vermi-le-novita-nel-piatto-del-2023\/#primaryimage"},"image":{"@id":"https:\/\/www.italiaeconomiaonline.it\/web\/ue-coldiretti-da-grilli-a-vermi-le-novita-nel-piatto-del-2023\/#primaryimage"},"thumbnailUrl":"https:\/\/www.italiaeconomiaonline.it\/web\/wp-content\/uploads\/2019\/11\/alimenti-tavola-cibo.jpg","datePublished":"2023-01-19T10:52:12+00:00","dateModified":"2023-01-19T10:52:12+00:00","author":{"@id":"https:\/\/www.italiaeconomiaonline.it\/web\/#\/schema\/person\/909a49cce752523b020fbc37d5ab1c31"},"breadcrumb":{"@id":"https:\/\/www.italiaeconomiaonline.it\/web\/ue-coldiretti-da-grilli-a-vermi-le-novita-nel-piatto-del-2023\/#breadcrumb"},"inLanguage":"it-IT","potentialAction":[{"@type":"ReadAction","target":["https:\/\/www.italiaeconomiaonline.it\/web\/ue-coldiretti-da-grilli-a-vermi-le-novita-nel-piatto-del-2023\/"]}]},{"@type":"ImageObject","inLanguage":"it-IT","@id":"https:\/\/www.italiaeconomiaonline.it\/web\/ue-coldiretti-da-grilli-a-vermi-le-novita-nel-piatto-del-2023\/#primaryimage","url":"https:\/\/www.italiaeconomiaonline.it\/web\/wp-content\/uploads\/2019\/11\/alimenti-tavola-cibo.jpg","contentUrl":"https:\/\/www.italiaeconomiaonline.it\/web\/wp-content\/uploads\/2019\/11\/alimenti-tavola-cibo.jpg","width":960,"height":640},{"@type":"BreadcrumbList","@id":"https:\/\/www.italiaeconomiaonline.it\/web\/ue-coldiretti-da-grilli-a-vermi-le-novita-nel-piatto-del-2023\/#breadcrumb","itemListElement":[{"@type":"ListItem","position":1,"name":"Home","item":"https:\/\/www.italiaeconomiaonline.it\/web\/"},{"@type":"ListItem","position":2,"name":"UE, Coldiretti: Da grilli a vermi le novit\u00e0 nel piatto del 2023"}]},{"@type":"WebSite","@id":"https:\/\/www.italiaeconomiaonline.it\/web\/#website","url":"https:\/\/www.italiaeconomiaonline.it\/web\/","name":"ItaliaEconomiaOnline","description":"Quotidiano Economico Online","potentialAction":[{"@type":"SearchAction","target":{"@type":"EntryPoint","urlTemplate":"https:\/\/www.italiaeconomiaonline.it\/web\/?s={search_term_string}"},"query-input":"required name=search_term_string"}],"inLanguage":"it-IT"},{"@type":"Person","@id":"https:\/\/www.italiaeconomiaonline.it\/web\/#\/schema\/person\/909a49cce752523b020fbc37d5ab1c31","name":"ladyitaliaeconomia","image":{"@type":"ImageObject","inLanguage":"it-IT","@id":"https:\/\/www.italiaeconomiaonline.it\/web\/#\/schema\/person\/image\/","url":"https:\/\/secure.gravatar.com\/avatar\/cedca10ce7416a579b9fa6bce9c0a8f2?s=96&d=mm&r=g","contentUrl":"https:\/\/secure.gravatar.com\/avatar\/cedca10ce7416a579b9fa6bce9c0a8f2?s=96&d=mm&r=g","caption":"ladyitaliaeconomia"},"url":"https:\/\/www.italiaeconomiaonline.it\/web\/author\/ladyitaliaeconomia\/"}]}},"_links":{"self":[{"href":"https:\/\/www.italiaeconomiaonline.it\/web\/wp-json\/wp\/v2\/posts\/7029"}],"collection":[{"href":"https:\/\/www.italiaeconomiaonline.it\/web\/wp-json\/wp\/v2\/posts"}],"about":[{"href":"https:\/\/www.italiaeconomiaonline.it\/web\/wp-json\/wp\/v2\/types\/post"}],"author":[{"embeddable":true,"href":"https:\/\/www.italiaeconomiaonline.it\/web\/wp-json\/wp\/v2\/users\/1"}],"replies":[{"embeddable":true,"href":"https:\/\/www.italiaeconomiaonline.it\/web\/wp-json\/wp\/v2\/comments?post=7029"}],"version-history":[{"count":1,"href":"https:\/\/www.italiaeconomiaonline.it\/web\/wp-json\/wp\/v2\/posts\/7029\/revisions"}],"predecessor-version":[{"id":7030,"href":"https:\/\/www.italiaeconomiaonline.it\/web\/wp-json\/wp\/v2\/posts\/7029\/revisions\/7030"}],"wp:featuredmedia":[{"embeddable":true,"href":"https:\/\/www.italiaeconomiaonline.it\/web\/wp-json\/wp\/v2\/media\/2069"}],"wp:attachment":[{"href":"https:\/\/www.italiaeconomiaonline.it\/web\/wp-json\/wp\/v2\/media?parent=7029"}],"wp:term":[{"taxonomy":"category","embeddable":true,"href":"https:\/\/www.italiaeconomiaonline.it\/web\/wp-json\/wp\/v2\/categories?post=7029"},{"taxonomy":"post_tag","embeddable":true,"href":"https:\/\/www.italiaeconomiaonline.it\/web\/wp-json\/wp\/v2\/tags?post=7029"}],"curies":[{"name":"wp","href":"https:\/\/api.w.org\/{rel}","templated":true}]}}