{"id":7031,"date":"2023-01-20T11:56:25","date_gmt":"2023-01-20T10:56:25","guid":{"rendered":"http:\/\/www.italiaeconomiaonline.it\/web\/?p=7031"},"modified":"2023-01-20T11:56:25","modified_gmt":"2023-01-20T10:56:25","slug":"unioncamere-calabria-247-le-priorita-infrastrutturali-evidenziate-dal-mondo-economico","status":"publish","type":"post","link":"https:\/\/www.italiaeconomiaonline.it\/web\/unioncamere-calabria-247-le-priorita-infrastrutturali-evidenziate-dal-mondo-economico\/","title":{"rendered":"Unioncamere Calabria: 247 le priorit\u00e0 infrastrutturali evidenziate dal mondo economico"},"content":{"rendered":"<p>L\u2019Alta velocit\u00e0 Salerno-Reggio Calabria e Napoli-Bari, la linea ferroviaria Adriatica, il nuovo collegamento tra Catania e Palermo, la Gronda di Genova, l\u2019ammodernamento della Statale jonica. Sono alcune delle priorit\u00e0 pi\u00f9 onerose, ritenute necessarie dalle imprese per assicurare un adeguato sviluppo infrastrutturale del Paese. Nel complesso, le priorit\u00e0 infrastrutturali di livello 1 sono 247. Il loro valore \u00e8 di oltre 200 miliardi di euro, il 52% dei quali, per complessivi 104,5 miliardi di euro, gi\u00e0 finanziati con risorse previste dal\u00a0PNRR, dai fondi comunitari e da investimenti privati. Alcuni interventi sono affidati ai Commissari straordinari di Governo che, sul modello del Ponte di Genova, dovranno seguirne la realizzazione e velocizzarne l\u2019iter. Questi alcuni degli elementi di sintesi dell\u2019articolato e corposo lavoro svolto nell\u2019arco di 15 mesi da\u00a0Uniontrasporti\u00a0che, con il concorso delle Camere di commercio e di\u00a0Unioncamere, ha realizzato 19 Libri Bianchi regionali che descrivono i contesti territoriali, i punti di forza e di debolezza delle infrastrutture a livello locale, le esigenze e le priorit\u00e0 del sistema produttivo.\u00a0Il quadro di sintesi viene presentato e discusso oggi e domani, nel corso di un evento organizzato con Unioncamere a Roma.<\/p>\n<p><em>\u201cIl 90% del traffico di passeggeri in Italia avviene su strada mentre sulle ferrovie viaggia solo il 6% dei passeggeri, una quota inferiore a quella europea (7,9%)\u201d,\u00a0<\/em>sottolinea il presidente di\u00a0Unioncamere,\u00a0Andrea Prete<em>. \u201cLa conseguenza, come evidenzia il PNRR, \u00e8 che il settore del trasporto risulta tra quelli maggiormente responsabili delle emissioni climalteranti, con un contributo pari al 23,3% delle emissioni totali di gas serra\u201d.<\/em><\/p>\n","protected":false},"excerpt":{"rendered":"<p>L\u2019Alta velocit\u00e0 Salerno-Reggio Calabria e Napoli-Bari, la linea ferroviaria Adriatica, il nuovo collegamento tra Catania e Palermo, la Gronda di Genova, l\u2019ammodernamento della Statale jonica. Sono alcune delle priorit\u00e0 pi\u00f9 onerose, ritenute necessarie dalle imprese per assicurare un adeguato sviluppo infrastrutturale del Paese. Nel complesso, le priorit\u00e0 infrastrutturali di livello 1 sono 247. Il loro [&hellip;]<\/p>\n","protected":false},"author":1,"featured_media":708,"comment_status":"closed","ping_status":"open","sticky":false,"template":"","format":"standard","meta":{"footnotes":""},"categories":[132],"tags":[],"yoast_head":"<!-- This site is optimized with the Yoast SEO plugin v22.2 - https:\/\/yoast.com\/wordpress\/plugins\/seo\/ -->\n<title>Unioncamere Calabria: 247 le priorit\u00e0 infrastrutturali evidenziate dal mondo economico -<\/title>\n<meta name=\"robots\" content=\"index, follow, max-snippet:-1, max-image-preview:large, max-video-preview:-1\" \/>\n<link rel=\"canonical\" href=\"https:\/\/www.italiaeconomiaonline.it\/web\/unioncamere-calabria-247-le-priorita-infrastrutturali-evidenziate-dal-mondo-economico\/\" \/>\n<meta property=\"og:locale\" content=\"it_IT\" \/>\n<meta property=\"og:type\" content=\"article\" \/>\n<meta property=\"og:title\" content=\"Unioncamere Calabria: 247 le priorit\u00e0 infrastrutturali evidenziate dal mondo economico -\" \/>\n<meta property=\"og:description\" content=\"L\u2019Alta velocit\u00e0 Salerno-Reggio Calabria e Napoli-Bari, la linea ferroviaria Adriatica, il nuovo collegamento tra Catania e Palermo, la Gronda di Genova, l\u2019ammodernamento della Statale jonica. Sono alcune delle priorit\u00e0 pi\u00f9 onerose, ritenute necessarie dalle imprese per assicurare un adeguato sviluppo infrastrutturale del Paese. Nel complesso, le priorit\u00e0 infrastrutturali di livello 1 sono 247. Il loro [&hellip;]\" \/>\n<meta property=\"og:url\" content=\"https:\/\/www.italiaeconomiaonline.it\/web\/unioncamere-calabria-247-le-priorita-infrastrutturali-evidenziate-dal-mondo-economico\/\" \/>\n<meta property=\"og:site_name\" content=\"ItaliaEconomiaOnline\" \/>\n<meta property=\"article:published_time\" content=\"2023-01-20T10:56:25+00:00\" \/>\n<meta property=\"og:image\" content=\"https:\/\/www.italiaeconomiaonline.it\/web\/wp-content\/uploads\/2019\/05\/treno.jpg\" \/>\n\t<meta property=\"og:image:width\" content=\"960\" \/>\n\t<meta property=\"og:image:height\" content=\"605\" \/>\n\t<meta property=\"og:image:type\" content=\"image\/jpeg\" \/>\n<meta name=\"author\" content=\"ladyitaliaeconomia\" \/>\n<meta name=\"twitter:card\" content=\"summary_large_image\" \/>\n<meta name=\"twitter:label1\" content=\"Scritto da\" \/>\n\t<meta name=\"twitter:data1\" content=\"ladyitaliaeconomia\" \/>\n\t<meta name=\"twitter:label2\" content=\"Tempo di lettura stimato\" \/>\n\t<meta name=\"twitter:data2\" content=\"2 minuti\" \/>\n<script type=\"application\/ld+json\" class=\"yoast-schema-graph\">{\"@context\":\"https:\/\/schema.org\",\"@graph\":[{\"@type\":\"WebPage\",\"@id\":\"https:\/\/www.italiaeconomiaonline.it\/web\/unioncamere-calabria-247-le-priorita-infrastrutturali-evidenziate-dal-mondo-economico\/\",\"url\":\"https:\/\/www.italiaeconomiaonline.it\/web\/unioncamere-calabria-247-le-priorita-infrastrutturali-evidenziate-dal-mondo-economico\/\",\"name\":\"Unioncamere Calabria: 247 le priorit\u00e0 infrastrutturali evidenziate dal mondo economico -\",\"isPartOf\":{\"@id\":\"https:\/\/www.italiaeconomiaonline.it\/web\/#website\"},\"primaryImageOfPage\":{\"@id\":\"https:\/\/www.italiaeconomiaonline.it\/web\/unioncamere-calabria-247-le-priorita-infrastrutturali-evidenziate-dal-mondo-economico\/#primaryimage\"},\"image\":{\"@id\":\"https:\/\/www.italiaeconomiaonline.it\/web\/unioncamere-calabria-247-le-priorita-infrastrutturali-evidenziate-dal-mondo-economico\/#primaryimage\"},\"thumbnailUrl\":\"https:\/\/www.italiaeconomiaonline.it\/web\/wp-content\/uploads\/2019\/05\/treno.jpg\",\"datePublished\":\"2023-01-20T10:56:25+00:00\",\"dateModified\":\"2023-01-20T10:56:25+00:00\",\"author\":{\"@id\":\"https:\/\/www.italiaeconomiaonline.it\/web\/#\/schema\/person\/909a49cce752523b020fbc37d5ab1c31\"},\"breadcrumb\":{\"@id\":\"https:\/\/www.italiaeconomiaonline.it\/web\/unioncamere-calabria-247-le-priorita-infrastrutturali-evidenziate-dal-mondo-economico\/#breadcrumb\"},\"inLanguage\":\"it-IT\",\"potentialAction\":[{\"@type\":\"ReadAction\",\"target\":[\"https:\/\/www.italiaeconomiaonline.it\/web\/unioncamere-calabria-247-le-priorita-infrastrutturali-evidenziate-dal-mondo-economico\/\"]}]},{\"@type\":\"ImageObject\",\"inLanguage\":\"it-IT\",\"@id\":\"https:\/\/www.italiaeconomiaonline.it\/web\/unioncamere-calabria-247-le-priorita-infrastrutturali-evidenziate-dal-mondo-economico\/#primaryimage\",\"url\":\"https:\/\/www.italiaeconomiaonline.it\/web\/wp-content\/uploads\/2019\/05\/treno.jpg\",\"contentUrl\":\"https:\/\/www.italiaeconomiaonline.it\/web\/wp-content\/uploads\/2019\/05\/treno.jpg\",\"width\":960,\"height\":605},{\"@type\":\"BreadcrumbList\",\"@id\":\"https:\/\/www.italiaeconomiaonline.it\/web\/unioncamere-calabria-247-le-priorita-infrastrutturali-evidenziate-dal-mondo-economico\/#breadcrumb\",\"itemListElement\":[{\"@type\":\"ListItem\",\"position\":1,\"name\":\"Home\",\"item\":\"https:\/\/www.italiaeconomiaonline.it\/web\/\"},{\"@type\":\"ListItem\",\"position\":2,\"name\":\"Unioncamere Calabria: 247 le priorit\u00e0 infrastrutturali evidenziate dal mondo economico\"}]},{\"@type\":\"WebSite\",\"@id\":\"https:\/\/www.italiaeconomiaonline.it\/web\/#website\",\"url\":\"https:\/\/www.italiaeconomiaonline.it\/web\/\",\"name\":\"ItaliaEconomiaOnline\",\"description\":\"Quotidiano Economico Online\",\"potentialAction\":[{\"@type\":\"SearchAction\",\"target\":{\"@type\":\"EntryPoint\",\"urlTemplate\":\"https:\/\/www.italiaeconomiaonline.it\/web\/?s={search_term_string}\"},\"query-input\":\"required name=search_term_string\"}],\"inLanguage\":\"it-IT\"},{\"@type\":\"Person\",\"@id\":\"https:\/\/www.italiaeconomiaonline.it\/web\/#\/schema\/person\/909a49cce752523b020fbc37d5ab1c31\",\"name\":\"ladyitaliaeconomia\",\"image\":{\"@type\":\"ImageObject\",\"inLanguage\":\"it-IT\",\"@id\":\"https:\/\/www.italiaeconomiaonline.it\/web\/#\/schema\/person\/image\/\",\"url\":\"https:\/\/secure.gravatar.com\/avatar\/cedca10ce7416a579b9fa6bce9c0a8f2?s=96&d=mm&r=g\",\"contentUrl\":\"https:\/\/secure.gravatar.com\/avatar\/cedca10ce7416a579b9fa6bce9c0a8f2?s=96&d=mm&r=g\",\"caption\":\"ladyitaliaeconomia\"},\"url\":\"https:\/\/www.italiaeconomiaonline.it\/web\/author\/ladyitaliaeconomia\/\"}]}<\/script>\n<!-- \/ Yoast SEO plugin. -->","yoast_head_json":{"title":"Unioncamere Calabria: 247 le priorit\u00e0 infrastrutturali evidenziate dal mondo economico -","robots":{"index":"index","follow":"follow","max-snippet":"max-snippet:-1","max-image-preview":"max-image-preview:large","max-video-preview":"max-video-preview:-1"},"canonical":"https:\/\/www.italiaeconomiaonline.it\/web\/unioncamere-calabria-247-le-priorita-infrastrutturali-evidenziate-dal-mondo-economico\/","og_locale":"it_IT","og_type":"article","og_title":"Unioncamere Calabria: 247 le priorit\u00e0 infrastrutturali evidenziate dal mondo economico -","og_description":"L\u2019Alta velocit\u00e0 Salerno-Reggio Calabria e Napoli-Bari, la linea ferroviaria Adriatica, il nuovo collegamento tra Catania e Palermo, la Gronda di Genova, l\u2019ammodernamento della Statale jonica. Sono alcune delle priorit\u00e0 pi\u00f9 onerose, ritenute necessarie dalle imprese per assicurare un adeguato sviluppo infrastrutturale del Paese. Nel complesso, le priorit\u00e0 infrastrutturali di livello 1 sono 247. Il loro [&hellip;]","og_url":"https:\/\/www.italiaeconomiaonline.it\/web\/unioncamere-calabria-247-le-priorita-infrastrutturali-evidenziate-dal-mondo-economico\/","og_site_name":"ItaliaEconomiaOnline","article_published_time":"2023-01-20T10:56:25+00:00","og_image":[{"width":960,"height":605,"url":"https:\/\/www.italiaeconomiaonline.it\/web\/wp-content\/uploads\/2019\/05\/treno.jpg","type":"image\/jpeg"}],"author":"ladyitaliaeconomia","twitter_card":"summary_large_image","twitter_misc":{"Scritto da":"ladyitaliaeconomia","Tempo di lettura stimato":"2 minuti"},"schema":{"@context":"https:\/\/schema.org","@graph":[{"@type":"WebPage","@id":"https:\/\/www.italiaeconomiaonline.it\/web\/unioncamere-calabria-247-le-priorita-infrastrutturali-evidenziate-dal-mondo-economico\/","url":"https:\/\/www.italiaeconomiaonline.it\/web\/unioncamere-calabria-247-le-priorita-infrastrutturali-evidenziate-dal-mondo-economico\/","name":"Unioncamere Calabria: 247 le priorit\u00e0 infrastrutturali evidenziate dal mondo economico -","isPartOf":{"@id":"https:\/\/www.italiaeconomiaonline.it\/web\/#website"},"primaryImageOfPage":{"@id":"https:\/\/www.italiaeconomiaonline.it\/web\/unioncamere-calabria-247-le-priorita-infrastrutturali-evidenziate-dal-mondo-economico\/#primaryimage"},"image":{"@id":"https:\/\/www.italiaeconomiaonline.it\/web\/unioncamere-calabria-247-le-priorita-infrastrutturali-evidenziate-dal-mondo-economico\/#primaryimage"},"thumbnailUrl":"https:\/\/www.italiaeconomiaonline.it\/web\/wp-content\/uploads\/2019\/05\/treno.jpg","datePublished":"2023-01-20T10:56:25+00:00","dateModified":"2023-01-20T10:56:25+00:00","author":{"@id":"https:\/\/www.italiaeconomiaonline.it\/web\/#\/schema\/person\/909a49cce752523b020fbc37d5ab1c31"},"breadcrumb":{"@id":"https:\/\/www.italiaeconomiaonline.it\/web\/unioncamere-calabria-247-le-priorita-infrastrutturali-evidenziate-dal-mondo-economico\/#breadcrumb"},"inLanguage":"it-IT","potentialAction":[{"@type":"ReadAction","target":["https:\/\/www.italiaeconomiaonline.it\/web\/unioncamere-calabria-247-le-priorita-infrastrutturali-evidenziate-dal-mondo-economico\/"]}]},{"@type":"ImageObject","inLanguage":"it-IT","@id":"https:\/\/www.italiaeconomiaonline.it\/web\/unioncamere-calabria-247-le-priorita-infrastrutturali-evidenziate-dal-mondo-economico\/#primaryimage","url":"https:\/\/www.italiaeconomiaonline.it\/web\/wp-content\/uploads\/2019\/05\/treno.jpg","contentUrl":"https:\/\/www.italiaeconomiaonline.it\/web\/wp-content\/uploads\/2019\/05\/treno.jpg","width":960,"height":605},{"@type":"BreadcrumbList","@id":"https:\/\/www.italiaeconomiaonline.it\/web\/unioncamere-calabria-247-le-priorita-infrastrutturali-evidenziate-dal-mondo-economico\/#breadcrumb","itemListElement":[{"@type":"ListItem","position":1,"name":"Home","item":"https:\/\/www.italiaeconomiaonline.it\/web\/"},{"@type":"ListItem","position":2,"name":"Unioncamere Calabria: 247 le priorit\u00e0 infrastrutturali evidenziate dal mondo economico"}]},{"@type":"WebSite","@id":"https:\/\/www.italiaeconomiaonline.it\/web\/#website","url":"https:\/\/www.italiaeconomiaonline.it\/web\/","name":"ItaliaEconomiaOnline","description":"Quotidiano Economico Online","potentialAction":[{"@type":"SearchAction","target":{"@type":"EntryPoint","urlTemplate":"https:\/\/www.italiaeconomiaonline.it\/web\/?s={search_term_string}"},"query-input":"required name=search_term_string"}],"inLanguage":"it-IT"},{"@type":"Person","@id":"https:\/\/www.italiaeconomiaonline.it\/web\/#\/schema\/person\/909a49cce752523b020fbc37d5ab1c31","name":"ladyitaliaeconomia","image":{"@type":"ImageObject","inLanguage":"it-IT","@id":"https:\/\/www.italiaeconomiaonline.it\/web\/#\/schema\/person\/image\/","url":"https:\/\/secure.gravatar.com\/avatar\/cedca10ce7416a579b9fa6bce9c0a8f2?s=96&d=mm&r=g","contentUrl":"https:\/\/secure.gravatar.com\/avatar\/cedca10ce7416a579b9fa6bce9c0a8f2?s=96&d=mm&r=g","caption":"ladyitaliaeconomia"},"url":"https:\/\/www.italiaeconomiaonline.it\/web\/author\/ladyitaliaeconomia\/"}]}},"_links":{"self":[{"href":"https:\/\/www.italiaeconomiaonline.it\/web\/wp-json\/wp\/v2\/posts\/7031"}],"collection":[{"href":"https:\/\/www.italiaeconomiaonline.it\/web\/wp-json\/wp\/v2\/posts"}],"about":[{"href":"https:\/\/www.italiaeconomiaonline.it\/web\/wp-json\/wp\/v2\/types\/post"}],"author":[{"embeddable":true,"href":"https:\/\/www.italiaeconomiaonline.it\/web\/wp-json\/wp\/v2\/users\/1"}],"replies":[{"embeddable":true,"href":"https:\/\/www.italiaeconomiaonline.it\/web\/wp-json\/wp\/v2\/comments?post=7031"}],"version-history":[{"count":1,"href":"https:\/\/www.italiaeconomiaonline.it\/web\/wp-json\/wp\/v2\/posts\/7031\/revisions"}],"predecessor-version":[{"id":7032,"href":"https:\/\/www.italiaeconomiaonline.it\/web\/wp-json\/wp\/v2\/posts\/7031\/revisions\/7032"}],"wp:featuredmedia":[{"embeddable":true,"href":"https:\/\/www.italiaeconomiaonline.it\/web\/wp-json\/wp\/v2\/media\/708"}],"wp:attachment":[{"href":"https:\/\/www.italiaeconomiaonline.it\/web\/wp-json\/wp\/v2\/media?parent=7031"}],"wp:term":[{"taxonomy":"category","embeddable":true,"href":"https:\/\/www.italiaeconomiaonline.it\/web\/wp-json\/wp\/v2\/categories?post=7031"},{"taxonomy":"post_tag","embeddable":true,"href":"https:\/\/www.italiaeconomiaonline.it\/web\/wp-json\/wp\/v2\/tags?post=7031"}],"curies":[{"name":"wp","href":"https:\/\/api.w.org\/{rel}","templated":true}]}}